{"id":2936,"date":"2022-08-02T13:37:34","date_gmt":"2022-08-02T19:37:34","guid":{"rendered":"https:\/\/elpuucnoticias.com\/?p=2936"},"modified":"2022-08-02T13:37:36","modified_gmt":"2022-08-02T19:37:36","slug":"robo-en-predio-de-ticul-el-afectado-identifica-al-ladron-y-con-apoyo-de-la-policia-municipal-logra-recuperar-parte-de-sus-pertenencias","status":"publish","type":"post","link":"https:\/\/elpuucnoticias.com\/?p=2936","title":{"rendered":"Robo en predio de Ticul. El afectado identifica al ladr\u00f3n y con apoyo de la Polic\u00eda Municipal logra recuperar parte de sus pertenencias"},"content":{"rendered":"\n<p>En Ticul, esta ma\u00f1ana se registr\u00f3 un nuevo robo en un predio del barrio de San Enrique, sin embargo el responsable, tras ser identificado fue abordado por elementos de la Polic\u00eda Municipal.<\/p>\n\n\n\n<figure class=\"wp-block-image size-large\"><img loading=\"lazy\" decoding=\"async\" width=\"1024\" height=\"857\" src=\"https:\/\/elpuucnoticias.com\/wp-content\/uploads\/2022\/08\/WhatsApp-Image-2022-08-02-at-2.01.35-PM-1024x857.jpeg\" alt=\"\" class=\"wp-image-2938\" srcset=\"https:\/\/elpuucnoticias.com\/wp-content\/uploads\/2022\/08\/WhatsApp-Image-2022-08-02-at-2.01.35-PM-1024x857.jpeg 1024w, https:\/\/elpuucnoticias.com\/wp-content\/uploads\/2022\/08\/WhatsApp-Image-2022-08-02-at-2.01.35-PM-300x251.jpeg 300w, https:\/\/elpuucnoticias.com\/wp-content\/uploads\/2022\/08\/WhatsApp-Image-2022-08-02-at-2.01.35-PM-768x643.jpeg 768w, https:\/\/elpuucnoticias.com\/wp-content\/uploads\/2022\/08\/WhatsApp-Image-2022-08-02-at-2.01.35-PM-1536x1285.jpeg 1536w, https:\/\/elpuucnoticias.com\/wp-content\/uploads\/2022\/08\/WhatsApp-Image-2022-08-02-at-2.01.35-PM.jpeg 1600w\" sizes=\"auto, (max-width: 1024px) 100vw, 1024px\" \/><\/figure>\n\n\n\n<p>De acuerdo con informaci\u00f3n recabada en el lugar de los hechos, los agentes de la Polic\u00eda Municipal atendieron una llamada de auxilio de un vecino que minutos antes de las 8 de la ma\u00f1ana vio escapar a un ladr\u00f3n de su predio con algunas de sus pertenencias.<\/p>\n\n\n\n<p>Al llegar a su predio vio que habr\u00edan retirado el protector de su ventana y de all\u00ed sacaron algunas de sus pertenec\u00edas, como un pico, un telescopio, escalera y otros art\u00edculos.<\/p>\n\n\n\n<figure class=\"wp-block-image size-large is-resized\"><img loading=\"lazy\" decoding=\"async\" src=\"https:\/\/elpuucnoticias.com\/wp-content\/uploads\/2022\/08\/BANNER-AGOSTO-22-1024x321.jpg\" alt=\"\" class=\"wp-image-2917\" width=\"686\" height=\"215\" srcset=\"https:\/\/elpuucnoticias.com\/wp-content\/uploads\/2022\/08\/BANNER-AGOSTO-22-1024x321.jpg 1024w, https:\/\/elpuucnoticias.com\/wp-content\/uploads\/2022\/08\/BANNER-AGOSTO-22-300x94.jpg 300w, https:\/\/elpuucnoticias.com\/wp-content\/uploads\/2022\/08\/BANNER-AGOSTO-22-768x241.jpg 768w, https:\/\/elpuucnoticias.com\/wp-content\/uploads\/2022\/08\/BANNER-AGOSTO-22-1536x481.jpg 1536w, https:\/\/elpuucnoticias.com\/wp-content\/uploads\/2022\/08\/BANNER-AGOSTO-22-2048x641.jpg 2048w\" sizes=\"auto, (max-width: 686px) 100vw, 686px\" \/><\/figure>\n\n\n\n<p>El afectado pidi\u00f3 el apoyo de la polic\u00eda tras haber identificado a uno de los ladrones y entonces los agentes lo abordaron en su domicilio en donde regres\u00f3 parte de lo robado.<\/p>\n\n\n\n<p>No se report\u00f3 ning\u00fan detenido, sin embargo el afectado dijo que interpondr\u00e1 la demanda ante la Fiscal\u00eda General del Estado.\u2014 <em>El Puuc Noticias<\/em><\/p>\n","protected":false},"excerpt":{"rendered":"<p>En Ticul, esta ma\u00f1ana se registr\u00f3 un nuevo robo en un predio del barrio de San Enrique, sin<\/p>\n","protected":false},"author":1,"featured_media":2937,"comment_status":"closed","ping_status":"open","sticky":false,"template":"","format":"standard","meta":{"_monsterinsights_skip_tracking":false,"_monsterinsights_sitenote_active":false,"_monsterinsights_sitenote_note":"","_monsterinsights_sitenote_category":0,"footnotes":""},"categories":[11,13],"tags":[],"class_list":["post-2936","post","type-post","status-publish","format-standard","has-post-thumbnail","hentry","category-noticias","category-ticul"],"yoast_head":"<!-- This site is optimized with the Yoast SEO plugin v18.3 - https:\/\/yoast.com\/wordpress\/plugins\/seo\/ -->\n<title>Robo en predio de Ticul. El afectado identifica al ladr\u00f3n y con apoyo de la Polic\u00eda Municipal logra recuperar parte de sus pertenencias - El Puuc Noticias<\/title>\n<meta name=\"robots\" content=\"index, follow, max-snippet:-1, max-image-preview:large, max-video-preview:-1\" \/>\n<link rel=\"canonical\" href=\"https:\/\/elpuucnoticias.com\/?p=2936\" \/>\n<meta property=\"og:locale\" content=\"es_ES\" \/>\n<meta property=\"og:type\" content=\"article\" \/>\n<meta property=\"og:title\" content=\"Robo en predio de Ticul. El afectado identifica al ladr\u00f3n y con apoyo de la Polic\u00eda Municipal logra recuperar parte de sus pertenencias - El Puuc Noticias\" \/>\n<meta property=\"og:description\" content=\"En Ticul, esta ma\u00f1ana se registr\u00f3 un nuevo robo en un predio del barrio de San Enrique, sin\" \/>\n<meta property=\"og:url\" content=\"https:\/\/elpuucnoticias.com\/?p=2936\" \/>\n<meta property=\"og:site_name\" content=\"El Puuc Noticias\" \/>\n<meta property=\"article:published_time\" content=\"2022-08-02T19:37:34+00:00\" \/>\n<meta property=\"article:modified_time\" content=\"2022-08-02T19:37:36+00:00\" \/>\n<meta property=\"og:image\" content=\"https:\/\/elpuucnoticias.com\/wp-content\/uploads\/2022\/08\/WhatsApp-Image-2022-08-02-at-1.59.59-PM.jpeg\" \/>\n\t<meta property=\"og:image:width\" content=\"1600\" \/>\n\t<meta property=\"og:image:height\" content=\"1169\" \/>\n\t<meta property=\"og:image:type\" content=\"image\/jpeg\" \/>\n<meta name=\"twitter:card\" content=\"summary_large_image\" \/>\n<meta name=\"twitter:label1\" content=\"Escrito por\" \/>\n\t<meta name=\"twitter:data1\" content=\"elpuucnoticias\" \/>\n\t<meta name=\"twitter:label2\" content=\"Tiempo de lectura\" \/>\n\t<meta name=\"twitter:data2\" content=\"2 minutos\" \/>\n<script type=\"application\/ld+json\" class=\"yoast-schema-graph\">{\"@context\":\"https:\/\/schema.org\",\"@graph\":[{\"@type\":\"WebSite\",\"@id\":\"https:\/\/elpuucnoticias.com\/#website\",\"url\":\"https:\/\/elpuucnoticias.com\/\",\"name\":\"El Puuc Noticias\",\"description\":\"Noticias - Entretenimiento - Deportes\",\"potentialAction\":[{\"@type\":\"SearchAction\",\"target\":{\"@type\":\"EntryPoint\",\"urlTemplate\":\"https:\/\/elpuucnoticias.com\/?s={search_term_string}\"},\"query-input\":\"required name=search_term_string\"}],\"inLanguage\":\"es\"},{\"@type\":\"ImageObject\",\"@id\":\"https:\/\/elpuucnoticias.com\/?p=2936#primaryimage\",\"inLanguage\":\"es\",\"url\":\"https:\/\/elpuucnoticias.com\/wp-content\/uploads\/2022\/08\/WhatsApp-Image-2022-08-02-at-1.59.59-PM.jpeg\",\"contentUrl\":\"https:\/\/elpuucnoticias.com\/wp-content\/uploads\/2022\/08\/WhatsApp-Image-2022-08-02-at-1.59.59-PM.jpeg\",\"width\":1600,\"height\":1169},{\"@type\":\"WebPage\",\"@id\":\"https:\/\/elpuucnoticias.com\/?p=2936#webpage\",\"url\":\"https:\/\/elpuucnoticias.com\/?p=2936\",\"name\":\"Robo en predio de Ticul. El afectado identifica al ladr\u00f3n y con apoyo de la Polic\u00eda Municipal logra recuperar parte de sus pertenencias - El Puuc Noticias\",\"isPartOf\":{\"@id\":\"https:\/\/elpuucnoticias.com\/#website\"},\"primaryImageOfPage\":{\"@id\":\"https:\/\/elpuucnoticias.com\/?p=2936#primaryimage\"},\"datePublished\":\"2022-08-02T19:37:34+00:00\",\"dateModified\":\"2022-08-02T19:37:36+00:00\",\"author\":{\"@id\":\"https:\/\/elpuucnoticias.com\/#\/schema\/person\/d2ea09e4c97f0160b11cdfb1d856bd9e\"},\"breadcrumb\":{\"@id\":\"https:\/\/elpuucnoticias.com\/?p=2936#breadcrumb\"},\"inLanguage\":\"es\",\"potentialAction\":[{\"@type\":\"ReadAction\",\"target\":[\"https:\/\/elpuucnoticias.com\/?p=2936\"]}]},{\"@type\":\"BreadcrumbList\",\"@id\":\"https:\/\/elpuucnoticias.com\/?p=2936#breadcrumb\",\"itemListElement\":[{\"@type\":\"ListItem\",\"position\":1,\"name\":\"Portada\",\"item\":\"https:\/\/elpuucnoticias.com\/\"},{\"@type\":\"ListItem\",\"position\":2,\"name\":\"Robo en predio de Ticul. El afectado identifica al ladr\u00f3n y con apoyo de la Polic\u00eda Municipal logra recuperar parte de sus pertenencias\"}]},{\"@type\":\"Person\",\"@id\":\"https:\/\/elpuucnoticias.com\/#\/schema\/person\/d2ea09e4c97f0160b11cdfb1d856bd9e\",\"name\":\"elpuucnoticias\",\"image\":{\"@type\":\"ImageObject\",\"@id\":\"https:\/\/elpuucnoticias.com\/#personlogo\",\"inLanguage\":\"es\",\"url\":\"https:\/\/secure.gravatar.com\/avatar\/5290a43657c74ffa15701dbe5b846bd85cc71930d803c84e91046a7333de6ce2?s=96&d=mm&r=g\",\"contentUrl\":\"https:\/\/secure.gravatar.com\/avatar\/5290a43657c74ffa15701dbe5b846bd85cc71930d803c84e91046a7333de6ce2?s=96&d=mm&r=g\",\"caption\":\"elpuucnoticias\"},\"sameAs\":[\"https:\/\/elpuucnoticias.com\"],\"url\":\"https:\/\/elpuucnoticias.com\/?author=1\"}]}<\/script>\n<!-- \/ Yoast SEO plugin. -->","yoast_head_json":{"title":"Robo en predio de Ticul. El afectado identifica al ladr\u00f3n y con apoyo de la Polic\u00eda Municipal logra recuperar parte de sus pertenencias - El Puuc Noticias","robots":{"index":"index","follow":"follow","max-snippet":"max-snippet:-1","max-image-preview":"max-image-preview:large","max-video-preview":"max-video-preview:-1"},"canonical":"https:\/\/elpuucnoticias.com\/?p=2936","og_locale":"es_ES","og_type":"article","og_title":"Robo en predio de Ticul. El afectado identifica al ladr\u00f3n y con apoyo de la Polic\u00eda Municipal logra recuperar parte de sus pertenencias - El Puuc Noticias","og_description":"En Ticul, esta ma\u00f1ana se registr\u00f3 un nuevo robo en un predio del barrio de San Enrique, sin","og_url":"https:\/\/elpuucnoticias.com\/?p=2936","og_site_name":"El Puuc Noticias","article_published_time":"2022-08-02T19:37:34+00:00","article_modified_time":"2022-08-02T19:37:36+00:00","og_image":[{"width":1600,"height":1169,"url":"https:\/\/elpuucnoticias.com\/wp-content\/uploads\/2022\/08\/WhatsApp-Image-2022-08-02-at-1.59.59-PM.jpeg","type":"image\/jpeg"}],"twitter_card":"summary_large_image","twitter_misc":{"Escrito por":"elpuucnoticias","Tiempo de lectura":"2 minutos"},"schema":{"@context":"https:\/\/schema.org","@graph":[{"@type":"WebSite","@id":"https:\/\/elpuucnoticias.com\/#website","url":"https:\/\/elpuucnoticias.com\/","name":"El Puuc Noticias","description":"Noticias - Entretenimiento - Deportes","potentialAction":[{"@type":"SearchAction","target":{"@type":"EntryPoint","urlTemplate":"https:\/\/elpuucnoticias.com\/?s={search_term_string}"},"query-input":"required name=search_term_string"}],"inLanguage":"es"},{"@type":"ImageObject","@id":"https:\/\/elpuucnoticias.com\/?p=2936#primaryimage","inLanguage":"es","url":"https:\/\/elpuucnoticias.com\/wp-content\/uploads\/2022\/08\/WhatsApp-Image-2022-08-02-at-1.59.59-PM.jpeg","contentUrl":"https:\/\/elpuucnoticias.com\/wp-content\/uploads\/2022\/08\/WhatsApp-Image-2022-08-02-at-1.59.59-PM.jpeg","width":1600,"height":1169},{"@type":"WebPage","@id":"https:\/\/elpuucnoticias.com\/?p=2936#webpage","url":"https:\/\/elpuucnoticias.com\/?p=2936","name":"Robo en predio de Ticul. El afectado identifica al ladr\u00f3n y con apoyo de la Polic\u00eda Municipal logra recuperar parte de sus pertenencias - El Puuc Noticias","isPartOf":{"@id":"https:\/\/elpuucnoticias.com\/#website"},"primaryImageOfPage":{"@id":"https:\/\/elpuucnoticias.com\/?p=2936#primaryimage"},"datePublished":"2022-08-02T19:37:34+00:00","dateModified":"2022-08-02T19:37:36+00:00","author":{"@id":"https:\/\/elpuucnoticias.com\/#\/schema\/person\/d2ea09e4c97f0160b11cdfb1d856bd9e"},"breadcrumb":{"@id":"https:\/\/elpuucnoticias.com\/?p=2936#breadcrumb"},"inLanguage":"es","potentialAction":[{"@type":"ReadAction","target":["https:\/\/elpuucnoticias.com\/?p=2936"]}]},{"@type":"BreadcrumbList","@id":"https:\/\/elpuucnoticias.com\/?p=2936#breadcrumb","itemListElement":[{"@type":"ListItem","position":1,"name":"Portada","item":"https:\/\/elpuucnoticias.com\/"},{"@type":"ListItem","position":2,"name":"Robo en predio de Ticul. El afectado identifica al ladr\u00f3n y con apoyo de la Polic\u00eda Municipal logra recuperar parte de sus pertenencias"}]},{"@type":"Person","@id":"https:\/\/elpuucnoticias.com\/#\/schema\/person\/d2ea09e4c97f0160b11cdfb1d856bd9e","name":"elpuucnoticias","image":{"@type":"ImageObject","@id":"https:\/\/elpuucnoticias.com\/#personlogo","inLanguage":"es","url":"https:\/\/secure.gravatar.com\/avatar\/5290a43657c74ffa15701dbe5b846bd85cc71930d803c84e91046a7333de6ce2?s=96&d=mm&r=g","contentUrl":"https:\/\/secure.gravatar.com\/avatar\/5290a43657c74ffa15701dbe5b846bd85cc71930d803c84e91046a7333de6ce2?s=96&d=mm&r=g","caption":"elpuucnoticias"},"sameAs":["https:\/\/elpuucnoticias.com"],"url":"https:\/\/elpuucnoticias.com\/?author=1"}]}},"_links":{"self":[{"href":"https:\/\/elpuucnoticias.com\/index.php?rest_route=\/wp\/v2\/posts\/2936","targetHints":{"allow":["GET"]}}],"collection":[{"href":"https:\/\/elpuucnoticias.com\/index.php?rest_route=\/wp\/v2\/posts"}],"about":[{"href":"https:\/\/elpuucnoticias.com\/index.php?rest_route=\/wp\/v2\/types\/post"}],"author":[{"embeddable":true,"href":"https:\/\/elpuucnoticias.com\/index.php?rest_route=\/wp\/v2\/users\/1"}],"replies":[{"embeddable":true,"href":"https:\/\/elpuucnoticias.com\/index.php?rest_route=%2Fwp%2Fv2%2Fcomments&post=2936"}],"version-history":[{"count":1,"href":"https:\/\/elpuucnoticias.com\/index.php?rest_route=\/wp\/v2\/posts\/2936\/revisions"}],"predecessor-version":[{"id":2939,"href":"https:\/\/elpuucnoticias.com\/index.php?rest_route=\/wp\/v2\/posts\/2936\/revisions\/2939"}],"wp:featuredmedia":[{"embeddable":true,"href":"https:\/\/elpuucnoticias.com\/index.php?rest_route=\/wp\/v2\/media\/2937"}],"wp:attachment":[{"href":"https:\/\/elpuucnoticias.com\/index.php?rest_route=%2Fwp%2Fv2%2Fmedia&parent=2936"}],"wp:term":[{"taxonomy":"category","embeddable":true,"href":"https:\/\/elpuucnoticias.com\/index.php?rest_route=%2Fwp%2Fv2%2Fcategories&post=2936"},{"taxonomy":"post_tag","embeddable":true,"href":"https:\/\/elpuucnoticias.com\/index.php?rest_route=%2Fwp%2Fv2%2Ftags&post=2936"}],"curies":[{"name":"wp","href":"https:\/\/api.w.org\/{rel}","templated":true}]}}