{"id":3020,"date":"2022-08-09T00:09:43","date_gmt":"2022-08-09T06:09:43","guid":{"rendered":"https:\/\/elpuucnoticias.com\/?p=3020"},"modified":"2022-08-09T00:09:45","modified_gmt":"2022-08-09T06:09:45","slug":"la-comisaria-de-xoy-tendra-su-domo-el-alcalde-renan-jimenez-tah-pone-en-marcha-los-trabajos-de-construccion","status":"publish","type":"post","link":"https:\/\/elpuucnoticias.com\/?p=3020","title":{"rendered":"La comisar\u00eda de Xoy tendr\u00e1 su domo. El alcalde, Ren\u00e1n Jim\u00e9nez Tah, pone en marcha los trabajos de construcci\u00f3n"},"content":{"rendered":"\n<p>En d\u00edas pasados, el alcalde Ren\u00e1n Jim\u00e9nez Tah dio el banderazo de inicio para la construcci\u00f3n de un domo en la comisar\u00eda de Xoy, obra que se realizar\u00e1 con recursos del ramo de Infraestructura.<\/p>\n\n\n\n<figure class=\"wp-block-gallery has-nested-images columns-default is-cropped wp-block-gallery-1 is-layout-flex wp-block-gallery-is-layout-flex\">\n<figure class=\"wp-block-image size-large\"><img loading=\"lazy\" decoding=\"async\" width=\"720\" height=\"480\" data-id=\"3022\" src=\"https:\/\/elpuucnoticias.com\/wp-content\/uploads\/2022\/08\/WhatsApp-Image-2022-07-29-at-3.51.17-PM-1.jpeg\" alt=\"\" class=\"wp-image-3022\" srcset=\"https:\/\/elpuucnoticias.com\/wp-content\/uploads\/2022\/08\/WhatsApp-Image-2022-07-29-at-3.51.17-PM-1.jpeg 720w, https:\/\/elpuucnoticias.com\/wp-content\/uploads\/2022\/08\/WhatsApp-Image-2022-07-29-at-3.51.17-PM-1-300x200.jpeg 300w\" sizes=\"auto, (max-width: 720px) 100vw, 720px\" \/><\/figure>\n\n\n\n<figure class=\"wp-block-image size-large\"><img loading=\"lazy\" decoding=\"async\" width=\"720\" height=\"480\" data-id=\"3023\" src=\"https:\/\/elpuucnoticias.com\/wp-content\/uploads\/2022\/08\/WhatsApp-Image-2022-07-29-at-3.51.16-PM-2.jpeg\" alt=\"\" class=\"wp-image-3023\" srcset=\"https:\/\/elpuucnoticias.com\/wp-content\/uploads\/2022\/08\/WhatsApp-Image-2022-07-29-at-3.51.16-PM-2.jpeg 720w, https:\/\/elpuucnoticias.com\/wp-content\/uploads\/2022\/08\/WhatsApp-Image-2022-07-29-at-3.51.16-PM-2-300x200.jpeg 300w\" sizes=\"auto, (max-width: 720px) 100vw, 720px\" \/><\/figure>\n<\/figure>\n\n\n\n<p>El primer edil se\u00f1al\u00f3 que esta obra se realiza debido a que cuando estuvo caminando en campa\u00f1a, la mayor\u00eda de las familias le externaron la necesidad de contar con un domo para que puedan realizar sus actividades, sin preocuparse de las inclemencias del clima.<\/p>\n\n\n\n<figure class=\"wp-block-image size-large is-resized\"><img loading=\"lazy\" decoding=\"async\" src=\"https:\/\/elpuucnoticias.com\/wp-content\/uploads\/2022\/08\/BANNER-AGOSTO-22-1024x321.jpg\" alt=\"\" class=\"wp-image-2917\" width=\"682\" height=\"214\" srcset=\"https:\/\/elpuucnoticias.com\/wp-content\/uploads\/2022\/08\/BANNER-AGOSTO-22-1024x321.jpg 1024w, https:\/\/elpuucnoticias.com\/wp-content\/uploads\/2022\/08\/BANNER-AGOSTO-22-300x94.jpg 300w, https:\/\/elpuucnoticias.com\/wp-content\/uploads\/2022\/08\/BANNER-AGOSTO-22-768x241.jpg 768w, https:\/\/elpuucnoticias.com\/wp-content\/uploads\/2022\/08\/BANNER-AGOSTO-22-1536x481.jpg 1536w, https:\/\/elpuucnoticias.com\/wp-content\/uploads\/2022\/08\/BANNER-AGOSTO-22-2048x641.jpg 2048w\" sizes=\"auto, (max-width: 682px) 100vw, 682px\" \/><\/figure>\n\n\n\n<p>Ante esa necesidad se decidi\u00f3 realizar la obra que debe de estar lista en los pr\u00f3ximos meses para que ya le puedan dar uso las familias de la poblaci\u00f3n.<\/p>\n\n\n\n<figure class=\"wp-block-gallery has-nested-images columns-default is-cropped wp-block-gallery-2 is-layout-flex wp-block-gallery-is-layout-flex\">\n<figure class=\"wp-block-image size-large\"><img loading=\"lazy\" decoding=\"async\" width=\"720\" height=\"480\" data-id=\"3024\" src=\"https:\/\/elpuucnoticias.com\/wp-content\/uploads\/2022\/08\/WhatsApp-Image-2022-07-29-at-3.51.15-PM.jpeg\" alt=\"\" class=\"wp-image-3024\" srcset=\"https:\/\/elpuucnoticias.com\/wp-content\/uploads\/2022\/08\/WhatsApp-Image-2022-07-29-at-3.51.15-PM.jpeg 720w, https:\/\/elpuucnoticias.com\/wp-content\/uploads\/2022\/08\/WhatsApp-Image-2022-07-29-at-3.51.15-PM-300x200.jpeg 300w\" sizes=\"auto, (max-width: 720px) 100vw, 720px\" \/><\/figure>\n\n\n\n<figure class=\"wp-block-image size-large\"><img loading=\"lazy\" decoding=\"async\" width=\"720\" height=\"405\" data-id=\"3025\" src=\"https:\/\/elpuucnoticias.com\/wp-content\/uploads\/2022\/08\/WhatsApp-Image-2022-07-29-at-3.51.16-PM.jpeg\" alt=\"\" class=\"wp-image-3025\" srcset=\"https:\/\/elpuucnoticias.com\/wp-content\/uploads\/2022\/08\/WhatsApp-Image-2022-07-29-at-3.51.16-PM.jpeg 720w, https:\/\/elpuucnoticias.com\/wp-content\/uploads\/2022\/08\/WhatsApp-Image-2022-07-29-at-3.51.16-PM-300x169.jpeg 300w\" sizes=\"auto, (max-width: 720px) 100vw, 720px\" \/><\/figure>\n<\/figure>\n\n\n\n<p>Indic\u00f3 que la comisar\u00eda de Xoy es la m\u00e1s grande de la comunidad y con esta obra se atiende una necesidad de todos los pobladores, que ya tendr\u00e1n un espacio donde puedan hacer sus actividades.\u2014 <em>El Puuc Noticias<\/em><\/p>\n","protected":false},"excerpt":{"rendered":"<p>En d\u00edas pasados, el alcalde Ren\u00e1n Jim\u00e9nez Tah dio el banderazo de inicio para la construcci\u00f3n de un<\/p>\n","protected":false},"author":1,"featured_media":3021,"comment_status":"closed","ping_status":"open","sticky":false,"template":"","format":"standard","meta":{"_monsterinsights_skip_tracking":false,"_monsterinsights_sitenote_active":false,"_monsterinsights_sitenote_note":"","_monsterinsights_sitenote_category":0,"footnotes":""},"categories":[11,20],"tags":[],"class_list":["post-3020","post","type-post","status-publish","format-standard","has-post-thumbnail","hentry","category-noticias","category-peto"],"yoast_head":"<!-- This site is optimized with the Yoast SEO plugin v18.3 - https:\/\/yoast.com\/wordpress\/plugins\/seo\/ -->\n<title>La comisar\u00eda de Xoy tendr\u00e1 su domo. El alcalde, Ren\u00e1n Jim\u00e9nez Tah, pone en marcha los trabajos de construcci\u00f3n - El Puuc Noticias<\/title>\n<meta name=\"robots\" content=\"index, follow, max-snippet:-1, max-image-preview:large, max-video-preview:-1\" \/>\n<link rel=\"canonical\" href=\"https:\/\/elpuucnoticias.com\/?p=3020\" \/>\n<meta property=\"og:locale\" content=\"es_ES\" \/>\n<meta property=\"og:type\" content=\"article\" \/>\n<meta property=\"og:title\" content=\"La comisar\u00eda de Xoy tendr\u00e1 su domo. El alcalde, Ren\u00e1n Jim\u00e9nez Tah, pone en marcha los trabajos de construcci\u00f3n - El Puuc Noticias\" \/>\n<meta property=\"og:description\" content=\"En d\u00edas pasados, el alcalde Ren\u00e1n Jim\u00e9nez Tah dio el banderazo de inicio para la construcci\u00f3n de un\" \/>\n<meta property=\"og:url\" content=\"https:\/\/elpuucnoticias.com\/?p=3020\" \/>\n<meta property=\"og:site_name\" content=\"El Puuc Noticias\" \/>\n<meta property=\"article:published_time\" content=\"2022-08-09T06:09:43+00:00\" \/>\n<meta property=\"article:modified_time\" content=\"2022-08-09T06:09:45+00:00\" \/>\n<meta property=\"og:image\" content=\"https:\/\/elpuucnoticias.com\/wp-content\/uploads\/2022\/08\/WhatsApp-Image-2022-07-29-at-3.51.17-PM.jpeg\" \/>\n\t<meta property=\"og:image:width\" content=\"720\" \/>\n\t<meta property=\"og:image:height\" content=\"480\" \/>\n\t<meta property=\"og:image:type\" content=\"image\/jpeg\" \/>\n<meta name=\"twitter:card\" content=\"summary_large_image\" \/>\n<meta name=\"twitter:label1\" content=\"Escrito por\" \/>\n\t<meta name=\"twitter:data1\" content=\"elpuucnoticias\" \/>\n\t<meta name=\"twitter:label2\" content=\"Tiempo de lectura\" \/>\n\t<meta name=\"twitter:data2\" content=\"2 minutos\" \/>\n<script type=\"application\/ld+json\" class=\"yoast-schema-graph\">{\"@context\":\"https:\/\/schema.org\",\"@graph\":[{\"@type\":\"WebSite\",\"@id\":\"https:\/\/elpuucnoticias.com\/#website\",\"url\":\"https:\/\/elpuucnoticias.com\/\",\"name\":\"El Puuc Noticias\",\"description\":\"Noticias - Entretenimiento - Deportes\",\"potentialAction\":[{\"@type\":\"SearchAction\",\"target\":{\"@type\":\"EntryPoint\",\"urlTemplate\":\"https:\/\/elpuucnoticias.com\/?s={search_term_string}\"},\"query-input\":\"required name=search_term_string\"}],\"inLanguage\":\"es\"},{\"@type\":\"ImageObject\",\"@id\":\"https:\/\/elpuucnoticias.com\/?p=3020#primaryimage\",\"inLanguage\":\"es\",\"url\":\"https:\/\/elpuucnoticias.com\/wp-content\/uploads\/2022\/08\/WhatsApp-Image-2022-07-29-at-3.51.17-PM.jpeg\",\"contentUrl\":\"https:\/\/elpuucnoticias.com\/wp-content\/uploads\/2022\/08\/WhatsApp-Image-2022-07-29-at-3.51.17-PM.jpeg\",\"width\":720,\"height\":480},{\"@type\":\"WebPage\",\"@id\":\"https:\/\/elpuucnoticias.com\/?p=3020#webpage\",\"url\":\"https:\/\/elpuucnoticias.com\/?p=3020\",\"name\":\"La comisar\u00eda de Xoy tendr\u00e1 su domo. El alcalde, Ren\u00e1n Jim\u00e9nez Tah, pone en marcha los trabajos de construcci\u00f3n - El Puuc Noticias\",\"isPartOf\":{\"@id\":\"https:\/\/elpuucnoticias.com\/#website\"},\"primaryImageOfPage\":{\"@id\":\"https:\/\/elpuucnoticias.com\/?p=3020#primaryimage\"},\"datePublished\":\"2022-08-09T06:09:43+00:00\",\"dateModified\":\"2022-08-09T06:09:45+00:00\",\"author\":{\"@id\":\"https:\/\/elpuucnoticias.com\/#\/schema\/person\/d2ea09e4c97f0160b11cdfb1d856bd9e\"},\"breadcrumb\":{\"@id\":\"https:\/\/elpuucnoticias.com\/?p=3020#breadcrumb\"},\"inLanguage\":\"es\",\"potentialAction\":[{\"@type\":\"ReadAction\",\"target\":[\"https:\/\/elpuucnoticias.com\/?p=3020\"]}]},{\"@type\":\"BreadcrumbList\",\"@id\":\"https:\/\/elpuucnoticias.com\/?p=3020#breadcrumb\",\"itemListElement\":[{\"@type\":\"ListItem\",\"position\":1,\"name\":\"Portada\",\"item\":\"https:\/\/elpuucnoticias.com\/\"},{\"@type\":\"ListItem\",\"position\":2,\"name\":\"La comisar\u00eda de Xoy tendr\u00e1 su domo. El alcalde, Ren\u00e1n Jim\u00e9nez Tah, pone en marcha los trabajos de construcci\u00f3n\"}]},{\"@type\":\"Person\",\"@id\":\"https:\/\/elpuucnoticias.com\/#\/schema\/person\/d2ea09e4c97f0160b11cdfb1d856bd9e\",\"name\":\"elpuucnoticias\",\"image\":{\"@type\":\"ImageObject\",\"@id\":\"https:\/\/elpuucnoticias.com\/#personlogo\",\"inLanguage\":\"es\",\"url\":\"https:\/\/secure.gravatar.com\/avatar\/5290a43657c74ffa15701dbe5b846bd85cc71930d803c84e91046a7333de6ce2?s=96&d=mm&r=g\",\"contentUrl\":\"https:\/\/secure.gravatar.com\/avatar\/5290a43657c74ffa15701dbe5b846bd85cc71930d803c84e91046a7333de6ce2?s=96&d=mm&r=g\",\"caption\":\"elpuucnoticias\"},\"sameAs\":[\"https:\/\/elpuucnoticias.com\"],\"url\":\"https:\/\/elpuucnoticias.com\/?author=1\"}]}<\/script>\n<!-- \/ Yoast SEO plugin. -->","yoast_head_json":{"title":"La comisar\u00eda de Xoy tendr\u00e1 su domo. El alcalde, Ren\u00e1n Jim\u00e9nez Tah, pone en marcha los trabajos de construcci\u00f3n - El Puuc Noticias","robots":{"index":"index","follow":"follow","max-snippet":"max-snippet:-1","max-image-preview":"max-image-preview:large","max-video-preview":"max-video-preview:-1"},"canonical":"https:\/\/elpuucnoticias.com\/?p=3020","og_locale":"es_ES","og_type":"article","og_title":"La comisar\u00eda de Xoy tendr\u00e1 su domo. El alcalde, Ren\u00e1n Jim\u00e9nez Tah, pone en marcha los trabajos de construcci\u00f3n - El Puuc Noticias","og_description":"En d\u00edas pasados, el alcalde Ren\u00e1n Jim\u00e9nez Tah dio el banderazo de inicio para la construcci\u00f3n de un","og_url":"https:\/\/elpuucnoticias.com\/?p=3020","og_site_name":"El Puuc Noticias","article_published_time":"2022-08-09T06:09:43+00:00","article_modified_time":"2022-08-09T06:09:45+00:00","og_image":[{"width":720,"height":480,"url":"https:\/\/elpuucnoticias.com\/wp-content\/uploads\/2022\/08\/WhatsApp-Image-2022-07-29-at-3.51.17-PM.jpeg","type":"image\/jpeg"}],"twitter_card":"summary_large_image","twitter_misc":{"Escrito por":"elpuucnoticias","Tiempo de lectura":"2 minutos"},"schema":{"@context":"https:\/\/schema.org","@graph":[{"@type":"WebSite","@id":"https:\/\/elpuucnoticias.com\/#website","url":"https:\/\/elpuucnoticias.com\/","name":"El Puuc Noticias","description":"Noticias - Entretenimiento - Deportes","potentialAction":[{"@type":"SearchAction","target":{"@type":"EntryPoint","urlTemplate":"https:\/\/elpuucnoticias.com\/?s={search_term_string}"},"query-input":"required name=search_term_string"}],"inLanguage":"es"},{"@type":"ImageObject","@id":"https:\/\/elpuucnoticias.com\/?p=3020#primaryimage","inLanguage":"es","url":"https:\/\/elpuucnoticias.com\/wp-content\/uploads\/2022\/08\/WhatsApp-Image-2022-07-29-at-3.51.17-PM.jpeg","contentUrl":"https:\/\/elpuucnoticias.com\/wp-content\/uploads\/2022\/08\/WhatsApp-Image-2022-07-29-at-3.51.17-PM.jpeg","width":720,"height":480},{"@type":"WebPage","@id":"https:\/\/elpuucnoticias.com\/?p=3020#webpage","url":"https:\/\/elpuucnoticias.com\/?p=3020","name":"La comisar\u00eda de Xoy tendr\u00e1 su domo. El alcalde, Ren\u00e1n Jim\u00e9nez Tah, pone en marcha los trabajos de construcci\u00f3n - El Puuc Noticias","isPartOf":{"@id":"https:\/\/elpuucnoticias.com\/#website"},"primaryImageOfPage":{"@id":"https:\/\/elpuucnoticias.com\/?p=3020#primaryimage"},"datePublished":"2022-08-09T06:09:43+00:00","dateModified":"2022-08-09T06:09:45+00:00","author":{"@id":"https:\/\/elpuucnoticias.com\/#\/schema\/person\/d2ea09e4c97f0160b11cdfb1d856bd9e"},"breadcrumb":{"@id":"https:\/\/elpuucnoticias.com\/?p=3020#breadcrumb"},"inLanguage":"es","potentialAction":[{"@type":"ReadAction","target":["https:\/\/elpuucnoticias.com\/?p=3020"]}]},{"@type":"BreadcrumbList","@id":"https:\/\/elpuucnoticias.com\/?p=3020#breadcrumb","itemListElement":[{"@type":"ListItem","position":1,"name":"Portada","item":"https:\/\/elpuucnoticias.com\/"},{"@type":"ListItem","position":2,"name":"La comisar\u00eda de Xoy tendr\u00e1 su domo. El alcalde, Ren\u00e1n Jim\u00e9nez Tah, pone en marcha los trabajos de construcci\u00f3n"}]},{"@type":"Person","@id":"https:\/\/elpuucnoticias.com\/#\/schema\/person\/d2ea09e4c97f0160b11cdfb1d856bd9e","name":"elpuucnoticias","image":{"@type":"ImageObject","@id":"https:\/\/elpuucnoticias.com\/#personlogo","inLanguage":"es","url":"https:\/\/secure.gravatar.com\/avatar\/5290a43657c74ffa15701dbe5b846bd85cc71930d803c84e91046a7333de6ce2?s=96&d=mm&r=g","contentUrl":"https:\/\/secure.gravatar.com\/avatar\/5290a43657c74ffa15701dbe5b846bd85cc71930d803c84e91046a7333de6ce2?s=96&d=mm&r=g","caption":"elpuucnoticias"},"sameAs":["https:\/\/elpuucnoticias.com"],"url":"https:\/\/elpuucnoticias.com\/?author=1"}]}},"_links":{"self":[{"href":"https:\/\/elpuucnoticias.com\/index.php?rest_route=\/wp\/v2\/posts\/3020","targetHints":{"allow":["GET"]}}],"collection":[{"href":"https:\/\/elpuucnoticias.com\/index.php?rest_route=\/wp\/v2\/posts"}],"about":[{"href":"https:\/\/elpuucnoticias.com\/index.php?rest_route=\/wp\/v2\/types\/post"}],"author":[{"embeddable":true,"href":"https:\/\/elpuucnoticias.com\/index.php?rest_route=\/wp\/v2\/users\/1"}],"replies":[{"embeddable":true,"href":"https:\/\/elpuucnoticias.com\/index.php?rest_route=%2Fwp%2Fv2%2Fcomments&post=3020"}],"version-history":[{"count":1,"href":"https:\/\/elpuucnoticias.com\/index.php?rest_route=\/wp\/v2\/posts\/3020\/revisions"}],"predecessor-version":[{"id":3026,"href":"https:\/\/elpuucnoticias.com\/index.php?rest_route=\/wp\/v2\/posts\/3020\/revisions\/3026"}],"wp:featuredmedia":[{"embeddable":true,"href":"https:\/\/elpuucnoticias.com\/index.php?rest_route=\/wp\/v2\/media\/3021"}],"wp:attachment":[{"href":"https:\/\/elpuucnoticias.com\/index.php?rest_route=%2Fwp%2Fv2%2Fmedia&parent=3020"}],"wp:term":[{"taxonomy":"category","embeddable":true,"href":"https:\/\/elpuucnoticias.com\/index.php?rest_route=%2Fwp%2Fv2%2Fcategories&post=3020"},{"taxonomy":"post_tag","embeddable":true,"href":"https:\/\/elpuucnoticias.com\/index.php?rest_route=%2Fwp%2Fv2%2Ftags&post=3020"}],"curies":[{"name":"wp","href":"https:\/\/api.w.org\/{rel}","templated":true}]}}