{"id":3053,"date":"2022-08-10T16:30:14","date_gmt":"2022-08-10T22:30:14","guid":{"rendered":"https:\/\/elpuucnoticias.com\/?p=3053"},"modified":"2022-08-10T16:30:16","modified_gmt":"2022-08-10T22:30:16","slug":"ninos-desayunados-y-bien-hidratados-el-consejo-para-los-padres-que-llevan-a-sus-hijos-a-vacunar-contra-el-covid-19","status":"publish","type":"post","link":"https:\/\/elpuucnoticias.com\/?p=3053","title":{"rendered":"Ni\u00f1os desayunados y bien hidratados, el consejo para los padres que llevan a sus hijos a vacunar contra el Covid-19"},"content":{"rendered":"\n<p>Ayer martes dio inicio la aplicaci\u00f3n de la vacuna contra el Covid-19 en menores de 5 hasta 11 a\u00f1os de edad en Peto, actividad en la que estuvo presente el alcalde, Ren\u00e1n Jim\u00e9nez Tah, quien se\u00f1al\u00f3 la importancia de que todos reciban el biol\u00f3gico como una manera de estar protegidos.<\/p>\n\n\n\n<figure class=\"wp-block-gallery has-nested-images columns-default is-cropped wp-block-gallery-1 is-layout-flex wp-block-gallery-is-layout-flex\">\n<figure class=\"wp-block-image size-large\"><img loading=\"lazy\" decoding=\"async\" width=\"1024\" height=\"682\" data-id=\"3056\" src=\"https:\/\/elpuucnoticias.com\/wp-content\/uploads\/2022\/08\/WhatsApp-Image-2022-08-09-at-5.19.06-PM-1024x682.jpeg\" alt=\"\" class=\"wp-image-3056\" srcset=\"https:\/\/elpuucnoticias.com\/wp-content\/uploads\/2022\/08\/WhatsApp-Image-2022-08-09-at-5.19.06-PM-1024x682.jpeg 1024w, https:\/\/elpuucnoticias.com\/wp-content\/uploads\/2022\/08\/WhatsApp-Image-2022-08-09-at-5.19.06-PM-300x200.jpeg 300w, https:\/\/elpuucnoticias.com\/wp-content\/uploads\/2022\/08\/WhatsApp-Image-2022-08-09-at-5.19.06-PM-768x512.jpeg 768w, https:\/\/elpuucnoticias.com\/wp-content\/uploads\/2022\/08\/WhatsApp-Image-2022-08-09-at-5.19.06-PM.jpeg 1280w\" sizes=\"auto, (max-width: 1024px) 100vw, 1024px\" \/><\/figure>\n\n\n\n<figure class=\"wp-block-image size-large\"><img loading=\"lazy\" decoding=\"async\" width=\"720\" height=\"480\" data-id=\"3055\" src=\"https:\/\/elpuucnoticias.com\/wp-content\/uploads\/2022\/08\/WhatsApp-Image-2022-08-09-at-5.18.19-PM-1.jpeg\" alt=\"\" class=\"wp-image-3055\" srcset=\"https:\/\/elpuucnoticias.com\/wp-content\/uploads\/2022\/08\/WhatsApp-Image-2022-08-09-at-5.18.19-PM-1.jpeg 720w, https:\/\/elpuucnoticias.com\/wp-content\/uploads\/2022\/08\/WhatsApp-Image-2022-08-09-at-5.18.19-PM-1-300x200.jpeg 300w\" sizes=\"auto, (max-width: 720px) 100vw, 720px\" \/><\/figure>\n<\/figure>\n\n\n\n<p>La jornada de vacunaci\u00f3n se est\u00e1 realizando a trav\u00e9s del departamento de Bienestar en coordinaci\u00f3n con el centro de Salud y se estar\u00e1 aplicando las vacunas los d\u00edas martes mi\u00e9rcoles y jueves.<\/p>\n\n\n\n<p>\u00danicamente se podr\u00e1 aplicar la primera dosis a ni\u00f1os de 5 a 11 a\u00f1os y se resalt\u00f3 que no se atender\u00e1 a menores fuera de ese rango de edad.<\/p>\n\n\n\n<figure class=\"wp-block-image size-full is-resized\"><img loading=\"lazy\" decoding=\"async\" src=\"https:\/\/elpuucnoticias.com\/wp-content\/uploads\/2022\/08\/BANNER-AGOSTO-22-1.jpg\" alt=\"\" class=\"wp-image-3051\" width=\"653\" height=\"192\" srcset=\"https:\/\/elpuucnoticias.com\/wp-content\/uploads\/2022\/08\/BANNER-AGOSTO-22-1.jpg 1024w, https:\/\/elpuucnoticias.com\/wp-content\/uploads\/2022\/08\/BANNER-AGOSTO-22-1-300x88.jpg 300w, https:\/\/elpuucnoticias.com\/wp-content\/uploads\/2022\/08\/BANNER-AGOSTO-22-1-768x227.jpg 768w\" sizes=\"auto, (max-width: 653px) 100vw, 653px\" \/><\/figure>\n\n\n\n<p>Cabe se\u00f1alar que hubo buena respuesta de los padres de familia que desde temprano comenzaron a llevar a sus hijos para que les apliquen la vacuna.<\/p>\n\n\n\n<figure class=\"wp-block-image size-large\"><img loading=\"lazy\" decoding=\"async\" width=\"682\" height=\"1024\" src=\"https:\/\/elpuucnoticias.com\/wp-content\/uploads\/2022\/08\/WhatsApp-Image-2022-08-09-at-5.19.03-PM-682x1024.jpeg\" alt=\"\" class=\"wp-image-3059\" srcset=\"https:\/\/elpuucnoticias.com\/wp-content\/uploads\/2022\/08\/WhatsApp-Image-2022-08-09-at-5.19.03-PM-682x1024.jpeg 682w, https:\/\/elpuucnoticias.com\/wp-content\/uploads\/2022\/08\/WhatsApp-Image-2022-08-09-at-5.19.03-PM-200x300.jpeg 200w, https:\/\/elpuucnoticias.com\/wp-content\/uploads\/2022\/08\/WhatsApp-Image-2022-08-09-at-5.19.03-PM-768x1152.jpeg 768w, https:\/\/elpuucnoticias.com\/wp-content\/uploads\/2022\/08\/WhatsApp-Image-2022-08-09-at-5.19.03-PM.jpeg 853w\" sizes=\"auto, (max-width: 682px) 100vw, 682px\" \/><\/figure>\n\n\n\n<p>Despu\u00e9s de la aplicaci\u00f3n de la vacuna a los menores se les dej\u00f3 en observaci\u00f3n por alrededor de 30 minutos para descartar alg\u00fan tipo de reacci\u00f3n y posteriormente, se retiraron.<\/p>\n\n\n\n<p>En el caso de los padres de familia que llevaran a sus hijos ma\u00f1ana y pasado ma\u00f1ana al m\u00f3dulo de vacunaci\u00f3n, se les esta recomendando que los menores vayan desayunados y bien hidratados.<\/p>\n\n\n\n<figure class=\"wp-block-gallery has-nested-images columns-default is-cropped wp-block-gallery-2 is-layout-flex wp-block-gallery-is-layout-flex\">\n<figure class=\"wp-block-image size-large\"><img loading=\"lazy\" decoding=\"async\" width=\"1024\" height=\"682\" data-id=\"3058\" src=\"https:\/\/elpuucnoticias.com\/wp-content\/uploads\/2022\/08\/WhatsApp-Image-2022-08-09-at-5.19.04-PM-1024x682.jpeg\" alt=\"\" class=\"wp-image-3058\" srcset=\"https:\/\/elpuucnoticias.com\/wp-content\/uploads\/2022\/08\/WhatsApp-Image-2022-08-09-at-5.19.04-PM-1024x682.jpeg 1024w, https:\/\/elpuucnoticias.com\/wp-content\/uploads\/2022\/08\/WhatsApp-Image-2022-08-09-at-5.19.04-PM-300x200.jpeg 300w, https:\/\/elpuucnoticias.com\/wp-content\/uploads\/2022\/08\/WhatsApp-Image-2022-08-09-at-5.19.04-PM-768x512.jpeg 768w, https:\/\/elpuucnoticias.com\/wp-content\/uploads\/2022\/08\/WhatsApp-Image-2022-08-09-at-5.19.04-PM.jpeg 1280w\" sizes=\"auto, (max-width: 1024px) 100vw, 1024px\" \/><\/figure>\n\n\n\n<figure class=\"wp-block-image size-large\"><img loading=\"lazy\" decoding=\"async\" width=\"720\" height=\"480\" data-id=\"3057\" src=\"https:\/\/elpuucnoticias.com\/wp-content\/uploads\/2022\/08\/WhatsApp-Image-2022-08-09-at-5.18.19-PM.jpeg\" alt=\"\" class=\"wp-image-3057\" srcset=\"https:\/\/elpuucnoticias.com\/wp-content\/uploads\/2022\/08\/WhatsApp-Image-2022-08-09-at-5.18.19-PM.jpeg 720w, https:\/\/elpuucnoticias.com\/wp-content\/uploads\/2022\/08\/WhatsApp-Image-2022-08-09-at-5.18.19-PM-300x200.jpeg 300w\" sizes=\"auto, (max-width: 720px) 100vw, 720px\" \/><\/figure>\n<\/figure>\n\n\n\n<p>Cabe se\u00f1alar que el puesto de vacunaci\u00f3n fue decorado con globos, tambi\u00e9n hubo botargas y un payaso para entretener a los ni\u00f1os durante la jornada.\u2014 <em>El Puuc Noticias<\/em><\/p>\n","protected":false},"excerpt":{"rendered":"<p>Ayer martes dio inicio la aplicaci\u00f3n de la vacuna contra el Covid-19 en menores de 5 hasta 11<\/p>\n","protected":false},"author":1,"featured_media":3054,"comment_status":"closed","ping_status":"open","sticky":false,"template":"","format":"standard","meta":{"_monsterinsights_skip_tracking":false,"_monsterinsights_sitenote_active":false,"_monsterinsights_sitenote_note":"","_monsterinsights_sitenote_category":0,"footnotes":""},"categories":[11,20],"tags":[],"class_list":["post-3053","post","type-post","status-publish","format-standard","has-post-thumbnail","hentry","category-noticias","category-peto"],"yoast_head":"<!-- This site is optimized with the Yoast SEO plugin v18.3 - https:\/\/yoast.com\/wordpress\/plugins\/seo\/ -->\n<title>Ni\u00f1os desayunados y bien hidratados, el consejo para los padres que llevan a sus hijos a vacunar contra el Covid-19 - El Puuc Noticias<\/title>\n<meta name=\"robots\" content=\"index, follow, max-snippet:-1, max-image-preview:large, max-video-preview:-1\" \/>\n<link rel=\"canonical\" href=\"https:\/\/elpuucnoticias.com\/?p=3053\" \/>\n<meta property=\"og:locale\" content=\"es_ES\" \/>\n<meta property=\"og:type\" content=\"article\" \/>\n<meta property=\"og:title\" content=\"Ni\u00f1os desayunados y bien hidratados, el consejo para los padres que llevan a sus hijos a vacunar contra el Covid-19 - El Puuc Noticias\" \/>\n<meta property=\"og:description\" content=\"Ayer martes dio inicio la aplicaci\u00f3n de la vacuna contra el Covid-19 en menores de 5 hasta 11\" \/>\n<meta property=\"og:url\" content=\"https:\/\/elpuucnoticias.com\/?p=3053\" \/>\n<meta property=\"og:site_name\" content=\"El Puuc Noticias\" \/>\n<meta property=\"article:published_time\" content=\"2022-08-10T22:30:14+00:00\" \/>\n<meta property=\"article:modified_time\" content=\"2022-08-10T22:30:16+00:00\" \/>\n<meta property=\"og:image\" content=\"https:\/\/elpuucnoticias.com\/wp-content\/uploads\/2022\/08\/WhatsApp-Image-2022-08-09-at-5.18.18-PM-1.jpeg\" \/>\n\t<meta property=\"og:image:width\" content=\"720\" \/>\n\t<meta property=\"og:image:height\" content=\"480\" \/>\n\t<meta property=\"og:image:type\" content=\"image\/jpeg\" \/>\n<meta name=\"twitter:card\" content=\"summary_large_image\" \/>\n<meta name=\"twitter:label1\" content=\"Escrito por\" \/>\n\t<meta name=\"twitter:data1\" content=\"elpuucnoticias\" \/>\n\t<meta name=\"twitter:label2\" content=\"Tiempo de lectura\" \/>\n\t<meta name=\"twitter:data2\" content=\"3 minutos\" \/>\n<script type=\"application\/ld+json\" class=\"yoast-schema-graph\">{\"@context\":\"https:\/\/schema.org\",\"@graph\":[{\"@type\":\"WebSite\",\"@id\":\"https:\/\/elpuucnoticias.com\/#website\",\"url\":\"https:\/\/elpuucnoticias.com\/\",\"name\":\"El Puuc Noticias\",\"description\":\"Noticias - Entretenimiento - Deportes\",\"potentialAction\":[{\"@type\":\"SearchAction\",\"target\":{\"@type\":\"EntryPoint\",\"urlTemplate\":\"https:\/\/elpuucnoticias.com\/?s={search_term_string}\"},\"query-input\":\"required name=search_term_string\"}],\"inLanguage\":\"es\"},{\"@type\":\"ImageObject\",\"@id\":\"https:\/\/elpuucnoticias.com\/?p=3053#primaryimage\",\"inLanguage\":\"es\",\"url\":\"https:\/\/elpuucnoticias.com\/wp-content\/uploads\/2022\/08\/WhatsApp-Image-2022-08-09-at-5.18.18-PM-1.jpeg\",\"contentUrl\":\"https:\/\/elpuucnoticias.com\/wp-content\/uploads\/2022\/08\/WhatsApp-Image-2022-08-09-at-5.18.18-PM-1.jpeg\",\"width\":720,\"height\":480},{\"@type\":\"WebPage\",\"@id\":\"https:\/\/elpuucnoticias.com\/?p=3053#webpage\",\"url\":\"https:\/\/elpuucnoticias.com\/?p=3053\",\"name\":\"Ni\u00f1os desayunados y bien hidratados, el consejo para los padres que llevan a sus hijos a vacunar contra el Covid-19 - El Puuc Noticias\",\"isPartOf\":{\"@id\":\"https:\/\/elpuucnoticias.com\/#website\"},\"primaryImageOfPage\":{\"@id\":\"https:\/\/elpuucnoticias.com\/?p=3053#primaryimage\"},\"datePublished\":\"2022-08-10T22:30:14+00:00\",\"dateModified\":\"2022-08-10T22:30:16+00:00\",\"author\":{\"@id\":\"https:\/\/elpuucnoticias.com\/#\/schema\/person\/d2ea09e4c97f0160b11cdfb1d856bd9e\"},\"breadcrumb\":{\"@id\":\"https:\/\/elpuucnoticias.com\/?p=3053#breadcrumb\"},\"inLanguage\":\"es\",\"potentialAction\":[{\"@type\":\"ReadAction\",\"target\":[\"https:\/\/elpuucnoticias.com\/?p=3053\"]}]},{\"@type\":\"BreadcrumbList\",\"@id\":\"https:\/\/elpuucnoticias.com\/?p=3053#breadcrumb\",\"itemListElement\":[{\"@type\":\"ListItem\",\"position\":1,\"name\":\"Portada\",\"item\":\"https:\/\/elpuucnoticias.com\/\"},{\"@type\":\"ListItem\",\"position\":2,\"name\":\"Ni\u00f1os desayunados y bien hidratados, el consejo para los padres que llevan a sus hijos a vacunar contra el Covid-19\"}]},{\"@type\":\"Person\",\"@id\":\"https:\/\/elpuucnoticias.com\/#\/schema\/person\/d2ea09e4c97f0160b11cdfb1d856bd9e\",\"name\":\"elpuucnoticias\",\"image\":{\"@type\":\"ImageObject\",\"@id\":\"https:\/\/elpuucnoticias.com\/#personlogo\",\"inLanguage\":\"es\",\"url\":\"https:\/\/secure.gravatar.com\/avatar\/5290a43657c74ffa15701dbe5b846bd85cc71930d803c84e91046a7333de6ce2?s=96&d=mm&r=g\",\"contentUrl\":\"https:\/\/secure.gravatar.com\/avatar\/5290a43657c74ffa15701dbe5b846bd85cc71930d803c84e91046a7333de6ce2?s=96&d=mm&r=g\",\"caption\":\"elpuucnoticias\"},\"sameAs\":[\"https:\/\/elpuucnoticias.com\"],\"url\":\"https:\/\/elpuucnoticias.com\/?author=1\"}]}<\/script>\n<!-- \/ Yoast SEO plugin. -->","yoast_head_json":{"title":"Ni\u00f1os desayunados y bien hidratados, el consejo para los padres que llevan a sus hijos a vacunar contra el Covid-19 - El Puuc Noticias","robots":{"index":"index","follow":"follow","max-snippet":"max-snippet:-1","max-image-preview":"max-image-preview:large","max-video-preview":"max-video-preview:-1"},"canonical":"https:\/\/elpuucnoticias.com\/?p=3053","og_locale":"es_ES","og_type":"article","og_title":"Ni\u00f1os desayunados y bien hidratados, el consejo para los padres que llevan a sus hijos a vacunar contra el Covid-19 - El Puuc Noticias","og_description":"Ayer martes dio inicio la aplicaci\u00f3n de la vacuna contra el Covid-19 en menores de 5 hasta 11","og_url":"https:\/\/elpuucnoticias.com\/?p=3053","og_site_name":"El Puuc Noticias","article_published_time":"2022-08-10T22:30:14+00:00","article_modified_time":"2022-08-10T22:30:16+00:00","og_image":[{"width":720,"height":480,"url":"https:\/\/elpuucnoticias.com\/wp-content\/uploads\/2022\/08\/WhatsApp-Image-2022-08-09-at-5.18.18-PM-1.jpeg","type":"image\/jpeg"}],"twitter_card":"summary_large_image","twitter_misc":{"Escrito por":"elpuucnoticias","Tiempo de lectura":"3 minutos"},"schema":{"@context":"https:\/\/schema.org","@graph":[{"@type":"WebSite","@id":"https:\/\/elpuucnoticias.com\/#website","url":"https:\/\/elpuucnoticias.com\/","name":"El Puuc Noticias","description":"Noticias - Entretenimiento - Deportes","potentialAction":[{"@type":"SearchAction","target":{"@type":"EntryPoint","urlTemplate":"https:\/\/elpuucnoticias.com\/?s={search_term_string}"},"query-input":"required name=search_term_string"}],"inLanguage":"es"},{"@type":"ImageObject","@id":"https:\/\/elpuucnoticias.com\/?p=3053#primaryimage","inLanguage":"es","url":"https:\/\/elpuucnoticias.com\/wp-content\/uploads\/2022\/08\/WhatsApp-Image-2022-08-09-at-5.18.18-PM-1.jpeg","contentUrl":"https:\/\/elpuucnoticias.com\/wp-content\/uploads\/2022\/08\/WhatsApp-Image-2022-08-09-at-5.18.18-PM-1.jpeg","width":720,"height":480},{"@type":"WebPage","@id":"https:\/\/elpuucnoticias.com\/?p=3053#webpage","url":"https:\/\/elpuucnoticias.com\/?p=3053","name":"Ni\u00f1os desayunados y bien hidratados, el consejo para los padres que llevan a sus hijos a vacunar contra el Covid-19 - El Puuc Noticias","isPartOf":{"@id":"https:\/\/elpuucnoticias.com\/#website"},"primaryImageOfPage":{"@id":"https:\/\/elpuucnoticias.com\/?p=3053#primaryimage"},"datePublished":"2022-08-10T22:30:14+00:00","dateModified":"2022-08-10T22:30:16+00:00","author":{"@id":"https:\/\/elpuucnoticias.com\/#\/schema\/person\/d2ea09e4c97f0160b11cdfb1d856bd9e"},"breadcrumb":{"@id":"https:\/\/elpuucnoticias.com\/?p=3053#breadcrumb"},"inLanguage":"es","potentialAction":[{"@type":"ReadAction","target":["https:\/\/elpuucnoticias.com\/?p=3053"]}]},{"@type":"BreadcrumbList","@id":"https:\/\/elpuucnoticias.com\/?p=3053#breadcrumb","itemListElement":[{"@type":"ListItem","position":1,"name":"Portada","item":"https:\/\/elpuucnoticias.com\/"},{"@type":"ListItem","position":2,"name":"Ni\u00f1os desayunados y bien hidratados, el consejo para los padres que llevan a sus hijos a vacunar contra el Covid-19"}]},{"@type":"Person","@id":"https:\/\/elpuucnoticias.com\/#\/schema\/person\/d2ea09e4c97f0160b11cdfb1d856bd9e","name":"elpuucnoticias","image":{"@type":"ImageObject","@id":"https:\/\/elpuucnoticias.com\/#personlogo","inLanguage":"es","url":"https:\/\/secure.gravatar.com\/avatar\/5290a43657c74ffa15701dbe5b846bd85cc71930d803c84e91046a7333de6ce2?s=96&d=mm&r=g","contentUrl":"https:\/\/secure.gravatar.com\/avatar\/5290a43657c74ffa15701dbe5b846bd85cc71930d803c84e91046a7333de6ce2?s=96&d=mm&r=g","caption":"elpuucnoticias"},"sameAs":["https:\/\/elpuucnoticias.com"],"url":"https:\/\/elpuucnoticias.com\/?author=1"}]}},"_links":{"self":[{"href":"https:\/\/elpuucnoticias.com\/index.php?rest_route=\/wp\/v2\/posts\/3053","targetHints":{"allow":["GET"]}}],"collection":[{"href":"https:\/\/elpuucnoticias.com\/index.php?rest_route=\/wp\/v2\/posts"}],"about":[{"href":"https:\/\/elpuucnoticias.com\/index.php?rest_route=\/wp\/v2\/types\/post"}],"author":[{"embeddable":true,"href":"https:\/\/elpuucnoticias.com\/index.php?rest_route=\/wp\/v2\/users\/1"}],"replies":[{"embeddable":true,"href":"https:\/\/elpuucnoticias.com\/index.php?rest_route=%2Fwp%2Fv2%2Fcomments&post=3053"}],"version-history":[{"count":1,"href":"https:\/\/elpuucnoticias.com\/index.php?rest_route=\/wp\/v2\/posts\/3053\/revisions"}],"predecessor-version":[{"id":3060,"href":"https:\/\/elpuucnoticias.com\/index.php?rest_route=\/wp\/v2\/posts\/3053\/revisions\/3060"}],"wp:featuredmedia":[{"embeddable":true,"href":"https:\/\/elpuucnoticias.com\/index.php?rest_route=\/wp\/v2\/media\/3054"}],"wp:attachment":[{"href":"https:\/\/elpuucnoticias.com\/index.php?rest_route=%2Fwp%2Fv2%2Fmedia&parent=3053"}],"wp:term":[{"taxonomy":"category","embeddable":true,"href":"https:\/\/elpuucnoticias.com\/index.php?rest_route=%2Fwp%2Fv2%2Fcategories&post=3053"},{"taxonomy":"post_tag","embeddable":true,"href":"https:\/\/elpuucnoticias.com\/index.php?rest_route=%2Fwp%2Fv2%2Ftags&post=3053"}],"curies":[{"name":"wp","href":"https:\/\/api.w.org\/{rel}","templated":true}]}}