{"id":3061,"date":"2022-08-10T16:43:53","date_gmt":"2022-08-10T22:43:53","guid":{"rendered":"https:\/\/elpuucnoticias.com\/?p=3061"},"modified":"2022-08-10T16:43:54","modified_gmt":"2022-08-10T22:43:54","slug":"largas-filas-en-tekax-para-acceder-al-modulo-de-vacunacion-contra-el-covid-19-manana-jueves-ultimo-dia-para-la-aplicacion-en-personas-de-5-a-17-anos-de-edad","status":"publish","type":"post","link":"https:\/\/elpuucnoticias.com\/?p=3061","title":{"rendered":"Largas filas en Tekax para acceder al m\u00f3dulo de vacunaci\u00f3n contra el Covid-19. Ma\u00f1ana jueves \u00faltimo d\u00eda para la aplicaci\u00f3n en personas de 5 a 17 a\u00f1os de edad"},"content":{"rendered":"\n<p>En Tekax, largas filas se est\u00e1n formando estos 4 d\u00edas de vacunaci\u00f3n contra el Covid-19, tanto pedi\u00e1trico como para adolescentes hasta los 17 a\u00f1os de edad.<\/p>\n\n\n\n<figure class=\"wp-block-gallery has-nested-images columns-default is-cropped wp-block-gallery-1 is-layout-flex wp-block-gallery-is-layout-flex\">\n<figure class=\"wp-block-image size-large\"><img loading=\"lazy\" decoding=\"async\" width=\"1024\" height=\"683\" data-id=\"3063\" src=\"https:\/\/elpuucnoticias.com\/wp-content\/uploads\/2022\/08\/IMG_5132-1024x683.jpg\" alt=\"\" class=\"wp-image-3063\" srcset=\"https:\/\/elpuucnoticias.com\/wp-content\/uploads\/2022\/08\/IMG_5132-1024x683.jpg 1024w, https:\/\/elpuucnoticias.com\/wp-content\/uploads\/2022\/08\/IMG_5132-300x200.jpg 300w, https:\/\/elpuucnoticias.com\/wp-content\/uploads\/2022\/08\/IMG_5132-768x512.jpg 768w, https:\/\/elpuucnoticias.com\/wp-content\/uploads\/2022\/08\/IMG_5132-1536x1024.jpg 1536w, https:\/\/elpuucnoticias.com\/wp-content\/uploads\/2022\/08\/IMG_5132.jpg 1920w\" sizes=\"auto, (max-width: 1024px) 100vw, 1024px\" \/><\/figure>\n\n\n\n<figure class=\"wp-block-image size-large\"><img loading=\"lazy\" decoding=\"async\" width=\"1024\" height=\"683\" data-id=\"3064\" src=\"https:\/\/elpuucnoticias.com\/wp-content\/uploads\/2022\/08\/IMG_5117-1024x683.jpg\" alt=\"\" class=\"wp-image-3064\" srcset=\"https:\/\/elpuucnoticias.com\/wp-content\/uploads\/2022\/08\/IMG_5117-1024x683.jpg 1024w, https:\/\/elpuucnoticias.com\/wp-content\/uploads\/2022\/08\/IMG_5117-300x200.jpg 300w, https:\/\/elpuucnoticias.com\/wp-content\/uploads\/2022\/08\/IMG_5117-768x512.jpg 768w, https:\/\/elpuucnoticias.com\/wp-content\/uploads\/2022\/08\/IMG_5117-1536x1024.jpg 1536w, https:\/\/elpuucnoticias.com\/wp-content\/uploads\/2022\/08\/IMG_5117.jpg 1920w\" sizes=\"auto, (max-width: 1024px) 100vw, 1024px\" \/><\/figure>\n<\/figure>\n\n\n\n<p>Son dos filas, una de ni\u00f1os y otra de adolescentes que se han formado cerca del Palacio Municipal para que puedan acceder al m\u00f3dulo de vacunaci\u00f3n.<\/p>\n\n\n\n<figure class=\"wp-block-image size-full is-resized\"><img loading=\"lazy\" decoding=\"async\" src=\"https:\/\/elpuucnoticias.com\/wp-content\/uploads\/2022\/08\/BANNER-AGOSTO-22-1.jpg\" alt=\"\" class=\"wp-image-3051\" width=\"667\" height=\"196\" srcset=\"https:\/\/elpuucnoticias.com\/wp-content\/uploads\/2022\/08\/BANNER-AGOSTO-22-1.jpg 1024w, https:\/\/elpuucnoticias.com\/wp-content\/uploads\/2022\/08\/BANNER-AGOSTO-22-1-300x88.jpg 300w, https:\/\/elpuucnoticias.com\/wp-content\/uploads\/2022\/08\/BANNER-AGOSTO-22-1-768x227.jpg 768w\" sizes=\"auto, (max-width: 667px) 100vw, 667px\" \/><\/figure>\n\n\n\n<p>En el m\u00f3dulo, con botargas, globos y m\u00fasica infantil se recibe a los peque\u00f1os. Esta ma\u00f1ana, incluso el alcalde, Diego \u00c1vila Romero, estuvo saludando a quienes hac\u00edan fila para la vacuna.<\/p>\n\n\n\n<figure class=\"wp-block-gallery has-nested-images columns-default is-cropped wp-block-gallery-2 is-layout-flex wp-block-gallery-is-layout-flex\">\n<figure class=\"wp-block-image size-large\"><img loading=\"lazy\" decoding=\"async\" width=\"1024\" height=\"683\" data-id=\"3065\" src=\"https:\/\/elpuucnoticias.com\/wp-content\/uploads\/2022\/08\/vacuna-infantil-3-1024x683.jpg\" alt=\"\" class=\"wp-image-3065\" srcset=\"https:\/\/elpuucnoticias.com\/wp-content\/uploads\/2022\/08\/vacuna-infantil-3-1024x683.jpg 1024w, https:\/\/elpuucnoticias.com\/wp-content\/uploads\/2022\/08\/vacuna-infantil-3-300x200.jpg 300w, https:\/\/elpuucnoticias.com\/wp-content\/uploads\/2022\/08\/vacuna-infantil-3-768x512.jpg 768w, https:\/\/elpuucnoticias.com\/wp-content\/uploads\/2022\/08\/vacuna-infantil-3-1536x1024.jpg 1536w, https:\/\/elpuucnoticias.com\/wp-content\/uploads\/2022\/08\/vacuna-infantil-3.jpg 1920w\" sizes=\"auto, (max-width: 1024px) 100vw, 1024px\" \/><\/figure>\n\n\n\n<figure class=\"wp-block-image size-large\"><img loading=\"lazy\" decoding=\"async\" width=\"1024\" height=\"683\" data-id=\"3066\" src=\"https:\/\/elpuucnoticias.com\/wp-content\/uploads\/2022\/08\/vacuna-infantil-4-1024x683.jpg\" alt=\"\" class=\"wp-image-3066\" srcset=\"https:\/\/elpuucnoticias.com\/wp-content\/uploads\/2022\/08\/vacuna-infantil-4-1024x683.jpg 1024w, https:\/\/elpuucnoticias.com\/wp-content\/uploads\/2022\/08\/vacuna-infantil-4-300x200.jpg 300w, https:\/\/elpuucnoticias.com\/wp-content\/uploads\/2022\/08\/vacuna-infantil-4-768x512.jpg 768w, https:\/\/elpuucnoticias.com\/wp-content\/uploads\/2022\/08\/vacuna-infantil-4-1536x1024.jpg 1536w, https:\/\/elpuucnoticias.com\/wp-content\/uploads\/2022\/08\/vacuna-infantil-4.jpg 1920w\" sizes=\"auto, (max-width: 1024px) 100vw, 1024px\" \/><\/figure>\n<\/figure>\n\n\n\n<p>Las autoridades hicieron un llamado a acudir a m\u00e1s tardar este jueves con sus hijos para que les apliquen la vacuna contra el Coronavirus. Se requiere la misma documentaci\u00f3n que con los adultos, adem\u00e1s de la copia de la credencial del tutor de los menores.<\/p>\n\n\n\n<p>Seg\u00fan se inform\u00f3 este jueves ser\u00e1 el \u00faltimo d\u00eda para la aplicaci\u00f3n de las vacunas.\u2014 <em>El Puuc Noticias<\/em><\/p>\n","protected":false},"excerpt":{"rendered":"<p>En Tekax, largas filas se est\u00e1n formando estos 4 d\u00edas de vacunaci\u00f3n contra el Covid-19, tanto pedi\u00e1trico como<\/p>\n","protected":false},"author":1,"featured_media":3062,"comment_status":"closed","ping_status":"open","sticky":false,"template":"","format":"standard","meta":{"_monsterinsights_skip_tracking":false,"_monsterinsights_sitenote_active":false,"_monsterinsights_sitenote_note":"","_monsterinsights_sitenote_category":0,"footnotes":""},"categories":[11,4],"tags":[],"class_list":["post-3061","post","type-post","status-publish","format-standard","has-post-thumbnail","hentry","category-noticias","category-tekax"],"yoast_head":"<!-- This site is optimized with the Yoast SEO plugin v18.3 - https:\/\/yoast.com\/wordpress\/plugins\/seo\/ -->\n<title>Largas filas en Tekax para acceder al m\u00f3dulo de vacunaci\u00f3n contra el Covid-19. Ma\u00f1ana jueves \u00faltimo d\u00eda para la aplicaci\u00f3n en personas de 5 a 17 a\u00f1os de edad - El Puuc Noticias<\/title>\n<meta name=\"robots\" content=\"index, follow, max-snippet:-1, max-image-preview:large, max-video-preview:-1\" \/>\n<link rel=\"canonical\" href=\"https:\/\/elpuucnoticias.com\/?p=3061\" \/>\n<meta property=\"og:locale\" content=\"es_ES\" \/>\n<meta property=\"og:type\" content=\"article\" \/>\n<meta property=\"og:title\" content=\"Largas filas en Tekax para acceder al m\u00f3dulo de vacunaci\u00f3n contra el Covid-19. Ma\u00f1ana jueves \u00faltimo d\u00eda para la aplicaci\u00f3n en personas de 5 a 17 a\u00f1os de edad - El Puuc Noticias\" \/>\n<meta property=\"og:description\" content=\"En Tekax, largas filas se est\u00e1n formando estos 4 d\u00edas de vacunaci\u00f3n contra el Covid-19, tanto pedi\u00e1trico como\" \/>\n<meta property=\"og:url\" content=\"https:\/\/elpuucnoticias.com\/?p=3061\" \/>\n<meta property=\"og:site_name\" content=\"El Puuc Noticias\" \/>\n<meta property=\"article:published_time\" content=\"2022-08-10T22:43:53+00:00\" \/>\n<meta property=\"article:modified_time\" content=\"2022-08-10T22:43:54+00:00\" \/>\n<meta property=\"og:image\" content=\"https:\/\/elpuucnoticias.com\/wp-content\/uploads\/2022\/08\/vacuna-infantil-2.jpg\" \/>\n\t<meta property=\"og:image:width\" content=\"1920\" \/>\n\t<meta property=\"og:image:height\" content=\"1280\" \/>\n\t<meta property=\"og:image:type\" content=\"image\/jpeg\" \/>\n<meta name=\"twitter:card\" content=\"summary_large_image\" \/>\n<meta name=\"twitter:label1\" content=\"Escrito por\" \/>\n\t<meta name=\"twitter:data1\" content=\"elpuucnoticias\" \/>\n\t<meta name=\"twitter:label2\" content=\"Tiempo de lectura\" \/>\n\t<meta name=\"twitter:data2\" content=\"2 minutos\" \/>\n<script type=\"application\/ld+json\" class=\"yoast-schema-graph\">{\"@context\":\"https:\/\/schema.org\",\"@graph\":[{\"@type\":\"WebSite\",\"@id\":\"https:\/\/elpuucnoticias.com\/#website\",\"url\":\"https:\/\/elpuucnoticias.com\/\",\"name\":\"El Puuc Noticias\",\"description\":\"Noticias - Entretenimiento - Deportes\",\"potentialAction\":[{\"@type\":\"SearchAction\",\"target\":{\"@type\":\"EntryPoint\",\"urlTemplate\":\"https:\/\/elpuucnoticias.com\/?s={search_term_string}\"},\"query-input\":\"required name=search_term_string\"}],\"inLanguage\":\"es\"},{\"@type\":\"ImageObject\",\"@id\":\"https:\/\/elpuucnoticias.com\/?p=3061#primaryimage\",\"inLanguage\":\"es\",\"url\":\"https:\/\/elpuucnoticias.com\/wp-content\/uploads\/2022\/08\/vacuna-infantil-2.jpg\",\"contentUrl\":\"https:\/\/elpuucnoticias.com\/wp-content\/uploads\/2022\/08\/vacuna-infantil-2.jpg\",\"width\":1920,\"height\":1280},{\"@type\":\"WebPage\",\"@id\":\"https:\/\/elpuucnoticias.com\/?p=3061#webpage\",\"url\":\"https:\/\/elpuucnoticias.com\/?p=3061\",\"name\":\"Largas filas en Tekax para acceder al m\u00f3dulo de vacunaci\u00f3n contra el Covid-19. Ma\u00f1ana jueves \u00faltimo d\u00eda para la aplicaci\u00f3n en personas de 5 a 17 a\u00f1os de edad - El Puuc Noticias\",\"isPartOf\":{\"@id\":\"https:\/\/elpuucnoticias.com\/#website\"},\"primaryImageOfPage\":{\"@id\":\"https:\/\/elpuucnoticias.com\/?p=3061#primaryimage\"},\"datePublished\":\"2022-08-10T22:43:53+00:00\",\"dateModified\":\"2022-08-10T22:43:54+00:00\",\"author\":{\"@id\":\"https:\/\/elpuucnoticias.com\/#\/schema\/person\/d2ea09e4c97f0160b11cdfb1d856bd9e\"},\"breadcrumb\":{\"@id\":\"https:\/\/elpuucnoticias.com\/?p=3061#breadcrumb\"},\"inLanguage\":\"es\",\"potentialAction\":[{\"@type\":\"ReadAction\",\"target\":[\"https:\/\/elpuucnoticias.com\/?p=3061\"]}]},{\"@type\":\"BreadcrumbList\",\"@id\":\"https:\/\/elpuucnoticias.com\/?p=3061#breadcrumb\",\"itemListElement\":[{\"@type\":\"ListItem\",\"position\":1,\"name\":\"Portada\",\"item\":\"https:\/\/elpuucnoticias.com\/\"},{\"@type\":\"ListItem\",\"position\":2,\"name\":\"Largas filas en Tekax para acceder al m\u00f3dulo de vacunaci\u00f3n contra el Covid-19. Ma\u00f1ana jueves \u00faltimo d\u00eda para la aplicaci\u00f3n en personas de 5 a 17 a\u00f1os de edad\"}]},{\"@type\":\"Person\",\"@id\":\"https:\/\/elpuucnoticias.com\/#\/schema\/person\/d2ea09e4c97f0160b11cdfb1d856bd9e\",\"name\":\"elpuucnoticias\",\"image\":{\"@type\":\"ImageObject\",\"@id\":\"https:\/\/elpuucnoticias.com\/#personlogo\",\"inLanguage\":\"es\",\"url\":\"https:\/\/secure.gravatar.com\/avatar\/5290a43657c74ffa15701dbe5b846bd85cc71930d803c84e91046a7333de6ce2?s=96&d=mm&r=g\",\"contentUrl\":\"https:\/\/secure.gravatar.com\/avatar\/5290a43657c74ffa15701dbe5b846bd85cc71930d803c84e91046a7333de6ce2?s=96&d=mm&r=g\",\"caption\":\"elpuucnoticias\"},\"sameAs\":[\"https:\/\/elpuucnoticias.com\"],\"url\":\"https:\/\/elpuucnoticias.com\/?author=1\"}]}<\/script>\n<!-- \/ Yoast SEO plugin. -->","yoast_head_json":{"title":"Largas filas en Tekax para acceder al m\u00f3dulo de vacunaci\u00f3n contra el Covid-19. Ma\u00f1ana jueves \u00faltimo d\u00eda para la aplicaci\u00f3n en personas de 5 a 17 a\u00f1os de edad - El Puuc Noticias","robots":{"index":"index","follow":"follow","max-snippet":"max-snippet:-1","max-image-preview":"max-image-preview:large","max-video-preview":"max-video-preview:-1"},"canonical":"https:\/\/elpuucnoticias.com\/?p=3061","og_locale":"es_ES","og_type":"article","og_title":"Largas filas en Tekax para acceder al m\u00f3dulo de vacunaci\u00f3n contra el Covid-19. Ma\u00f1ana jueves \u00faltimo d\u00eda para la aplicaci\u00f3n en personas de 5 a 17 a\u00f1os de edad - El Puuc Noticias","og_description":"En Tekax, largas filas se est\u00e1n formando estos 4 d\u00edas de vacunaci\u00f3n contra el Covid-19, tanto pedi\u00e1trico como","og_url":"https:\/\/elpuucnoticias.com\/?p=3061","og_site_name":"El Puuc Noticias","article_published_time":"2022-08-10T22:43:53+00:00","article_modified_time":"2022-08-10T22:43:54+00:00","og_image":[{"width":1920,"height":1280,"url":"https:\/\/elpuucnoticias.com\/wp-content\/uploads\/2022\/08\/vacuna-infantil-2.jpg","type":"image\/jpeg"}],"twitter_card":"summary_large_image","twitter_misc":{"Escrito por":"elpuucnoticias","Tiempo de lectura":"2 minutos"},"schema":{"@context":"https:\/\/schema.org","@graph":[{"@type":"WebSite","@id":"https:\/\/elpuucnoticias.com\/#website","url":"https:\/\/elpuucnoticias.com\/","name":"El Puuc Noticias","description":"Noticias - Entretenimiento - Deportes","potentialAction":[{"@type":"SearchAction","target":{"@type":"EntryPoint","urlTemplate":"https:\/\/elpuucnoticias.com\/?s={search_term_string}"},"query-input":"required name=search_term_string"}],"inLanguage":"es"},{"@type":"ImageObject","@id":"https:\/\/elpuucnoticias.com\/?p=3061#primaryimage","inLanguage":"es","url":"https:\/\/elpuucnoticias.com\/wp-content\/uploads\/2022\/08\/vacuna-infantil-2.jpg","contentUrl":"https:\/\/elpuucnoticias.com\/wp-content\/uploads\/2022\/08\/vacuna-infantil-2.jpg","width":1920,"height":1280},{"@type":"WebPage","@id":"https:\/\/elpuucnoticias.com\/?p=3061#webpage","url":"https:\/\/elpuucnoticias.com\/?p=3061","name":"Largas filas en Tekax para acceder al m\u00f3dulo de vacunaci\u00f3n contra el Covid-19. Ma\u00f1ana jueves \u00faltimo d\u00eda para la aplicaci\u00f3n en personas de 5 a 17 a\u00f1os de edad - El Puuc Noticias","isPartOf":{"@id":"https:\/\/elpuucnoticias.com\/#website"},"primaryImageOfPage":{"@id":"https:\/\/elpuucnoticias.com\/?p=3061#primaryimage"},"datePublished":"2022-08-10T22:43:53+00:00","dateModified":"2022-08-10T22:43:54+00:00","author":{"@id":"https:\/\/elpuucnoticias.com\/#\/schema\/person\/d2ea09e4c97f0160b11cdfb1d856bd9e"},"breadcrumb":{"@id":"https:\/\/elpuucnoticias.com\/?p=3061#breadcrumb"},"inLanguage":"es","potentialAction":[{"@type":"ReadAction","target":["https:\/\/elpuucnoticias.com\/?p=3061"]}]},{"@type":"BreadcrumbList","@id":"https:\/\/elpuucnoticias.com\/?p=3061#breadcrumb","itemListElement":[{"@type":"ListItem","position":1,"name":"Portada","item":"https:\/\/elpuucnoticias.com\/"},{"@type":"ListItem","position":2,"name":"Largas filas en Tekax para acceder al m\u00f3dulo de vacunaci\u00f3n contra el Covid-19. Ma\u00f1ana jueves \u00faltimo d\u00eda para la aplicaci\u00f3n en personas de 5 a 17 a\u00f1os de edad"}]},{"@type":"Person","@id":"https:\/\/elpuucnoticias.com\/#\/schema\/person\/d2ea09e4c97f0160b11cdfb1d856bd9e","name":"elpuucnoticias","image":{"@type":"ImageObject","@id":"https:\/\/elpuucnoticias.com\/#personlogo","inLanguage":"es","url":"https:\/\/secure.gravatar.com\/avatar\/5290a43657c74ffa15701dbe5b846bd85cc71930d803c84e91046a7333de6ce2?s=96&d=mm&r=g","contentUrl":"https:\/\/secure.gravatar.com\/avatar\/5290a43657c74ffa15701dbe5b846bd85cc71930d803c84e91046a7333de6ce2?s=96&d=mm&r=g","caption":"elpuucnoticias"},"sameAs":["https:\/\/elpuucnoticias.com"],"url":"https:\/\/elpuucnoticias.com\/?author=1"}]}},"_links":{"self":[{"href":"https:\/\/elpuucnoticias.com\/index.php?rest_route=\/wp\/v2\/posts\/3061","targetHints":{"allow":["GET"]}}],"collection":[{"href":"https:\/\/elpuucnoticias.com\/index.php?rest_route=\/wp\/v2\/posts"}],"about":[{"href":"https:\/\/elpuucnoticias.com\/index.php?rest_route=\/wp\/v2\/types\/post"}],"author":[{"embeddable":true,"href":"https:\/\/elpuucnoticias.com\/index.php?rest_route=\/wp\/v2\/users\/1"}],"replies":[{"embeddable":true,"href":"https:\/\/elpuucnoticias.com\/index.php?rest_route=%2Fwp%2Fv2%2Fcomments&post=3061"}],"version-history":[{"count":1,"href":"https:\/\/elpuucnoticias.com\/index.php?rest_route=\/wp\/v2\/posts\/3061\/revisions"}],"predecessor-version":[{"id":3067,"href":"https:\/\/elpuucnoticias.com\/index.php?rest_route=\/wp\/v2\/posts\/3061\/revisions\/3067"}],"wp:featuredmedia":[{"embeddable":true,"href":"https:\/\/elpuucnoticias.com\/index.php?rest_route=\/wp\/v2\/media\/3062"}],"wp:attachment":[{"href":"https:\/\/elpuucnoticias.com\/index.php?rest_route=%2Fwp%2Fv2%2Fmedia&parent=3061"}],"wp:term":[{"taxonomy":"category","embeddable":true,"href":"https:\/\/elpuucnoticias.com\/index.php?rest_route=%2Fwp%2Fv2%2Fcategories&post=3061"},{"taxonomy":"post_tag","embeddable":true,"href":"https:\/\/elpuucnoticias.com\/index.php?rest_route=%2Fwp%2Fv2%2Ftags&post=3061"}],"curies":[{"name":"wp","href":"https:\/\/api.w.org\/{rel}","templated":true}]}}