{"id":3101,"date":"2022-08-15T11:32:33","date_gmt":"2022-08-15T17:32:33","guid":{"rendered":"https:\/\/elpuucnoticias.com\/?p=3101"},"modified":"2022-08-15T11:32:35","modified_gmt":"2022-08-15T17:32:35","slug":"realizan-intercambio-cultural-en-oxkutzcab-se-presenta-un-ballet-folclorico-de-poza-rica-veracruz","status":"publish","type":"post","link":"https:\/\/elpuucnoticias.com\/?p=3101","title":{"rendered":"Realizan intercambio cultural en Oxkutzcab. Se presenta un ballet folcl\u00f3rico de Poza Rica, Veracruz"},"content":{"rendered":"\n<p>Como parte del programa de intercambio cultural entre los Estados,\u00a0el pasado fin de semana se present\u00f3 el ballet folcl\u00f3rico Sasti Tantlini de Poza Rica, Veracruz, los asistentes disfrutaron de temas relacionados con las danzas tradicionales del Totonacapan.<\/p>\n\n\n\n<figure class=\"wp-block-image size-large\"><img loading=\"lazy\" decoding=\"async\" width=\"1024\" height=\"682\" src=\"https:\/\/elpuucnoticias.com\/wp-content\/uploads\/2022\/08\/Vera09-1024x682.jpeg\" alt=\"\" class=\"wp-image-3103\" srcset=\"https:\/\/elpuucnoticias.com\/wp-content\/uploads\/2022\/08\/Vera09-1024x682.jpeg 1024w, https:\/\/elpuucnoticias.com\/wp-content\/uploads\/2022\/08\/Vera09-300x200.jpeg 300w, https:\/\/elpuucnoticias.com\/wp-content\/uploads\/2022\/08\/Vera09-768x512.jpeg 768w, https:\/\/elpuucnoticias.com\/wp-content\/uploads\/2022\/08\/Vera09.jpeg 1280w\" sizes=\"auto, (max-width: 1024px) 100vw, 1024px\" \/><\/figure>\n\n\n\n<p>El evento fue organizado por el Ayuntamiento que encabeza el alcalde, Juan Jos\u00e9 Mart\u00edn Fragoso, a trav\u00e9s de la Direcci\u00f3n de Cultura Municipal. \u00a0<\/p>\n\n\n\n<p>El programa presentado fue la diversidad cultural del \u00abTotonacapan, Sotavento\u00bb con temas relacionados con las danzas tradicionales del Totonacapan. \u00a0<\/p>\n\n\n\n<p>Este evento fue posible gracias al intercambio cultural con la compa\u00f1\u00eda de danza folcl\u00f3rica Kgostantlin en un acto que se realiz\u00f3 en la calle 53, frente al Palacio Municipal, la noche del s\u00e1bado.\u00a0<\/p>\n\n\n\n<figure class=\"wp-block-image size-full\"><img loading=\"lazy\" decoding=\"async\" width=\"1024\" height=\"236\" src=\"https:\/\/elpuucnoticias.com\/wp-content\/uploads\/2022\/08\/BANNER-AGOSTO-22-2.jpg\" alt=\"\" class=\"wp-image-3086\" srcset=\"https:\/\/elpuucnoticias.com\/wp-content\/uploads\/2022\/08\/BANNER-AGOSTO-22-2.jpg 1024w, https:\/\/elpuucnoticias.com\/wp-content\/uploads\/2022\/08\/BANNER-AGOSTO-22-2-300x69.jpg 300w, https:\/\/elpuucnoticias.com\/wp-content\/uploads\/2022\/08\/BANNER-AGOSTO-22-2-768x177.jpg 768w\" sizes=\"auto, (max-width: 1024px) 100vw, 1024px\" \/><\/figure>\n\n\n\n<p>La direcci\u00f3n de Cultura encabezada por Luis Ceferino G\u00f3ngora Ayora entreg\u00f3 reconocimientos al ballet de Poza Rica Veracruz, dirigido por Carlos Enrique Mireles Lara, y a Mariely Alonzo Aguilar, que dirige la compa\u00f1\u00eda de danza folcl\u00f3rica Kgostantlin.\u00a0<\/p>\n\n\n\n<p>Se entregaron tambi\u00e9n reconocimientos a la direcci\u00f3n de Cultura y a Jhonny Basulto Uc\u00e1n encargado del ballet folcl\u00f3rico del Ayuntamiento.\u00a0<\/p>\n\n\n\n<figure class=\"wp-block-gallery has-nested-images columns-default is-cropped wp-block-gallery-1 is-layout-flex wp-block-gallery-is-layout-flex\">\n<figure class=\"wp-block-image size-large\"><img loading=\"lazy\" decoding=\"async\" width=\"1024\" height=\"682\" data-id=\"3104\" src=\"https:\/\/elpuucnoticias.com\/wp-content\/uploads\/2022\/08\/Vera08-1024x682.jpeg\" alt=\"\" class=\"wp-image-3104\" srcset=\"https:\/\/elpuucnoticias.com\/wp-content\/uploads\/2022\/08\/Vera08-1024x682.jpeg 1024w, https:\/\/elpuucnoticias.com\/wp-content\/uploads\/2022\/08\/Vera08-300x200.jpeg 300w, https:\/\/elpuucnoticias.com\/wp-content\/uploads\/2022\/08\/Vera08-768x512.jpeg 768w, https:\/\/elpuucnoticias.com\/wp-content\/uploads\/2022\/08\/Vera08.jpeg 1280w\" sizes=\"auto, (max-width: 1024px) 100vw, 1024px\" \/><\/figure>\n\n\n\n<figure class=\"wp-block-image size-large\"><img loading=\"lazy\" decoding=\"async\" width=\"1024\" height=\"682\" data-id=\"3105\" src=\"https:\/\/elpuucnoticias.com\/wp-content\/uploads\/2022\/08\/Vera02-1024x682.jpeg\" alt=\"\" class=\"wp-image-3105\" srcset=\"https:\/\/elpuucnoticias.com\/wp-content\/uploads\/2022\/08\/Vera02-1024x682.jpeg 1024w, https:\/\/elpuucnoticias.com\/wp-content\/uploads\/2022\/08\/Vera02-300x200.jpeg 300w, https:\/\/elpuucnoticias.com\/wp-content\/uploads\/2022\/08\/Vera02-768x512.jpeg 768w, https:\/\/elpuucnoticias.com\/wp-content\/uploads\/2022\/08\/Vera02.jpeg 1280w\" sizes=\"auto, (max-width: 1024px) 100vw, 1024px\" \/><\/figure>\n<\/figure>\n\n\n\n<p>Estuvieron presentes en el intercambio cultural los regidores \u00c1ngel Sosa Chan, Vanessa Pacheco C\u00f3rdova, Mar\u00eda Isabel P\u00e9rez Campos y W\u00edlberth Cach Yah, este \u00faltimo fue quien agradeci\u00f3 y entreg\u00f3 reconocimientos al ballet visitante.\u2014 <em>El Puuc Noticias<\/em><\/p>\n","protected":false},"excerpt":{"rendered":"<p>Como parte del programa de intercambio cultural entre los Estados,\u00a0el pasado fin de semana se present\u00f3 el ballet<\/p>\n","protected":false},"author":1,"featured_media":3102,"comment_status":"closed","ping_status":"open","sticky":false,"template":"","format":"standard","meta":{"_monsterinsights_skip_tracking":false,"_monsterinsights_sitenote_active":false,"_monsterinsights_sitenote_note":"","_monsterinsights_sitenote_category":0,"footnotes":""},"categories":[11,14],"tags":[],"class_list":["post-3101","post","type-post","status-publish","format-standard","has-post-thumbnail","hentry","category-noticias","category-oxkutzcab"],"yoast_head":"<!-- This site is optimized with the Yoast SEO plugin v18.3 - https:\/\/yoast.com\/wordpress\/plugins\/seo\/ -->\n<title>Realizan intercambio cultural en Oxkutzcab. Se presenta un ballet folcl\u00f3rico de Poza Rica, Veracruz - El Puuc Noticias<\/title>\n<meta name=\"robots\" content=\"index, follow, max-snippet:-1, max-image-preview:large, max-video-preview:-1\" \/>\n<link rel=\"canonical\" href=\"https:\/\/elpuucnoticias.com\/?p=3101\" \/>\n<meta property=\"og:locale\" content=\"es_ES\" \/>\n<meta property=\"og:type\" content=\"article\" \/>\n<meta property=\"og:title\" content=\"Realizan intercambio cultural en Oxkutzcab. Se presenta un ballet folcl\u00f3rico de Poza Rica, Veracruz - El Puuc Noticias\" \/>\n<meta property=\"og:description\" content=\"Como parte del programa de intercambio cultural entre los Estados,\u00a0el pasado fin de semana se present\u00f3 el ballet\" \/>\n<meta property=\"og:url\" content=\"https:\/\/elpuucnoticias.com\/?p=3101\" \/>\n<meta property=\"og:site_name\" content=\"El Puuc Noticias\" \/>\n<meta property=\"article:published_time\" content=\"2022-08-15T17:32:33+00:00\" \/>\n<meta property=\"article:modified_time\" content=\"2022-08-15T17:32:35+00:00\" \/>\n<meta property=\"og:image\" content=\"https:\/\/elpuucnoticias.com\/wp-content\/uploads\/2022\/08\/Vera05.jpeg\" \/>\n\t<meta property=\"og:image:width\" content=\"1280\" \/>\n\t<meta property=\"og:image:height\" content=\"853\" \/>\n\t<meta property=\"og:image:type\" content=\"image\/jpeg\" \/>\n<meta name=\"twitter:card\" content=\"summary_large_image\" \/>\n<meta name=\"twitter:label1\" content=\"Escrito por\" \/>\n\t<meta name=\"twitter:data1\" content=\"elpuucnoticias\" \/>\n\t<meta name=\"twitter:label2\" content=\"Tiempo de lectura\" \/>\n\t<meta name=\"twitter:data2\" content=\"2 minutos\" \/>\n<script type=\"application\/ld+json\" class=\"yoast-schema-graph\">{\"@context\":\"https:\/\/schema.org\",\"@graph\":[{\"@type\":\"WebSite\",\"@id\":\"https:\/\/elpuucnoticias.com\/#website\",\"url\":\"https:\/\/elpuucnoticias.com\/\",\"name\":\"El Puuc Noticias\",\"description\":\"Noticias - Entretenimiento - Deportes\",\"potentialAction\":[{\"@type\":\"SearchAction\",\"target\":{\"@type\":\"EntryPoint\",\"urlTemplate\":\"https:\/\/elpuucnoticias.com\/?s={search_term_string}\"},\"query-input\":\"required name=search_term_string\"}],\"inLanguage\":\"es\"},{\"@type\":\"ImageObject\",\"@id\":\"https:\/\/elpuucnoticias.com\/?p=3101#primaryimage\",\"inLanguage\":\"es\",\"url\":\"https:\/\/elpuucnoticias.com\/wp-content\/uploads\/2022\/08\/Vera05.jpeg\",\"contentUrl\":\"https:\/\/elpuucnoticias.com\/wp-content\/uploads\/2022\/08\/Vera05.jpeg\",\"width\":1280,\"height\":853},{\"@type\":\"WebPage\",\"@id\":\"https:\/\/elpuucnoticias.com\/?p=3101#webpage\",\"url\":\"https:\/\/elpuucnoticias.com\/?p=3101\",\"name\":\"Realizan intercambio cultural en Oxkutzcab. Se presenta un ballet folcl\u00f3rico de Poza Rica, Veracruz - El Puuc Noticias\",\"isPartOf\":{\"@id\":\"https:\/\/elpuucnoticias.com\/#website\"},\"primaryImageOfPage\":{\"@id\":\"https:\/\/elpuucnoticias.com\/?p=3101#primaryimage\"},\"datePublished\":\"2022-08-15T17:32:33+00:00\",\"dateModified\":\"2022-08-15T17:32:35+00:00\",\"author\":{\"@id\":\"https:\/\/elpuucnoticias.com\/#\/schema\/person\/d2ea09e4c97f0160b11cdfb1d856bd9e\"},\"breadcrumb\":{\"@id\":\"https:\/\/elpuucnoticias.com\/?p=3101#breadcrumb\"},\"inLanguage\":\"es\",\"potentialAction\":[{\"@type\":\"ReadAction\",\"target\":[\"https:\/\/elpuucnoticias.com\/?p=3101\"]}]},{\"@type\":\"BreadcrumbList\",\"@id\":\"https:\/\/elpuucnoticias.com\/?p=3101#breadcrumb\",\"itemListElement\":[{\"@type\":\"ListItem\",\"position\":1,\"name\":\"Portada\",\"item\":\"https:\/\/elpuucnoticias.com\/\"},{\"@type\":\"ListItem\",\"position\":2,\"name\":\"Realizan intercambio cultural en Oxkutzcab. Se presenta un ballet folcl\u00f3rico de Poza Rica, Veracruz\"}]},{\"@type\":\"Person\",\"@id\":\"https:\/\/elpuucnoticias.com\/#\/schema\/person\/d2ea09e4c97f0160b11cdfb1d856bd9e\",\"name\":\"elpuucnoticias\",\"image\":{\"@type\":\"ImageObject\",\"@id\":\"https:\/\/elpuucnoticias.com\/#personlogo\",\"inLanguage\":\"es\",\"url\":\"https:\/\/secure.gravatar.com\/avatar\/5290a43657c74ffa15701dbe5b846bd85cc71930d803c84e91046a7333de6ce2?s=96&d=mm&r=g\",\"contentUrl\":\"https:\/\/secure.gravatar.com\/avatar\/5290a43657c74ffa15701dbe5b846bd85cc71930d803c84e91046a7333de6ce2?s=96&d=mm&r=g\",\"caption\":\"elpuucnoticias\"},\"sameAs\":[\"https:\/\/elpuucnoticias.com\"],\"url\":\"https:\/\/elpuucnoticias.com\/?author=1\"}]}<\/script>\n<!-- \/ Yoast SEO plugin. -->","yoast_head_json":{"title":"Realizan intercambio cultural en Oxkutzcab. Se presenta un ballet folcl\u00f3rico de Poza Rica, Veracruz - El Puuc Noticias","robots":{"index":"index","follow":"follow","max-snippet":"max-snippet:-1","max-image-preview":"max-image-preview:large","max-video-preview":"max-video-preview:-1"},"canonical":"https:\/\/elpuucnoticias.com\/?p=3101","og_locale":"es_ES","og_type":"article","og_title":"Realizan intercambio cultural en Oxkutzcab. Se presenta un ballet folcl\u00f3rico de Poza Rica, Veracruz - El Puuc Noticias","og_description":"Como parte del programa de intercambio cultural entre los Estados,\u00a0el pasado fin de semana se present\u00f3 el ballet","og_url":"https:\/\/elpuucnoticias.com\/?p=3101","og_site_name":"El Puuc Noticias","article_published_time":"2022-08-15T17:32:33+00:00","article_modified_time":"2022-08-15T17:32:35+00:00","og_image":[{"width":1280,"height":853,"url":"https:\/\/elpuucnoticias.com\/wp-content\/uploads\/2022\/08\/Vera05.jpeg","type":"image\/jpeg"}],"twitter_card":"summary_large_image","twitter_misc":{"Escrito por":"elpuucnoticias","Tiempo de lectura":"2 minutos"},"schema":{"@context":"https:\/\/schema.org","@graph":[{"@type":"WebSite","@id":"https:\/\/elpuucnoticias.com\/#website","url":"https:\/\/elpuucnoticias.com\/","name":"El Puuc Noticias","description":"Noticias - Entretenimiento - Deportes","potentialAction":[{"@type":"SearchAction","target":{"@type":"EntryPoint","urlTemplate":"https:\/\/elpuucnoticias.com\/?s={search_term_string}"},"query-input":"required name=search_term_string"}],"inLanguage":"es"},{"@type":"ImageObject","@id":"https:\/\/elpuucnoticias.com\/?p=3101#primaryimage","inLanguage":"es","url":"https:\/\/elpuucnoticias.com\/wp-content\/uploads\/2022\/08\/Vera05.jpeg","contentUrl":"https:\/\/elpuucnoticias.com\/wp-content\/uploads\/2022\/08\/Vera05.jpeg","width":1280,"height":853},{"@type":"WebPage","@id":"https:\/\/elpuucnoticias.com\/?p=3101#webpage","url":"https:\/\/elpuucnoticias.com\/?p=3101","name":"Realizan intercambio cultural en Oxkutzcab. Se presenta un ballet folcl\u00f3rico de Poza Rica, Veracruz - El Puuc Noticias","isPartOf":{"@id":"https:\/\/elpuucnoticias.com\/#website"},"primaryImageOfPage":{"@id":"https:\/\/elpuucnoticias.com\/?p=3101#primaryimage"},"datePublished":"2022-08-15T17:32:33+00:00","dateModified":"2022-08-15T17:32:35+00:00","author":{"@id":"https:\/\/elpuucnoticias.com\/#\/schema\/person\/d2ea09e4c97f0160b11cdfb1d856bd9e"},"breadcrumb":{"@id":"https:\/\/elpuucnoticias.com\/?p=3101#breadcrumb"},"inLanguage":"es","potentialAction":[{"@type":"ReadAction","target":["https:\/\/elpuucnoticias.com\/?p=3101"]}]},{"@type":"BreadcrumbList","@id":"https:\/\/elpuucnoticias.com\/?p=3101#breadcrumb","itemListElement":[{"@type":"ListItem","position":1,"name":"Portada","item":"https:\/\/elpuucnoticias.com\/"},{"@type":"ListItem","position":2,"name":"Realizan intercambio cultural en Oxkutzcab. Se presenta un ballet folcl\u00f3rico de Poza Rica, Veracruz"}]},{"@type":"Person","@id":"https:\/\/elpuucnoticias.com\/#\/schema\/person\/d2ea09e4c97f0160b11cdfb1d856bd9e","name":"elpuucnoticias","image":{"@type":"ImageObject","@id":"https:\/\/elpuucnoticias.com\/#personlogo","inLanguage":"es","url":"https:\/\/secure.gravatar.com\/avatar\/5290a43657c74ffa15701dbe5b846bd85cc71930d803c84e91046a7333de6ce2?s=96&d=mm&r=g","contentUrl":"https:\/\/secure.gravatar.com\/avatar\/5290a43657c74ffa15701dbe5b846bd85cc71930d803c84e91046a7333de6ce2?s=96&d=mm&r=g","caption":"elpuucnoticias"},"sameAs":["https:\/\/elpuucnoticias.com"],"url":"https:\/\/elpuucnoticias.com\/?author=1"}]}},"_links":{"self":[{"href":"https:\/\/elpuucnoticias.com\/index.php?rest_route=\/wp\/v2\/posts\/3101","targetHints":{"allow":["GET"]}}],"collection":[{"href":"https:\/\/elpuucnoticias.com\/index.php?rest_route=\/wp\/v2\/posts"}],"about":[{"href":"https:\/\/elpuucnoticias.com\/index.php?rest_route=\/wp\/v2\/types\/post"}],"author":[{"embeddable":true,"href":"https:\/\/elpuucnoticias.com\/index.php?rest_route=\/wp\/v2\/users\/1"}],"replies":[{"embeddable":true,"href":"https:\/\/elpuucnoticias.com\/index.php?rest_route=%2Fwp%2Fv2%2Fcomments&post=3101"}],"version-history":[{"count":1,"href":"https:\/\/elpuucnoticias.com\/index.php?rest_route=\/wp\/v2\/posts\/3101\/revisions"}],"predecessor-version":[{"id":3106,"href":"https:\/\/elpuucnoticias.com\/index.php?rest_route=\/wp\/v2\/posts\/3101\/revisions\/3106"}],"wp:featuredmedia":[{"embeddable":true,"href":"https:\/\/elpuucnoticias.com\/index.php?rest_route=\/wp\/v2\/media\/3102"}],"wp:attachment":[{"href":"https:\/\/elpuucnoticias.com\/index.php?rest_route=%2Fwp%2Fv2%2Fmedia&parent=3101"}],"wp:term":[{"taxonomy":"category","embeddable":true,"href":"https:\/\/elpuucnoticias.com\/index.php?rest_route=%2Fwp%2Fv2%2Fcategories&post=3101"},{"taxonomy":"post_tag","embeddable":true,"href":"https:\/\/elpuucnoticias.com\/index.php?rest_route=%2Fwp%2Fv2%2Ftags&post=3101"}],"curies":[{"name":"wp","href":"https:\/\/api.w.org\/{rel}","templated":true}]}}