{"id":316,"date":"2022-03-14T08:45:43","date_gmt":"2022-03-14T14:45:43","guid":{"rendered":"https:\/\/elpuucnoticias.com\/?p=316"},"modified":"2022-03-14T08:45:45","modified_gmt":"2022-03-14T14:45:45","slug":"conafor-imparte-capacitacion-a-brigadistas-de-proteccion-civil-de-peto-aprenden-sobre-manejo-de-incendios-y-personas-en-situacion-de-emergencia","status":"publish","type":"post","link":"https:\/\/elpuucnoticias.com\/?p=316","title":{"rendered":"Conafor imparte capacitaci\u00f3n a brigadistas de Protecci\u00f3n Civil de Peto, aprenden sobre manejo de incendios y personas en situaci\u00f3n de emergencia"},"content":{"rendered":"\n<p>Ante el inicio de la temporada de quemas e incendios forestales, los trabajadores del Departamento de Protecci\u00f3n Civil de Peto, reciben capacitaci\u00f3n por de la Comisi\u00f3n Nacional Forestal (CONAFOR).<\/p>\n\n\n\n<figure class=\"wp-block-gallery has-nested-images columns-default is-cropped wp-block-gallery-1 is-layout-flex wp-block-gallery-is-layout-flex\">\n<figure class=\"wp-block-image size-large\"><img loading=\"lazy\" decoding=\"async\" width=\"1024\" height=\"682\" data-id=\"318\" src=\"https:\/\/elpuucnoticias.com\/wp-content\/uploads\/2022\/03\/capacitacion-peto-14-1024x682.jpeg\" alt=\"\" class=\"wp-image-318\" srcset=\"https:\/\/elpuucnoticias.com\/wp-content\/uploads\/2022\/03\/capacitacion-peto-14-1024x682.jpeg 1024w, https:\/\/elpuucnoticias.com\/wp-content\/uploads\/2022\/03\/capacitacion-peto-14-300x200.jpeg 300w, https:\/\/elpuucnoticias.com\/wp-content\/uploads\/2022\/03\/capacitacion-peto-14-768x512.jpeg 768w, https:\/\/elpuucnoticias.com\/wp-content\/uploads\/2022\/03\/capacitacion-peto-14.jpeg 1280w\" sizes=\"auto, (max-width: 1024px) 100vw, 1024px\" \/><\/figure>\n\n\n\n<figure class=\"wp-block-image size-large\"><img loading=\"lazy\" decoding=\"async\" width=\"1024\" height=\"682\" data-id=\"319\" src=\"https:\/\/elpuucnoticias.com\/wp-content\/uploads\/2022\/03\/capacitacion-peto-1-1024x682.jpeg\" alt=\"\" class=\"wp-image-319\" srcset=\"https:\/\/elpuucnoticias.com\/wp-content\/uploads\/2022\/03\/capacitacion-peto-1-1024x682.jpeg 1024w, https:\/\/elpuucnoticias.com\/wp-content\/uploads\/2022\/03\/capacitacion-peto-1-300x200.jpeg 300w, https:\/\/elpuucnoticias.com\/wp-content\/uploads\/2022\/03\/capacitacion-peto-1-768x512.jpeg 768w, https:\/\/elpuucnoticias.com\/wp-content\/uploads\/2022\/03\/capacitacion-peto-1.jpeg 1280w\" sizes=\"auto, (max-width: 1024px) 100vw, 1024px\" \/><\/figure>\n\n\n\n<figure class=\"wp-block-image size-large\"><img loading=\"lazy\" decoding=\"async\" width=\"1024\" height=\"682\" data-id=\"320\" src=\"https:\/\/elpuucnoticias.com\/wp-content\/uploads\/2022\/03\/capacitacion-peto-11-1024x682.jpeg\" alt=\"\" class=\"wp-image-320\" srcset=\"https:\/\/elpuucnoticias.com\/wp-content\/uploads\/2022\/03\/capacitacion-peto-11-1024x682.jpeg 1024w, https:\/\/elpuucnoticias.com\/wp-content\/uploads\/2022\/03\/capacitacion-peto-11-300x200.jpeg 300w, https:\/\/elpuucnoticias.com\/wp-content\/uploads\/2022\/03\/capacitacion-peto-11-768x512.jpeg 768w, https:\/\/elpuucnoticias.com\/wp-content\/uploads\/2022\/03\/capacitacion-peto-11.jpeg 1280w\" sizes=\"auto, (max-width: 1024px) 100vw, 1024px\" \/><\/figure>\n<\/figure>\n\n\n\n<p>Durante una semana de capacitaci\u00f3n los brigadistas aprendieron sobre primeros auxilios, y as\u00ed sepan de qu\u00e9 manera apoyar a alguna persona que lo necesite. Dentro de estos temas se les explic\u00f3 c\u00f3mo se pueden salvar vidas ante alguna emergencia.<\/p>\n\n\n\n<p>Aprendieron sobre qu\u00e9 hacer en caso de que una persona se atragante y como atender a una persona con alguna fractura o que sufra un paro cardio respiratorio.<\/p>\n\n\n\n<figure class=\"wp-block-gallery has-nested-images columns-default is-cropped wp-block-gallery-2 is-layout-flex wp-block-gallery-is-layout-flex\">\n<figure class=\"wp-block-image size-large\"><img loading=\"lazy\" decoding=\"async\" width=\"1024\" height=\"682\" data-id=\"323\" src=\"https:\/\/elpuucnoticias.com\/wp-content\/uploads\/2022\/03\/capacitacion-peto-5-1024x682.jpeg\" alt=\"\" class=\"wp-image-323\" srcset=\"https:\/\/elpuucnoticias.com\/wp-content\/uploads\/2022\/03\/capacitacion-peto-5-1024x682.jpeg 1024w, https:\/\/elpuucnoticias.com\/wp-content\/uploads\/2022\/03\/capacitacion-peto-5-300x200.jpeg 300w, https:\/\/elpuucnoticias.com\/wp-content\/uploads\/2022\/03\/capacitacion-peto-5-768x512.jpeg 768w, https:\/\/elpuucnoticias.com\/wp-content\/uploads\/2022\/03\/capacitacion-peto-5.jpeg 1280w\" sizes=\"auto, (max-width: 1024px) 100vw, 1024px\" \/><\/figure>\n\n\n\n<figure class=\"wp-block-image size-large\"><img loading=\"lazy\" decoding=\"async\" width=\"1024\" height=\"682\" data-id=\"321\" src=\"https:\/\/elpuucnoticias.com\/wp-content\/uploads\/2022\/03\/capacitacion-peto-6-1024x682.jpeg\" alt=\"\" class=\"wp-image-321\" srcset=\"https:\/\/elpuucnoticias.com\/wp-content\/uploads\/2022\/03\/capacitacion-peto-6-1024x682.jpeg 1024w, https:\/\/elpuucnoticias.com\/wp-content\/uploads\/2022\/03\/capacitacion-peto-6-300x200.jpeg 300w, https:\/\/elpuucnoticias.com\/wp-content\/uploads\/2022\/03\/capacitacion-peto-6-768x512.jpeg 768w, https:\/\/elpuucnoticias.com\/wp-content\/uploads\/2022\/03\/capacitacion-peto-6.jpeg 1280w\" sizes=\"auto, (max-width: 1024px) 100vw, 1024px\" \/><\/figure>\n\n\n\n<figure class=\"wp-block-image size-large\"><img loading=\"lazy\" decoding=\"async\" width=\"1024\" height=\"682\" data-id=\"322\" src=\"https:\/\/elpuucnoticias.com\/wp-content\/uploads\/2022\/03\/capacitacion-peto-7-1024x682.jpeg\" alt=\"\" class=\"wp-image-322\" srcset=\"https:\/\/elpuucnoticias.com\/wp-content\/uploads\/2022\/03\/capacitacion-peto-7-1024x682.jpeg 1024w, https:\/\/elpuucnoticias.com\/wp-content\/uploads\/2022\/03\/capacitacion-peto-7-300x200.jpeg 300w, https:\/\/elpuucnoticias.com\/wp-content\/uploads\/2022\/03\/capacitacion-peto-7-768x512.jpeg 768w, https:\/\/elpuucnoticias.com\/wp-content\/uploads\/2022\/03\/capacitacion-peto-7.jpeg 1280w\" sizes=\"auto, (max-width: 1024px) 100vw, 1024px\" \/><\/figure>\n<\/figure>\n\n\n\n<p>Otros temas fueron: el uso correcto de extintores, y el programa de manejo de fuego sobre c\u00f3mo combatir un incendio forestal.<\/p>\n\n\n\n<p>Se inform\u00f3 que la finalidad de esta capacitaci\u00f3n, es que el personal del departamento de Protecci\u00f3n Civil sepa c\u00f3mo actuar e intervenir en el momento que se requiera.\u2014 <em>El Puuc Noticias<\/em><\/p>\n\n\n\n<figure class=\"wp-block-gallery has-nested-images columns-default is-cropped wp-block-gallery-3 is-layout-flex wp-block-gallery-is-layout-flex\">\n<figure class=\"wp-block-image size-large\"><img loading=\"lazy\" decoding=\"async\" width=\"1024\" height=\"682\" data-id=\"324\" src=\"https:\/\/elpuucnoticias.com\/wp-content\/uploads\/2022\/03\/capacitacion-peto-2-1024x682.jpeg\" alt=\"\" class=\"wp-image-324\" srcset=\"https:\/\/elpuucnoticias.com\/wp-content\/uploads\/2022\/03\/capacitacion-peto-2-1024x682.jpeg 1024w, https:\/\/elpuucnoticias.com\/wp-content\/uploads\/2022\/03\/capacitacion-peto-2-300x200.jpeg 300w, https:\/\/elpuucnoticias.com\/wp-content\/uploads\/2022\/03\/capacitacion-peto-2-768x512.jpeg 768w, https:\/\/elpuucnoticias.com\/wp-content\/uploads\/2022\/03\/capacitacion-peto-2.jpeg 1280w\" sizes=\"auto, (max-width: 1024px) 100vw, 1024px\" \/><\/figure>\n\n\n\n<figure class=\"wp-block-image size-large\"><img loading=\"lazy\" decoding=\"async\" width=\"1024\" height=\"682\" data-id=\"326\" src=\"https:\/\/elpuucnoticias.com\/wp-content\/uploads\/2022\/03\/capacitacion-peto-3-1024x682.jpeg\" alt=\"\" class=\"wp-image-326\" srcset=\"https:\/\/elpuucnoticias.com\/wp-content\/uploads\/2022\/03\/capacitacion-peto-3-1024x682.jpeg 1024w, https:\/\/elpuucnoticias.com\/wp-content\/uploads\/2022\/03\/capacitacion-peto-3-300x200.jpeg 300w, https:\/\/elpuucnoticias.com\/wp-content\/uploads\/2022\/03\/capacitacion-peto-3-768x512.jpeg 768w, https:\/\/elpuucnoticias.com\/wp-content\/uploads\/2022\/03\/capacitacion-peto-3.jpeg 1280w\" sizes=\"auto, (max-width: 1024px) 100vw, 1024px\" \/><\/figure>\n\n\n\n<figure class=\"wp-block-image size-large\"><img loading=\"lazy\" decoding=\"async\" width=\"768\" height=\"1024\" data-id=\"325\" src=\"https:\/\/elpuucnoticias.com\/wp-content\/uploads\/2022\/03\/capacitacion-peto-9-768x1024.jpeg\" alt=\"\" class=\"wp-image-325\" srcset=\"https:\/\/elpuucnoticias.com\/wp-content\/uploads\/2022\/03\/capacitacion-peto-9-768x1024.jpeg 768w, https:\/\/elpuucnoticias.com\/wp-content\/uploads\/2022\/03\/capacitacion-peto-9-225x300.jpeg 225w, https:\/\/elpuucnoticias.com\/wp-content\/uploads\/2022\/03\/capacitacion-peto-9.jpeg 960w\" sizes=\"auto, (max-width: 768px) 100vw, 768px\" \/><\/figure>\n<\/figure>\n","protected":false},"excerpt":{"rendered":"<p>Ante el inicio de la temporada de quemas e incendios forestales, los trabajadores del Departamento de Protecci\u00f3n Civil<\/p>\n","protected":false},"author":1,"featured_media":317,"comment_status":"closed","ping_status":"open","sticky":false,"template":"","format":"standard","meta":{"_monsterinsights_skip_tracking":false,"_monsterinsights_sitenote_active":false,"_monsterinsights_sitenote_note":"","_monsterinsights_sitenote_category":0,"footnotes":""},"categories":[11,20,5],"tags":[],"class_list":["post-316","post","type-post","status-publish","format-standard","has-post-thumbnail","hentry","category-noticias","category-peto","category-tendencias"],"yoast_head":"<!-- This site is optimized with the Yoast SEO plugin v18.3 - https:\/\/yoast.com\/wordpress\/plugins\/seo\/ -->\n<title>Conafor imparte capacitaci\u00f3n a brigadistas de Protecci\u00f3n Civil de Peto, aprenden sobre manejo de incendios y personas en situaci\u00f3n de emergencia - El Puuc Noticias<\/title>\n<meta name=\"robots\" content=\"index, follow, max-snippet:-1, max-image-preview:large, max-video-preview:-1\" \/>\n<link rel=\"canonical\" href=\"https:\/\/elpuucnoticias.com\/?p=316\" \/>\n<meta property=\"og:locale\" content=\"es_ES\" \/>\n<meta property=\"og:type\" content=\"article\" \/>\n<meta property=\"og:title\" content=\"Conafor imparte capacitaci\u00f3n a brigadistas de Protecci\u00f3n Civil de Peto, aprenden sobre manejo de incendios y personas en situaci\u00f3n de emergencia - El Puuc Noticias\" \/>\n<meta property=\"og:description\" content=\"Ante el inicio de la temporada de quemas e incendios forestales, los trabajadores del Departamento de Protecci\u00f3n Civil\" \/>\n<meta property=\"og:url\" content=\"https:\/\/elpuucnoticias.com\/?p=316\" \/>\n<meta property=\"og:site_name\" content=\"El Puuc Noticias\" \/>\n<meta property=\"article:published_time\" content=\"2022-03-14T14:45:43+00:00\" \/>\n<meta property=\"article:modified_time\" content=\"2022-03-14T14:45:45+00:00\" \/>\n<meta property=\"og:image\" content=\"https:\/\/elpuucnoticias.com\/wp-content\/uploads\/2022\/03\/WhatsApp-Image-2022-03-13-at-12.44.39-PM.jpeg\" \/>\n\t<meta property=\"og:image:width\" content=\"1280\" \/>\n\t<meta property=\"og:image:height\" content=\"853\" \/>\n\t<meta property=\"og:image:type\" content=\"image\/jpeg\" \/>\n<meta name=\"twitter:card\" content=\"summary_large_image\" \/>\n<meta name=\"twitter:label1\" content=\"Escrito por\" \/>\n\t<meta name=\"twitter:data1\" content=\"elpuucnoticias\" \/>\n\t<meta name=\"twitter:label2\" content=\"Tiempo de lectura\" \/>\n\t<meta name=\"twitter:data2\" content=\"3 minutos\" \/>\n<script type=\"application\/ld+json\" class=\"yoast-schema-graph\">{\"@context\":\"https:\/\/schema.org\",\"@graph\":[{\"@type\":\"WebSite\",\"@id\":\"https:\/\/elpuucnoticias.com\/#website\",\"url\":\"https:\/\/elpuucnoticias.com\/\",\"name\":\"El Puuc Noticias\",\"description\":\"Noticias - Entretenimiento - Deportes\",\"potentialAction\":[{\"@type\":\"SearchAction\",\"target\":{\"@type\":\"EntryPoint\",\"urlTemplate\":\"https:\/\/elpuucnoticias.com\/?s={search_term_string}\"},\"query-input\":\"required name=search_term_string\"}],\"inLanguage\":\"es\"},{\"@type\":\"ImageObject\",\"@id\":\"https:\/\/elpuucnoticias.com\/?p=316#primaryimage\",\"inLanguage\":\"es\",\"url\":\"https:\/\/elpuucnoticias.com\/wp-content\/uploads\/2022\/03\/WhatsApp-Image-2022-03-13-at-12.44.39-PM.jpeg\",\"contentUrl\":\"https:\/\/elpuucnoticias.com\/wp-content\/uploads\/2022\/03\/WhatsApp-Image-2022-03-13-at-12.44.39-PM.jpeg\",\"width\":1280,\"height\":853},{\"@type\":\"WebPage\",\"@id\":\"https:\/\/elpuucnoticias.com\/?p=316#webpage\",\"url\":\"https:\/\/elpuucnoticias.com\/?p=316\",\"name\":\"Conafor imparte capacitaci\u00f3n a brigadistas de Protecci\u00f3n Civil de Peto, aprenden sobre manejo de incendios y personas en situaci\u00f3n de emergencia - El Puuc Noticias\",\"isPartOf\":{\"@id\":\"https:\/\/elpuucnoticias.com\/#website\"},\"primaryImageOfPage\":{\"@id\":\"https:\/\/elpuucnoticias.com\/?p=316#primaryimage\"},\"datePublished\":\"2022-03-14T14:45:43+00:00\",\"dateModified\":\"2022-03-14T14:45:45+00:00\",\"author\":{\"@id\":\"https:\/\/elpuucnoticias.com\/#\/schema\/person\/d2ea09e4c97f0160b11cdfb1d856bd9e\"},\"breadcrumb\":{\"@id\":\"https:\/\/elpuucnoticias.com\/?p=316#breadcrumb\"},\"inLanguage\":\"es\",\"potentialAction\":[{\"@type\":\"ReadAction\",\"target\":[\"https:\/\/elpuucnoticias.com\/?p=316\"]}]},{\"@type\":\"BreadcrumbList\",\"@id\":\"https:\/\/elpuucnoticias.com\/?p=316#breadcrumb\",\"itemListElement\":[{\"@type\":\"ListItem\",\"position\":1,\"name\":\"Portada\",\"item\":\"https:\/\/elpuucnoticias.com\/\"},{\"@type\":\"ListItem\",\"position\":2,\"name\":\"Conafor imparte capacitaci\u00f3n a brigadistas de Protecci\u00f3n Civil de Peto, aprenden sobre manejo de incendios y personas en situaci\u00f3n de emergencia\"}]},{\"@type\":\"Person\",\"@id\":\"https:\/\/elpuucnoticias.com\/#\/schema\/person\/d2ea09e4c97f0160b11cdfb1d856bd9e\",\"name\":\"elpuucnoticias\",\"image\":{\"@type\":\"ImageObject\",\"@id\":\"https:\/\/elpuucnoticias.com\/#personlogo\",\"inLanguage\":\"es\",\"url\":\"https:\/\/secure.gravatar.com\/avatar\/5290a43657c74ffa15701dbe5b846bd85cc71930d803c84e91046a7333de6ce2?s=96&d=mm&r=g\",\"contentUrl\":\"https:\/\/secure.gravatar.com\/avatar\/5290a43657c74ffa15701dbe5b846bd85cc71930d803c84e91046a7333de6ce2?s=96&d=mm&r=g\",\"caption\":\"elpuucnoticias\"},\"sameAs\":[\"https:\/\/elpuucnoticias.com\"],\"url\":\"https:\/\/elpuucnoticias.com\/?author=1\"}]}<\/script>\n<!-- \/ Yoast SEO plugin. -->","yoast_head_json":{"title":"Conafor imparte capacitaci\u00f3n a brigadistas de Protecci\u00f3n Civil de Peto, aprenden sobre manejo de incendios y personas en situaci\u00f3n de emergencia - El Puuc Noticias","robots":{"index":"index","follow":"follow","max-snippet":"max-snippet:-1","max-image-preview":"max-image-preview:large","max-video-preview":"max-video-preview:-1"},"canonical":"https:\/\/elpuucnoticias.com\/?p=316","og_locale":"es_ES","og_type":"article","og_title":"Conafor imparte capacitaci\u00f3n a brigadistas de Protecci\u00f3n Civil de Peto, aprenden sobre manejo de incendios y personas en situaci\u00f3n de emergencia - El Puuc Noticias","og_description":"Ante el inicio de la temporada de quemas e incendios forestales, los trabajadores del Departamento de Protecci\u00f3n Civil","og_url":"https:\/\/elpuucnoticias.com\/?p=316","og_site_name":"El Puuc Noticias","article_published_time":"2022-03-14T14:45:43+00:00","article_modified_time":"2022-03-14T14:45:45+00:00","og_image":[{"width":1280,"height":853,"url":"https:\/\/elpuucnoticias.com\/wp-content\/uploads\/2022\/03\/WhatsApp-Image-2022-03-13-at-12.44.39-PM.jpeg","type":"image\/jpeg"}],"twitter_card":"summary_large_image","twitter_misc":{"Escrito por":"elpuucnoticias","Tiempo de lectura":"3 minutos"},"schema":{"@context":"https:\/\/schema.org","@graph":[{"@type":"WebSite","@id":"https:\/\/elpuucnoticias.com\/#website","url":"https:\/\/elpuucnoticias.com\/","name":"El Puuc Noticias","description":"Noticias - Entretenimiento - Deportes","potentialAction":[{"@type":"SearchAction","target":{"@type":"EntryPoint","urlTemplate":"https:\/\/elpuucnoticias.com\/?s={search_term_string}"},"query-input":"required name=search_term_string"}],"inLanguage":"es"},{"@type":"ImageObject","@id":"https:\/\/elpuucnoticias.com\/?p=316#primaryimage","inLanguage":"es","url":"https:\/\/elpuucnoticias.com\/wp-content\/uploads\/2022\/03\/WhatsApp-Image-2022-03-13-at-12.44.39-PM.jpeg","contentUrl":"https:\/\/elpuucnoticias.com\/wp-content\/uploads\/2022\/03\/WhatsApp-Image-2022-03-13-at-12.44.39-PM.jpeg","width":1280,"height":853},{"@type":"WebPage","@id":"https:\/\/elpuucnoticias.com\/?p=316#webpage","url":"https:\/\/elpuucnoticias.com\/?p=316","name":"Conafor imparte capacitaci\u00f3n a brigadistas de Protecci\u00f3n Civil de Peto, aprenden sobre manejo de incendios y personas en situaci\u00f3n de emergencia - El Puuc Noticias","isPartOf":{"@id":"https:\/\/elpuucnoticias.com\/#website"},"primaryImageOfPage":{"@id":"https:\/\/elpuucnoticias.com\/?p=316#primaryimage"},"datePublished":"2022-03-14T14:45:43+00:00","dateModified":"2022-03-14T14:45:45+00:00","author":{"@id":"https:\/\/elpuucnoticias.com\/#\/schema\/person\/d2ea09e4c97f0160b11cdfb1d856bd9e"},"breadcrumb":{"@id":"https:\/\/elpuucnoticias.com\/?p=316#breadcrumb"},"inLanguage":"es","potentialAction":[{"@type":"ReadAction","target":["https:\/\/elpuucnoticias.com\/?p=316"]}]},{"@type":"BreadcrumbList","@id":"https:\/\/elpuucnoticias.com\/?p=316#breadcrumb","itemListElement":[{"@type":"ListItem","position":1,"name":"Portada","item":"https:\/\/elpuucnoticias.com\/"},{"@type":"ListItem","position":2,"name":"Conafor imparte capacitaci\u00f3n a brigadistas de Protecci\u00f3n Civil de Peto, aprenden sobre manejo de incendios y personas en situaci\u00f3n de emergencia"}]},{"@type":"Person","@id":"https:\/\/elpuucnoticias.com\/#\/schema\/person\/d2ea09e4c97f0160b11cdfb1d856bd9e","name":"elpuucnoticias","image":{"@type":"ImageObject","@id":"https:\/\/elpuucnoticias.com\/#personlogo","inLanguage":"es","url":"https:\/\/secure.gravatar.com\/avatar\/5290a43657c74ffa15701dbe5b846bd85cc71930d803c84e91046a7333de6ce2?s=96&d=mm&r=g","contentUrl":"https:\/\/secure.gravatar.com\/avatar\/5290a43657c74ffa15701dbe5b846bd85cc71930d803c84e91046a7333de6ce2?s=96&d=mm&r=g","caption":"elpuucnoticias"},"sameAs":["https:\/\/elpuucnoticias.com"],"url":"https:\/\/elpuucnoticias.com\/?author=1"}]}},"_links":{"self":[{"href":"https:\/\/elpuucnoticias.com\/index.php?rest_route=\/wp\/v2\/posts\/316","targetHints":{"allow":["GET"]}}],"collection":[{"href":"https:\/\/elpuucnoticias.com\/index.php?rest_route=\/wp\/v2\/posts"}],"about":[{"href":"https:\/\/elpuucnoticias.com\/index.php?rest_route=\/wp\/v2\/types\/post"}],"author":[{"embeddable":true,"href":"https:\/\/elpuucnoticias.com\/index.php?rest_route=\/wp\/v2\/users\/1"}],"replies":[{"embeddable":true,"href":"https:\/\/elpuucnoticias.com\/index.php?rest_route=%2Fwp%2Fv2%2Fcomments&post=316"}],"version-history":[{"count":1,"href":"https:\/\/elpuucnoticias.com\/index.php?rest_route=\/wp\/v2\/posts\/316\/revisions"}],"predecessor-version":[{"id":327,"href":"https:\/\/elpuucnoticias.com\/index.php?rest_route=\/wp\/v2\/posts\/316\/revisions\/327"}],"wp:featuredmedia":[{"embeddable":true,"href":"https:\/\/elpuucnoticias.com\/index.php?rest_route=\/wp\/v2\/media\/317"}],"wp:attachment":[{"href":"https:\/\/elpuucnoticias.com\/index.php?rest_route=%2Fwp%2Fv2%2Fmedia&parent=316"}],"wp:term":[{"taxonomy":"category","embeddable":true,"href":"https:\/\/elpuucnoticias.com\/index.php?rest_route=%2Fwp%2Fv2%2Fcategories&post=316"},{"taxonomy":"post_tag","embeddable":true,"href":"https:\/\/elpuucnoticias.com\/index.php?rest_route=%2Fwp%2Fv2%2Ftags&post=316"}],"curies":[{"name":"wp","href":"https:\/\/api.w.org\/{rel}","templated":true}]}}