{"id":3468,"date":"2022-09-12T18:50:56","date_gmt":"2022-09-13T00:50:56","guid":{"rendered":"https:\/\/elpuucnoticias.com\/?p=3468"},"modified":"2022-09-12T18:50:56","modified_gmt":"2022-09-13T00:50:56","slug":"impulsan-proteccion-de-las-dunas-costeras-en-quintana-roo","status":"publish","type":"post","link":"https:\/\/elpuucnoticias.com\/?p=3468","title":{"rendered":"Impulsan protecci\u00f3n de las dunas costeras en Quintana Roo"},"content":{"rendered":"\n<p>El gobierno de la administraci\u00f3n de Carlos Joaqu\u00edn contin\u00faa impulsando la protecci\u00f3n de las dunas costeras de Quintana Roo.<\/p>\n\n\n\n<p>En el marco de la agenda de adaptaci\u00f3n al cambio clim\u00e1tico basada en ecosistemas, especialistas impartieron el taller para la restauraci\u00f3n de estos fr\u00e1giles ecosistemas.<\/p>\n\n\n\n<figure class=\"wp-block-gallery has-nested-images columns-default is-cropped wp-block-gallery-1 is-layout-flex wp-block-gallery-is-layout-flex\">\n<figure class=\"wp-block-image size-large\"><img loading=\"lazy\" decoding=\"async\" width=\"1024\" height=\"768\" data-id=\"3470\" src=\"https:\/\/elpuucnoticias.com\/wp-content\/uploads\/2022\/09\/SEMA-ProteccionDunas-05.jpeg\" alt=\"\" class=\"wp-image-3470\" srcset=\"https:\/\/elpuucnoticias.com\/wp-content\/uploads\/2022\/09\/SEMA-ProteccionDunas-05.jpeg 1024w, https:\/\/elpuucnoticias.com\/wp-content\/uploads\/2022\/09\/SEMA-ProteccionDunas-05-300x225.jpeg 300w, https:\/\/elpuucnoticias.com\/wp-content\/uploads\/2022\/09\/SEMA-ProteccionDunas-05-768x576.jpeg 768w\" sizes=\"auto, (max-width: 1024px) 100vw, 1024px\" \/><\/figure>\n\n\n\n<figure class=\"wp-block-image size-large\"><img loading=\"lazy\" decoding=\"async\" width=\"1024\" height=\"768\" data-id=\"3471\" src=\"https:\/\/elpuucnoticias.com\/wp-content\/uploads\/2022\/09\/SEMA-ProteccionDunas-04.jpeg\" alt=\"\" class=\"wp-image-3471\" srcset=\"https:\/\/elpuucnoticias.com\/wp-content\/uploads\/2022\/09\/SEMA-ProteccionDunas-04.jpeg 1024w, https:\/\/elpuucnoticias.com\/wp-content\/uploads\/2022\/09\/SEMA-ProteccionDunas-04-300x225.jpeg 300w, https:\/\/elpuucnoticias.com\/wp-content\/uploads\/2022\/09\/SEMA-ProteccionDunas-04-768x576.jpeg 768w\" sizes=\"auto, (max-width: 1024px) 100vw, 1024px\" \/><\/figure>\n<\/figure>\n\n\n\n<p>A trav\u00e9s de un esfuerzo conjunto entre la Secretar\u00eda de Ecolog\u00eda y Medio Ambiente, la Secretar\u00eda de Turismo, el Grupo Iberostar, The Nature Conservancy (TNC) y el Proyecto ADAPTUR (iniciativa para trabajar conjuntamente con el sector tur\u00edstico en acciones de adaptaci\u00f3n basadas en ecosistemas como medida para garantizar el desarrollo del turismo en el futuro) de la Cooperaci\u00f3n Alemana en M\u00e9xico (GIZ), especific\u00f3 al respecto el titular de SEMA Efra\u00edn Villanueva Arcos.<\/p>\n\n\n\n<figure class=\"wp-block-image size-full\"><img loading=\"lazy\" decoding=\"async\" width=\"1024\" height=\"236\" src=\"https:\/\/elpuucnoticias.com\/wp-content\/uploads\/2022\/08\/BANNER-AGOSTO-22-2.jpg\" alt=\"\" class=\"wp-image-3086\" srcset=\"https:\/\/elpuucnoticias.com\/wp-content\/uploads\/2022\/08\/BANNER-AGOSTO-22-2.jpg 1024w, https:\/\/elpuucnoticias.com\/wp-content\/uploads\/2022\/08\/BANNER-AGOSTO-22-2-300x69.jpg 300w, https:\/\/elpuucnoticias.com\/wp-content\/uploads\/2022\/08\/BANNER-AGOSTO-22-2-768x177.jpg 768w\" sizes=\"auto, (max-width: 1024px) 100vw, 1024px\" \/><\/figure>\n\n\n\n<p>Graciela Salda\u00f1a Fraire subsecretaria de Pol\u00edtica Ambiental de la SEMA, explic\u00f3 que el taller fue impartido por expertos en el tema de propagaci\u00f3n de plantas de duna costera y restauraci\u00f3n de duna, entre los participantes estuvieron representantes de los sectores p\u00fablico, privado y social, que est\u00e1n en la l\u00ednea directa de implementaci\u00f3n de acciones.<\/p>\n\n\n\n<p>La idea -dijo Salda\u00f1a Fraire- es que quienes tomaron el taller, puedan replicar lo aprendido restaurando estos ecosistemas arenosos que se encuentran en la transici\u00f3n entre el continente y el oc\u00e9ano ya que son sumamente din\u00e1micos, fr\u00e1giles y vulnerables a la acci\u00f3n humana. En el marco del cambio clim\u00e1tico y la vulnerabilidad del sector tur\u00edstico ante este fen\u00f3meno, es indispensable desarrollar capacidades t\u00e9cnicas para que se impulse la implementaci\u00f3n de medidas de Adaptaci\u00f3n basadas en Ecosistemas.<\/p>\n\n\n\n<figure class=\"wp-block-image size-large is-resized\"><img loading=\"lazy\" decoding=\"async\" src=\"https:\/\/elpuucnoticias.com\/wp-content\/uploads\/2022\/08\/dulceria-avila-1-1024x577.jpg\" alt=\"\" class=\"wp-image-3121\" width=\"529\" height=\"298\" srcset=\"https:\/\/elpuucnoticias.com\/wp-content\/uploads\/2022\/08\/dulceria-avila-1-1024x577.jpg 1024w, https:\/\/elpuucnoticias.com\/wp-content\/uploads\/2022\/08\/dulceria-avila-1-300x169.jpg 300w, https:\/\/elpuucnoticias.com\/wp-content\/uploads\/2022\/08\/dulceria-avila-1-768x433.jpg 768w, https:\/\/elpuucnoticias.com\/wp-content\/uploads\/2022\/08\/dulceria-avila-1.jpg 1280w\" sizes=\"auto, (max-width: 529px) 100vw, 529px\" \/><\/figure>\n\n\n\n<p>Cabe recordar que estos ecosistemas pueden presentar o no vegetaci\u00f3n y brindan una serie de servicios ambientales como barrera natural que contribuye a proteger la costa de vientos, inundaciones y huracanes. H\u00e1bitat de muchas especies de aves, mam\u00edferos, crust\u00e1ceos y reptiles. Lugar para la anidaci\u00f3n de tortugas marinas que se encuentran en peligro de extinci\u00f3n. Reservorio de sedimentos: reciben, almacenan y proveen arena que regula la din\u00e1mica y resiliencia del ecosistema. Algunas de las especies de plantas son utilizadas como recursos medicinales. Alto valor est\u00e9tico y de belleza esc\u00e9nica, entre otros.<\/p>\n","protected":false},"excerpt":{"rendered":"<p>El gobierno de la administraci\u00f3n de Carlos Joaqu\u00edn contin\u00faa impulsando la protecci\u00f3n de las dunas costeras de Quintana<\/p>\n","protected":false},"author":1,"featured_media":3469,"comment_status":"closed","ping_status":"open","sticky":false,"template":"","format":"standard","meta":{"_monsterinsights_skip_tracking":false,"_monsterinsights_sitenote_active":false,"_monsterinsights_sitenote_note":"","_monsterinsights_sitenote_category":0,"footnotes":""},"categories":[11],"tags":[],"class_list":["post-3468","post","type-post","status-publish","format-standard","has-post-thumbnail","hentry","category-noticias"],"yoast_head":"<!-- This site is optimized with the Yoast SEO plugin v18.3 - https:\/\/yoast.com\/wordpress\/plugins\/seo\/ -->\n<title>Impulsan protecci\u00f3n de las dunas costeras en Quintana Roo - El Puuc Noticias<\/title>\n<meta name=\"robots\" content=\"index, follow, max-snippet:-1, max-image-preview:large, max-video-preview:-1\" \/>\n<link rel=\"canonical\" href=\"https:\/\/elpuucnoticias.com\/?p=3468\" \/>\n<meta property=\"og:locale\" content=\"es_ES\" \/>\n<meta property=\"og:type\" content=\"article\" \/>\n<meta property=\"og:title\" content=\"Impulsan protecci\u00f3n de las dunas costeras en Quintana Roo - El Puuc Noticias\" \/>\n<meta property=\"og:description\" content=\"El gobierno de la administraci\u00f3n de Carlos Joaqu\u00edn contin\u00faa impulsando la protecci\u00f3n de las dunas costeras de Quintana\" \/>\n<meta property=\"og:url\" content=\"https:\/\/elpuucnoticias.com\/?p=3468\" \/>\n<meta property=\"og:site_name\" content=\"El Puuc Noticias\" \/>\n<meta property=\"article:published_time\" content=\"2022-09-13T00:50:56+00:00\" \/>\n<meta property=\"og:image\" content=\"https:\/\/elpuucnoticias.com\/wp-content\/uploads\/2022\/09\/SEMA-ProteccionDunas-03.jpeg\" \/>\n\t<meta property=\"og:image:width\" content=\"1024\" \/>\n\t<meta property=\"og:image:height\" content=\"768\" \/>\n\t<meta property=\"og:image:type\" content=\"image\/jpeg\" \/>\n<meta name=\"twitter:card\" content=\"summary_large_image\" \/>\n<meta name=\"twitter:label1\" content=\"Escrito por\" \/>\n\t<meta name=\"twitter:data1\" content=\"elpuucnoticias\" \/>\n\t<meta name=\"twitter:label2\" content=\"Tiempo de lectura\" \/>\n\t<meta name=\"twitter:data2\" content=\"3 minutos\" \/>\n<script type=\"application\/ld+json\" class=\"yoast-schema-graph\">{\"@context\":\"https:\/\/schema.org\",\"@graph\":[{\"@type\":\"WebSite\",\"@id\":\"https:\/\/elpuucnoticias.com\/#website\",\"url\":\"https:\/\/elpuucnoticias.com\/\",\"name\":\"El Puuc Noticias\",\"description\":\"Noticias - Entretenimiento - Deportes\",\"potentialAction\":[{\"@type\":\"SearchAction\",\"target\":{\"@type\":\"EntryPoint\",\"urlTemplate\":\"https:\/\/elpuucnoticias.com\/?s={search_term_string}\"},\"query-input\":\"required name=search_term_string\"}],\"inLanguage\":\"es\"},{\"@type\":\"ImageObject\",\"@id\":\"https:\/\/elpuucnoticias.com\/?p=3468#primaryimage\",\"inLanguage\":\"es\",\"url\":\"https:\/\/elpuucnoticias.com\/wp-content\/uploads\/2022\/09\/SEMA-ProteccionDunas-03.jpeg\",\"contentUrl\":\"https:\/\/elpuucnoticias.com\/wp-content\/uploads\/2022\/09\/SEMA-ProteccionDunas-03.jpeg\",\"width\":1024,\"height\":768},{\"@type\":\"WebPage\",\"@id\":\"https:\/\/elpuucnoticias.com\/?p=3468#webpage\",\"url\":\"https:\/\/elpuucnoticias.com\/?p=3468\",\"name\":\"Impulsan protecci\u00f3n de las dunas costeras en Quintana Roo - El Puuc Noticias\",\"isPartOf\":{\"@id\":\"https:\/\/elpuucnoticias.com\/#website\"},\"primaryImageOfPage\":{\"@id\":\"https:\/\/elpuucnoticias.com\/?p=3468#primaryimage\"},\"datePublished\":\"2022-09-13T00:50:56+00:00\",\"dateModified\":\"2022-09-13T00:50:56+00:00\",\"author\":{\"@id\":\"https:\/\/elpuucnoticias.com\/#\/schema\/person\/d2ea09e4c97f0160b11cdfb1d856bd9e\"},\"breadcrumb\":{\"@id\":\"https:\/\/elpuucnoticias.com\/?p=3468#breadcrumb\"},\"inLanguage\":\"es\",\"potentialAction\":[{\"@type\":\"ReadAction\",\"target\":[\"https:\/\/elpuucnoticias.com\/?p=3468\"]}]},{\"@type\":\"BreadcrumbList\",\"@id\":\"https:\/\/elpuucnoticias.com\/?p=3468#breadcrumb\",\"itemListElement\":[{\"@type\":\"ListItem\",\"position\":1,\"name\":\"Portada\",\"item\":\"https:\/\/elpuucnoticias.com\/\"},{\"@type\":\"ListItem\",\"position\":2,\"name\":\"Impulsan protecci\u00f3n de las dunas costeras en Quintana Roo\"}]},{\"@type\":\"Person\",\"@id\":\"https:\/\/elpuucnoticias.com\/#\/schema\/person\/d2ea09e4c97f0160b11cdfb1d856bd9e\",\"name\":\"elpuucnoticias\",\"image\":{\"@type\":\"ImageObject\",\"@id\":\"https:\/\/elpuucnoticias.com\/#personlogo\",\"inLanguage\":\"es\",\"url\":\"https:\/\/secure.gravatar.com\/avatar\/5290a43657c74ffa15701dbe5b846bd85cc71930d803c84e91046a7333de6ce2?s=96&d=mm&r=g\",\"contentUrl\":\"https:\/\/secure.gravatar.com\/avatar\/5290a43657c74ffa15701dbe5b846bd85cc71930d803c84e91046a7333de6ce2?s=96&d=mm&r=g\",\"caption\":\"elpuucnoticias\"},\"sameAs\":[\"https:\/\/elpuucnoticias.com\"],\"url\":\"https:\/\/elpuucnoticias.com\/?author=1\"}]}<\/script>\n<!-- \/ Yoast SEO plugin. -->","yoast_head_json":{"title":"Impulsan protecci\u00f3n de las dunas costeras en Quintana Roo - El Puuc Noticias","robots":{"index":"index","follow":"follow","max-snippet":"max-snippet:-1","max-image-preview":"max-image-preview:large","max-video-preview":"max-video-preview:-1"},"canonical":"https:\/\/elpuucnoticias.com\/?p=3468","og_locale":"es_ES","og_type":"article","og_title":"Impulsan protecci\u00f3n de las dunas costeras en Quintana Roo - El Puuc Noticias","og_description":"El gobierno de la administraci\u00f3n de Carlos Joaqu\u00edn contin\u00faa impulsando la protecci\u00f3n de las dunas costeras de Quintana","og_url":"https:\/\/elpuucnoticias.com\/?p=3468","og_site_name":"El Puuc Noticias","article_published_time":"2022-09-13T00:50:56+00:00","og_image":[{"width":1024,"height":768,"url":"https:\/\/elpuucnoticias.com\/wp-content\/uploads\/2022\/09\/SEMA-ProteccionDunas-03.jpeg","type":"image\/jpeg"}],"twitter_card":"summary_large_image","twitter_misc":{"Escrito por":"elpuucnoticias","Tiempo de lectura":"3 minutos"},"schema":{"@context":"https:\/\/schema.org","@graph":[{"@type":"WebSite","@id":"https:\/\/elpuucnoticias.com\/#website","url":"https:\/\/elpuucnoticias.com\/","name":"El Puuc Noticias","description":"Noticias - Entretenimiento - Deportes","potentialAction":[{"@type":"SearchAction","target":{"@type":"EntryPoint","urlTemplate":"https:\/\/elpuucnoticias.com\/?s={search_term_string}"},"query-input":"required name=search_term_string"}],"inLanguage":"es"},{"@type":"ImageObject","@id":"https:\/\/elpuucnoticias.com\/?p=3468#primaryimage","inLanguage":"es","url":"https:\/\/elpuucnoticias.com\/wp-content\/uploads\/2022\/09\/SEMA-ProteccionDunas-03.jpeg","contentUrl":"https:\/\/elpuucnoticias.com\/wp-content\/uploads\/2022\/09\/SEMA-ProteccionDunas-03.jpeg","width":1024,"height":768},{"@type":"WebPage","@id":"https:\/\/elpuucnoticias.com\/?p=3468#webpage","url":"https:\/\/elpuucnoticias.com\/?p=3468","name":"Impulsan protecci\u00f3n de las dunas costeras en Quintana Roo - El Puuc Noticias","isPartOf":{"@id":"https:\/\/elpuucnoticias.com\/#website"},"primaryImageOfPage":{"@id":"https:\/\/elpuucnoticias.com\/?p=3468#primaryimage"},"datePublished":"2022-09-13T00:50:56+00:00","dateModified":"2022-09-13T00:50:56+00:00","author":{"@id":"https:\/\/elpuucnoticias.com\/#\/schema\/person\/d2ea09e4c97f0160b11cdfb1d856bd9e"},"breadcrumb":{"@id":"https:\/\/elpuucnoticias.com\/?p=3468#breadcrumb"},"inLanguage":"es","potentialAction":[{"@type":"ReadAction","target":["https:\/\/elpuucnoticias.com\/?p=3468"]}]},{"@type":"BreadcrumbList","@id":"https:\/\/elpuucnoticias.com\/?p=3468#breadcrumb","itemListElement":[{"@type":"ListItem","position":1,"name":"Portada","item":"https:\/\/elpuucnoticias.com\/"},{"@type":"ListItem","position":2,"name":"Impulsan protecci\u00f3n de las dunas costeras en Quintana Roo"}]},{"@type":"Person","@id":"https:\/\/elpuucnoticias.com\/#\/schema\/person\/d2ea09e4c97f0160b11cdfb1d856bd9e","name":"elpuucnoticias","image":{"@type":"ImageObject","@id":"https:\/\/elpuucnoticias.com\/#personlogo","inLanguage":"es","url":"https:\/\/secure.gravatar.com\/avatar\/5290a43657c74ffa15701dbe5b846bd85cc71930d803c84e91046a7333de6ce2?s=96&d=mm&r=g","contentUrl":"https:\/\/secure.gravatar.com\/avatar\/5290a43657c74ffa15701dbe5b846bd85cc71930d803c84e91046a7333de6ce2?s=96&d=mm&r=g","caption":"elpuucnoticias"},"sameAs":["https:\/\/elpuucnoticias.com"],"url":"https:\/\/elpuucnoticias.com\/?author=1"}]}},"_links":{"self":[{"href":"https:\/\/elpuucnoticias.com\/index.php?rest_route=\/wp\/v2\/posts\/3468","targetHints":{"allow":["GET"]}}],"collection":[{"href":"https:\/\/elpuucnoticias.com\/index.php?rest_route=\/wp\/v2\/posts"}],"about":[{"href":"https:\/\/elpuucnoticias.com\/index.php?rest_route=\/wp\/v2\/types\/post"}],"author":[{"embeddable":true,"href":"https:\/\/elpuucnoticias.com\/index.php?rest_route=\/wp\/v2\/users\/1"}],"replies":[{"embeddable":true,"href":"https:\/\/elpuucnoticias.com\/index.php?rest_route=%2Fwp%2Fv2%2Fcomments&post=3468"}],"version-history":[{"count":1,"href":"https:\/\/elpuucnoticias.com\/index.php?rest_route=\/wp\/v2\/posts\/3468\/revisions"}],"predecessor-version":[{"id":3472,"href":"https:\/\/elpuucnoticias.com\/index.php?rest_route=\/wp\/v2\/posts\/3468\/revisions\/3472"}],"wp:featuredmedia":[{"embeddable":true,"href":"https:\/\/elpuucnoticias.com\/index.php?rest_route=\/wp\/v2\/media\/3469"}],"wp:attachment":[{"href":"https:\/\/elpuucnoticias.com\/index.php?rest_route=%2Fwp%2Fv2%2Fmedia&parent=3468"}],"wp:term":[{"taxonomy":"category","embeddable":true,"href":"https:\/\/elpuucnoticias.com\/index.php?rest_route=%2Fwp%2Fv2%2Fcategories&post=3468"},{"taxonomy":"post_tag","embeddable":true,"href":"https:\/\/elpuucnoticias.com\/index.php?rest_route=%2Fwp%2Fv2%2Ftags&post=3468"}],"curies":[{"name":"wp","href":"https:\/\/api.w.org\/{rel}","templated":true}]}}