{"id":3475,"date":"2022-09-13T14:59:25","date_gmt":"2022-09-13T20:59:25","guid":{"rendered":"https:\/\/elpuucnoticias.com\/?p=3475"},"modified":"2022-09-13T14:59:27","modified_gmt":"2022-09-13T20:59:27","slug":"todo-listo-para-las-celebraciones-patrias-en-la-huerta-del-estado-el-jueves-inician-los-desfiles-de-independencia","status":"publish","type":"post","link":"https:\/\/elpuucnoticias.com\/?p=3475","title":{"rendered":"Todo listo para las celebraciones patrias en La Huerta del Estado. El jueves inician los desfiles de Independencia"},"content":{"rendered":"\n<p>El alcalde Juan Jos\u00e9 Mart\u00edn Fragoso anuncia\u00a0que las actividades c\u00edvicas y culturales para conmemorar el 212 aniversario del inicio de la Independencia de M\u00e9xico tendr\u00e1n lugar en la explanada del Centro Cultural Siglo XXI.\u00a0<\/p>\n\n\n\n<p>El jueves 15 de septiembre las actividades inician a las 7 horas con el izamiento de la Bandera conmemorando el 212 Aniversario del Grito de la Independencia.\u00a0<\/p>\n\n\n\n<figure class=\"wp-block-image size-full\"><img loading=\"lazy\" decoding=\"async\" width=\"1024\" height=\"236\" src=\"https:\/\/elpuucnoticias.com\/wp-content\/uploads\/2022\/08\/BANNER-AGOSTO-22-2.jpg\" alt=\"\" class=\"wp-image-3086\" srcset=\"https:\/\/elpuucnoticias.com\/wp-content\/uploads\/2022\/08\/BANNER-AGOSTO-22-2.jpg 1024w, https:\/\/elpuucnoticias.com\/wp-content\/uploads\/2022\/08\/BANNER-AGOSTO-22-2-300x69.jpg 300w, https:\/\/elpuucnoticias.com\/wp-content\/uploads\/2022\/08\/BANNER-AGOSTO-22-2-768x177.jpg 768w\" sizes=\"auto, (max-width: 1024px) 100vw, 1024px\" \/><\/figure>\n\n\n\n<p>A las 8 habr\u00e1 homenaje c\u00edvico en la explanada del Siglo XXI a cargo de escuelas de preescolar, posteriormente se realizar\u00e1 el desfile con los planteles educativos de nivel preescolar y el CAM (Centro de Atenci\u00f3n M\u00faltiple).\u00a0<\/p>\n\n\n\n<p>&nbsp;El derrotero saldr\u00e1 por la calle 52, tomar\u00e1 la calle 47 y 50 para retornar en la calle 45 (Avenida El Paseo de las Naranjas) y concluir\u00e1 su recorrido en la calle 54.&nbsp;<\/p>\n\n\n\n<figure class=\"wp-block-image size-large is-resized\"><img loading=\"lazy\" decoding=\"async\" src=\"https:\/\/elpuucnoticias.com\/wp-content\/uploads\/2022\/08\/dulceria-avila-1-1024x577.jpg\" alt=\"\" class=\"wp-image-3121\" width=\"504\" height=\"284\" srcset=\"https:\/\/elpuucnoticias.com\/wp-content\/uploads\/2022\/08\/dulceria-avila-1-1024x577.jpg 1024w, https:\/\/elpuucnoticias.com\/wp-content\/uploads\/2022\/08\/dulceria-avila-1-300x169.jpg 300w, https:\/\/elpuucnoticias.com\/wp-content\/uploads\/2022\/08\/dulceria-avila-1-768x433.jpg 768w, https:\/\/elpuucnoticias.com\/wp-content\/uploads\/2022\/08\/dulceria-avila-1.jpg 1280w\" sizes=\"auto, (max-width: 504px) 100vw, 504px\" \/><\/figure>\n\n\n\n<p>La conmemoraci\u00f3n del Grito iniciar\u00e1 a las 9 de la noche con un evento cultural y coronaci\u00f3n de la Se\u00f1orita Independencia, Perla Esmeralda Lara P\u00e9rez.\u00a0<\/p>\n\n\n\n<p>A las 10:30 de la noche ser\u00e1n los honores a la bandera, lectura del acta de Independencia y la ceremonia del Grito a cargo del alcalde Juan Jos\u00e9 Mart\u00edn Fragoso. A la medianoche ser\u00e1 la presentaci\u00f3n del Mariachi que amenizar\u00e1 las fiestas patrias.\u00a0<\/p>\n\n\n\n<p>El viernes 16 las actividades comenzar\u00e1n a las 6 horas con el izamiento de la Bandera, a las 7 ser\u00e1n los honores a la Bandera a cargo de las escuelas primarias, secundarias, media superior y superior.\u00a0<\/p>\n\n\n\n<p>A las 8 iniciar\u00e1 el desfile c\u00edvico sobre la calle 52, al llegar al Centro tomar\u00e1n la calle 49 y 58, retornando por la calle 51 para pasar por el mercado, y volver al Centro Cultural donde estar\u00e1n las autoridades. El recorrido terminar\u00e1 en la calle 56.\u2014 <em>El Puuc Noticias<\/em><\/p>\n","protected":false},"excerpt":{"rendered":"<p>El alcalde Juan Jos\u00e9 Mart\u00edn Fragoso anuncia\u00a0que las actividades c\u00edvicas y culturales para conmemorar el 212 aniversario del<\/p>\n","protected":false},"author":1,"featured_media":3476,"comment_status":"closed","ping_status":"open","sticky":false,"template":"","format":"standard","meta":{"_monsterinsights_skip_tracking":false,"_monsterinsights_sitenote_active":false,"_monsterinsights_sitenote_note":"","_monsterinsights_sitenote_category":0,"footnotes":""},"categories":[11,14],"tags":[],"class_list":["post-3475","post","type-post","status-publish","format-standard","has-post-thumbnail","hentry","category-noticias","category-oxkutzcab"],"yoast_head":"<!-- This site is optimized with the Yoast SEO plugin v18.3 - https:\/\/yoast.com\/wordpress\/plugins\/seo\/ -->\n<title>Todo listo para las celebraciones patrias en La Huerta del Estado. El jueves inician los desfiles de Independencia - El Puuc Noticias<\/title>\n<meta name=\"robots\" content=\"index, follow, max-snippet:-1, max-image-preview:large, max-video-preview:-1\" \/>\n<link rel=\"canonical\" href=\"https:\/\/elpuucnoticias.com\/?p=3475\" \/>\n<meta property=\"og:locale\" content=\"es_ES\" \/>\n<meta property=\"og:type\" content=\"article\" \/>\n<meta property=\"og:title\" content=\"Todo listo para las celebraciones patrias en La Huerta del Estado. El jueves inician los desfiles de Independencia - El Puuc Noticias\" \/>\n<meta property=\"og:description\" content=\"El alcalde Juan Jos\u00e9 Mart\u00edn Fragoso anuncia\u00a0que las actividades c\u00edvicas y culturales para conmemorar el 212 aniversario del\" \/>\n<meta property=\"og:url\" content=\"https:\/\/elpuucnoticias.com\/?p=3475\" \/>\n<meta property=\"og:site_name\" content=\"El Puuc Noticias\" \/>\n<meta property=\"article:published_time\" content=\"2022-09-13T20:59:25+00:00\" \/>\n<meta property=\"article:modified_time\" content=\"2022-09-13T20:59:27+00:00\" \/>\n<meta property=\"og:image\" content=\"https:\/\/elpuucnoticias.com\/wp-content\/uploads\/2022\/09\/Seno.jpeg\" \/>\n\t<meta property=\"og:image:width\" content=\"1600\" \/>\n\t<meta property=\"og:image:height\" content=\"1108\" \/>\n\t<meta property=\"og:image:type\" content=\"image\/jpeg\" \/>\n<meta name=\"twitter:card\" content=\"summary_large_image\" \/>\n<meta name=\"twitter:label1\" content=\"Escrito por\" \/>\n\t<meta name=\"twitter:data1\" content=\"elpuucnoticias\" \/>\n\t<meta name=\"twitter:label2\" content=\"Tiempo de lectura\" \/>\n\t<meta name=\"twitter:data2\" content=\"2 minutos\" \/>\n<script type=\"application\/ld+json\" class=\"yoast-schema-graph\">{\"@context\":\"https:\/\/schema.org\",\"@graph\":[{\"@type\":\"WebSite\",\"@id\":\"https:\/\/elpuucnoticias.com\/#website\",\"url\":\"https:\/\/elpuucnoticias.com\/\",\"name\":\"El Puuc Noticias\",\"description\":\"Noticias - Entretenimiento - Deportes\",\"potentialAction\":[{\"@type\":\"SearchAction\",\"target\":{\"@type\":\"EntryPoint\",\"urlTemplate\":\"https:\/\/elpuucnoticias.com\/?s={search_term_string}\"},\"query-input\":\"required name=search_term_string\"}],\"inLanguage\":\"es\"},{\"@type\":\"ImageObject\",\"@id\":\"https:\/\/elpuucnoticias.com\/?p=3475#primaryimage\",\"inLanguage\":\"es\",\"url\":\"https:\/\/elpuucnoticias.com\/wp-content\/uploads\/2022\/09\/Seno.jpeg\",\"contentUrl\":\"https:\/\/elpuucnoticias.com\/wp-content\/uploads\/2022\/09\/Seno.jpeg\",\"width\":1600,\"height\":1108},{\"@type\":\"WebPage\",\"@id\":\"https:\/\/elpuucnoticias.com\/?p=3475#webpage\",\"url\":\"https:\/\/elpuucnoticias.com\/?p=3475\",\"name\":\"Todo listo para las celebraciones patrias en La Huerta del Estado. El jueves inician los desfiles de Independencia - El Puuc Noticias\",\"isPartOf\":{\"@id\":\"https:\/\/elpuucnoticias.com\/#website\"},\"primaryImageOfPage\":{\"@id\":\"https:\/\/elpuucnoticias.com\/?p=3475#primaryimage\"},\"datePublished\":\"2022-09-13T20:59:25+00:00\",\"dateModified\":\"2022-09-13T20:59:27+00:00\",\"author\":{\"@id\":\"https:\/\/elpuucnoticias.com\/#\/schema\/person\/d2ea09e4c97f0160b11cdfb1d856bd9e\"},\"breadcrumb\":{\"@id\":\"https:\/\/elpuucnoticias.com\/?p=3475#breadcrumb\"},\"inLanguage\":\"es\",\"potentialAction\":[{\"@type\":\"ReadAction\",\"target\":[\"https:\/\/elpuucnoticias.com\/?p=3475\"]}]},{\"@type\":\"BreadcrumbList\",\"@id\":\"https:\/\/elpuucnoticias.com\/?p=3475#breadcrumb\",\"itemListElement\":[{\"@type\":\"ListItem\",\"position\":1,\"name\":\"Portada\",\"item\":\"https:\/\/elpuucnoticias.com\/\"},{\"@type\":\"ListItem\",\"position\":2,\"name\":\"Todo listo para las celebraciones patrias en La Huerta del Estado. El jueves inician los desfiles de Independencia\"}]},{\"@type\":\"Person\",\"@id\":\"https:\/\/elpuucnoticias.com\/#\/schema\/person\/d2ea09e4c97f0160b11cdfb1d856bd9e\",\"name\":\"elpuucnoticias\",\"image\":{\"@type\":\"ImageObject\",\"@id\":\"https:\/\/elpuucnoticias.com\/#personlogo\",\"inLanguage\":\"es\",\"url\":\"https:\/\/secure.gravatar.com\/avatar\/5290a43657c74ffa15701dbe5b846bd85cc71930d803c84e91046a7333de6ce2?s=96&d=mm&r=g\",\"contentUrl\":\"https:\/\/secure.gravatar.com\/avatar\/5290a43657c74ffa15701dbe5b846bd85cc71930d803c84e91046a7333de6ce2?s=96&d=mm&r=g\",\"caption\":\"elpuucnoticias\"},\"sameAs\":[\"https:\/\/elpuucnoticias.com\"],\"url\":\"https:\/\/elpuucnoticias.com\/?author=1\"}]}<\/script>\n<!-- \/ Yoast SEO plugin. -->","yoast_head_json":{"title":"Todo listo para las celebraciones patrias en La Huerta del Estado. El jueves inician los desfiles de Independencia - El Puuc Noticias","robots":{"index":"index","follow":"follow","max-snippet":"max-snippet:-1","max-image-preview":"max-image-preview:large","max-video-preview":"max-video-preview:-1"},"canonical":"https:\/\/elpuucnoticias.com\/?p=3475","og_locale":"es_ES","og_type":"article","og_title":"Todo listo para las celebraciones patrias en La Huerta del Estado. El jueves inician los desfiles de Independencia - El Puuc Noticias","og_description":"El alcalde Juan Jos\u00e9 Mart\u00edn Fragoso anuncia\u00a0que las actividades c\u00edvicas y culturales para conmemorar el 212 aniversario del","og_url":"https:\/\/elpuucnoticias.com\/?p=3475","og_site_name":"El Puuc Noticias","article_published_time":"2022-09-13T20:59:25+00:00","article_modified_time":"2022-09-13T20:59:27+00:00","og_image":[{"width":1600,"height":1108,"url":"https:\/\/elpuucnoticias.com\/wp-content\/uploads\/2022\/09\/Seno.jpeg","type":"image\/jpeg"}],"twitter_card":"summary_large_image","twitter_misc":{"Escrito por":"elpuucnoticias","Tiempo de lectura":"2 minutos"},"schema":{"@context":"https:\/\/schema.org","@graph":[{"@type":"WebSite","@id":"https:\/\/elpuucnoticias.com\/#website","url":"https:\/\/elpuucnoticias.com\/","name":"El Puuc Noticias","description":"Noticias - Entretenimiento - Deportes","potentialAction":[{"@type":"SearchAction","target":{"@type":"EntryPoint","urlTemplate":"https:\/\/elpuucnoticias.com\/?s={search_term_string}"},"query-input":"required name=search_term_string"}],"inLanguage":"es"},{"@type":"ImageObject","@id":"https:\/\/elpuucnoticias.com\/?p=3475#primaryimage","inLanguage":"es","url":"https:\/\/elpuucnoticias.com\/wp-content\/uploads\/2022\/09\/Seno.jpeg","contentUrl":"https:\/\/elpuucnoticias.com\/wp-content\/uploads\/2022\/09\/Seno.jpeg","width":1600,"height":1108},{"@type":"WebPage","@id":"https:\/\/elpuucnoticias.com\/?p=3475#webpage","url":"https:\/\/elpuucnoticias.com\/?p=3475","name":"Todo listo para las celebraciones patrias en La Huerta del Estado. El jueves inician los desfiles de Independencia - El Puuc Noticias","isPartOf":{"@id":"https:\/\/elpuucnoticias.com\/#website"},"primaryImageOfPage":{"@id":"https:\/\/elpuucnoticias.com\/?p=3475#primaryimage"},"datePublished":"2022-09-13T20:59:25+00:00","dateModified":"2022-09-13T20:59:27+00:00","author":{"@id":"https:\/\/elpuucnoticias.com\/#\/schema\/person\/d2ea09e4c97f0160b11cdfb1d856bd9e"},"breadcrumb":{"@id":"https:\/\/elpuucnoticias.com\/?p=3475#breadcrumb"},"inLanguage":"es","potentialAction":[{"@type":"ReadAction","target":["https:\/\/elpuucnoticias.com\/?p=3475"]}]},{"@type":"BreadcrumbList","@id":"https:\/\/elpuucnoticias.com\/?p=3475#breadcrumb","itemListElement":[{"@type":"ListItem","position":1,"name":"Portada","item":"https:\/\/elpuucnoticias.com\/"},{"@type":"ListItem","position":2,"name":"Todo listo para las celebraciones patrias en La Huerta del Estado. El jueves inician los desfiles de Independencia"}]},{"@type":"Person","@id":"https:\/\/elpuucnoticias.com\/#\/schema\/person\/d2ea09e4c97f0160b11cdfb1d856bd9e","name":"elpuucnoticias","image":{"@type":"ImageObject","@id":"https:\/\/elpuucnoticias.com\/#personlogo","inLanguage":"es","url":"https:\/\/secure.gravatar.com\/avatar\/5290a43657c74ffa15701dbe5b846bd85cc71930d803c84e91046a7333de6ce2?s=96&d=mm&r=g","contentUrl":"https:\/\/secure.gravatar.com\/avatar\/5290a43657c74ffa15701dbe5b846bd85cc71930d803c84e91046a7333de6ce2?s=96&d=mm&r=g","caption":"elpuucnoticias"},"sameAs":["https:\/\/elpuucnoticias.com"],"url":"https:\/\/elpuucnoticias.com\/?author=1"}]}},"_links":{"self":[{"href":"https:\/\/elpuucnoticias.com\/index.php?rest_route=\/wp\/v2\/posts\/3475","targetHints":{"allow":["GET"]}}],"collection":[{"href":"https:\/\/elpuucnoticias.com\/index.php?rest_route=\/wp\/v2\/posts"}],"about":[{"href":"https:\/\/elpuucnoticias.com\/index.php?rest_route=\/wp\/v2\/types\/post"}],"author":[{"embeddable":true,"href":"https:\/\/elpuucnoticias.com\/index.php?rest_route=\/wp\/v2\/users\/1"}],"replies":[{"embeddable":true,"href":"https:\/\/elpuucnoticias.com\/index.php?rest_route=%2Fwp%2Fv2%2Fcomments&post=3475"}],"version-history":[{"count":1,"href":"https:\/\/elpuucnoticias.com\/index.php?rest_route=\/wp\/v2\/posts\/3475\/revisions"}],"predecessor-version":[{"id":3477,"href":"https:\/\/elpuucnoticias.com\/index.php?rest_route=\/wp\/v2\/posts\/3475\/revisions\/3477"}],"wp:featuredmedia":[{"embeddable":true,"href":"https:\/\/elpuucnoticias.com\/index.php?rest_route=\/wp\/v2\/media\/3476"}],"wp:attachment":[{"href":"https:\/\/elpuucnoticias.com\/index.php?rest_route=%2Fwp%2Fv2%2Fmedia&parent=3475"}],"wp:term":[{"taxonomy":"category","embeddable":true,"href":"https:\/\/elpuucnoticias.com\/index.php?rest_route=%2Fwp%2Fv2%2Fcategories&post=3475"},{"taxonomy":"post_tag","embeddable":true,"href":"https:\/\/elpuucnoticias.com\/index.php?rest_route=%2Fwp%2Fv2%2Ftags&post=3475"}],"curies":[{"name":"wp","href":"https:\/\/api.w.org\/{rel}","templated":true}]}}