{"id":3492,"date":"2022-09-13T15:45:00","date_gmt":"2022-09-13T21:45:00","guid":{"rendered":"https:\/\/elpuucnoticias.com\/?p=3492"},"modified":"2022-09-13T15:45:02","modified_gmt":"2022-09-13T21:45:02","slug":"con-acto-civico-recuerdan-en-oxkutzcab-la-gesta-heroica-de-los-ninos-heroes-participan-escuelas-de-varios-niveles-de-educacion-basica","status":"publish","type":"post","link":"https:\/\/elpuucnoticias.com\/?p=3492","title":{"rendered":"Con acto c\u00edvico recuerdan en Oxkutzcab la gesta heroica de los Ni\u00f1os H\u00e9roes. Participan escuelas de varios niveles de educaci\u00f3n b\u00e1sica"},"content":{"rendered":"\n<p>Con honores a la Bandera, la ma\u00f1ana de este martes las autoridades de La Huerta del Estado conmemoraron la batalla del Castillo de Chapultepec donde combatieron los Ni\u00f1os H\u00e9roes, dando su vida para defender a la naci\u00f3n ante los Estados Unidos.\u00a0<\/p>\n\n\n\n<figure class=\"wp-block-gallery has-nested-images columns-default is-cropped wp-block-gallery-1 is-layout-flex wp-block-gallery-is-layout-flex\">\n<figure class=\"wp-block-image size-large\"><img loading=\"lazy\" decoding=\"async\" width=\"1024\" height=\"682\" data-id=\"3494\" src=\"https:\/\/elpuucnoticias.com\/wp-content\/uploads\/2022\/09\/Escol01-1024x682.jpeg\" alt=\"\" class=\"wp-image-3494\" srcset=\"https:\/\/elpuucnoticias.com\/wp-content\/uploads\/2022\/09\/Escol01-1024x682.jpeg 1024w, https:\/\/elpuucnoticias.com\/wp-content\/uploads\/2022\/09\/Escol01-300x200.jpeg 300w, https:\/\/elpuucnoticias.com\/wp-content\/uploads\/2022\/09\/Escol01-768x512.jpeg 768w, https:\/\/elpuucnoticias.com\/wp-content\/uploads\/2022\/09\/Escol01-1536x1023.jpeg 1536w, https:\/\/elpuucnoticias.com\/wp-content\/uploads\/2022\/09\/Escol01.jpeg 1600w\" sizes=\"auto, (max-width: 1024px) 100vw, 1024px\" \/><\/figure>\n\n\n\n<figure class=\"wp-block-image size-large\"><img loading=\"lazy\" decoding=\"async\" width=\"1024\" height=\"682\" data-id=\"3495\" src=\"https:\/\/elpuucnoticias.com\/wp-content\/uploads\/2022\/09\/Escol04-1024x682.jpeg\" alt=\"\" class=\"wp-image-3495\" srcset=\"https:\/\/elpuucnoticias.com\/wp-content\/uploads\/2022\/09\/Escol04-1024x682.jpeg 1024w, https:\/\/elpuucnoticias.com\/wp-content\/uploads\/2022\/09\/Escol04-300x200.jpeg 300w, https:\/\/elpuucnoticias.com\/wp-content\/uploads\/2022\/09\/Escol04-768x512.jpeg 768w, https:\/\/elpuucnoticias.com\/wp-content\/uploads\/2022\/09\/Escol04-1536x1023.jpeg 1536w, https:\/\/elpuucnoticias.com\/wp-content\/uploads\/2022\/09\/Escol04.jpeg 1600w\" sizes=\"auto, (max-width: 1024px) 100vw, 1024px\" \/><\/figure>\n<\/figure>\n\n\n\n<p>La ceremonia c\u00edvica se hizo en la explanada del Centro Cultural Siglo XXI, con apoyo de la banda de guerra y escolta de la secundaria Rafael Matos Escobedo. El juramento a la Bandera estuvo a cargo del ni\u00f1o Eric Guerra, de la primaria Arcadio Santoyo y el Himno Nacional fue dirigido por Frank Parra Mex.\u00a0<\/p>\n\n\n\n<p>La regidora de educaci\u00f3n Vanessa Pacheco C\u00f3rdova, en representaci\u00f3n del Ayuntamiento agradeci\u00f3 a los participantes y organizadores del evento c\u00edvico.\u00a0<\/p>\n\n\n\n<figure class=\"wp-block-image size-full\"><img loading=\"lazy\" decoding=\"async\" width=\"1024\" height=\"236\" src=\"https:\/\/elpuucnoticias.com\/wp-content\/uploads\/2022\/08\/BANNER-AGOSTO-22-2.jpg\" alt=\"\" class=\"wp-image-3086\" srcset=\"https:\/\/elpuucnoticias.com\/wp-content\/uploads\/2022\/08\/BANNER-AGOSTO-22-2.jpg 1024w, https:\/\/elpuucnoticias.com\/wp-content\/uploads\/2022\/08\/BANNER-AGOSTO-22-2-300x69.jpg 300w, https:\/\/elpuucnoticias.com\/wp-content\/uploads\/2022\/08\/BANNER-AGOSTO-22-2-768x177.jpg 768w\" sizes=\"auto, (max-width: 1024px) 100vw, 1024px\" \/><\/figure>\n\n\n\n<p>Las palabras alusivas estuvieron a cargo de Jorge Us Santamar\u00eda, director del jard\u00edn Justo Sierra O&#8217;Reilly, quien indic\u00f3 que el 13 de septiembre se conmemora con orgullo, con una celebraci\u00f3n para darle el valor que se merece con orgullo nacional a los Ni\u00f1os H\u00e9roes quienes se distinguen por sus hechos y grandeza.\u00a0<\/p>\n\n\n\n<p>Para comprender el verdadero hero\u00edsmo y as\u00ed admirar la gesta gloriosa realizada durante la invasi\u00f3n de tropas estadounidenses al Castillo de Chapultepec donde combatieron los Ni\u00f1os H\u00e9roes en 1845 por no estar de acuerdo M\u00e9xico con Estados Unidos en un tratado.\u00a0<\/p>\n\n\n\n<figure class=\"wp-block-image size-large is-resized\"><img loading=\"lazy\" decoding=\"async\" src=\"https:\/\/elpuucnoticias.com\/wp-content\/uploads\/2022\/08\/dulceria-avila-1-1024x577.jpg\" alt=\"\" class=\"wp-image-3121\" width=\"461\" height=\"260\" srcset=\"https:\/\/elpuucnoticias.com\/wp-content\/uploads\/2022\/08\/dulceria-avila-1-1024x577.jpg 1024w, https:\/\/elpuucnoticias.com\/wp-content\/uploads\/2022\/08\/dulceria-avila-1-300x169.jpg 300w, https:\/\/elpuucnoticias.com\/wp-content\/uploads\/2022\/08\/dulceria-avila-1-768x433.jpg 768w, https:\/\/elpuucnoticias.com\/wp-content\/uploads\/2022\/08\/dulceria-avila-1.jpg 1280w\" sizes=\"auto, (max-width: 461px) 100vw, 461px\" \/><\/figure>\n\n\n\n<p>En representaci\u00f3n del Ayuntamiento la regidora de Educaci\u00f3n Vanessa Pacheco C\u00f3rdova, agradeci\u00f3 los participantes y organizadores del homenaje, indicando que es un acto que no debe olvidarse y reconocer lo que se hizo por el pa\u00eds.\u2014 <em>El Puuc Noticias<\/em>\u00a0<\/p>\n","protected":false},"excerpt":{"rendered":"<p>Con honores a la Bandera, la ma\u00f1ana de este martes las autoridades de La Huerta del Estado conmemoraron<\/p>\n","protected":false},"author":1,"featured_media":3493,"comment_status":"closed","ping_status":"open","sticky":false,"template":"","format":"standard","meta":{"_monsterinsights_skip_tracking":false,"_monsterinsights_sitenote_active":false,"_monsterinsights_sitenote_note":"","_monsterinsights_sitenote_category":0,"footnotes":""},"categories":[11,14],"tags":[],"class_list":["post-3492","post","type-post","status-publish","format-standard","has-post-thumbnail","hentry","category-noticias","category-oxkutzcab"],"yoast_head":"<!-- This site is optimized with the Yoast SEO plugin v18.3 - https:\/\/yoast.com\/wordpress\/plugins\/seo\/ -->\n<title>Con acto c\u00edvico recuerdan en Oxkutzcab la gesta heroica de los Ni\u00f1os H\u00e9roes. Participan escuelas de varios niveles de educaci\u00f3n b\u00e1sica - El Puuc Noticias<\/title>\n<meta name=\"robots\" content=\"index, follow, max-snippet:-1, max-image-preview:large, max-video-preview:-1\" \/>\n<link rel=\"canonical\" href=\"https:\/\/elpuucnoticias.com\/?p=3492\" \/>\n<meta property=\"og:locale\" content=\"es_ES\" \/>\n<meta property=\"og:type\" content=\"article\" \/>\n<meta property=\"og:title\" content=\"Con acto c\u00edvico recuerdan en Oxkutzcab la gesta heroica de los Ni\u00f1os H\u00e9roes. Participan escuelas de varios niveles de educaci\u00f3n b\u00e1sica - El Puuc Noticias\" \/>\n<meta property=\"og:description\" content=\"Con honores a la Bandera, la ma\u00f1ana de este martes las autoridades de La Huerta del Estado conmemoraron\" \/>\n<meta property=\"og:url\" content=\"https:\/\/elpuucnoticias.com\/?p=3492\" \/>\n<meta property=\"og:site_name\" content=\"El Puuc Noticias\" \/>\n<meta property=\"article:published_time\" content=\"2022-09-13T21:45:00+00:00\" \/>\n<meta property=\"article:modified_time\" content=\"2022-09-13T21:45:02+00:00\" \/>\n<meta property=\"og:image\" content=\"https:\/\/elpuucnoticias.com\/wp-content\/uploads\/2022\/09\/Escol02.jpeg\" \/>\n\t<meta property=\"og:image:width\" content=\"1600\" \/>\n\t<meta property=\"og:image:height\" content=\"1066\" \/>\n\t<meta property=\"og:image:type\" content=\"image\/jpeg\" \/>\n<meta name=\"twitter:card\" content=\"summary_large_image\" \/>\n<meta name=\"twitter:label1\" content=\"Escrito por\" \/>\n\t<meta name=\"twitter:data1\" content=\"elpuucnoticias\" \/>\n\t<meta name=\"twitter:label2\" content=\"Tiempo de lectura\" \/>\n\t<meta name=\"twitter:data2\" content=\"2 minutos\" \/>\n<script type=\"application\/ld+json\" class=\"yoast-schema-graph\">{\"@context\":\"https:\/\/schema.org\",\"@graph\":[{\"@type\":\"WebSite\",\"@id\":\"https:\/\/elpuucnoticias.com\/#website\",\"url\":\"https:\/\/elpuucnoticias.com\/\",\"name\":\"El Puuc Noticias\",\"description\":\"Noticias - Entretenimiento - Deportes\",\"potentialAction\":[{\"@type\":\"SearchAction\",\"target\":{\"@type\":\"EntryPoint\",\"urlTemplate\":\"https:\/\/elpuucnoticias.com\/?s={search_term_string}\"},\"query-input\":\"required name=search_term_string\"}],\"inLanguage\":\"es\"},{\"@type\":\"ImageObject\",\"@id\":\"https:\/\/elpuucnoticias.com\/?p=3492#primaryimage\",\"inLanguage\":\"es\",\"url\":\"https:\/\/elpuucnoticias.com\/wp-content\/uploads\/2022\/09\/Escol02.jpeg\",\"contentUrl\":\"https:\/\/elpuucnoticias.com\/wp-content\/uploads\/2022\/09\/Escol02.jpeg\",\"width\":1600,\"height\":1066},{\"@type\":\"WebPage\",\"@id\":\"https:\/\/elpuucnoticias.com\/?p=3492#webpage\",\"url\":\"https:\/\/elpuucnoticias.com\/?p=3492\",\"name\":\"Con acto c\u00edvico recuerdan en Oxkutzcab la gesta heroica de los Ni\u00f1os H\u00e9roes. Participan escuelas de varios niveles de educaci\u00f3n b\u00e1sica - El Puuc Noticias\",\"isPartOf\":{\"@id\":\"https:\/\/elpuucnoticias.com\/#website\"},\"primaryImageOfPage\":{\"@id\":\"https:\/\/elpuucnoticias.com\/?p=3492#primaryimage\"},\"datePublished\":\"2022-09-13T21:45:00+00:00\",\"dateModified\":\"2022-09-13T21:45:02+00:00\",\"author\":{\"@id\":\"https:\/\/elpuucnoticias.com\/#\/schema\/person\/d2ea09e4c97f0160b11cdfb1d856bd9e\"},\"breadcrumb\":{\"@id\":\"https:\/\/elpuucnoticias.com\/?p=3492#breadcrumb\"},\"inLanguage\":\"es\",\"potentialAction\":[{\"@type\":\"ReadAction\",\"target\":[\"https:\/\/elpuucnoticias.com\/?p=3492\"]}]},{\"@type\":\"BreadcrumbList\",\"@id\":\"https:\/\/elpuucnoticias.com\/?p=3492#breadcrumb\",\"itemListElement\":[{\"@type\":\"ListItem\",\"position\":1,\"name\":\"Portada\",\"item\":\"https:\/\/elpuucnoticias.com\/\"},{\"@type\":\"ListItem\",\"position\":2,\"name\":\"Con acto c\u00edvico recuerdan en Oxkutzcab la gesta heroica de los Ni\u00f1os H\u00e9roes. Participan escuelas de varios niveles de educaci\u00f3n b\u00e1sica\"}]},{\"@type\":\"Person\",\"@id\":\"https:\/\/elpuucnoticias.com\/#\/schema\/person\/d2ea09e4c97f0160b11cdfb1d856bd9e\",\"name\":\"elpuucnoticias\",\"image\":{\"@type\":\"ImageObject\",\"@id\":\"https:\/\/elpuucnoticias.com\/#personlogo\",\"inLanguage\":\"es\",\"url\":\"https:\/\/secure.gravatar.com\/avatar\/5290a43657c74ffa15701dbe5b846bd85cc71930d803c84e91046a7333de6ce2?s=96&d=mm&r=g\",\"contentUrl\":\"https:\/\/secure.gravatar.com\/avatar\/5290a43657c74ffa15701dbe5b846bd85cc71930d803c84e91046a7333de6ce2?s=96&d=mm&r=g\",\"caption\":\"elpuucnoticias\"},\"sameAs\":[\"https:\/\/elpuucnoticias.com\"],\"url\":\"https:\/\/elpuucnoticias.com\/?author=1\"}]}<\/script>\n<!-- \/ Yoast SEO plugin. -->","yoast_head_json":{"title":"Con acto c\u00edvico recuerdan en Oxkutzcab la gesta heroica de los Ni\u00f1os H\u00e9roes. Participan escuelas de varios niveles de educaci\u00f3n b\u00e1sica - El Puuc Noticias","robots":{"index":"index","follow":"follow","max-snippet":"max-snippet:-1","max-image-preview":"max-image-preview:large","max-video-preview":"max-video-preview:-1"},"canonical":"https:\/\/elpuucnoticias.com\/?p=3492","og_locale":"es_ES","og_type":"article","og_title":"Con acto c\u00edvico recuerdan en Oxkutzcab la gesta heroica de los Ni\u00f1os H\u00e9roes. Participan escuelas de varios niveles de educaci\u00f3n b\u00e1sica - El Puuc Noticias","og_description":"Con honores a la Bandera, la ma\u00f1ana de este martes las autoridades de La Huerta del Estado conmemoraron","og_url":"https:\/\/elpuucnoticias.com\/?p=3492","og_site_name":"El Puuc Noticias","article_published_time":"2022-09-13T21:45:00+00:00","article_modified_time":"2022-09-13T21:45:02+00:00","og_image":[{"width":1600,"height":1066,"url":"https:\/\/elpuucnoticias.com\/wp-content\/uploads\/2022\/09\/Escol02.jpeg","type":"image\/jpeg"}],"twitter_card":"summary_large_image","twitter_misc":{"Escrito por":"elpuucnoticias","Tiempo de lectura":"2 minutos"},"schema":{"@context":"https:\/\/schema.org","@graph":[{"@type":"WebSite","@id":"https:\/\/elpuucnoticias.com\/#website","url":"https:\/\/elpuucnoticias.com\/","name":"El Puuc Noticias","description":"Noticias - Entretenimiento - Deportes","potentialAction":[{"@type":"SearchAction","target":{"@type":"EntryPoint","urlTemplate":"https:\/\/elpuucnoticias.com\/?s={search_term_string}"},"query-input":"required name=search_term_string"}],"inLanguage":"es"},{"@type":"ImageObject","@id":"https:\/\/elpuucnoticias.com\/?p=3492#primaryimage","inLanguage":"es","url":"https:\/\/elpuucnoticias.com\/wp-content\/uploads\/2022\/09\/Escol02.jpeg","contentUrl":"https:\/\/elpuucnoticias.com\/wp-content\/uploads\/2022\/09\/Escol02.jpeg","width":1600,"height":1066},{"@type":"WebPage","@id":"https:\/\/elpuucnoticias.com\/?p=3492#webpage","url":"https:\/\/elpuucnoticias.com\/?p=3492","name":"Con acto c\u00edvico recuerdan en Oxkutzcab la gesta heroica de los Ni\u00f1os H\u00e9roes. Participan escuelas de varios niveles de educaci\u00f3n b\u00e1sica - El Puuc Noticias","isPartOf":{"@id":"https:\/\/elpuucnoticias.com\/#website"},"primaryImageOfPage":{"@id":"https:\/\/elpuucnoticias.com\/?p=3492#primaryimage"},"datePublished":"2022-09-13T21:45:00+00:00","dateModified":"2022-09-13T21:45:02+00:00","author":{"@id":"https:\/\/elpuucnoticias.com\/#\/schema\/person\/d2ea09e4c97f0160b11cdfb1d856bd9e"},"breadcrumb":{"@id":"https:\/\/elpuucnoticias.com\/?p=3492#breadcrumb"},"inLanguage":"es","potentialAction":[{"@type":"ReadAction","target":["https:\/\/elpuucnoticias.com\/?p=3492"]}]},{"@type":"BreadcrumbList","@id":"https:\/\/elpuucnoticias.com\/?p=3492#breadcrumb","itemListElement":[{"@type":"ListItem","position":1,"name":"Portada","item":"https:\/\/elpuucnoticias.com\/"},{"@type":"ListItem","position":2,"name":"Con acto c\u00edvico recuerdan en Oxkutzcab la gesta heroica de los Ni\u00f1os H\u00e9roes. Participan escuelas de varios niveles de educaci\u00f3n b\u00e1sica"}]},{"@type":"Person","@id":"https:\/\/elpuucnoticias.com\/#\/schema\/person\/d2ea09e4c97f0160b11cdfb1d856bd9e","name":"elpuucnoticias","image":{"@type":"ImageObject","@id":"https:\/\/elpuucnoticias.com\/#personlogo","inLanguage":"es","url":"https:\/\/secure.gravatar.com\/avatar\/5290a43657c74ffa15701dbe5b846bd85cc71930d803c84e91046a7333de6ce2?s=96&d=mm&r=g","contentUrl":"https:\/\/secure.gravatar.com\/avatar\/5290a43657c74ffa15701dbe5b846bd85cc71930d803c84e91046a7333de6ce2?s=96&d=mm&r=g","caption":"elpuucnoticias"},"sameAs":["https:\/\/elpuucnoticias.com"],"url":"https:\/\/elpuucnoticias.com\/?author=1"}]}},"_links":{"self":[{"href":"https:\/\/elpuucnoticias.com\/index.php?rest_route=\/wp\/v2\/posts\/3492","targetHints":{"allow":["GET"]}}],"collection":[{"href":"https:\/\/elpuucnoticias.com\/index.php?rest_route=\/wp\/v2\/posts"}],"about":[{"href":"https:\/\/elpuucnoticias.com\/index.php?rest_route=\/wp\/v2\/types\/post"}],"author":[{"embeddable":true,"href":"https:\/\/elpuucnoticias.com\/index.php?rest_route=\/wp\/v2\/users\/1"}],"replies":[{"embeddable":true,"href":"https:\/\/elpuucnoticias.com\/index.php?rest_route=%2Fwp%2Fv2%2Fcomments&post=3492"}],"version-history":[{"count":1,"href":"https:\/\/elpuucnoticias.com\/index.php?rest_route=\/wp\/v2\/posts\/3492\/revisions"}],"predecessor-version":[{"id":3496,"href":"https:\/\/elpuucnoticias.com\/index.php?rest_route=\/wp\/v2\/posts\/3492\/revisions\/3496"}],"wp:featuredmedia":[{"embeddable":true,"href":"https:\/\/elpuucnoticias.com\/index.php?rest_route=\/wp\/v2\/media\/3493"}],"wp:attachment":[{"href":"https:\/\/elpuucnoticias.com\/index.php?rest_route=%2Fwp%2Fv2%2Fmedia&parent=3492"}],"wp:term":[{"taxonomy":"category","embeddable":true,"href":"https:\/\/elpuucnoticias.com\/index.php?rest_route=%2Fwp%2Fv2%2Fcategories&post=3492"},{"taxonomy":"post_tag","embeddable":true,"href":"https:\/\/elpuucnoticias.com\/index.php?rest_route=%2Fwp%2Fv2%2Ftags&post=3492"}],"curies":[{"name":"wp","href":"https:\/\/api.w.org\/{rel}","templated":true}]}}