{"id":3497,"date":"2022-09-13T15:52:13","date_gmt":"2022-09-13T21:52:13","guid":{"rendered":"https:\/\/elpuucnoticias.com\/?p=3497"},"modified":"2022-09-13T15:52:15","modified_gmt":"2022-09-13T21:52:15","slug":"al-recordar-a-los-ninos-heroes-el-alcalde-de-peto-insta-a-evitar-aquellas-diferencias-que-causan-divisiones-entre-los-mexicanos","status":"publish","type":"post","link":"https:\/\/elpuucnoticias.com\/?p=3497","title":{"rendered":"Al recordar a los Ni\u00f1os H\u00e9roes, el alcalde de Peto insta a evitar aquellas diferencias que causan divisiones entre los mexicanos"},"content":{"rendered":"\n<p>Este martes el Ayuntamiento de Peto conmemor\u00f3 el 175 aniversario de la Gesta Heroica de los Ni\u00f1os H\u00e9roes, quienes con honor y valent\u00eda defendieron la soberan\u00eda nacional.<\/p>\n\n\n\n<figure class=\"wp-block-gallery has-nested-images columns-default is-cropped wp-block-gallery-1 is-layout-flex wp-block-gallery-is-layout-flex\">\n<figure class=\"wp-block-image size-large\"><img loading=\"lazy\" decoding=\"async\" width=\"720\" height=\"480\" data-id=\"3499\" src=\"https:\/\/elpuucnoticias.com\/wp-content\/uploads\/2022\/09\/WhatsApp-Image-2022-09-13-at-4.31.16-PM.jpeg\" alt=\"\" class=\"wp-image-3499\" srcset=\"https:\/\/elpuucnoticias.com\/wp-content\/uploads\/2022\/09\/WhatsApp-Image-2022-09-13-at-4.31.16-PM.jpeg 720w, https:\/\/elpuucnoticias.com\/wp-content\/uploads\/2022\/09\/WhatsApp-Image-2022-09-13-at-4.31.16-PM-300x200.jpeg 300w\" sizes=\"auto, (max-width: 720px) 100vw, 720px\" \/><\/figure>\n\n\n\n<figure class=\"wp-block-image size-large\"><img loading=\"lazy\" decoding=\"async\" width=\"720\" height=\"480\" data-id=\"3500\" src=\"https:\/\/elpuucnoticias.com\/wp-content\/uploads\/2022\/09\/WhatsApp-Image-2022-09-13-at-4.31.17-PM.jpeg\" alt=\"\" class=\"wp-image-3500\" srcset=\"https:\/\/elpuucnoticias.com\/wp-content\/uploads\/2022\/09\/WhatsApp-Image-2022-09-13-at-4.31.17-PM.jpeg 720w, https:\/\/elpuucnoticias.com\/wp-content\/uploads\/2022\/09\/WhatsApp-Image-2022-09-13-at-4.31.17-PM-300x200.jpeg 300w\" sizes=\"auto, (max-width: 720px) 100vw, 720px\" \/><\/figure>\n<\/figure>\n\n\n\n<p>El evento fue encabezado por el alcalde Ren\u00e1n Jim\u00e9nez Tah, qui\u00e9n indic\u00f3 que este d\u00eda recuerda la unidad y patriotismo que todos los mexicanos, motivo por el cual, hay que impedir que existan diferencias que dividan.<\/p>\n\n\n\n<figure class=\"wp-block-image size-full\"><img loading=\"lazy\" decoding=\"async\" width=\"1024\" height=\"236\" src=\"https:\/\/elpuucnoticias.com\/wp-content\/uploads\/2022\/08\/BANNER-AGOSTO-22-2.jpg\" alt=\"\" class=\"wp-image-3086\" srcset=\"https:\/\/elpuucnoticias.com\/wp-content\/uploads\/2022\/08\/BANNER-AGOSTO-22-2.jpg 1024w, https:\/\/elpuucnoticias.com\/wp-content\/uploads\/2022\/08\/BANNER-AGOSTO-22-2-300x69.jpg 300w, https:\/\/elpuucnoticias.com\/wp-content\/uploads\/2022\/08\/BANNER-AGOSTO-22-2-768x177.jpg 768w\" sizes=\"auto, (max-width: 1024px) 100vw, 1024px\" \/><\/figure>\n\n\n\n<p>Tambi\u00e9n se\u00f1al\u00f3 que el jueves 15 por la noche se realizar\u00e1 el tradicional Grito y se realizar\u00e1n diversas actividades para conmemorar tan importante evento.<\/p>\n\n\n\n<p>El desfile se llevar\u00e1 a cabo el viernes 16 como ya es una tradici\u00f3n y participar\u00e1n las primarias, secundarias, escuelas de nivel medio superior y las universidades.<\/p>\n\n\n\n<figure class=\"wp-block-image size-full\"><img loading=\"lazy\" decoding=\"async\" width=\"720\" height=\"480\" src=\"https:\/\/elpuucnoticias.com\/wp-content\/uploads\/2022\/09\/WhatsApp-Image-2022-09-13-at-4.31.18-PM.jpeg\" alt=\"\" class=\"wp-image-3501\" srcset=\"https:\/\/elpuucnoticias.com\/wp-content\/uploads\/2022\/09\/WhatsApp-Image-2022-09-13-at-4.31.18-PM.jpeg 720w, https:\/\/elpuucnoticias.com\/wp-content\/uploads\/2022\/09\/WhatsApp-Image-2022-09-13-at-4.31.18-PM-300x200.jpeg 300w\" sizes=\"auto, (max-width: 720px) 100vw, 720px\" \/><\/figure>\n\n\n\n<p>El desfile dar\u00e1 inici\u00f3 a las 8 de la ma\u00f1ana y el contingente iniciar\u00e1 el recorrido en el domo de la colonia Francisco Sarabia, pasando por la calle 28 hasta llegar a la calle 31 para dirigirse hasta el Palacio Municipal.\u2014 <em>El Puuc Noticias<\/em><\/p>\n","protected":false},"excerpt":{"rendered":"<p>Este martes el Ayuntamiento de Peto conmemor\u00f3 el 175 aniversario de la Gesta Heroica de los Ni\u00f1os H\u00e9roes,<\/p>\n","protected":false},"author":1,"featured_media":3498,"comment_status":"closed","ping_status":"open","sticky":false,"template":"","format":"standard","meta":{"_monsterinsights_skip_tracking":false,"_monsterinsights_sitenote_active":false,"_monsterinsights_sitenote_note":"","_monsterinsights_sitenote_category":0,"footnotes":""},"categories":[11,20],"tags":[],"class_list":["post-3497","post","type-post","status-publish","format-standard","has-post-thumbnail","hentry","category-noticias","category-peto"],"yoast_head":"<!-- This site is optimized with the Yoast SEO plugin v18.3 - https:\/\/yoast.com\/wordpress\/plugins\/seo\/ -->\n<title>Al recordar a los Ni\u00f1os H\u00e9roes, el alcalde de Peto insta a evitar aquellas diferencias que causan divisiones entre los mexicanos - El Puuc Noticias<\/title>\n<meta name=\"robots\" content=\"index, follow, max-snippet:-1, max-image-preview:large, max-video-preview:-1\" \/>\n<link rel=\"canonical\" href=\"https:\/\/elpuucnoticias.com\/?p=3497\" \/>\n<meta property=\"og:locale\" content=\"es_ES\" \/>\n<meta property=\"og:type\" content=\"article\" \/>\n<meta property=\"og:title\" content=\"Al recordar a los Ni\u00f1os H\u00e9roes, el alcalde de Peto insta a evitar aquellas diferencias que causan divisiones entre los mexicanos - El Puuc Noticias\" \/>\n<meta property=\"og:description\" content=\"Este martes el Ayuntamiento de Peto conmemor\u00f3 el 175 aniversario de la Gesta Heroica de los Ni\u00f1os H\u00e9roes,\" \/>\n<meta property=\"og:url\" content=\"https:\/\/elpuucnoticias.com\/?p=3497\" \/>\n<meta property=\"og:site_name\" content=\"El Puuc Noticias\" \/>\n<meta property=\"article:published_time\" content=\"2022-09-13T21:52:13+00:00\" \/>\n<meta property=\"article:modified_time\" content=\"2022-09-13T21:52:15+00:00\" \/>\n<meta property=\"og:image\" content=\"https:\/\/elpuucnoticias.com\/wp-content\/uploads\/2022\/09\/WhatsApp-Image-2022-09-13-at-4.31.17-PM-1.jpeg\" \/>\n\t<meta property=\"og:image:width\" content=\"720\" \/>\n\t<meta property=\"og:image:height\" content=\"480\" \/>\n\t<meta property=\"og:image:type\" content=\"image\/jpeg\" \/>\n<meta name=\"twitter:card\" content=\"summary_large_image\" \/>\n<meta name=\"twitter:label1\" content=\"Escrito por\" \/>\n\t<meta name=\"twitter:data1\" content=\"elpuucnoticias\" \/>\n\t<meta name=\"twitter:label2\" content=\"Tiempo de lectura\" \/>\n\t<meta name=\"twitter:data2\" content=\"2 minutos\" \/>\n<script type=\"application\/ld+json\" class=\"yoast-schema-graph\">{\"@context\":\"https:\/\/schema.org\",\"@graph\":[{\"@type\":\"WebSite\",\"@id\":\"https:\/\/elpuucnoticias.com\/#website\",\"url\":\"https:\/\/elpuucnoticias.com\/\",\"name\":\"El Puuc Noticias\",\"description\":\"Noticias - Entretenimiento - Deportes\",\"potentialAction\":[{\"@type\":\"SearchAction\",\"target\":{\"@type\":\"EntryPoint\",\"urlTemplate\":\"https:\/\/elpuucnoticias.com\/?s={search_term_string}\"},\"query-input\":\"required name=search_term_string\"}],\"inLanguage\":\"es\"},{\"@type\":\"ImageObject\",\"@id\":\"https:\/\/elpuucnoticias.com\/?p=3497#primaryimage\",\"inLanguage\":\"es\",\"url\":\"https:\/\/elpuucnoticias.com\/wp-content\/uploads\/2022\/09\/WhatsApp-Image-2022-09-13-at-4.31.17-PM-1.jpeg\",\"contentUrl\":\"https:\/\/elpuucnoticias.com\/wp-content\/uploads\/2022\/09\/WhatsApp-Image-2022-09-13-at-4.31.17-PM-1.jpeg\",\"width\":720,\"height\":480},{\"@type\":\"WebPage\",\"@id\":\"https:\/\/elpuucnoticias.com\/?p=3497#webpage\",\"url\":\"https:\/\/elpuucnoticias.com\/?p=3497\",\"name\":\"Al recordar a los Ni\u00f1os H\u00e9roes, el alcalde de Peto insta a evitar aquellas diferencias que causan divisiones entre los mexicanos - El Puuc Noticias\",\"isPartOf\":{\"@id\":\"https:\/\/elpuucnoticias.com\/#website\"},\"primaryImageOfPage\":{\"@id\":\"https:\/\/elpuucnoticias.com\/?p=3497#primaryimage\"},\"datePublished\":\"2022-09-13T21:52:13+00:00\",\"dateModified\":\"2022-09-13T21:52:15+00:00\",\"author\":{\"@id\":\"https:\/\/elpuucnoticias.com\/#\/schema\/person\/d2ea09e4c97f0160b11cdfb1d856bd9e\"},\"breadcrumb\":{\"@id\":\"https:\/\/elpuucnoticias.com\/?p=3497#breadcrumb\"},\"inLanguage\":\"es\",\"potentialAction\":[{\"@type\":\"ReadAction\",\"target\":[\"https:\/\/elpuucnoticias.com\/?p=3497\"]}]},{\"@type\":\"BreadcrumbList\",\"@id\":\"https:\/\/elpuucnoticias.com\/?p=3497#breadcrumb\",\"itemListElement\":[{\"@type\":\"ListItem\",\"position\":1,\"name\":\"Portada\",\"item\":\"https:\/\/elpuucnoticias.com\/\"},{\"@type\":\"ListItem\",\"position\":2,\"name\":\"Al recordar a los Ni\u00f1os H\u00e9roes, el alcalde de Peto insta a evitar aquellas diferencias que causan divisiones entre los mexicanos\"}]},{\"@type\":\"Person\",\"@id\":\"https:\/\/elpuucnoticias.com\/#\/schema\/person\/d2ea09e4c97f0160b11cdfb1d856bd9e\",\"name\":\"elpuucnoticias\",\"image\":{\"@type\":\"ImageObject\",\"@id\":\"https:\/\/elpuucnoticias.com\/#personlogo\",\"inLanguage\":\"es\",\"url\":\"https:\/\/secure.gravatar.com\/avatar\/5290a43657c74ffa15701dbe5b846bd85cc71930d803c84e91046a7333de6ce2?s=96&d=mm&r=g\",\"contentUrl\":\"https:\/\/secure.gravatar.com\/avatar\/5290a43657c74ffa15701dbe5b846bd85cc71930d803c84e91046a7333de6ce2?s=96&d=mm&r=g\",\"caption\":\"elpuucnoticias\"},\"sameAs\":[\"https:\/\/elpuucnoticias.com\"],\"url\":\"https:\/\/elpuucnoticias.com\/?author=1\"}]}<\/script>\n<!-- \/ Yoast SEO plugin. -->","yoast_head_json":{"title":"Al recordar a los Ni\u00f1os H\u00e9roes, el alcalde de Peto insta a evitar aquellas diferencias que causan divisiones entre los mexicanos - El Puuc Noticias","robots":{"index":"index","follow":"follow","max-snippet":"max-snippet:-1","max-image-preview":"max-image-preview:large","max-video-preview":"max-video-preview:-1"},"canonical":"https:\/\/elpuucnoticias.com\/?p=3497","og_locale":"es_ES","og_type":"article","og_title":"Al recordar a los Ni\u00f1os H\u00e9roes, el alcalde de Peto insta a evitar aquellas diferencias que causan divisiones entre los mexicanos - El Puuc Noticias","og_description":"Este martes el Ayuntamiento de Peto conmemor\u00f3 el 175 aniversario de la Gesta Heroica de los Ni\u00f1os H\u00e9roes,","og_url":"https:\/\/elpuucnoticias.com\/?p=3497","og_site_name":"El Puuc Noticias","article_published_time":"2022-09-13T21:52:13+00:00","article_modified_time":"2022-09-13T21:52:15+00:00","og_image":[{"width":720,"height":480,"url":"https:\/\/elpuucnoticias.com\/wp-content\/uploads\/2022\/09\/WhatsApp-Image-2022-09-13-at-4.31.17-PM-1.jpeg","type":"image\/jpeg"}],"twitter_card":"summary_large_image","twitter_misc":{"Escrito por":"elpuucnoticias","Tiempo de lectura":"2 minutos"},"schema":{"@context":"https:\/\/schema.org","@graph":[{"@type":"WebSite","@id":"https:\/\/elpuucnoticias.com\/#website","url":"https:\/\/elpuucnoticias.com\/","name":"El Puuc Noticias","description":"Noticias - Entretenimiento - Deportes","potentialAction":[{"@type":"SearchAction","target":{"@type":"EntryPoint","urlTemplate":"https:\/\/elpuucnoticias.com\/?s={search_term_string}"},"query-input":"required name=search_term_string"}],"inLanguage":"es"},{"@type":"ImageObject","@id":"https:\/\/elpuucnoticias.com\/?p=3497#primaryimage","inLanguage":"es","url":"https:\/\/elpuucnoticias.com\/wp-content\/uploads\/2022\/09\/WhatsApp-Image-2022-09-13-at-4.31.17-PM-1.jpeg","contentUrl":"https:\/\/elpuucnoticias.com\/wp-content\/uploads\/2022\/09\/WhatsApp-Image-2022-09-13-at-4.31.17-PM-1.jpeg","width":720,"height":480},{"@type":"WebPage","@id":"https:\/\/elpuucnoticias.com\/?p=3497#webpage","url":"https:\/\/elpuucnoticias.com\/?p=3497","name":"Al recordar a los Ni\u00f1os H\u00e9roes, el alcalde de Peto insta a evitar aquellas diferencias que causan divisiones entre los mexicanos - El Puuc Noticias","isPartOf":{"@id":"https:\/\/elpuucnoticias.com\/#website"},"primaryImageOfPage":{"@id":"https:\/\/elpuucnoticias.com\/?p=3497#primaryimage"},"datePublished":"2022-09-13T21:52:13+00:00","dateModified":"2022-09-13T21:52:15+00:00","author":{"@id":"https:\/\/elpuucnoticias.com\/#\/schema\/person\/d2ea09e4c97f0160b11cdfb1d856bd9e"},"breadcrumb":{"@id":"https:\/\/elpuucnoticias.com\/?p=3497#breadcrumb"},"inLanguage":"es","potentialAction":[{"@type":"ReadAction","target":["https:\/\/elpuucnoticias.com\/?p=3497"]}]},{"@type":"BreadcrumbList","@id":"https:\/\/elpuucnoticias.com\/?p=3497#breadcrumb","itemListElement":[{"@type":"ListItem","position":1,"name":"Portada","item":"https:\/\/elpuucnoticias.com\/"},{"@type":"ListItem","position":2,"name":"Al recordar a los Ni\u00f1os H\u00e9roes, el alcalde de Peto insta a evitar aquellas diferencias que causan divisiones entre los mexicanos"}]},{"@type":"Person","@id":"https:\/\/elpuucnoticias.com\/#\/schema\/person\/d2ea09e4c97f0160b11cdfb1d856bd9e","name":"elpuucnoticias","image":{"@type":"ImageObject","@id":"https:\/\/elpuucnoticias.com\/#personlogo","inLanguage":"es","url":"https:\/\/secure.gravatar.com\/avatar\/5290a43657c74ffa15701dbe5b846bd85cc71930d803c84e91046a7333de6ce2?s=96&d=mm&r=g","contentUrl":"https:\/\/secure.gravatar.com\/avatar\/5290a43657c74ffa15701dbe5b846bd85cc71930d803c84e91046a7333de6ce2?s=96&d=mm&r=g","caption":"elpuucnoticias"},"sameAs":["https:\/\/elpuucnoticias.com"],"url":"https:\/\/elpuucnoticias.com\/?author=1"}]}},"_links":{"self":[{"href":"https:\/\/elpuucnoticias.com\/index.php?rest_route=\/wp\/v2\/posts\/3497","targetHints":{"allow":["GET"]}}],"collection":[{"href":"https:\/\/elpuucnoticias.com\/index.php?rest_route=\/wp\/v2\/posts"}],"about":[{"href":"https:\/\/elpuucnoticias.com\/index.php?rest_route=\/wp\/v2\/types\/post"}],"author":[{"embeddable":true,"href":"https:\/\/elpuucnoticias.com\/index.php?rest_route=\/wp\/v2\/users\/1"}],"replies":[{"embeddable":true,"href":"https:\/\/elpuucnoticias.com\/index.php?rest_route=%2Fwp%2Fv2%2Fcomments&post=3497"}],"version-history":[{"count":1,"href":"https:\/\/elpuucnoticias.com\/index.php?rest_route=\/wp\/v2\/posts\/3497\/revisions"}],"predecessor-version":[{"id":3502,"href":"https:\/\/elpuucnoticias.com\/index.php?rest_route=\/wp\/v2\/posts\/3497\/revisions\/3502"}],"wp:featuredmedia":[{"embeddable":true,"href":"https:\/\/elpuucnoticias.com\/index.php?rest_route=\/wp\/v2\/media\/3498"}],"wp:attachment":[{"href":"https:\/\/elpuucnoticias.com\/index.php?rest_route=%2Fwp%2Fv2%2Fmedia&parent=3497"}],"wp:term":[{"taxonomy":"category","embeddable":true,"href":"https:\/\/elpuucnoticias.com\/index.php?rest_route=%2Fwp%2Fv2%2Fcategories&post=3497"},{"taxonomy":"post_tag","embeddable":true,"href":"https:\/\/elpuucnoticias.com\/index.php?rest_route=%2Fwp%2Fv2%2Ftags&post=3497"}],"curies":[{"name":"wp","href":"https:\/\/api.w.org\/{rel}","templated":true}]}}