{"id":3509,"date":"2022-09-14T15:18:28","date_gmt":"2022-09-14T21:18:28","guid":{"rendered":"https:\/\/elpuucnoticias.com\/?p=3509"},"modified":"2022-09-14T15:18:29","modified_gmt":"2022-09-14T21:18:29","slug":"cientos-de-ninos-participan-en-el-desfile-de-preescolares-en-ticul","status":"publish","type":"post","link":"https:\/\/elpuucnoticias.com\/?p=3509","title":{"rendered":"Cientos de ni\u00f1os participan en el desfile de preescolares en Ticul"},"content":{"rendered":"\n<p>En Ticul esta ma\u00f1ana numerosos ni\u00f1os de preescolar desfilaron en conmemoraci\u00f3n de un aniversario m\u00e1s de la Independencia de M\u00e9xico.<\/p>\n\n\n\n<figure class=\"wp-block-gallery has-nested-images columns-default is-cropped wp-block-gallery-1 is-layout-flex wp-block-gallery-is-layout-flex\">\n<figure class=\"wp-block-image size-large\"><img loading=\"lazy\" decoding=\"async\" width=\"1024\" height=\"768\" data-id=\"3512\" src=\"https:\/\/elpuucnoticias.com\/wp-content\/uploads\/2022\/09\/WhatsApp-Image-2022-09-14-at-10.21.38-AM-1024x768.jpeg\" alt=\"\" class=\"wp-image-3512\" srcset=\"https:\/\/elpuucnoticias.com\/wp-content\/uploads\/2022\/09\/WhatsApp-Image-2022-09-14-at-10.21.38-AM-1024x768.jpeg 1024w, https:\/\/elpuucnoticias.com\/wp-content\/uploads\/2022\/09\/WhatsApp-Image-2022-09-14-at-10.21.38-AM-300x225.jpeg 300w, https:\/\/elpuucnoticias.com\/wp-content\/uploads\/2022\/09\/WhatsApp-Image-2022-09-14-at-10.21.38-AM-768x576.jpeg 768w, https:\/\/elpuucnoticias.com\/wp-content\/uploads\/2022\/09\/WhatsApp-Image-2022-09-14-at-10.21.38-AM.jpeg 1280w\" sizes=\"auto, (max-width: 1024px) 100vw, 1024px\" \/><\/figure>\n\n\n\n<figure class=\"wp-block-image size-large\"><img loading=\"lazy\" decoding=\"async\" width=\"1024\" height=\"768\" data-id=\"3511\" src=\"https:\/\/elpuucnoticias.com\/wp-content\/uploads\/2022\/09\/WhatsApp-Image-2022-09-14-at-10.17.50-AM-1024x768.jpeg\" alt=\"\" class=\"wp-image-3511\" srcset=\"https:\/\/elpuucnoticias.com\/wp-content\/uploads\/2022\/09\/WhatsApp-Image-2022-09-14-at-10.17.50-AM-1024x768.jpeg 1024w, https:\/\/elpuucnoticias.com\/wp-content\/uploads\/2022\/09\/WhatsApp-Image-2022-09-14-at-10.17.50-AM-300x225.jpeg 300w, https:\/\/elpuucnoticias.com\/wp-content\/uploads\/2022\/09\/WhatsApp-Image-2022-09-14-at-10.17.50-AM-768x576.jpeg 768w, https:\/\/elpuucnoticias.com\/wp-content\/uploads\/2022\/09\/WhatsApp-Image-2022-09-14-at-10.17.50-AM.jpeg 1280w\" sizes=\"auto, (max-width: 1024px) 100vw, 1024px\" \/><\/figure>\n<\/figure>\n\n\n\n<p>Tambi\u00e9n participaron ni\u00f1os del Centro de Atenci\u00f3n M\u00faltiple de esta ciudad. Peque\u00f1os con sus uniformes escolares y algunos con sus instrumentos de banda de guerra.<\/p>\n\n\n\n<figure class=\"wp-block-gallery has-nested-images columns-default is-cropped wp-block-gallery-2 is-layout-flex wp-block-gallery-is-layout-flex\">\n<figure class=\"wp-block-image size-large\"><img loading=\"lazy\" decoding=\"async\" width=\"1024\" height=\"768\" data-id=\"3513\" src=\"https:\/\/elpuucnoticias.com\/wp-content\/uploads\/2022\/09\/WhatsApp-Image-2022-09-14-at-10.17.48-AM-1024x768.jpeg\" alt=\"\" class=\"wp-image-3513\" srcset=\"https:\/\/elpuucnoticias.com\/wp-content\/uploads\/2022\/09\/WhatsApp-Image-2022-09-14-at-10.17.48-AM-1024x768.jpeg 1024w, https:\/\/elpuucnoticias.com\/wp-content\/uploads\/2022\/09\/WhatsApp-Image-2022-09-14-at-10.17.48-AM-300x225.jpeg 300w, https:\/\/elpuucnoticias.com\/wp-content\/uploads\/2022\/09\/WhatsApp-Image-2022-09-14-at-10.17.48-AM-768x576.jpeg 768w, https:\/\/elpuucnoticias.com\/wp-content\/uploads\/2022\/09\/WhatsApp-Image-2022-09-14-at-10.17.48-AM.jpeg 1280w\" sizes=\"auto, (max-width: 1024px) 100vw, 1024px\" \/><\/figure>\n\n\n\n<figure class=\"wp-block-image size-large\"><img loading=\"lazy\" decoding=\"async\" width=\"1024\" height=\"768\" data-id=\"3514\" src=\"https:\/\/elpuucnoticias.com\/wp-content\/uploads\/2022\/09\/WhatsApp-Image-2022-09-14-at-10.17.47-AM-1024x768.jpeg\" alt=\"\" class=\"wp-image-3514\" srcset=\"https:\/\/elpuucnoticias.com\/wp-content\/uploads\/2022\/09\/WhatsApp-Image-2022-09-14-at-10.17.47-AM-1024x768.jpeg 1024w, https:\/\/elpuucnoticias.com\/wp-content\/uploads\/2022\/09\/WhatsApp-Image-2022-09-14-at-10.17.47-AM-300x225.jpeg 300w, https:\/\/elpuucnoticias.com\/wp-content\/uploads\/2022\/09\/WhatsApp-Image-2022-09-14-at-10.17.47-AM-768x576.jpeg 768w, https:\/\/elpuucnoticias.com\/wp-content\/uploads\/2022\/09\/WhatsApp-Image-2022-09-14-at-10.17.47-AM.jpeg 1280w\" sizes=\"auto, (max-width: 1024px) 100vw, 1024px\" \/><\/figure>\n<\/figure>\n\n\n\n<p>Marcharon por el Centro de la ciudad. Hubo participaci\u00f3n de agentes de la Polic\u00eda Municipal y una ambulancia de la misma corporaci\u00f3n para cualquier emergencia.\u2014 <em>Pedro Chuc Tut \/ El Puuc Noticias<\/em><\/p>\n\n\n\n<figure class=\"wp-block-image size-full is-resized\"><img loading=\"lazy\" decoding=\"async\" src=\"https:\/\/elpuucnoticias.com\/wp-content\/uploads\/2022\/08\/BANNER-AGOSTO-22-2.jpg\" alt=\"\" class=\"wp-image-3086\" width=\"840\" height=\"193\" srcset=\"https:\/\/elpuucnoticias.com\/wp-content\/uploads\/2022\/08\/BANNER-AGOSTO-22-2.jpg 1024w, https:\/\/elpuucnoticias.com\/wp-content\/uploads\/2022\/08\/BANNER-AGOSTO-22-2-300x69.jpg 300w, https:\/\/elpuucnoticias.com\/wp-content\/uploads\/2022\/08\/BANNER-AGOSTO-22-2-768x177.jpg 768w\" sizes=\"auto, (max-width: 840px) 100vw, 840px\" \/><\/figure>\n","protected":false},"excerpt":{"rendered":"<p>En Ticul esta ma\u00f1ana numerosos ni\u00f1os de preescolar desfilaron en conmemoraci\u00f3n de un aniversario m\u00e1s de la Independencia<\/p>\n","protected":false},"author":1,"featured_media":3510,"comment_status":"closed","ping_status":"open","sticky":false,"template":"","format":"standard","meta":{"_monsterinsights_skip_tracking":false,"_monsterinsights_sitenote_active":false,"_monsterinsights_sitenote_note":"","_monsterinsights_sitenote_category":0,"footnotes":""},"categories":[11,13],"tags":[],"class_list":["post-3509","post","type-post","status-publish","format-standard","has-post-thumbnail","hentry","category-noticias","category-ticul"],"yoast_head":"<!-- This site is optimized with the Yoast SEO plugin v18.3 - https:\/\/yoast.com\/wordpress\/plugins\/seo\/ -->\n<title>Cientos de ni\u00f1os participan en el desfile de preescolares en Ticul - El Puuc Noticias<\/title>\n<meta name=\"robots\" content=\"index, follow, max-snippet:-1, max-image-preview:large, max-video-preview:-1\" \/>\n<link rel=\"canonical\" href=\"https:\/\/elpuucnoticias.com\/?p=3509\" \/>\n<meta property=\"og:locale\" content=\"es_ES\" \/>\n<meta property=\"og:type\" content=\"article\" \/>\n<meta property=\"og:title\" content=\"Cientos de ni\u00f1os participan en el desfile de preescolares en Ticul - El Puuc Noticias\" \/>\n<meta property=\"og:description\" content=\"En Ticul esta ma\u00f1ana numerosos ni\u00f1os de preescolar desfilaron en conmemoraci\u00f3n de un aniversario m\u00e1s de la Independencia\" \/>\n<meta property=\"og:url\" content=\"https:\/\/elpuucnoticias.com\/?p=3509\" \/>\n<meta property=\"og:site_name\" content=\"El Puuc Noticias\" \/>\n<meta property=\"article:published_time\" content=\"2022-09-14T21:18:28+00:00\" \/>\n<meta property=\"article:modified_time\" content=\"2022-09-14T21:18:29+00:00\" \/>\n<meta property=\"og:image\" content=\"https:\/\/elpuucnoticias.com\/wp-content\/uploads\/2022\/09\/WhatsApp-Image-2022-09-14-at-10.17.52-AM.jpeg\" \/>\n\t<meta property=\"og:image:width\" content=\"1600\" \/>\n\t<meta property=\"og:image:height\" content=\"1012\" \/>\n\t<meta property=\"og:image:type\" content=\"image\/jpeg\" \/>\n<meta name=\"twitter:card\" content=\"summary_large_image\" \/>\n<meta name=\"twitter:label1\" content=\"Escrito por\" \/>\n\t<meta name=\"twitter:data1\" content=\"elpuucnoticias\" \/>\n\t<meta name=\"twitter:label2\" content=\"Tiempo de lectura\" \/>\n\t<meta name=\"twitter:data2\" content=\"2 minutos\" \/>\n<script type=\"application\/ld+json\" class=\"yoast-schema-graph\">{\"@context\":\"https:\/\/schema.org\",\"@graph\":[{\"@type\":\"WebSite\",\"@id\":\"https:\/\/elpuucnoticias.com\/#website\",\"url\":\"https:\/\/elpuucnoticias.com\/\",\"name\":\"El Puuc Noticias\",\"description\":\"Noticias - Entretenimiento - Deportes\",\"potentialAction\":[{\"@type\":\"SearchAction\",\"target\":{\"@type\":\"EntryPoint\",\"urlTemplate\":\"https:\/\/elpuucnoticias.com\/?s={search_term_string}\"},\"query-input\":\"required name=search_term_string\"}],\"inLanguage\":\"es\"},{\"@type\":\"ImageObject\",\"@id\":\"https:\/\/elpuucnoticias.com\/?p=3509#primaryimage\",\"inLanguage\":\"es\",\"url\":\"https:\/\/elpuucnoticias.com\/wp-content\/uploads\/2022\/09\/WhatsApp-Image-2022-09-14-at-10.17.52-AM.jpeg\",\"contentUrl\":\"https:\/\/elpuucnoticias.com\/wp-content\/uploads\/2022\/09\/WhatsApp-Image-2022-09-14-at-10.17.52-AM.jpeg\",\"width\":1600,\"height\":1012},{\"@type\":\"WebPage\",\"@id\":\"https:\/\/elpuucnoticias.com\/?p=3509#webpage\",\"url\":\"https:\/\/elpuucnoticias.com\/?p=3509\",\"name\":\"Cientos de ni\u00f1os participan en el desfile de preescolares en Ticul - El Puuc Noticias\",\"isPartOf\":{\"@id\":\"https:\/\/elpuucnoticias.com\/#website\"},\"primaryImageOfPage\":{\"@id\":\"https:\/\/elpuucnoticias.com\/?p=3509#primaryimage\"},\"datePublished\":\"2022-09-14T21:18:28+00:00\",\"dateModified\":\"2022-09-14T21:18:29+00:00\",\"author\":{\"@id\":\"https:\/\/elpuucnoticias.com\/#\/schema\/person\/d2ea09e4c97f0160b11cdfb1d856bd9e\"},\"breadcrumb\":{\"@id\":\"https:\/\/elpuucnoticias.com\/?p=3509#breadcrumb\"},\"inLanguage\":\"es\",\"potentialAction\":[{\"@type\":\"ReadAction\",\"target\":[\"https:\/\/elpuucnoticias.com\/?p=3509\"]}]},{\"@type\":\"BreadcrumbList\",\"@id\":\"https:\/\/elpuucnoticias.com\/?p=3509#breadcrumb\",\"itemListElement\":[{\"@type\":\"ListItem\",\"position\":1,\"name\":\"Portada\",\"item\":\"https:\/\/elpuucnoticias.com\/\"},{\"@type\":\"ListItem\",\"position\":2,\"name\":\"Cientos de ni\u00f1os participan en el desfile de preescolares en Ticul\"}]},{\"@type\":\"Person\",\"@id\":\"https:\/\/elpuucnoticias.com\/#\/schema\/person\/d2ea09e4c97f0160b11cdfb1d856bd9e\",\"name\":\"elpuucnoticias\",\"image\":{\"@type\":\"ImageObject\",\"@id\":\"https:\/\/elpuucnoticias.com\/#personlogo\",\"inLanguage\":\"es\",\"url\":\"https:\/\/secure.gravatar.com\/avatar\/5290a43657c74ffa15701dbe5b846bd85cc71930d803c84e91046a7333de6ce2?s=96&d=mm&r=g\",\"contentUrl\":\"https:\/\/secure.gravatar.com\/avatar\/5290a43657c74ffa15701dbe5b846bd85cc71930d803c84e91046a7333de6ce2?s=96&d=mm&r=g\",\"caption\":\"elpuucnoticias\"},\"sameAs\":[\"https:\/\/elpuucnoticias.com\"],\"url\":\"https:\/\/elpuucnoticias.com\/?author=1\"}]}<\/script>\n<!-- \/ Yoast SEO plugin. -->","yoast_head_json":{"title":"Cientos de ni\u00f1os participan en el desfile de preescolares en Ticul - El Puuc Noticias","robots":{"index":"index","follow":"follow","max-snippet":"max-snippet:-1","max-image-preview":"max-image-preview:large","max-video-preview":"max-video-preview:-1"},"canonical":"https:\/\/elpuucnoticias.com\/?p=3509","og_locale":"es_ES","og_type":"article","og_title":"Cientos de ni\u00f1os participan en el desfile de preescolares en Ticul - El Puuc Noticias","og_description":"En Ticul esta ma\u00f1ana numerosos ni\u00f1os de preescolar desfilaron en conmemoraci\u00f3n de un aniversario m\u00e1s de la Independencia","og_url":"https:\/\/elpuucnoticias.com\/?p=3509","og_site_name":"El Puuc Noticias","article_published_time":"2022-09-14T21:18:28+00:00","article_modified_time":"2022-09-14T21:18:29+00:00","og_image":[{"width":1600,"height":1012,"url":"https:\/\/elpuucnoticias.com\/wp-content\/uploads\/2022\/09\/WhatsApp-Image-2022-09-14-at-10.17.52-AM.jpeg","type":"image\/jpeg"}],"twitter_card":"summary_large_image","twitter_misc":{"Escrito por":"elpuucnoticias","Tiempo de lectura":"2 minutos"},"schema":{"@context":"https:\/\/schema.org","@graph":[{"@type":"WebSite","@id":"https:\/\/elpuucnoticias.com\/#website","url":"https:\/\/elpuucnoticias.com\/","name":"El Puuc Noticias","description":"Noticias - Entretenimiento - Deportes","potentialAction":[{"@type":"SearchAction","target":{"@type":"EntryPoint","urlTemplate":"https:\/\/elpuucnoticias.com\/?s={search_term_string}"},"query-input":"required name=search_term_string"}],"inLanguage":"es"},{"@type":"ImageObject","@id":"https:\/\/elpuucnoticias.com\/?p=3509#primaryimage","inLanguage":"es","url":"https:\/\/elpuucnoticias.com\/wp-content\/uploads\/2022\/09\/WhatsApp-Image-2022-09-14-at-10.17.52-AM.jpeg","contentUrl":"https:\/\/elpuucnoticias.com\/wp-content\/uploads\/2022\/09\/WhatsApp-Image-2022-09-14-at-10.17.52-AM.jpeg","width":1600,"height":1012},{"@type":"WebPage","@id":"https:\/\/elpuucnoticias.com\/?p=3509#webpage","url":"https:\/\/elpuucnoticias.com\/?p=3509","name":"Cientos de ni\u00f1os participan en el desfile de preescolares en Ticul - El Puuc Noticias","isPartOf":{"@id":"https:\/\/elpuucnoticias.com\/#website"},"primaryImageOfPage":{"@id":"https:\/\/elpuucnoticias.com\/?p=3509#primaryimage"},"datePublished":"2022-09-14T21:18:28+00:00","dateModified":"2022-09-14T21:18:29+00:00","author":{"@id":"https:\/\/elpuucnoticias.com\/#\/schema\/person\/d2ea09e4c97f0160b11cdfb1d856bd9e"},"breadcrumb":{"@id":"https:\/\/elpuucnoticias.com\/?p=3509#breadcrumb"},"inLanguage":"es","potentialAction":[{"@type":"ReadAction","target":["https:\/\/elpuucnoticias.com\/?p=3509"]}]},{"@type":"BreadcrumbList","@id":"https:\/\/elpuucnoticias.com\/?p=3509#breadcrumb","itemListElement":[{"@type":"ListItem","position":1,"name":"Portada","item":"https:\/\/elpuucnoticias.com\/"},{"@type":"ListItem","position":2,"name":"Cientos de ni\u00f1os participan en el desfile de preescolares en Ticul"}]},{"@type":"Person","@id":"https:\/\/elpuucnoticias.com\/#\/schema\/person\/d2ea09e4c97f0160b11cdfb1d856bd9e","name":"elpuucnoticias","image":{"@type":"ImageObject","@id":"https:\/\/elpuucnoticias.com\/#personlogo","inLanguage":"es","url":"https:\/\/secure.gravatar.com\/avatar\/5290a43657c74ffa15701dbe5b846bd85cc71930d803c84e91046a7333de6ce2?s=96&d=mm&r=g","contentUrl":"https:\/\/secure.gravatar.com\/avatar\/5290a43657c74ffa15701dbe5b846bd85cc71930d803c84e91046a7333de6ce2?s=96&d=mm&r=g","caption":"elpuucnoticias"},"sameAs":["https:\/\/elpuucnoticias.com"],"url":"https:\/\/elpuucnoticias.com\/?author=1"}]}},"_links":{"self":[{"href":"https:\/\/elpuucnoticias.com\/index.php?rest_route=\/wp\/v2\/posts\/3509","targetHints":{"allow":["GET"]}}],"collection":[{"href":"https:\/\/elpuucnoticias.com\/index.php?rest_route=\/wp\/v2\/posts"}],"about":[{"href":"https:\/\/elpuucnoticias.com\/index.php?rest_route=\/wp\/v2\/types\/post"}],"author":[{"embeddable":true,"href":"https:\/\/elpuucnoticias.com\/index.php?rest_route=\/wp\/v2\/users\/1"}],"replies":[{"embeddable":true,"href":"https:\/\/elpuucnoticias.com\/index.php?rest_route=%2Fwp%2Fv2%2Fcomments&post=3509"}],"version-history":[{"count":1,"href":"https:\/\/elpuucnoticias.com\/index.php?rest_route=\/wp\/v2\/posts\/3509\/revisions"}],"predecessor-version":[{"id":3515,"href":"https:\/\/elpuucnoticias.com\/index.php?rest_route=\/wp\/v2\/posts\/3509\/revisions\/3515"}],"wp:featuredmedia":[{"embeddable":true,"href":"https:\/\/elpuucnoticias.com\/index.php?rest_route=\/wp\/v2\/media\/3510"}],"wp:attachment":[{"href":"https:\/\/elpuucnoticias.com\/index.php?rest_route=%2Fwp%2Fv2%2Fmedia&parent=3509"}],"wp:term":[{"taxonomy":"category","embeddable":true,"href":"https:\/\/elpuucnoticias.com\/index.php?rest_route=%2Fwp%2Fv2%2Fcategories&post=3509"},{"taxonomy":"post_tag","embeddable":true,"href":"https:\/\/elpuucnoticias.com\/index.php?rest_route=%2Fwp%2Fv2%2Ftags&post=3509"}],"curies":[{"name":"wp","href":"https:\/\/api.w.org\/{rel}","templated":true}]}}