{"id":3516,"date":"2022-09-14T15:36:22","date_gmt":"2022-09-14T21:36:22","guid":{"rendered":"https:\/\/elpuucnoticias.com\/?p=3516"},"modified":"2022-09-14T15:36:23","modified_gmt":"2022-09-14T21:36:23","slug":"galeria-desfile-de-ninos-de-preescolar-de-ticul","status":"publish","type":"post","link":"https:\/\/elpuucnoticias.com\/?p=3516","title":{"rendered":"Galer\u00eda: Desfile de ni\u00f1os de preescolar de Ticul"},"content":{"rendered":"\n<p>La ma\u00f1ana de este 14 de septiembre se llev\u00f3 a cabo el primer desfile de Prescolares en La Perla del Sur.<\/p>\n\n\n\n<figure class=\"wp-block-gallery has-nested-images columns-default is-cropped wp-block-gallery-1 is-layout-flex wp-block-gallery-is-layout-flex\">\n<figure class=\"wp-block-image size-large\"><img loading=\"lazy\" decoding=\"async\" width=\"1024\" height=\"508\" data-id=\"3518\" src=\"https:\/\/elpuucnoticias.com\/wp-content\/uploads\/2022\/09\/desfiles-ticul-6-1024x508.jpeg\" alt=\"\" class=\"wp-image-3518\" srcset=\"https:\/\/elpuucnoticias.com\/wp-content\/uploads\/2022\/09\/desfiles-ticul-6-1024x508.jpeg 1024w, https:\/\/elpuucnoticias.com\/wp-content\/uploads\/2022\/09\/desfiles-ticul-6-300x149.jpeg 300w, https:\/\/elpuucnoticias.com\/wp-content\/uploads\/2022\/09\/desfiles-ticul-6-768x381.jpeg 768w, https:\/\/elpuucnoticias.com\/wp-content\/uploads\/2022\/09\/desfiles-ticul-6.jpeg 1451w\" sizes=\"auto, (max-width: 1024px) 100vw, 1024px\" \/><\/figure>\n\n\n\n<figure class=\"wp-block-image size-large\"><img loading=\"lazy\" decoding=\"async\" width=\"1024\" height=\"539\" data-id=\"3519\" src=\"https:\/\/elpuucnoticias.com\/wp-content\/uploads\/2022\/09\/desfiles-ticul-7-1024x539.jpeg\" alt=\"\" class=\"wp-image-3519\" srcset=\"https:\/\/elpuucnoticias.com\/wp-content\/uploads\/2022\/09\/desfiles-ticul-7-1024x539.jpeg 1024w, https:\/\/elpuucnoticias.com\/wp-content\/uploads\/2022\/09\/desfiles-ticul-7-300x158.jpeg 300w, https:\/\/elpuucnoticias.com\/wp-content\/uploads\/2022\/09\/desfiles-ticul-7-768x404.jpeg 768w, https:\/\/elpuucnoticias.com\/wp-content\/uploads\/2022\/09\/desfiles-ticul-7.jpeg 1368w\" sizes=\"auto, (max-width: 1024px) 100vw, 1024px\" \/><\/figure>\n<\/figure>\n\n\n\n<p>Se di\u00f3 inicio a las 8 de la ma\u00f1ana en la Plaza C \u00edvica del parque principal, d\u00f3nde estuvieron presentes los directores de cada escuela, as\u00ed como el presidente, Rafael Mata Montalvo, quien dio palabras conmovedoras hacia el p\u00fablico en general.<\/p>\n\n\n\n<figure class=\"wp-block-gallery has-nested-images columns-default is-cropped wp-block-gallery-2 is-layout-flex wp-block-gallery-is-layout-flex\">\n<figure class=\"wp-block-image size-large\"><img loading=\"lazy\" decoding=\"async\" width=\"1024\" height=\"598\" data-id=\"3521\" src=\"https:\/\/elpuucnoticias.com\/wp-content\/uploads\/2022\/09\/desfiles-ticul-5-1024x598.jpeg\" alt=\"\" class=\"wp-image-3521\" srcset=\"https:\/\/elpuucnoticias.com\/wp-content\/uploads\/2022\/09\/desfiles-ticul-5-1024x598.jpeg 1024w, https:\/\/elpuucnoticias.com\/wp-content\/uploads\/2022\/09\/desfiles-ticul-5-300x175.jpeg 300w, https:\/\/elpuucnoticias.com\/wp-content\/uploads\/2022\/09\/desfiles-ticul-5-768x449.jpeg 768w, https:\/\/elpuucnoticias.com\/wp-content\/uploads\/2022\/09\/desfiles-ticul-5.jpeg 1232w\" sizes=\"auto, (max-width: 1024px) 100vw, 1024px\" \/><\/figure>\n\n\n\n<figure class=\"wp-block-image size-large\"><img loading=\"lazy\" decoding=\"async\" width=\"1024\" height=\"527\" data-id=\"3520\" src=\"https:\/\/elpuucnoticias.com\/wp-content\/uploads\/2022\/09\/desfiles-ticul-4-1024x527.jpeg\" alt=\"\" class=\"wp-image-3520\" srcset=\"https:\/\/elpuucnoticias.com\/wp-content\/uploads\/2022\/09\/desfiles-ticul-4-1024x527.jpeg 1024w, https:\/\/elpuucnoticias.com\/wp-content\/uploads\/2022\/09\/desfiles-ticul-4-300x154.jpeg 300w, https:\/\/elpuucnoticias.com\/wp-content\/uploads\/2022\/09\/desfiles-ticul-4-768x395.jpeg 768w, https:\/\/elpuucnoticias.com\/wp-content\/uploads\/2022\/09\/desfiles-ticul-4.jpeg 1375w\" sizes=\"auto, (max-width: 1024px) 100vw, 1024px\" \/><\/figure>\n<\/figure>\n\n\n\n<p>Durante el desfile se presentaron varios atuendos y accesorios de las diferentes escuelitas relacionados al mes patrio, los ni\u00f1os brindaron mucho entusiasmo y diversi\u00f3n.<\/p>\n\n\n\n<figure class=\"wp-block-gallery has-nested-images columns-default is-cropped wp-block-gallery-3 is-layout-flex wp-block-gallery-is-layout-flex\">\n<figure class=\"wp-block-image size-large\"><img loading=\"lazy\" decoding=\"async\" width=\"1024\" height=\"552\" data-id=\"3522\" src=\"https:\/\/elpuucnoticias.com\/wp-content\/uploads\/2022\/09\/desfiles-ticul-2-1024x552.jpeg\" alt=\"\" class=\"wp-image-3522\" srcset=\"https:\/\/elpuucnoticias.com\/wp-content\/uploads\/2022\/09\/desfiles-ticul-2-1024x552.jpeg 1024w, https:\/\/elpuucnoticias.com\/wp-content\/uploads\/2022\/09\/desfiles-ticul-2-300x162.jpeg 300w, https:\/\/elpuucnoticias.com\/wp-content\/uploads\/2022\/09\/desfiles-ticul-2-768x414.jpeg 768w, https:\/\/elpuucnoticias.com\/wp-content\/uploads\/2022\/09\/desfiles-ticul-2.jpeg 1336w\" sizes=\"auto, (max-width: 1024px) 100vw, 1024px\" \/><\/figure>\n\n\n\n<figure class=\"wp-block-image size-large\"><img loading=\"lazy\" decoding=\"async\" width=\"1024\" height=\"536\" data-id=\"3523\" src=\"https:\/\/elpuucnoticias.com\/wp-content\/uploads\/2022\/09\/desfiles-ticul-3-1024x536.jpeg\" alt=\"\" class=\"wp-image-3523\" srcset=\"https:\/\/elpuucnoticias.com\/wp-content\/uploads\/2022\/09\/desfiles-ticul-3-1024x536.jpeg 1024w, https:\/\/elpuucnoticias.com\/wp-content\/uploads\/2022\/09\/desfiles-ticul-3-300x157.jpeg 300w, https:\/\/elpuucnoticias.com\/wp-content\/uploads\/2022\/09\/desfiles-ticul-3-768x402.jpeg 768w, https:\/\/elpuucnoticias.com\/wp-content\/uploads\/2022\/09\/desfiles-ticul-3.jpeg 1375w\" sizes=\"auto, (max-width: 1024px) 100vw, 1024px\" \/><\/figure>\n<\/figure>\n\n\n\n<p>Tambi\u00e9n estuvo presente la banda de guerra los Caballeros Negros quien encabez\u00f3 el desfile de estos peque\u00f1os.\u2014 <em>Mar\u00eda Loeza Cach \/ El Puuc Noticias<\/em><\/p>\n\n\n\n<figure class=\"wp-block-gallery has-nested-images columns-default is-cropped wp-block-gallery-4 is-layout-flex wp-block-gallery-is-layout-flex\">\n<figure class=\"wp-block-image size-large\"><img loading=\"lazy\" decoding=\"async\" width=\"1024\" height=\"559\" data-id=\"3525\" src=\"https:\/\/elpuucnoticias.com\/wp-content\/uploads\/2022\/09\/desfiles-ticul-9-1024x559.jpeg\" alt=\"\" class=\"wp-image-3525\" srcset=\"https:\/\/elpuucnoticias.com\/wp-content\/uploads\/2022\/09\/desfiles-ticul-9-1024x559.jpeg 1024w, https:\/\/elpuucnoticias.com\/wp-content\/uploads\/2022\/09\/desfiles-ticul-9-300x164.jpeg 300w, https:\/\/elpuucnoticias.com\/wp-content\/uploads\/2022\/09\/desfiles-ticul-9-768x420.jpeg 768w, https:\/\/elpuucnoticias.com\/wp-content\/uploads\/2022\/09\/desfiles-ticul-9.jpeg 1318w\" sizes=\"auto, (max-width: 1024px) 100vw, 1024px\" \/><\/figure>\n\n\n\n<figure class=\"wp-block-image size-large\"><img loading=\"lazy\" decoding=\"async\" width=\"720\" height=\"1005\" data-id=\"3524\" src=\"https:\/\/elpuucnoticias.com\/wp-content\/uploads\/2022\/09\/desfiles-ticul-1.jpeg\" alt=\"\" class=\"wp-image-3524\" srcset=\"https:\/\/elpuucnoticias.com\/wp-content\/uploads\/2022\/09\/desfiles-ticul-1.jpeg 720w, https:\/\/elpuucnoticias.com\/wp-content\/uploads\/2022\/09\/desfiles-ticul-1-215x300.jpeg 215w\" sizes=\"auto, (max-width: 720px) 100vw, 720px\" \/><\/figure>\n<\/figure>\n","protected":false},"excerpt":{"rendered":"<p>La ma\u00f1ana de este 14 de septiembre se llev\u00f3 a cabo el primer desfile de Prescolares en La<\/p>\n","protected":false},"author":1,"featured_media":3517,"comment_status":"closed","ping_status":"open","sticky":false,"template":"","format":"standard","meta":{"_monsterinsights_skip_tracking":false,"_monsterinsights_sitenote_active":false,"_monsterinsights_sitenote_note":"","_monsterinsights_sitenote_category":0,"footnotes":""},"categories":[21,11,13],"tags":[],"class_list":["post-3516","post","type-post","status-publish","format-standard","has-post-thumbnail","hentry","category-galerias","category-noticias","category-ticul"],"yoast_head":"<!-- This site is optimized with the Yoast SEO plugin v18.3 - https:\/\/yoast.com\/wordpress\/plugins\/seo\/ -->\n<title>Galer\u00eda: Desfile de ni\u00f1os de preescolar de Ticul - El Puuc Noticias<\/title>\n<meta name=\"robots\" content=\"index, follow, max-snippet:-1, max-image-preview:large, max-video-preview:-1\" \/>\n<link rel=\"canonical\" href=\"https:\/\/elpuucnoticias.com\/?p=3516\" \/>\n<meta property=\"og:locale\" content=\"es_ES\" \/>\n<meta property=\"og:type\" content=\"article\" \/>\n<meta property=\"og:title\" content=\"Galer\u00eda: Desfile de ni\u00f1os de preescolar de Ticul - El Puuc Noticias\" \/>\n<meta property=\"og:description\" content=\"La ma\u00f1ana de este 14 de septiembre se llev\u00f3 a cabo el primer desfile de Prescolares en La\" \/>\n<meta property=\"og:url\" content=\"https:\/\/elpuucnoticias.com\/?p=3516\" \/>\n<meta property=\"og:site_name\" content=\"El Puuc Noticias\" \/>\n<meta property=\"article:published_time\" content=\"2022-09-14T21:36:22+00:00\" \/>\n<meta property=\"article:modified_time\" content=\"2022-09-14T21:36:23+00:00\" \/>\n<meta property=\"og:image\" content=\"https:\/\/elpuucnoticias.com\/wp-content\/uploads\/2022\/09\/desfiles-ticul-8.jpeg\" \/>\n\t<meta property=\"og:image:width\" content=\"1218\" \/>\n\t<meta property=\"og:image:height\" content=\"720\" \/>\n\t<meta property=\"og:image:type\" content=\"image\/jpeg\" \/>\n<meta name=\"twitter:card\" content=\"summary_large_image\" \/>\n<meta name=\"twitter:label1\" content=\"Escrito por\" \/>\n\t<meta name=\"twitter:data1\" content=\"elpuucnoticias\" \/>\n\t<meta name=\"twitter:label2\" content=\"Tiempo de lectura\" \/>\n\t<meta name=\"twitter:data2\" content=\"3 minutos\" \/>\n<script type=\"application\/ld+json\" class=\"yoast-schema-graph\">{\"@context\":\"https:\/\/schema.org\",\"@graph\":[{\"@type\":\"WebSite\",\"@id\":\"https:\/\/elpuucnoticias.com\/#website\",\"url\":\"https:\/\/elpuucnoticias.com\/\",\"name\":\"El Puuc Noticias\",\"description\":\"Noticias - Entretenimiento - Deportes\",\"potentialAction\":[{\"@type\":\"SearchAction\",\"target\":{\"@type\":\"EntryPoint\",\"urlTemplate\":\"https:\/\/elpuucnoticias.com\/?s={search_term_string}\"},\"query-input\":\"required name=search_term_string\"}],\"inLanguage\":\"es\"},{\"@type\":\"ImageObject\",\"@id\":\"https:\/\/elpuucnoticias.com\/?p=3516#primaryimage\",\"inLanguage\":\"es\",\"url\":\"https:\/\/elpuucnoticias.com\/wp-content\/uploads\/2022\/09\/desfiles-ticul-8.jpeg\",\"contentUrl\":\"https:\/\/elpuucnoticias.com\/wp-content\/uploads\/2022\/09\/desfiles-ticul-8.jpeg\",\"width\":1218,\"height\":720},{\"@type\":\"WebPage\",\"@id\":\"https:\/\/elpuucnoticias.com\/?p=3516#webpage\",\"url\":\"https:\/\/elpuucnoticias.com\/?p=3516\",\"name\":\"Galer\u00eda: Desfile de ni\u00f1os de preescolar de Ticul - El Puuc Noticias\",\"isPartOf\":{\"@id\":\"https:\/\/elpuucnoticias.com\/#website\"},\"primaryImageOfPage\":{\"@id\":\"https:\/\/elpuucnoticias.com\/?p=3516#primaryimage\"},\"datePublished\":\"2022-09-14T21:36:22+00:00\",\"dateModified\":\"2022-09-14T21:36:23+00:00\",\"author\":{\"@id\":\"https:\/\/elpuucnoticias.com\/#\/schema\/person\/d2ea09e4c97f0160b11cdfb1d856bd9e\"},\"breadcrumb\":{\"@id\":\"https:\/\/elpuucnoticias.com\/?p=3516#breadcrumb\"},\"inLanguage\":\"es\",\"potentialAction\":[{\"@type\":\"ReadAction\",\"target\":[\"https:\/\/elpuucnoticias.com\/?p=3516\"]}]},{\"@type\":\"BreadcrumbList\",\"@id\":\"https:\/\/elpuucnoticias.com\/?p=3516#breadcrumb\",\"itemListElement\":[{\"@type\":\"ListItem\",\"position\":1,\"name\":\"Portada\",\"item\":\"https:\/\/elpuucnoticias.com\/\"},{\"@type\":\"ListItem\",\"position\":2,\"name\":\"Galer\u00eda: Desfile de ni\u00f1os de preescolar de Ticul\"}]},{\"@type\":\"Person\",\"@id\":\"https:\/\/elpuucnoticias.com\/#\/schema\/person\/d2ea09e4c97f0160b11cdfb1d856bd9e\",\"name\":\"elpuucnoticias\",\"image\":{\"@type\":\"ImageObject\",\"@id\":\"https:\/\/elpuucnoticias.com\/#personlogo\",\"inLanguage\":\"es\",\"url\":\"https:\/\/secure.gravatar.com\/avatar\/5290a43657c74ffa15701dbe5b846bd85cc71930d803c84e91046a7333de6ce2?s=96&d=mm&r=g\",\"contentUrl\":\"https:\/\/secure.gravatar.com\/avatar\/5290a43657c74ffa15701dbe5b846bd85cc71930d803c84e91046a7333de6ce2?s=96&d=mm&r=g\",\"caption\":\"elpuucnoticias\"},\"sameAs\":[\"https:\/\/elpuucnoticias.com\"],\"url\":\"https:\/\/elpuucnoticias.com\/?author=1\"}]}<\/script>\n<!-- \/ Yoast SEO plugin. -->","yoast_head_json":{"title":"Galer\u00eda: Desfile de ni\u00f1os de preescolar de Ticul - El Puuc Noticias","robots":{"index":"index","follow":"follow","max-snippet":"max-snippet:-1","max-image-preview":"max-image-preview:large","max-video-preview":"max-video-preview:-1"},"canonical":"https:\/\/elpuucnoticias.com\/?p=3516","og_locale":"es_ES","og_type":"article","og_title":"Galer\u00eda: Desfile de ni\u00f1os de preescolar de Ticul - El Puuc Noticias","og_description":"La ma\u00f1ana de este 14 de septiembre se llev\u00f3 a cabo el primer desfile de Prescolares en La","og_url":"https:\/\/elpuucnoticias.com\/?p=3516","og_site_name":"El Puuc Noticias","article_published_time":"2022-09-14T21:36:22+00:00","article_modified_time":"2022-09-14T21:36:23+00:00","og_image":[{"width":1218,"height":720,"url":"https:\/\/elpuucnoticias.com\/wp-content\/uploads\/2022\/09\/desfiles-ticul-8.jpeg","type":"image\/jpeg"}],"twitter_card":"summary_large_image","twitter_misc":{"Escrito por":"elpuucnoticias","Tiempo de lectura":"3 minutos"},"schema":{"@context":"https:\/\/schema.org","@graph":[{"@type":"WebSite","@id":"https:\/\/elpuucnoticias.com\/#website","url":"https:\/\/elpuucnoticias.com\/","name":"El Puuc Noticias","description":"Noticias - Entretenimiento - Deportes","potentialAction":[{"@type":"SearchAction","target":{"@type":"EntryPoint","urlTemplate":"https:\/\/elpuucnoticias.com\/?s={search_term_string}"},"query-input":"required name=search_term_string"}],"inLanguage":"es"},{"@type":"ImageObject","@id":"https:\/\/elpuucnoticias.com\/?p=3516#primaryimage","inLanguage":"es","url":"https:\/\/elpuucnoticias.com\/wp-content\/uploads\/2022\/09\/desfiles-ticul-8.jpeg","contentUrl":"https:\/\/elpuucnoticias.com\/wp-content\/uploads\/2022\/09\/desfiles-ticul-8.jpeg","width":1218,"height":720},{"@type":"WebPage","@id":"https:\/\/elpuucnoticias.com\/?p=3516#webpage","url":"https:\/\/elpuucnoticias.com\/?p=3516","name":"Galer\u00eda: Desfile de ni\u00f1os de preescolar de Ticul - El Puuc Noticias","isPartOf":{"@id":"https:\/\/elpuucnoticias.com\/#website"},"primaryImageOfPage":{"@id":"https:\/\/elpuucnoticias.com\/?p=3516#primaryimage"},"datePublished":"2022-09-14T21:36:22+00:00","dateModified":"2022-09-14T21:36:23+00:00","author":{"@id":"https:\/\/elpuucnoticias.com\/#\/schema\/person\/d2ea09e4c97f0160b11cdfb1d856bd9e"},"breadcrumb":{"@id":"https:\/\/elpuucnoticias.com\/?p=3516#breadcrumb"},"inLanguage":"es","potentialAction":[{"@type":"ReadAction","target":["https:\/\/elpuucnoticias.com\/?p=3516"]}]},{"@type":"BreadcrumbList","@id":"https:\/\/elpuucnoticias.com\/?p=3516#breadcrumb","itemListElement":[{"@type":"ListItem","position":1,"name":"Portada","item":"https:\/\/elpuucnoticias.com\/"},{"@type":"ListItem","position":2,"name":"Galer\u00eda: Desfile de ni\u00f1os de preescolar de Ticul"}]},{"@type":"Person","@id":"https:\/\/elpuucnoticias.com\/#\/schema\/person\/d2ea09e4c97f0160b11cdfb1d856bd9e","name":"elpuucnoticias","image":{"@type":"ImageObject","@id":"https:\/\/elpuucnoticias.com\/#personlogo","inLanguage":"es","url":"https:\/\/secure.gravatar.com\/avatar\/5290a43657c74ffa15701dbe5b846bd85cc71930d803c84e91046a7333de6ce2?s=96&d=mm&r=g","contentUrl":"https:\/\/secure.gravatar.com\/avatar\/5290a43657c74ffa15701dbe5b846bd85cc71930d803c84e91046a7333de6ce2?s=96&d=mm&r=g","caption":"elpuucnoticias"},"sameAs":["https:\/\/elpuucnoticias.com"],"url":"https:\/\/elpuucnoticias.com\/?author=1"}]}},"_links":{"self":[{"href":"https:\/\/elpuucnoticias.com\/index.php?rest_route=\/wp\/v2\/posts\/3516","targetHints":{"allow":["GET"]}}],"collection":[{"href":"https:\/\/elpuucnoticias.com\/index.php?rest_route=\/wp\/v2\/posts"}],"about":[{"href":"https:\/\/elpuucnoticias.com\/index.php?rest_route=\/wp\/v2\/types\/post"}],"author":[{"embeddable":true,"href":"https:\/\/elpuucnoticias.com\/index.php?rest_route=\/wp\/v2\/users\/1"}],"replies":[{"embeddable":true,"href":"https:\/\/elpuucnoticias.com\/index.php?rest_route=%2Fwp%2Fv2%2Fcomments&post=3516"}],"version-history":[{"count":1,"href":"https:\/\/elpuucnoticias.com\/index.php?rest_route=\/wp\/v2\/posts\/3516\/revisions"}],"predecessor-version":[{"id":3526,"href":"https:\/\/elpuucnoticias.com\/index.php?rest_route=\/wp\/v2\/posts\/3516\/revisions\/3526"}],"wp:featuredmedia":[{"embeddable":true,"href":"https:\/\/elpuucnoticias.com\/index.php?rest_route=\/wp\/v2\/media\/3517"}],"wp:attachment":[{"href":"https:\/\/elpuucnoticias.com\/index.php?rest_route=%2Fwp%2Fv2%2Fmedia&parent=3516"}],"wp:term":[{"taxonomy":"category","embeddable":true,"href":"https:\/\/elpuucnoticias.com\/index.php?rest_route=%2Fwp%2Fv2%2Fcategories&post=3516"},{"taxonomy":"post_tag","embeddable":true,"href":"https:\/\/elpuucnoticias.com\/index.php?rest_route=%2Fwp%2Fv2%2Ftags&post=3516"}],"curies":[{"name":"wp","href":"https:\/\/api.w.org\/{rel}","templated":true}]}}