{"id":3531,"date":"2022-09-15T20:39:54","date_gmt":"2022-09-16T02:39:54","guid":{"rendered":"https:\/\/elpuucnoticias.com\/?p=3531"},"modified":"2022-09-15T20:39:56","modified_gmt":"2022-09-16T02:39:56","slug":"ninos-de-preescolar-de-oxkutzcab-participan-en-colorido-desfile-por-la-independencia-de-mexico","status":"publish","type":"post","link":"https:\/\/elpuucnoticias.com\/?p=3531","title":{"rendered":"Ni\u00f1os de preescolar de Oxkutzcab participan en colorido desfile por la Independencia de M\u00e9xico"},"content":{"rendered":"\n<p>El alcalde Juan Jos\u00e9 Mart\u00edn Fragoso preside ceremonia c\u00edvica y desfile de preescolares, para conmemorar el aniversario 212 del inicio de la lucha por la Independencia de M\u00e9xico.\u00a0<\/p>\n\n\n\n<figure class=\"wp-block-gallery has-nested-images columns-default is-cropped wp-block-gallery-1 is-layout-flex wp-block-gallery-is-layout-flex\">\n<figure class=\"wp-block-image size-large\"><img loading=\"lazy\" decoding=\"async\" width=\"1024\" height=\"819\" data-id=\"3533\" src=\"https:\/\/elpuucnoticias.com\/wp-content\/uploads\/2022\/09\/Desfi-1024x819.jpeg\" alt=\"\" class=\"wp-image-3533\" srcset=\"https:\/\/elpuucnoticias.com\/wp-content\/uploads\/2022\/09\/Desfi-1024x819.jpeg 1024w, https:\/\/elpuucnoticias.com\/wp-content\/uploads\/2022\/09\/Desfi-300x240.jpeg 300w, https:\/\/elpuucnoticias.com\/wp-content\/uploads\/2022\/09\/Desfi-768x614.jpeg 768w, https:\/\/elpuucnoticias.com\/wp-content\/uploads\/2022\/09\/Desfi.jpeg 1333w\" sizes=\"auto, (max-width: 1024px) 100vw, 1024px\" \/><\/figure>\n\n\n\n<figure class=\"wp-block-image size-large\"><img loading=\"lazy\" decoding=\"async\" width=\"1024\" height=\"819\" data-id=\"3534\" src=\"https:\/\/elpuucnoticias.com\/wp-content\/uploads\/2022\/09\/Desfi02-1024x819.jpeg\" alt=\"\" class=\"wp-image-3534\" srcset=\"https:\/\/elpuucnoticias.com\/wp-content\/uploads\/2022\/09\/Desfi02-1024x819.jpeg 1024w, https:\/\/elpuucnoticias.com\/wp-content\/uploads\/2022\/09\/Desfi02-300x240.jpeg 300w, https:\/\/elpuucnoticias.com\/wp-content\/uploads\/2022\/09\/Desfi02-768x614.jpeg 768w, https:\/\/elpuucnoticias.com\/wp-content\/uploads\/2022\/09\/Desfi02.jpeg 1233w\" sizes=\"auto, (max-width: 1024px) 100vw, 1024px\" \/><\/figure>\n<\/figure>\n\n\n\n<p>En la ceremonia el alcalde estuvo acompa\u00f1ado de sus regidores, directores de planteles educativos y el\u00a0desfile\u00a0c\u00edvico fue encabezado por ni\u00f1os del jard\u00edn Jos\u00e9 de los Reyes Mart\u00ednez con apoyo de la banda de guerra del Instituto Tecnol\u00f3gico Superior del Sur de Yucat\u00e1n.\u00a0<\/p>\n\n\n\n<figure class=\"wp-block-image size-full\"><img loading=\"lazy\" decoding=\"async\" width=\"1024\" height=\"236\" src=\"https:\/\/elpuucnoticias.com\/wp-content\/uploads\/2022\/08\/BANNER-AGOSTO-22-2.jpg\" alt=\"\" class=\"wp-image-3086\" srcset=\"https:\/\/elpuucnoticias.com\/wp-content\/uploads\/2022\/08\/BANNER-AGOSTO-22-2.jpg 1024w, https:\/\/elpuucnoticias.com\/wp-content\/uploads\/2022\/08\/BANNER-AGOSTO-22-2-300x69.jpg 300w, https:\/\/elpuucnoticias.com\/wp-content\/uploads\/2022\/08\/BANNER-AGOSTO-22-2-768x177.jpg 768w\" sizes=\"auto, (max-width: 1024px) 100vw, 1024px\" \/><\/figure>\n\n\n\n<p>Participaron 11 instituciones educativas, entre escuelas preescolares, estancias infantiles y el Centro de Atenci\u00f3n M\u00faltiple, la actividad comenz\u00f3 a las 8 de la ma\u00f1ana.\u00a0<\/p>\n\n\n\n<figure class=\"wp-block-gallery has-nested-images columns-default is-cropped wp-block-gallery-2 is-layout-flex wp-block-gallery-is-layout-flex\">\n<figure class=\"wp-block-image size-large\"><img loading=\"lazy\" decoding=\"async\" width=\"879\" height=\"703\" data-id=\"3535\" src=\"https:\/\/elpuucnoticias.com\/wp-content\/uploads\/2022\/09\/Desfi09.jpeg\" alt=\"\" class=\"wp-image-3535\" srcset=\"https:\/\/elpuucnoticias.com\/wp-content\/uploads\/2022\/09\/Desfi09.jpeg 879w, https:\/\/elpuucnoticias.com\/wp-content\/uploads\/2022\/09\/Desfi09-300x240.jpeg 300w, https:\/\/elpuucnoticias.com\/wp-content\/uploads\/2022\/09\/Desfi09-768x614.jpeg 768w\" sizes=\"auto, (max-width: 879px) 100vw, 879px\" \/><\/figure>\n\n\n\n<figure class=\"wp-block-image size-large\"><img loading=\"lazy\" decoding=\"async\" width=\"1024\" height=\"682\" data-id=\"3536\" src=\"https:\/\/elpuucnoticias.com\/wp-content\/uploads\/2022\/09\/Desfi08-1024x682.jpeg\" alt=\"\" class=\"wp-image-3536\" srcset=\"https:\/\/elpuucnoticias.com\/wp-content\/uploads\/2022\/09\/Desfi08-1024x682.jpeg 1024w, https:\/\/elpuucnoticias.com\/wp-content\/uploads\/2022\/09\/Desfi08-300x200.jpeg 300w, https:\/\/elpuucnoticias.com\/wp-content\/uploads\/2022\/09\/Desfi08-768x512.jpeg 768w, https:\/\/elpuucnoticias.com\/wp-content\/uploads\/2022\/09\/Desfi08-1536x1023.jpeg 1536w, https:\/\/elpuucnoticias.com\/wp-content\/uploads\/2022\/09\/Desfi08.jpeg 1600w\" sizes=\"auto, (max-width: 1024px) 100vw, 1024px\" \/><\/figure>\n<\/figure>\n\n\n\n<p>Por primera vez el\u00a0desfile\u00a0para conmemorar la Independencia de M\u00e9xico se realiz\u00f3 en el centro cultural Siglo XXI, teniendo como punto de partida la calle 52, para tomar la calle 47, pasar en la calle 50 y tomar la calle 45 de la avenida \u00abEl Paseo de las Naranjas\u00bb.\u2014 <em>El Puuc Noticias<\/em><\/p>\n","protected":false},"excerpt":{"rendered":"<p>El alcalde Juan Jos\u00e9 Mart\u00edn Fragoso preside ceremonia c\u00edvica y desfile de preescolares, para conmemorar el aniversario 212<\/p>\n","protected":false},"author":1,"featured_media":3532,"comment_status":"closed","ping_status":"open","sticky":false,"template":"","format":"standard","meta":{"_monsterinsights_skip_tracking":false,"_monsterinsights_sitenote_active":false,"_monsterinsights_sitenote_note":"","_monsterinsights_sitenote_category":0,"footnotes":""},"categories":[11,14],"tags":[],"class_list":["post-3531","post","type-post","status-publish","format-standard","has-post-thumbnail","hentry","category-noticias","category-oxkutzcab"],"yoast_head":"<!-- This site is optimized with the Yoast SEO plugin v18.3 - https:\/\/yoast.com\/wordpress\/plugins\/seo\/ -->\n<title>Ni\u00f1os de preescolar de Oxkutzcab participan en colorido desfile por la Independencia de M\u00e9xico - El Puuc Noticias<\/title>\n<meta name=\"robots\" content=\"index, follow, max-snippet:-1, max-image-preview:large, max-video-preview:-1\" \/>\n<link rel=\"canonical\" href=\"https:\/\/elpuucnoticias.com\/?p=3531\" \/>\n<meta property=\"og:locale\" content=\"es_ES\" \/>\n<meta property=\"og:type\" content=\"article\" \/>\n<meta property=\"og:title\" content=\"Ni\u00f1os de preescolar de Oxkutzcab participan en colorido desfile por la Independencia de M\u00e9xico - El Puuc Noticias\" \/>\n<meta property=\"og:description\" content=\"El alcalde Juan Jos\u00e9 Mart\u00edn Fragoso preside ceremonia c\u00edvica y desfile de preescolares, para conmemorar el aniversario 212\" \/>\n<meta property=\"og:url\" content=\"https:\/\/elpuucnoticias.com\/?p=3531\" \/>\n<meta property=\"og:site_name\" content=\"El Puuc Noticias\" \/>\n<meta property=\"article:published_time\" content=\"2022-09-16T02:39:54+00:00\" \/>\n<meta property=\"article:modified_time\" content=\"2022-09-16T02:39:56+00:00\" \/>\n<meta property=\"og:image\" content=\"https:\/\/elpuucnoticias.com\/wp-content\/uploads\/2022\/09\/Desfi03.jpeg\" \/>\n\t<meta property=\"og:image:width\" content=\"1333\" \/>\n\t<meta property=\"og:image:height\" content=\"1066\" \/>\n\t<meta property=\"og:image:type\" content=\"image\/jpeg\" \/>\n<meta name=\"twitter:card\" content=\"summary_large_image\" \/>\n<meta name=\"twitter:label1\" content=\"Escrito por\" \/>\n\t<meta name=\"twitter:data1\" content=\"elpuucnoticias\" \/>\n\t<meta name=\"twitter:label2\" content=\"Tiempo de lectura\" \/>\n\t<meta name=\"twitter:data2\" content=\"2 minutos\" \/>\n<script type=\"application\/ld+json\" class=\"yoast-schema-graph\">{\"@context\":\"https:\/\/schema.org\",\"@graph\":[{\"@type\":\"WebSite\",\"@id\":\"https:\/\/elpuucnoticias.com\/#website\",\"url\":\"https:\/\/elpuucnoticias.com\/\",\"name\":\"El Puuc Noticias\",\"description\":\"Noticias - Entretenimiento - Deportes\",\"potentialAction\":[{\"@type\":\"SearchAction\",\"target\":{\"@type\":\"EntryPoint\",\"urlTemplate\":\"https:\/\/elpuucnoticias.com\/?s={search_term_string}\"},\"query-input\":\"required name=search_term_string\"}],\"inLanguage\":\"es\"},{\"@type\":\"ImageObject\",\"@id\":\"https:\/\/elpuucnoticias.com\/?p=3531#primaryimage\",\"inLanguage\":\"es\",\"url\":\"https:\/\/elpuucnoticias.com\/wp-content\/uploads\/2022\/09\/Desfi03.jpeg\",\"contentUrl\":\"https:\/\/elpuucnoticias.com\/wp-content\/uploads\/2022\/09\/Desfi03.jpeg\",\"width\":1333,\"height\":1066},{\"@type\":\"WebPage\",\"@id\":\"https:\/\/elpuucnoticias.com\/?p=3531#webpage\",\"url\":\"https:\/\/elpuucnoticias.com\/?p=3531\",\"name\":\"Ni\u00f1os de preescolar de Oxkutzcab participan en colorido desfile por la Independencia de M\u00e9xico - El Puuc Noticias\",\"isPartOf\":{\"@id\":\"https:\/\/elpuucnoticias.com\/#website\"},\"primaryImageOfPage\":{\"@id\":\"https:\/\/elpuucnoticias.com\/?p=3531#primaryimage\"},\"datePublished\":\"2022-09-16T02:39:54+00:00\",\"dateModified\":\"2022-09-16T02:39:56+00:00\",\"author\":{\"@id\":\"https:\/\/elpuucnoticias.com\/#\/schema\/person\/d2ea09e4c97f0160b11cdfb1d856bd9e\"},\"breadcrumb\":{\"@id\":\"https:\/\/elpuucnoticias.com\/?p=3531#breadcrumb\"},\"inLanguage\":\"es\",\"potentialAction\":[{\"@type\":\"ReadAction\",\"target\":[\"https:\/\/elpuucnoticias.com\/?p=3531\"]}]},{\"@type\":\"BreadcrumbList\",\"@id\":\"https:\/\/elpuucnoticias.com\/?p=3531#breadcrumb\",\"itemListElement\":[{\"@type\":\"ListItem\",\"position\":1,\"name\":\"Portada\",\"item\":\"https:\/\/elpuucnoticias.com\/\"},{\"@type\":\"ListItem\",\"position\":2,\"name\":\"Ni\u00f1os de preescolar de Oxkutzcab participan en colorido desfile por la Independencia de M\u00e9xico\"}]},{\"@type\":\"Person\",\"@id\":\"https:\/\/elpuucnoticias.com\/#\/schema\/person\/d2ea09e4c97f0160b11cdfb1d856bd9e\",\"name\":\"elpuucnoticias\",\"image\":{\"@type\":\"ImageObject\",\"@id\":\"https:\/\/elpuucnoticias.com\/#personlogo\",\"inLanguage\":\"es\",\"url\":\"https:\/\/secure.gravatar.com\/avatar\/5290a43657c74ffa15701dbe5b846bd85cc71930d803c84e91046a7333de6ce2?s=96&d=mm&r=g\",\"contentUrl\":\"https:\/\/secure.gravatar.com\/avatar\/5290a43657c74ffa15701dbe5b846bd85cc71930d803c84e91046a7333de6ce2?s=96&d=mm&r=g\",\"caption\":\"elpuucnoticias\"},\"sameAs\":[\"https:\/\/elpuucnoticias.com\"],\"url\":\"https:\/\/elpuucnoticias.com\/?author=1\"}]}<\/script>\n<!-- \/ Yoast SEO plugin. -->","yoast_head_json":{"title":"Ni\u00f1os de preescolar de Oxkutzcab participan en colorido desfile por la Independencia de M\u00e9xico - El Puuc Noticias","robots":{"index":"index","follow":"follow","max-snippet":"max-snippet:-1","max-image-preview":"max-image-preview:large","max-video-preview":"max-video-preview:-1"},"canonical":"https:\/\/elpuucnoticias.com\/?p=3531","og_locale":"es_ES","og_type":"article","og_title":"Ni\u00f1os de preescolar de Oxkutzcab participan en colorido desfile por la Independencia de M\u00e9xico - El Puuc Noticias","og_description":"El alcalde Juan Jos\u00e9 Mart\u00edn Fragoso preside ceremonia c\u00edvica y desfile de preescolares, para conmemorar el aniversario 212","og_url":"https:\/\/elpuucnoticias.com\/?p=3531","og_site_name":"El Puuc Noticias","article_published_time":"2022-09-16T02:39:54+00:00","article_modified_time":"2022-09-16T02:39:56+00:00","og_image":[{"width":1333,"height":1066,"url":"https:\/\/elpuucnoticias.com\/wp-content\/uploads\/2022\/09\/Desfi03.jpeg","type":"image\/jpeg"}],"twitter_card":"summary_large_image","twitter_misc":{"Escrito por":"elpuucnoticias","Tiempo de lectura":"2 minutos"},"schema":{"@context":"https:\/\/schema.org","@graph":[{"@type":"WebSite","@id":"https:\/\/elpuucnoticias.com\/#website","url":"https:\/\/elpuucnoticias.com\/","name":"El Puuc Noticias","description":"Noticias - Entretenimiento - Deportes","potentialAction":[{"@type":"SearchAction","target":{"@type":"EntryPoint","urlTemplate":"https:\/\/elpuucnoticias.com\/?s={search_term_string}"},"query-input":"required name=search_term_string"}],"inLanguage":"es"},{"@type":"ImageObject","@id":"https:\/\/elpuucnoticias.com\/?p=3531#primaryimage","inLanguage":"es","url":"https:\/\/elpuucnoticias.com\/wp-content\/uploads\/2022\/09\/Desfi03.jpeg","contentUrl":"https:\/\/elpuucnoticias.com\/wp-content\/uploads\/2022\/09\/Desfi03.jpeg","width":1333,"height":1066},{"@type":"WebPage","@id":"https:\/\/elpuucnoticias.com\/?p=3531#webpage","url":"https:\/\/elpuucnoticias.com\/?p=3531","name":"Ni\u00f1os de preescolar de Oxkutzcab participan en colorido desfile por la Independencia de M\u00e9xico - El Puuc Noticias","isPartOf":{"@id":"https:\/\/elpuucnoticias.com\/#website"},"primaryImageOfPage":{"@id":"https:\/\/elpuucnoticias.com\/?p=3531#primaryimage"},"datePublished":"2022-09-16T02:39:54+00:00","dateModified":"2022-09-16T02:39:56+00:00","author":{"@id":"https:\/\/elpuucnoticias.com\/#\/schema\/person\/d2ea09e4c97f0160b11cdfb1d856bd9e"},"breadcrumb":{"@id":"https:\/\/elpuucnoticias.com\/?p=3531#breadcrumb"},"inLanguage":"es","potentialAction":[{"@type":"ReadAction","target":["https:\/\/elpuucnoticias.com\/?p=3531"]}]},{"@type":"BreadcrumbList","@id":"https:\/\/elpuucnoticias.com\/?p=3531#breadcrumb","itemListElement":[{"@type":"ListItem","position":1,"name":"Portada","item":"https:\/\/elpuucnoticias.com\/"},{"@type":"ListItem","position":2,"name":"Ni\u00f1os de preescolar de Oxkutzcab participan en colorido desfile por la Independencia de M\u00e9xico"}]},{"@type":"Person","@id":"https:\/\/elpuucnoticias.com\/#\/schema\/person\/d2ea09e4c97f0160b11cdfb1d856bd9e","name":"elpuucnoticias","image":{"@type":"ImageObject","@id":"https:\/\/elpuucnoticias.com\/#personlogo","inLanguage":"es","url":"https:\/\/secure.gravatar.com\/avatar\/5290a43657c74ffa15701dbe5b846bd85cc71930d803c84e91046a7333de6ce2?s=96&d=mm&r=g","contentUrl":"https:\/\/secure.gravatar.com\/avatar\/5290a43657c74ffa15701dbe5b846bd85cc71930d803c84e91046a7333de6ce2?s=96&d=mm&r=g","caption":"elpuucnoticias"},"sameAs":["https:\/\/elpuucnoticias.com"],"url":"https:\/\/elpuucnoticias.com\/?author=1"}]}},"_links":{"self":[{"href":"https:\/\/elpuucnoticias.com\/index.php?rest_route=\/wp\/v2\/posts\/3531","targetHints":{"allow":["GET"]}}],"collection":[{"href":"https:\/\/elpuucnoticias.com\/index.php?rest_route=\/wp\/v2\/posts"}],"about":[{"href":"https:\/\/elpuucnoticias.com\/index.php?rest_route=\/wp\/v2\/types\/post"}],"author":[{"embeddable":true,"href":"https:\/\/elpuucnoticias.com\/index.php?rest_route=\/wp\/v2\/users\/1"}],"replies":[{"embeddable":true,"href":"https:\/\/elpuucnoticias.com\/index.php?rest_route=%2Fwp%2Fv2%2Fcomments&post=3531"}],"version-history":[{"count":1,"href":"https:\/\/elpuucnoticias.com\/index.php?rest_route=\/wp\/v2\/posts\/3531\/revisions"}],"predecessor-version":[{"id":3537,"href":"https:\/\/elpuucnoticias.com\/index.php?rest_route=\/wp\/v2\/posts\/3531\/revisions\/3537"}],"wp:featuredmedia":[{"embeddable":true,"href":"https:\/\/elpuucnoticias.com\/index.php?rest_route=\/wp\/v2\/media\/3532"}],"wp:attachment":[{"href":"https:\/\/elpuucnoticias.com\/index.php?rest_route=%2Fwp%2Fv2%2Fmedia&parent=3531"}],"wp:term":[{"taxonomy":"category","embeddable":true,"href":"https:\/\/elpuucnoticias.com\/index.php?rest_route=%2Fwp%2Fv2%2Fcategories&post=3531"},{"taxonomy":"post_tag","embeddable":true,"href":"https:\/\/elpuucnoticias.com\/index.php?rest_route=%2Fwp%2Fv2%2Ftags&post=3531"}],"curies":[{"name":"wp","href":"https:\/\/api.w.org\/{rel}","templated":true}]}}