{"id":3547,"date":"2022-09-15T20:48:53","date_gmt":"2022-09-16T02:48:53","guid":{"rendered":"https:\/\/elpuucnoticias.com\/?p=3547"},"modified":"2022-09-15T20:48:56","modified_gmt":"2022-09-16T02:48:56","slug":"primarias-participan-en-el-segundo-dia-de-desfiles-en-la-perla-del-sur","status":"publish","type":"post","link":"https:\/\/elpuucnoticias.com\/?p=3547","title":{"rendered":"Primarias participan en el segundo d\u00eda de desfiles en La Perla del Sur"},"content":{"rendered":"\n<p>Esta ma\u00f1ana del 15 septiembre se realiz\u00f3 el segundo desfile de primarias donde se presentaron alrededor de 300 alumnos.<\/p>\n\n\n\n<figure class=\"wp-block-gallery has-nested-images columns-default is-cropped wp-block-gallery-1 is-layout-flex wp-block-gallery-is-layout-flex\">\n<figure class=\"wp-block-image size-large\"><img loading=\"lazy\" decoding=\"async\" width=\"894\" height=\"780\" data-id=\"3550\" src=\"https:\/\/elpuucnoticias.com\/wp-content\/uploads\/2022\/09\/WhatsApp-Image-2022-09-15-at-11.37.56-AM.jpeg\" alt=\"\" class=\"wp-image-3550\" srcset=\"https:\/\/elpuucnoticias.com\/wp-content\/uploads\/2022\/09\/WhatsApp-Image-2022-09-15-at-11.37.56-AM.jpeg 894w, https:\/\/elpuucnoticias.com\/wp-content\/uploads\/2022\/09\/WhatsApp-Image-2022-09-15-at-11.37.56-AM-300x262.jpeg 300w, https:\/\/elpuucnoticias.com\/wp-content\/uploads\/2022\/09\/WhatsApp-Image-2022-09-15-at-11.37.56-AM-768x670.jpeg 768w\" sizes=\"auto, (max-width: 894px) 100vw, 894px\" \/><\/figure>\n\n\n\n<figure class=\"wp-block-image size-large\"><img loading=\"lazy\" decoding=\"async\" width=\"894\" height=\"780\" data-id=\"3549\" src=\"https:\/\/elpuucnoticias.com\/wp-content\/uploads\/2022\/09\/WhatsApp-Image-2022-09-15-at-11.37.55-AM.jpeg\" alt=\"\" class=\"wp-image-3549\" srcset=\"https:\/\/elpuucnoticias.com\/wp-content\/uploads\/2022\/09\/WhatsApp-Image-2022-09-15-at-11.37.55-AM.jpeg 894w, https:\/\/elpuucnoticias.com\/wp-content\/uploads\/2022\/09\/WhatsApp-Image-2022-09-15-at-11.37.55-AM-300x262.jpeg 300w, https:\/\/elpuucnoticias.com\/wp-content\/uploads\/2022\/09\/WhatsApp-Image-2022-09-15-at-11.37.55-AM-768x670.jpeg 768w\" sizes=\"auto, (max-width: 894px) 100vw, 894px\" \/><\/figure>\n<\/figure>\n\n\n\n<p>Demostrando sus disciplinas en la marcha as\u00ed como sus posturas correctas.<\/p>\n\n\n\n<figure class=\"wp-block-gallery has-nested-images columns-default is-cropped wp-block-gallery-2 is-layout-flex wp-block-gallery-is-layout-flex\">\n<figure class=\"wp-block-image size-large\"><img loading=\"lazy\" decoding=\"async\" width=\"872\" height=\"780\" data-id=\"3551\" src=\"https:\/\/elpuucnoticias.com\/wp-content\/uploads\/2022\/09\/WhatsApp-Image-2022-09-15-at-11.37.54-AM-1.jpeg\" alt=\"\" class=\"wp-image-3551\" srcset=\"https:\/\/elpuucnoticias.com\/wp-content\/uploads\/2022\/09\/WhatsApp-Image-2022-09-15-at-11.37.54-AM-1.jpeg 872w, https:\/\/elpuucnoticias.com\/wp-content\/uploads\/2022\/09\/WhatsApp-Image-2022-09-15-at-11.37.54-AM-1-300x268.jpeg 300w, https:\/\/elpuucnoticias.com\/wp-content\/uploads\/2022\/09\/WhatsApp-Image-2022-09-15-at-11.37.54-AM-1-768x687.jpeg 768w\" sizes=\"auto, (max-width: 872px) 100vw, 872px\" \/><\/figure>\n\n\n\n<figure class=\"wp-block-image size-large\"><img loading=\"lazy\" decoding=\"async\" width=\"843\" height=\"780\" data-id=\"3552\" src=\"https:\/\/elpuucnoticias.com\/wp-content\/uploads\/2022\/09\/WhatsApp-Image-2022-09-15-at-11.37.54-AM.jpeg\" alt=\"\" class=\"wp-image-3552\" srcset=\"https:\/\/elpuucnoticias.com\/wp-content\/uploads\/2022\/09\/WhatsApp-Image-2022-09-15-at-11.37.54-AM.jpeg 843w, https:\/\/elpuucnoticias.com\/wp-content\/uploads\/2022\/09\/WhatsApp-Image-2022-09-15-at-11.37.54-AM-300x278.jpeg 300w, https:\/\/elpuucnoticias.com\/wp-content\/uploads\/2022\/09\/WhatsApp-Image-2022-09-15-at-11.37.54-AM-768x711.jpeg 768w\" sizes=\"auto, (max-width: 843px) 100vw, 843px\" \/><\/figure>\n<\/figure>\n\n\n\n<p>Tambi\u00e9n estuvieron presentes las bandas de guerra de cada escuela.<\/p>\n\n\n\n<figure class=\"wp-block-gallery has-nested-images columns-default is-cropped wp-block-gallery-3 is-layout-flex wp-block-gallery-is-layout-flex\">\n<figure class=\"wp-block-image size-large\"><img loading=\"lazy\" decoding=\"async\" width=\"1024\" height=\"768\" data-id=\"3554\" src=\"https:\/\/elpuucnoticias.com\/wp-content\/uploads\/2022\/09\/WhatsApp-Image-2022-09-15-at-11.37.53-AM-1024x768.jpeg\" alt=\"\" class=\"wp-image-3554\" srcset=\"https:\/\/elpuucnoticias.com\/wp-content\/uploads\/2022\/09\/WhatsApp-Image-2022-09-15-at-11.37.53-AM-1024x768.jpeg 1024w, https:\/\/elpuucnoticias.com\/wp-content\/uploads\/2022\/09\/WhatsApp-Image-2022-09-15-at-11.37.53-AM-300x225.jpeg 300w, https:\/\/elpuucnoticias.com\/wp-content\/uploads\/2022\/09\/WhatsApp-Image-2022-09-15-at-11.37.53-AM-768x576.jpeg 768w, https:\/\/elpuucnoticias.com\/wp-content\/uploads\/2022\/09\/WhatsApp-Image-2022-09-15-at-11.37.53-AM.jpeg 1040w\" sizes=\"auto, (max-width: 1024px) 100vw, 1024px\" \/><\/figure>\n\n\n\n<figure class=\"wp-block-image size-large\"><img loading=\"lazy\" decoding=\"async\" width=\"768\" height=\"1024\" data-id=\"3553\" src=\"https:\/\/elpuucnoticias.com\/wp-content\/uploads\/2022\/09\/WhatsApp-Image-2022-09-15-at-11.37.52-AM-768x1024.jpeg\" alt=\"\" class=\"wp-image-3553\" srcset=\"https:\/\/elpuucnoticias.com\/wp-content\/uploads\/2022\/09\/WhatsApp-Image-2022-09-15-at-11.37.52-AM-768x1024.jpeg 768w, https:\/\/elpuucnoticias.com\/wp-content\/uploads\/2022\/09\/WhatsApp-Image-2022-09-15-at-11.37.52-AM-225x300.jpeg 225w, https:\/\/elpuucnoticias.com\/wp-content\/uploads\/2022\/09\/WhatsApp-Image-2022-09-15-at-11.37.52-AM.jpeg 780w\" sizes=\"auto, (max-width: 768px) 100vw, 768px\" \/><\/figure>\n<\/figure>\n\n\n\n<p>Algunos alumnos portaban los colores tricolores por el mes patrio y una actitud alegre ya que despu\u00e9s de tres a\u00f1os se realizan nuevamente los desfiles en la ciudad de ticul.\u2014 <em>Mar\u00eda Loeza Cach \/ El Puuc Noticias<\/em><\/p>\n","protected":false},"excerpt":{"rendered":"<p>Esta ma\u00f1ana del 15 septiembre se realiz\u00f3 el segundo desfile de primarias donde se presentaron alrededor de 300<\/p>\n","protected":false},"author":1,"featured_media":3548,"comment_status":"closed","ping_status":"open","sticky":false,"template":"","format":"standard","meta":{"_monsterinsights_skip_tracking":false,"_monsterinsights_sitenote_active":false,"_monsterinsights_sitenote_note":"","_monsterinsights_sitenote_category":0,"footnotes":""},"categories":[11,13],"tags":[],"class_list":["post-3547","post","type-post","status-publish","format-standard","has-post-thumbnail","hentry","category-noticias","category-ticul"],"yoast_head":"<!-- This site is optimized with the Yoast SEO plugin v18.3 - https:\/\/yoast.com\/wordpress\/plugins\/seo\/ -->\n<title>Primarias participan en el segundo d\u00eda de desfiles en La Perla del Sur - El Puuc Noticias<\/title>\n<meta name=\"robots\" content=\"index, follow, max-snippet:-1, max-image-preview:large, max-video-preview:-1\" \/>\n<link rel=\"canonical\" href=\"https:\/\/elpuucnoticias.com\/?p=3547\" \/>\n<meta property=\"og:locale\" content=\"es_ES\" \/>\n<meta property=\"og:type\" content=\"article\" \/>\n<meta property=\"og:title\" content=\"Primarias participan en el segundo d\u00eda de desfiles en La Perla del Sur - El Puuc Noticias\" \/>\n<meta property=\"og:description\" content=\"Esta ma\u00f1ana del 15 septiembre se realiz\u00f3 el segundo desfile de primarias donde se presentaron alrededor de 300\" \/>\n<meta property=\"og:url\" content=\"https:\/\/elpuucnoticias.com\/?p=3547\" \/>\n<meta property=\"og:site_name\" content=\"El Puuc Noticias\" \/>\n<meta property=\"article:published_time\" content=\"2022-09-16T02:48:53+00:00\" \/>\n<meta property=\"article:modified_time\" content=\"2022-09-16T02:48:56+00:00\" \/>\n<meta property=\"og:image\" content=\"https:\/\/elpuucnoticias.com\/wp-content\/uploads\/2022\/09\/WhatsApp-Image-2022-09-15-at-11.37.53-AM-1.jpeg\" \/>\n\t<meta property=\"og:image:width\" content=\"1600\" \/>\n\t<meta property=\"og:image:height\" content=\"1011\" \/>\n\t<meta property=\"og:image:type\" content=\"image\/jpeg\" \/>\n<meta name=\"twitter:card\" content=\"summary_large_image\" \/>\n<meta name=\"twitter:label1\" content=\"Escrito por\" \/>\n\t<meta name=\"twitter:data1\" content=\"elpuucnoticias\" \/>\n\t<meta name=\"twitter:label2\" content=\"Tiempo de lectura\" \/>\n\t<meta name=\"twitter:data2\" content=\"2 minutos\" \/>\n<script type=\"application\/ld+json\" class=\"yoast-schema-graph\">{\"@context\":\"https:\/\/schema.org\",\"@graph\":[{\"@type\":\"WebSite\",\"@id\":\"https:\/\/elpuucnoticias.com\/#website\",\"url\":\"https:\/\/elpuucnoticias.com\/\",\"name\":\"El Puuc Noticias\",\"description\":\"Noticias - Entretenimiento - Deportes\",\"potentialAction\":[{\"@type\":\"SearchAction\",\"target\":{\"@type\":\"EntryPoint\",\"urlTemplate\":\"https:\/\/elpuucnoticias.com\/?s={search_term_string}\"},\"query-input\":\"required name=search_term_string\"}],\"inLanguage\":\"es\"},{\"@type\":\"ImageObject\",\"@id\":\"https:\/\/elpuucnoticias.com\/?p=3547#primaryimage\",\"inLanguage\":\"es\",\"url\":\"https:\/\/elpuucnoticias.com\/wp-content\/uploads\/2022\/09\/WhatsApp-Image-2022-09-15-at-11.37.53-AM-1.jpeg\",\"contentUrl\":\"https:\/\/elpuucnoticias.com\/wp-content\/uploads\/2022\/09\/WhatsApp-Image-2022-09-15-at-11.37.53-AM-1.jpeg\",\"width\":1600,\"height\":1011},{\"@type\":\"WebPage\",\"@id\":\"https:\/\/elpuucnoticias.com\/?p=3547#webpage\",\"url\":\"https:\/\/elpuucnoticias.com\/?p=3547\",\"name\":\"Primarias participan en el segundo d\u00eda de desfiles en La Perla del Sur - El Puuc Noticias\",\"isPartOf\":{\"@id\":\"https:\/\/elpuucnoticias.com\/#website\"},\"primaryImageOfPage\":{\"@id\":\"https:\/\/elpuucnoticias.com\/?p=3547#primaryimage\"},\"datePublished\":\"2022-09-16T02:48:53+00:00\",\"dateModified\":\"2022-09-16T02:48:56+00:00\",\"author\":{\"@id\":\"https:\/\/elpuucnoticias.com\/#\/schema\/person\/d2ea09e4c97f0160b11cdfb1d856bd9e\"},\"breadcrumb\":{\"@id\":\"https:\/\/elpuucnoticias.com\/?p=3547#breadcrumb\"},\"inLanguage\":\"es\",\"potentialAction\":[{\"@type\":\"ReadAction\",\"target\":[\"https:\/\/elpuucnoticias.com\/?p=3547\"]}]},{\"@type\":\"BreadcrumbList\",\"@id\":\"https:\/\/elpuucnoticias.com\/?p=3547#breadcrumb\",\"itemListElement\":[{\"@type\":\"ListItem\",\"position\":1,\"name\":\"Portada\",\"item\":\"https:\/\/elpuucnoticias.com\/\"},{\"@type\":\"ListItem\",\"position\":2,\"name\":\"Primarias participan en el segundo d\u00eda de desfiles en La Perla del Sur\"}]},{\"@type\":\"Person\",\"@id\":\"https:\/\/elpuucnoticias.com\/#\/schema\/person\/d2ea09e4c97f0160b11cdfb1d856bd9e\",\"name\":\"elpuucnoticias\",\"image\":{\"@type\":\"ImageObject\",\"@id\":\"https:\/\/elpuucnoticias.com\/#personlogo\",\"inLanguage\":\"es\",\"url\":\"https:\/\/secure.gravatar.com\/avatar\/5290a43657c74ffa15701dbe5b846bd85cc71930d803c84e91046a7333de6ce2?s=96&d=mm&r=g\",\"contentUrl\":\"https:\/\/secure.gravatar.com\/avatar\/5290a43657c74ffa15701dbe5b846bd85cc71930d803c84e91046a7333de6ce2?s=96&d=mm&r=g\",\"caption\":\"elpuucnoticias\"},\"sameAs\":[\"https:\/\/elpuucnoticias.com\"],\"url\":\"https:\/\/elpuucnoticias.com\/?author=1\"}]}<\/script>\n<!-- \/ Yoast SEO plugin. -->","yoast_head_json":{"title":"Primarias participan en el segundo d\u00eda de desfiles en La Perla del Sur - El Puuc Noticias","robots":{"index":"index","follow":"follow","max-snippet":"max-snippet:-1","max-image-preview":"max-image-preview:large","max-video-preview":"max-video-preview:-1"},"canonical":"https:\/\/elpuucnoticias.com\/?p=3547","og_locale":"es_ES","og_type":"article","og_title":"Primarias participan en el segundo d\u00eda de desfiles en La Perla del Sur - El Puuc Noticias","og_description":"Esta ma\u00f1ana del 15 septiembre se realiz\u00f3 el segundo desfile de primarias donde se presentaron alrededor de 300","og_url":"https:\/\/elpuucnoticias.com\/?p=3547","og_site_name":"El Puuc Noticias","article_published_time":"2022-09-16T02:48:53+00:00","article_modified_time":"2022-09-16T02:48:56+00:00","og_image":[{"width":1600,"height":1011,"url":"https:\/\/elpuucnoticias.com\/wp-content\/uploads\/2022\/09\/WhatsApp-Image-2022-09-15-at-11.37.53-AM-1.jpeg","type":"image\/jpeg"}],"twitter_card":"summary_large_image","twitter_misc":{"Escrito por":"elpuucnoticias","Tiempo de lectura":"2 minutos"},"schema":{"@context":"https:\/\/schema.org","@graph":[{"@type":"WebSite","@id":"https:\/\/elpuucnoticias.com\/#website","url":"https:\/\/elpuucnoticias.com\/","name":"El Puuc Noticias","description":"Noticias - Entretenimiento - Deportes","potentialAction":[{"@type":"SearchAction","target":{"@type":"EntryPoint","urlTemplate":"https:\/\/elpuucnoticias.com\/?s={search_term_string}"},"query-input":"required name=search_term_string"}],"inLanguage":"es"},{"@type":"ImageObject","@id":"https:\/\/elpuucnoticias.com\/?p=3547#primaryimage","inLanguage":"es","url":"https:\/\/elpuucnoticias.com\/wp-content\/uploads\/2022\/09\/WhatsApp-Image-2022-09-15-at-11.37.53-AM-1.jpeg","contentUrl":"https:\/\/elpuucnoticias.com\/wp-content\/uploads\/2022\/09\/WhatsApp-Image-2022-09-15-at-11.37.53-AM-1.jpeg","width":1600,"height":1011},{"@type":"WebPage","@id":"https:\/\/elpuucnoticias.com\/?p=3547#webpage","url":"https:\/\/elpuucnoticias.com\/?p=3547","name":"Primarias participan en el segundo d\u00eda de desfiles en La Perla del Sur - El Puuc Noticias","isPartOf":{"@id":"https:\/\/elpuucnoticias.com\/#website"},"primaryImageOfPage":{"@id":"https:\/\/elpuucnoticias.com\/?p=3547#primaryimage"},"datePublished":"2022-09-16T02:48:53+00:00","dateModified":"2022-09-16T02:48:56+00:00","author":{"@id":"https:\/\/elpuucnoticias.com\/#\/schema\/person\/d2ea09e4c97f0160b11cdfb1d856bd9e"},"breadcrumb":{"@id":"https:\/\/elpuucnoticias.com\/?p=3547#breadcrumb"},"inLanguage":"es","potentialAction":[{"@type":"ReadAction","target":["https:\/\/elpuucnoticias.com\/?p=3547"]}]},{"@type":"BreadcrumbList","@id":"https:\/\/elpuucnoticias.com\/?p=3547#breadcrumb","itemListElement":[{"@type":"ListItem","position":1,"name":"Portada","item":"https:\/\/elpuucnoticias.com\/"},{"@type":"ListItem","position":2,"name":"Primarias participan en el segundo d\u00eda de desfiles en La Perla del Sur"}]},{"@type":"Person","@id":"https:\/\/elpuucnoticias.com\/#\/schema\/person\/d2ea09e4c97f0160b11cdfb1d856bd9e","name":"elpuucnoticias","image":{"@type":"ImageObject","@id":"https:\/\/elpuucnoticias.com\/#personlogo","inLanguage":"es","url":"https:\/\/secure.gravatar.com\/avatar\/5290a43657c74ffa15701dbe5b846bd85cc71930d803c84e91046a7333de6ce2?s=96&d=mm&r=g","contentUrl":"https:\/\/secure.gravatar.com\/avatar\/5290a43657c74ffa15701dbe5b846bd85cc71930d803c84e91046a7333de6ce2?s=96&d=mm&r=g","caption":"elpuucnoticias"},"sameAs":["https:\/\/elpuucnoticias.com"],"url":"https:\/\/elpuucnoticias.com\/?author=1"}]}},"_links":{"self":[{"href":"https:\/\/elpuucnoticias.com\/index.php?rest_route=\/wp\/v2\/posts\/3547","targetHints":{"allow":["GET"]}}],"collection":[{"href":"https:\/\/elpuucnoticias.com\/index.php?rest_route=\/wp\/v2\/posts"}],"about":[{"href":"https:\/\/elpuucnoticias.com\/index.php?rest_route=\/wp\/v2\/types\/post"}],"author":[{"embeddable":true,"href":"https:\/\/elpuucnoticias.com\/index.php?rest_route=\/wp\/v2\/users\/1"}],"replies":[{"embeddable":true,"href":"https:\/\/elpuucnoticias.com\/index.php?rest_route=%2Fwp%2Fv2%2Fcomments&post=3547"}],"version-history":[{"count":1,"href":"https:\/\/elpuucnoticias.com\/index.php?rest_route=\/wp\/v2\/posts\/3547\/revisions"}],"predecessor-version":[{"id":3555,"href":"https:\/\/elpuucnoticias.com\/index.php?rest_route=\/wp\/v2\/posts\/3547\/revisions\/3555"}],"wp:featuredmedia":[{"embeddable":true,"href":"https:\/\/elpuucnoticias.com\/index.php?rest_route=\/wp\/v2\/media\/3548"}],"wp:attachment":[{"href":"https:\/\/elpuucnoticias.com\/index.php?rest_route=%2Fwp%2Fv2%2Fmedia&parent=3547"}],"wp:term":[{"taxonomy":"category","embeddable":true,"href":"https:\/\/elpuucnoticias.com\/index.php?rest_route=%2Fwp%2Fv2%2Fcategories&post=3547"},{"taxonomy":"post_tag","embeddable":true,"href":"https:\/\/elpuucnoticias.com\/index.php?rest_route=%2Fwp%2Fv2%2Ftags&post=3547"}],"curies":[{"name":"wp","href":"https:\/\/api.w.org\/{rel}","templated":true}]}}