{"id":3557,"date":"2022-09-17T03:45:48","date_gmt":"2022-09-17T09:45:48","guid":{"rendered":"https:\/\/elpuucnoticias.com\/?p=3557"},"modified":"2022-09-17T03:45:50","modified_gmt":"2022-09-17T09:45:50","slug":"celebraciones-patrias-en-oxkutzcab-con-motivo-del-212-aniversario-de-la-independencia-de-mexico","status":"publish","type":"post","link":"https:\/\/elpuucnoticias.com\/?p=3557","title":{"rendered":"Celebraciones patrias en Oxkutzcab con motivo del 212 aniversario de la Independencia de M\u00e9xico"},"content":{"rendered":"\n<p>En una noche m\u00e1gica, engalanada por la majestuosa ex estaci\u00f3n del ferrocarril, el Ayuntamiento de Oxkutzcab encabezado por Juan Jos\u00e9 Mart\u00edn Fragoso, celebr\u00f3 el 212 Aniversario del Grito de Independencia de M\u00e9xico ante cientos de asistentes con v\u00edtores a los h\u00e9roes que nos dieron patria y libertad.\u00a0<\/p>\n\n\n\n<figure class=\"wp-block-gallery has-nested-images columns-default is-cropped wp-block-gallery-1 is-layout-flex wp-block-gallery-is-layout-flex\">\n<figure class=\"wp-block-image size-large\"><img loading=\"lazy\" decoding=\"async\" width=\"1024\" height=\"682\" data-id=\"3559\" src=\"https:\/\/elpuucnoticias.com\/wp-content\/uploads\/2022\/09\/Grito02-1024x682.jpeg\" alt=\"\" class=\"wp-image-3559\" srcset=\"https:\/\/elpuucnoticias.com\/wp-content\/uploads\/2022\/09\/Grito02-1024x682.jpeg 1024w, https:\/\/elpuucnoticias.com\/wp-content\/uploads\/2022\/09\/Grito02-300x200.jpeg 300w, https:\/\/elpuucnoticias.com\/wp-content\/uploads\/2022\/09\/Grito02-768x512.jpeg 768w, https:\/\/elpuucnoticias.com\/wp-content\/uploads\/2022\/09\/Grito02.jpeg 1280w\" sizes=\"auto, (max-width: 1024px) 100vw, 1024px\" \/><\/figure>\n\n\n\n<figure class=\"wp-block-image size-large\"><img loading=\"lazy\" decoding=\"async\" width=\"1024\" height=\"682\" data-id=\"3560\" src=\"https:\/\/elpuucnoticias.com\/wp-content\/uploads\/2022\/09\/Grito-1024x682.jpeg\" alt=\"\" class=\"wp-image-3560\" srcset=\"https:\/\/elpuucnoticias.com\/wp-content\/uploads\/2022\/09\/Grito-1024x682.jpeg 1024w, https:\/\/elpuucnoticias.com\/wp-content\/uploads\/2022\/09\/Grito-300x200.jpeg 300w, https:\/\/elpuucnoticias.com\/wp-content\/uploads\/2022\/09\/Grito-768x512.jpeg 768w, https:\/\/elpuucnoticias.com\/wp-content\/uploads\/2022\/09\/Grito.jpeg 1280w\" sizes=\"auto, (max-width: 1024px) 100vw, 1024px\" \/><\/figure>\n<\/figure>\n\n\n\n<p>La noche del 15 de septiembre las festividades c\u00edvicas iniciaron con un evento cultural desde las 10, las cuales antecedieron a la ceremonia solemne del Grito de Independencia.\u00a0<\/p>\n\n\n\n<p>En esta celebraci\u00f3n participaron tambi\u00e9n el secretario municipal, Alan Torres Vera, as\u00ed como los regidores Margarita del Rosario Murillo Peralta, \u00c1ngel Sosa Chan, Mar\u00eda Isabel P\u00e9rez Campos, Ana Vanesa Pacheco C\u00f3rdova, Fernando Lugo Carrillo, Cinthia Mis Mart\u00ednez, W\u00edlberth Cach Yah, el director de Seguridad P\u00fablica y Tr\u00e1nsito Municipal, Nelson \u00c1vila Silva, y como invitada la presidenta del DIF, \u00c1ngeles Novelo Caamal.\u00a0<\/p>\n\n\n\n<p>Dentro del marco de las celebraciones se coron\u00f3 a Perla Esmeralda\u00a0Lara P\u00e9rez como Se\u00f1orita Independencia, quien encabez\u00f3 las actividades c\u00edvicas de este 16 de septiembre.\u2014 <em>El Puuc Noticias<\/em><\/p>\n","protected":false},"excerpt":{"rendered":"<p>En una noche m\u00e1gica, engalanada por la majestuosa ex estaci\u00f3n del ferrocarril, el Ayuntamiento de Oxkutzcab encabezado por<\/p>\n","protected":false},"author":1,"featured_media":3558,"comment_status":"closed","ping_status":"open","sticky":false,"template":"","format":"standard","meta":{"_monsterinsights_skip_tracking":false,"_monsterinsights_sitenote_active":false,"_monsterinsights_sitenote_note":"","_monsterinsights_sitenote_category":0,"footnotes":""},"categories":[11,14],"tags":[],"class_list":["post-3557","post","type-post","status-publish","format-standard","has-post-thumbnail","hentry","category-noticias","category-oxkutzcab"],"yoast_head":"<!-- This site is optimized with the Yoast SEO plugin v18.3 - https:\/\/yoast.com\/wordpress\/plugins\/seo\/ -->\n<title>Celebraciones patrias en Oxkutzcab con motivo del 212 aniversario de la Independencia de M\u00e9xico - El Puuc Noticias<\/title>\n<meta name=\"robots\" content=\"index, follow, max-snippet:-1, max-image-preview:large, max-video-preview:-1\" \/>\n<link rel=\"canonical\" href=\"https:\/\/elpuucnoticias.com\/?p=3557\" \/>\n<meta property=\"og:locale\" content=\"es_ES\" \/>\n<meta property=\"og:type\" content=\"article\" \/>\n<meta property=\"og:title\" content=\"Celebraciones patrias en Oxkutzcab con motivo del 212 aniversario de la Independencia de M\u00e9xico - El Puuc Noticias\" \/>\n<meta property=\"og:description\" content=\"En una noche m\u00e1gica, engalanada por la majestuosa ex estaci\u00f3n del ferrocarril, el Ayuntamiento de Oxkutzcab encabezado por\" \/>\n<meta property=\"og:url\" content=\"https:\/\/elpuucnoticias.com\/?p=3557\" \/>\n<meta property=\"og:site_name\" content=\"El Puuc Noticias\" \/>\n<meta property=\"article:published_time\" content=\"2022-09-17T09:45:48+00:00\" \/>\n<meta property=\"article:modified_time\" content=\"2022-09-17T09:45:50+00:00\" \/>\n<meta property=\"og:image\" content=\"https:\/\/elpuucnoticias.com\/wp-content\/uploads\/2022\/09\/Grito05.jpeg\" \/>\n\t<meta property=\"og:image:width\" content=\"1280\" \/>\n\t<meta property=\"og:image:height\" content=\"850\" \/>\n\t<meta property=\"og:image:type\" content=\"image\/jpeg\" \/>\n<meta name=\"twitter:card\" content=\"summary_large_image\" \/>\n<meta name=\"twitter:label1\" content=\"Escrito por\" \/>\n\t<meta name=\"twitter:data1\" content=\"elpuucnoticias\" \/>\n\t<meta name=\"twitter:label2\" content=\"Tiempo de lectura\" \/>\n\t<meta name=\"twitter:data2\" content=\"2 minutos\" \/>\n<script type=\"application\/ld+json\" class=\"yoast-schema-graph\">{\"@context\":\"https:\/\/schema.org\",\"@graph\":[{\"@type\":\"WebSite\",\"@id\":\"https:\/\/elpuucnoticias.com\/#website\",\"url\":\"https:\/\/elpuucnoticias.com\/\",\"name\":\"El Puuc Noticias\",\"description\":\"Noticias - Entretenimiento - Deportes\",\"potentialAction\":[{\"@type\":\"SearchAction\",\"target\":{\"@type\":\"EntryPoint\",\"urlTemplate\":\"https:\/\/elpuucnoticias.com\/?s={search_term_string}\"},\"query-input\":\"required name=search_term_string\"}],\"inLanguage\":\"es\"},{\"@type\":\"ImageObject\",\"@id\":\"https:\/\/elpuucnoticias.com\/?p=3557#primaryimage\",\"inLanguage\":\"es\",\"url\":\"https:\/\/elpuucnoticias.com\/wp-content\/uploads\/2022\/09\/Grito05.jpeg\",\"contentUrl\":\"https:\/\/elpuucnoticias.com\/wp-content\/uploads\/2022\/09\/Grito05.jpeg\",\"width\":1280,\"height\":850},{\"@type\":\"WebPage\",\"@id\":\"https:\/\/elpuucnoticias.com\/?p=3557#webpage\",\"url\":\"https:\/\/elpuucnoticias.com\/?p=3557\",\"name\":\"Celebraciones patrias en Oxkutzcab con motivo del 212 aniversario de la Independencia de M\u00e9xico - El Puuc Noticias\",\"isPartOf\":{\"@id\":\"https:\/\/elpuucnoticias.com\/#website\"},\"primaryImageOfPage\":{\"@id\":\"https:\/\/elpuucnoticias.com\/?p=3557#primaryimage\"},\"datePublished\":\"2022-09-17T09:45:48+00:00\",\"dateModified\":\"2022-09-17T09:45:50+00:00\",\"author\":{\"@id\":\"https:\/\/elpuucnoticias.com\/#\/schema\/person\/d2ea09e4c97f0160b11cdfb1d856bd9e\"},\"breadcrumb\":{\"@id\":\"https:\/\/elpuucnoticias.com\/?p=3557#breadcrumb\"},\"inLanguage\":\"es\",\"potentialAction\":[{\"@type\":\"ReadAction\",\"target\":[\"https:\/\/elpuucnoticias.com\/?p=3557\"]}]},{\"@type\":\"BreadcrumbList\",\"@id\":\"https:\/\/elpuucnoticias.com\/?p=3557#breadcrumb\",\"itemListElement\":[{\"@type\":\"ListItem\",\"position\":1,\"name\":\"Portada\",\"item\":\"https:\/\/elpuucnoticias.com\/\"},{\"@type\":\"ListItem\",\"position\":2,\"name\":\"Celebraciones patrias en Oxkutzcab con motivo del 212 aniversario de la Independencia de M\u00e9xico\"}]},{\"@type\":\"Person\",\"@id\":\"https:\/\/elpuucnoticias.com\/#\/schema\/person\/d2ea09e4c97f0160b11cdfb1d856bd9e\",\"name\":\"elpuucnoticias\",\"image\":{\"@type\":\"ImageObject\",\"@id\":\"https:\/\/elpuucnoticias.com\/#personlogo\",\"inLanguage\":\"es\",\"url\":\"https:\/\/secure.gravatar.com\/avatar\/5290a43657c74ffa15701dbe5b846bd85cc71930d803c84e91046a7333de6ce2?s=96&d=mm&r=g\",\"contentUrl\":\"https:\/\/secure.gravatar.com\/avatar\/5290a43657c74ffa15701dbe5b846bd85cc71930d803c84e91046a7333de6ce2?s=96&d=mm&r=g\",\"caption\":\"elpuucnoticias\"},\"sameAs\":[\"https:\/\/elpuucnoticias.com\"],\"url\":\"https:\/\/elpuucnoticias.com\/?author=1\"}]}<\/script>\n<!-- \/ Yoast SEO plugin. -->","yoast_head_json":{"title":"Celebraciones patrias en Oxkutzcab con motivo del 212 aniversario de la Independencia de M\u00e9xico - El Puuc Noticias","robots":{"index":"index","follow":"follow","max-snippet":"max-snippet:-1","max-image-preview":"max-image-preview:large","max-video-preview":"max-video-preview:-1"},"canonical":"https:\/\/elpuucnoticias.com\/?p=3557","og_locale":"es_ES","og_type":"article","og_title":"Celebraciones patrias en Oxkutzcab con motivo del 212 aniversario de la Independencia de M\u00e9xico - El Puuc Noticias","og_description":"En una noche m\u00e1gica, engalanada por la majestuosa ex estaci\u00f3n del ferrocarril, el Ayuntamiento de Oxkutzcab encabezado por","og_url":"https:\/\/elpuucnoticias.com\/?p=3557","og_site_name":"El Puuc Noticias","article_published_time":"2022-09-17T09:45:48+00:00","article_modified_time":"2022-09-17T09:45:50+00:00","og_image":[{"width":1280,"height":850,"url":"https:\/\/elpuucnoticias.com\/wp-content\/uploads\/2022\/09\/Grito05.jpeg","type":"image\/jpeg"}],"twitter_card":"summary_large_image","twitter_misc":{"Escrito por":"elpuucnoticias","Tiempo de lectura":"2 minutos"},"schema":{"@context":"https:\/\/schema.org","@graph":[{"@type":"WebSite","@id":"https:\/\/elpuucnoticias.com\/#website","url":"https:\/\/elpuucnoticias.com\/","name":"El Puuc Noticias","description":"Noticias - Entretenimiento - Deportes","potentialAction":[{"@type":"SearchAction","target":{"@type":"EntryPoint","urlTemplate":"https:\/\/elpuucnoticias.com\/?s={search_term_string}"},"query-input":"required name=search_term_string"}],"inLanguage":"es"},{"@type":"ImageObject","@id":"https:\/\/elpuucnoticias.com\/?p=3557#primaryimage","inLanguage":"es","url":"https:\/\/elpuucnoticias.com\/wp-content\/uploads\/2022\/09\/Grito05.jpeg","contentUrl":"https:\/\/elpuucnoticias.com\/wp-content\/uploads\/2022\/09\/Grito05.jpeg","width":1280,"height":850},{"@type":"WebPage","@id":"https:\/\/elpuucnoticias.com\/?p=3557#webpage","url":"https:\/\/elpuucnoticias.com\/?p=3557","name":"Celebraciones patrias en Oxkutzcab con motivo del 212 aniversario de la Independencia de M\u00e9xico - El Puuc Noticias","isPartOf":{"@id":"https:\/\/elpuucnoticias.com\/#website"},"primaryImageOfPage":{"@id":"https:\/\/elpuucnoticias.com\/?p=3557#primaryimage"},"datePublished":"2022-09-17T09:45:48+00:00","dateModified":"2022-09-17T09:45:50+00:00","author":{"@id":"https:\/\/elpuucnoticias.com\/#\/schema\/person\/d2ea09e4c97f0160b11cdfb1d856bd9e"},"breadcrumb":{"@id":"https:\/\/elpuucnoticias.com\/?p=3557#breadcrumb"},"inLanguage":"es","potentialAction":[{"@type":"ReadAction","target":["https:\/\/elpuucnoticias.com\/?p=3557"]}]},{"@type":"BreadcrumbList","@id":"https:\/\/elpuucnoticias.com\/?p=3557#breadcrumb","itemListElement":[{"@type":"ListItem","position":1,"name":"Portada","item":"https:\/\/elpuucnoticias.com\/"},{"@type":"ListItem","position":2,"name":"Celebraciones patrias en Oxkutzcab con motivo del 212 aniversario de la Independencia de M\u00e9xico"}]},{"@type":"Person","@id":"https:\/\/elpuucnoticias.com\/#\/schema\/person\/d2ea09e4c97f0160b11cdfb1d856bd9e","name":"elpuucnoticias","image":{"@type":"ImageObject","@id":"https:\/\/elpuucnoticias.com\/#personlogo","inLanguage":"es","url":"https:\/\/secure.gravatar.com\/avatar\/5290a43657c74ffa15701dbe5b846bd85cc71930d803c84e91046a7333de6ce2?s=96&d=mm&r=g","contentUrl":"https:\/\/secure.gravatar.com\/avatar\/5290a43657c74ffa15701dbe5b846bd85cc71930d803c84e91046a7333de6ce2?s=96&d=mm&r=g","caption":"elpuucnoticias"},"sameAs":["https:\/\/elpuucnoticias.com"],"url":"https:\/\/elpuucnoticias.com\/?author=1"}]}},"_links":{"self":[{"href":"https:\/\/elpuucnoticias.com\/index.php?rest_route=\/wp\/v2\/posts\/3557","targetHints":{"allow":["GET"]}}],"collection":[{"href":"https:\/\/elpuucnoticias.com\/index.php?rest_route=\/wp\/v2\/posts"}],"about":[{"href":"https:\/\/elpuucnoticias.com\/index.php?rest_route=\/wp\/v2\/types\/post"}],"author":[{"embeddable":true,"href":"https:\/\/elpuucnoticias.com\/index.php?rest_route=\/wp\/v2\/users\/1"}],"replies":[{"embeddable":true,"href":"https:\/\/elpuucnoticias.com\/index.php?rest_route=%2Fwp%2Fv2%2Fcomments&post=3557"}],"version-history":[{"count":1,"href":"https:\/\/elpuucnoticias.com\/index.php?rest_route=\/wp\/v2\/posts\/3557\/revisions"}],"predecessor-version":[{"id":3561,"href":"https:\/\/elpuucnoticias.com\/index.php?rest_route=\/wp\/v2\/posts\/3557\/revisions\/3561"}],"wp:featuredmedia":[{"embeddable":true,"href":"https:\/\/elpuucnoticias.com\/index.php?rest_route=\/wp\/v2\/media\/3558"}],"wp:attachment":[{"href":"https:\/\/elpuucnoticias.com\/index.php?rest_route=%2Fwp%2Fv2%2Fmedia&parent=3557"}],"wp:term":[{"taxonomy":"category","embeddable":true,"href":"https:\/\/elpuucnoticias.com\/index.php?rest_route=%2Fwp%2Fv2%2Fcategories&post=3557"},{"taxonomy":"post_tag","embeddable":true,"href":"https:\/\/elpuucnoticias.com\/index.php?rest_route=%2Fwp%2Fv2%2Ftags&post=3557"}],"curies":[{"name":"wp","href":"https:\/\/api.w.org\/{rel}","templated":true}]}}