{"id":389,"date":"2022-03-16T14:54:06","date_gmt":"2022-03-16T20:54:06","guid":{"rendered":"https:\/\/elpuucnoticias.com\/?p=389"},"modified":"2022-03-16T14:54:08","modified_gmt":"2022-03-16T20:54:08","slug":"el-ayuntamiento-de-peto-firma-convenio-con-la-universidad-tecnologica-del-mayab","status":"publish","type":"post","link":"https:\/\/elpuucnoticias.com\/?p=389","title":{"rendered":"El Ayuntamiento de Peto firma convenio con la Universidad Tecnol\u00f3gica del Mayab"},"content":{"rendered":"\n<p>Ayer, el alcalde, Ren\u00e1n Gabriel Jim\u00e9nez Tah, firm\u00f3 un convenio de colaboraci\u00f3n con la Universidad Tecnol\u00f3gica del Mayab, en un evento que se realiz\u00f3 en el auditorio del plantel en presencia de estudiantes, maestros y empleados del Ayuntamiento.<\/p>\n\n\n\n<figure class=\"wp-block-gallery has-nested-images columns-default is-cropped wp-block-gallery-1 is-layout-flex wp-block-gallery-is-layout-flex\">\n<figure class=\"wp-block-image size-large\"><img loading=\"lazy\" decoding=\"async\" width=\"1024\" height=\"682\" data-id=\"391\" src=\"https:\/\/elpuucnoticias.com\/wp-content\/uploads\/2022\/03\/convenio-peto-4-1024x682.jpeg\" alt=\"\" class=\"wp-image-391\" srcset=\"https:\/\/elpuucnoticias.com\/wp-content\/uploads\/2022\/03\/convenio-peto-4-1024x682.jpeg 1024w, https:\/\/elpuucnoticias.com\/wp-content\/uploads\/2022\/03\/convenio-peto-4-300x200.jpeg 300w, https:\/\/elpuucnoticias.com\/wp-content\/uploads\/2022\/03\/convenio-peto-4-768x512.jpeg 768w, https:\/\/elpuucnoticias.com\/wp-content\/uploads\/2022\/03\/convenio-peto-4.jpeg 1280w\" sizes=\"auto, (max-width: 1024px) 100vw, 1024px\" \/><\/figure>\n\n\n\n<figure class=\"wp-block-image size-large\"><img loading=\"lazy\" decoding=\"async\" width=\"1024\" height=\"682\" data-id=\"392\" src=\"https:\/\/elpuucnoticias.com\/wp-content\/uploads\/2022\/03\/convenio-peto-2-1024x682.jpeg\" alt=\"\" class=\"wp-image-392\" srcset=\"https:\/\/elpuucnoticias.com\/wp-content\/uploads\/2022\/03\/convenio-peto-2-1024x682.jpeg 1024w, https:\/\/elpuucnoticias.com\/wp-content\/uploads\/2022\/03\/convenio-peto-2-300x200.jpeg 300w, https:\/\/elpuucnoticias.com\/wp-content\/uploads\/2022\/03\/convenio-peto-2-768x512.jpeg 768w, https:\/\/elpuucnoticias.com\/wp-content\/uploads\/2022\/03\/convenio-peto-2.jpeg 1280w\" sizes=\"auto, (max-width: 1024px) 100vw, 1024px\" \/><\/figure>\n\n\n\n<figure class=\"wp-block-image size-large\"><img loading=\"lazy\" decoding=\"async\" width=\"1024\" height=\"682\" data-id=\"393\" src=\"https:\/\/elpuucnoticias.com\/wp-content\/uploads\/2022\/03\/convenio-peto-3-1024x682.jpeg\" alt=\"\" class=\"wp-image-393\" srcset=\"https:\/\/elpuucnoticias.com\/wp-content\/uploads\/2022\/03\/convenio-peto-3-1024x682.jpeg 1024w, https:\/\/elpuucnoticias.com\/wp-content\/uploads\/2022\/03\/convenio-peto-3-300x200.jpeg 300w, https:\/\/elpuucnoticias.com\/wp-content\/uploads\/2022\/03\/convenio-peto-3-768x512.jpeg 768w, https:\/\/elpuucnoticias.com\/wp-content\/uploads\/2022\/03\/convenio-peto-3.jpeg 1280w\" sizes=\"auto, (max-width: 1024px) 100vw, 1024px\" \/><\/figure>\n<\/figure>\n\n\n\n<p>Se inform\u00f3 que la finalidad de este convenio es trabajar de manera coordinada, en beneficio de la sociedad y los estudiantes. El alcalde agradeci\u00f3 la apertura de la Universidad hacia el Ayuntamiento para que este convenio fuera posible.<\/p>\n\n\n\n<p>Resalt\u00f3 que con esta alianza los alumnos podr\u00e1n hacer sus pr\u00e1cticas profesionales en diversos espacios de la Comuna, sobre todo en proyectos que se desarrollar\u00e1n en los siguientes meses.<\/p>\n\n\n\n<figure class=\"wp-block-gallery has-nested-images columns-default is-cropped wp-block-gallery-2 is-layout-flex wp-block-gallery-is-layout-flex\">\n<figure class=\"wp-block-image size-large\"><img loading=\"lazy\" decoding=\"async\" width=\"1024\" height=\"682\" data-id=\"395\" src=\"https:\/\/elpuucnoticias.com\/wp-content\/uploads\/2022\/03\/convenio-peto-8-1024x682.jpeg\" alt=\"\" class=\"wp-image-395\" srcset=\"https:\/\/elpuucnoticias.com\/wp-content\/uploads\/2022\/03\/convenio-peto-8-1024x682.jpeg 1024w, https:\/\/elpuucnoticias.com\/wp-content\/uploads\/2022\/03\/convenio-peto-8-300x200.jpeg 300w, https:\/\/elpuucnoticias.com\/wp-content\/uploads\/2022\/03\/convenio-peto-8-768x512.jpeg 768w, https:\/\/elpuucnoticias.com\/wp-content\/uploads\/2022\/03\/convenio-peto-8.jpeg 1280w\" sizes=\"auto, (max-width: 1024px) 100vw, 1024px\" \/><\/figure>\n\n\n\n<figure class=\"wp-block-image size-large\"><img loading=\"lazy\" decoding=\"async\" width=\"1024\" height=\"682\" data-id=\"396\" src=\"https:\/\/elpuucnoticias.com\/wp-content\/uploads\/2022\/03\/convenio-peto-6-1024x682.jpeg\" alt=\"\" class=\"wp-image-396\" srcset=\"https:\/\/elpuucnoticias.com\/wp-content\/uploads\/2022\/03\/convenio-peto-6-1024x682.jpeg 1024w, https:\/\/elpuucnoticias.com\/wp-content\/uploads\/2022\/03\/convenio-peto-6-300x200.jpeg 300w, https:\/\/elpuucnoticias.com\/wp-content\/uploads\/2022\/03\/convenio-peto-6-768x512.jpeg 768w, https:\/\/elpuucnoticias.com\/wp-content\/uploads\/2022\/03\/convenio-peto-6.jpeg 1280w\" sizes=\"auto, (max-width: 1024px) 100vw, 1024px\" \/><\/figure>\n\n\n\n<figure class=\"wp-block-image size-large\"><img loading=\"lazy\" decoding=\"async\" width=\"1024\" height=\"682\" data-id=\"394\" src=\"https:\/\/elpuucnoticias.com\/wp-content\/uploads\/2022\/03\/convenio-peto-7-1024x682.jpeg\" alt=\"\" class=\"wp-image-394\" srcset=\"https:\/\/elpuucnoticias.com\/wp-content\/uploads\/2022\/03\/convenio-peto-7-1024x682.jpeg 1024w, https:\/\/elpuucnoticias.com\/wp-content\/uploads\/2022\/03\/convenio-peto-7-300x200.jpeg 300w, https:\/\/elpuucnoticias.com\/wp-content\/uploads\/2022\/03\/convenio-peto-7-768x512.jpeg 768w, https:\/\/elpuucnoticias.com\/wp-content\/uploads\/2022\/03\/convenio-peto-7.jpeg 1280w\" sizes=\"auto, (max-width: 1024px) 100vw, 1024px\" \/><\/figure>\n<\/figure>\n\n\n\n<p>Ren\u00e1n Jim\u00e9nez indica que cuando hay un trabajo en conjunto, es m\u00e1s f\u00e1cil lograr los objetivos y eso permite que haya un mejor desarrollo en beneficio de la sociedad.\u2014 <em>El Puuc Noticias<\/em><\/p>\n","protected":false},"excerpt":{"rendered":"<p>Ayer, el alcalde, Ren\u00e1n Gabriel Jim\u00e9nez Tah, firm\u00f3 un convenio de colaboraci\u00f3n con la Universidad Tecnol\u00f3gica del Mayab,<\/p>\n","protected":false},"author":1,"featured_media":390,"comment_status":"closed","ping_status":"open","sticky":false,"template":"","format":"standard","meta":{"_monsterinsights_skip_tracking":false,"_monsterinsights_sitenote_active":false,"_monsterinsights_sitenote_note":"","_monsterinsights_sitenote_category":0,"footnotes":""},"categories":[11,20,5],"tags":[],"class_list":["post-389","post","type-post","status-publish","format-standard","has-post-thumbnail","hentry","category-noticias","category-peto","category-tendencias"],"yoast_head":"<!-- This site is optimized with the Yoast SEO plugin v18.3 - https:\/\/yoast.com\/wordpress\/plugins\/seo\/ -->\n<title>El Ayuntamiento de Peto firma convenio con la Universidad Tecnol\u00f3gica del Mayab - El Puuc Noticias<\/title>\n<meta name=\"robots\" content=\"index, follow, max-snippet:-1, max-image-preview:large, max-video-preview:-1\" \/>\n<link rel=\"canonical\" href=\"https:\/\/elpuucnoticias.com\/?p=389\" \/>\n<meta property=\"og:locale\" content=\"es_ES\" \/>\n<meta property=\"og:type\" content=\"article\" \/>\n<meta property=\"og:title\" content=\"El Ayuntamiento de Peto firma convenio con la Universidad Tecnol\u00f3gica del Mayab - El Puuc Noticias\" \/>\n<meta property=\"og:description\" content=\"Ayer, el alcalde, Ren\u00e1n Gabriel Jim\u00e9nez Tah, firm\u00f3 un convenio de colaboraci\u00f3n con la Universidad Tecnol\u00f3gica del Mayab,\" \/>\n<meta property=\"og:url\" content=\"https:\/\/elpuucnoticias.com\/?p=389\" \/>\n<meta property=\"og:site_name\" content=\"El Puuc Noticias\" \/>\n<meta property=\"article:published_time\" content=\"2022-03-16T20:54:06+00:00\" \/>\n<meta property=\"article:modified_time\" content=\"2022-03-16T20:54:08+00:00\" \/>\n<meta property=\"og:image\" content=\"https:\/\/elpuucnoticias.com\/wp-content\/uploads\/2022\/03\/convenio-peto-1.jpeg\" \/>\n\t<meta property=\"og:image:width\" content=\"1280\" \/>\n\t<meta property=\"og:image:height\" content=\"853\" \/>\n\t<meta property=\"og:image:type\" content=\"image\/jpeg\" \/>\n<meta name=\"twitter:card\" content=\"summary_large_image\" \/>\n<meta name=\"twitter:label1\" content=\"Escrito por\" \/>\n\t<meta name=\"twitter:data1\" content=\"elpuucnoticias\" \/>\n\t<meta name=\"twitter:label2\" content=\"Tiempo de lectura\" \/>\n\t<meta name=\"twitter:data2\" content=\"2 minutos\" \/>\n<script type=\"application\/ld+json\" class=\"yoast-schema-graph\">{\"@context\":\"https:\/\/schema.org\",\"@graph\":[{\"@type\":\"WebSite\",\"@id\":\"https:\/\/elpuucnoticias.com\/#website\",\"url\":\"https:\/\/elpuucnoticias.com\/\",\"name\":\"El Puuc Noticias\",\"description\":\"Noticias - Entretenimiento - Deportes\",\"potentialAction\":[{\"@type\":\"SearchAction\",\"target\":{\"@type\":\"EntryPoint\",\"urlTemplate\":\"https:\/\/elpuucnoticias.com\/?s={search_term_string}\"},\"query-input\":\"required name=search_term_string\"}],\"inLanguage\":\"es\"},{\"@type\":\"ImageObject\",\"@id\":\"https:\/\/elpuucnoticias.com\/?p=389#primaryimage\",\"inLanguage\":\"es\",\"url\":\"https:\/\/elpuucnoticias.com\/wp-content\/uploads\/2022\/03\/convenio-peto-1.jpeg\",\"contentUrl\":\"https:\/\/elpuucnoticias.com\/wp-content\/uploads\/2022\/03\/convenio-peto-1.jpeg\",\"width\":1280,\"height\":853},{\"@type\":\"WebPage\",\"@id\":\"https:\/\/elpuucnoticias.com\/?p=389#webpage\",\"url\":\"https:\/\/elpuucnoticias.com\/?p=389\",\"name\":\"El Ayuntamiento de Peto firma convenio con la Universidad Tecnol\u00f3gica del Mayab - El Puuc Noticias\",\"isPartOf\":{\"@id\":\"https:\/\/elpuucnoticias.com\/#website\"},\"primaryImageOfPage\":{\"@id\":\"https:\/\/elpuucnoticias.com\/?p=389#primaryimage\"},\"datePublished\":\"2022-03-16T20:54:06+00:00\",\"dateModified\":\"2022-03-16T20:54:08+00:00\",\"author\":{\"@id\":\"https:\/\/elpuucnoticias.com\/#\/schema\/person\/d2ea09e4c97f0160b11cdfb1d856bd9e\"},\"breadcrumb\":{\"@id\":\"https:\/\/elpuucnoticias.com\/?p=389#breadcrumb\"},\"inLanguage\":\"es\",\"potentialAction\":[{\"@type\":\"ReadAction\",\"target\":[\"https:\/\/elpuucnoticias.com\/?p=389\"]}]},{\"@type\":\"BreadcrumbList\",\"@id\":\"https:\/\/elpuucnoticias.com\/?p=389#breadcrumb\",\"itemListElement\":[{\"@type\":\"ListItem\",\"position\":1,\"name\":\"Portada\",\"item\":\"https:\/\/elpuucnoticias.com\/\"},{\"@type\":\"ListItem\",\"position\":2,\"name\":\"El Ayuntamiento de Peto firma convenio con la Universidad Tecnol\u00f3gica del Mayab\"}]},{\"@type\":\"Person\",\"@id\":\"https:\/\/elpuucnoticias.com\/#\/schema\/person\/d2ea09e4c97f0160b11cdfb1d856bd9e\",\"name\":\"elpuucnoticias\",\"image\":{\"@type\":\"ImageObject\",\"@id\":\"https:\/\/elpuucnoticias.com\/#personlogo\",\"inLanguage\":\"es\",\"url\":\"https:\/\/secure.gravatar.com\/avatar\/5290a43657c74ffa15701dbe5b846bd85cc71930d803c84e91046a7333de6ce2?s=96&d=mm&r=g\",\"contentUrl\":\"https:\/\/secure.gravatar.com\/avatar\/5290a43657c74ffa15701dbe5b846bd85cc71930d803c84e91046a7333de6ce2?s=96&d=mm&r=g\",\"caption\":\"elpuucnoticias\"},\"sameAs\":[\"https:\/\/elpuucnoticias.com\"],\"url\":\"https:\/\/elpuucnoticias.com\/?author=1\"}]}<\/script>\n<!-- \/ Yoast SEO plugin. -->","yoast_head_json":{"title":"El Ayuntamiento de Peto firma convenio con la Universidad Tecnol\u00f3gica del Mayab - El Puuc Noticias","robots":{"index":"index","follow":"follow","max-snippet":"max-snippet:-1","max-image-preview":"max-image-preview:large","max-video-preview":"max-video-preview:-1"},"canonical":"https:\/\/elpuucnoticias.com\/?p=389","og_locale":"es_ES","og_type":"article","og_title":"El Ayuntamiento de Peto firma convenio con la Universidad Tecnol\u00f3gica del Mayab - El Puuc Noticias","og_description":"Ayer, el alcalde, Ren\u00e1n Gabriel Jim\u00e9nez Tah, firm\u00f3 un convenio de colaboraci\u00f3n con la Universidad Tecnol\u00f3gica del Mayab,","og_url":"https:\/\/elpuucnoticias.com\/?p=389","og_site_name":"El Puuc Noticias","article_published_time":"2022-03-16T20:54:06+00:00","article_modified_time":"2022-03-16T20:54:08+00:00","og_image":[{"width":1280,"height":853,"url":"https:\/\/elpuucnoticias.com\/wp-content\/uploads\/2022\/03\/convenio-peto-1.jpeg","type":"image\/jpeg"}],"twitter_card":"summary_large_image","twitter_misc":{"Escrito por":"elpuucnoticias","Tiempo de lectura":"2 minutos"},"schema":{"@context":"https:\/\/schema.org","@graph":[{"@type":"WebSite","@id":"https:\/\/elpuucnoticias.com\/#website","url":"https:\/\/elpuucnoticias.com\/","name":"El Puuc Noticias","description":"Noticias - Entretenimiento - Deportes","potentialAction":[{"@type":"SearchAction","target":{"@type":"EntryPoint","urlTemplate":"https:\/\/elpuucnoticias.com\/?s={search_term_string}"},"query-input":"required name=search_term_string"}],"inLanguage":"es"},{"@type":"ImageObject","@id":"https:\/\/elpuucnoticias.com\/?p=389#primaryimage","inLanguage":"es","url":"https:\/\/elpuucnoticias.com\/wp-content\/uploads\/2022\/03\/convenio-peto-1.jpeg","contentUrl":"https:\/\/elpuucnoticias.com\/wp-content\/uploads\/2022\/03\/convenio-peto-1.jpeg","width":1280,"height":853},{"@type":"WebPage","@id":"https:\/\/elpuucnoticias.com\/?p=389#webpage","url":"https:\/\/elpuucnoticias.com\/?p=389","name":"El Ayuntamiento de Peto firma convenio con la Universidad Tecnol\u00f3gica del Mayab - El Puuc Noticias","isPartOf":{"@id":"https:\/\/elpuucnoticias.com\/#website"},"primaryImageOfPage":{"@id":"https:\/\/elpuucnoticias.com\/?p=389#primaryimage"},"datePublished":"2022-03-16T20:54:06+00:00","dateModified":"2022-03-16T20:54:08+00:00","author":{"@id":"https:\/\/elpuucnoticias.com\/#\/schema\/person\/d2ea09e4c97f0160b11cdfb1d856bd9e"},"breadcrumb":{"@id":"https:\/\/elpuucnoticias.com\/?p=389#breadcrumb"},"inLanguage":"es","potentialAction":[{"@type":"ReadAction","target":["https:\/\/elpuucnoticias.com\/?p=389"]}]},{"@type":"BreadcrumbList","@id":"https:\/\/elpuucnoticias.com\/?p=389#breadcrumb","itemListElement":[{"@type":"ListItem","position":1,"name":"Portada","item":"https:\/\/elpuucnoticias.com\/"},{"@type":"ListItem","position":2,"name":"El Ayuntamiento de Peto firma convenio con la Universidad Tecnol\u00f3gica del Mayab"}]},{"@type":"Person","@id":"https:\/\/elpuucnoticias.com\/#\/schema\/person\/d2ea09e4c97f0160b11cdfb1d856bd9e","name":"elpuucnoticias","image":{"@type":"ImageObject","@id":"https:\/\/elpuucnoticias.com\/#personlogo","inLanguage":"es","url":"https:\/\/secure.gravatar.com\/avatar\/5290a43657c74ffa15701dbe5b846bd85cc71930d803c84e91046a7333de6ce2?s=96&d=mm&r=g","contentUrl":"https:\/\/secure.gravatar.com\/avatar\/5290a43657c74ffa15701dbe5b846bd85cc71930d803c84e91046a7333de6ce2?s=96&d=mm&r=g","caption":"elpuucnoticias"},"sameAs":["https:\/\/elpuucnoticias.com"],"url":"https:\/\/elpuucnoticias.com\/?author=1"}]}},"_links":{"self":[{"href":"https:\/\/elpuucnoticias.com\/index.php?rest_route=\/wp\/v2\/posts\/389","targetHints":{"allow":["GET"]}}],"collection":[{"href":"https:\/\/elpuucnoticias.com\/index.php?rest_route=\/wp\/v2\/posts"}],"about":[{"href":"https:\/\/elpuucnoticias.com\/index.php?rest_route=\/wp\/v2\/types\/post"}],"author":[{"embeddable":true,"href":"https:\/\/elpuucnoticias.com\/index.php?rest_route=\/wp\/v2\/users\/1"}],"replies":[{"embeddable":true,"href":"https:\/\/elpuucnoticias.com\/index.php?rest_route=%2Fwp%2Fv2%2Fcomments&post=389"}],"version-history":[{"count":1,"href":"https:\/\/elpuucnoticias.com\/index.php?rest_route=\/wp\/v2\/posts\/389\/revisions"}],"predecessor-version":[{"id":397,"href":"https:\/\/elpuucnoticias.com\/index.php?rest_route=\/wp\/v2\/posts\/389\/revisions\/397"}],"wp:featuredmedia":[{"embeddable":true,"href":"https:\/\/elpuucnoticias.com\/index.php?rest_route=\/wp\/v2\/media\/390"}],"wp:attachment":[{"href":"https:\/\/elpuucnoticias.com\/index.php?rest_route=%2Fwp%2Fv2%2Fmedia&parent=389"}],"wp:term":[{"taxonomy":"category","embeddable":true,"href":"https:\/\/elpuucnoticias.com\/index.php?rest_route=%2Fwp%2Fv2%2Fcategories&post=389"},{"taxonomy":"post_tag","embeddable":true,"href":"https:\/\/elpuucnoticias.com\/index.php?rest_route=%2Fwp%2Fv2%2Ftags&post=389"}],"curies":[{"name":"wp","href":"https:\/\/api.w.org\/{rel}","templated":true}]}}