{"id":402,"date":"2022-03-16T15:35:08","date_gmt":"2022-03-16T21:35:08","guid":{"rendered":"https:\/\/elpuucnoticias.com\/?p=402"},"modified":"2022-03-16T15:35:10","modified_gmt":"2022-03-16T21:35:10","slug":"primera-caida-de-granizo-del-ano-en-tekax-lluvias-y-fuertes-vientos-causan-afectaciones-en-diversos-servicios","status":"publish","type":"post","link":"https:\/\/elpuucnoticias.com\/?p=402","title":{"rendered":"Primera ca\u00edda de granizo del a\u00f1o en Tekax. Lluvias y fuertes vientos causan afectaciones en diversos servicios"},"content":{"rendered":"\n<p>La tarde de ayer martes se registr\u00f3 en Tekax la primera lluvia con ca\u00edda de granizo del a\u00f1o, lo que gener\u00f3 numerosas reacciones en las redes sociales.<\/p>\n\n\n\n<p>La lluvia que dur\u00f3 varias horas con lapsos de fuertes vientos antes de las 7 de la tarde, provocaron la ca\u00edda de varios servicios que hasta la tarde de este mi\u00e9rcoles no se han podido restablecer.<\/p>\n\n\n\n<figure class=\"wp-block-image size-large\"><img loading=\"lazy\" decoding=\"async\" width=\"576\" height=\"1024\" src=\"https:\/\/elpuucnoticias.com\/wp-content\/uploads\/2022\/03\/lluvia-tekax-3-576x1024.jpeg\" alt=\"\" class=\"wp-image-404\" srcset=\"https:\/\/elpuucnoticias.com\/wp-content\/uploads\/2022\/03\/lluvia-tekax-3-576x1024.jpeg 576w, https:\/\/elpuucnoticias.com\/wp-content\/uploads\/2022\/03\/lluvia-tekax-3-169x300.jpeg 169w, https:\/\/elpuucnoticias.com\/wp-content\/uploads\/2022\/03\/lluvia-tekax-3.jpeg 720w\" sizes=\"auto, (max-width: 576px) 100vw, 576px\" \/><\/figure>\n\n\n\n<p>De acuerdo con vecinos de varias colonias, se registraron afectaciones en los servicios de energ\u00eda el\u00e9ctrica, agua potable, televisi\u00f3n por cable e internet.<\/p>\n\n\n\n<p>El departamento de Protecci\u00f3n Civil report\u00f3 la ca\u00edda de \u00e1rboles y tendido el\u00e9ctrico en varias zonas de la ciudad por lo que tuvieron que intervenir y cerrar diversas vialidades como una medida para la prevenci\u00f3n de accidentes.<\/p>\n\n\n\n<figure class=\"wp-block-image size-large\"><img loading=\"lazy\" decoding=\"async\" width=\"1024\" height=\"576\" src=\"https:\/\/elpuucnoticias.com\/wp-content\/uploads\/2022\/03\/lluvia-tekax-2-1024x576.jpeg\" alt=\"\" class=\"wp-image-405\" srcset=\"https:\/\/elpuucnoticias.com\/wp-content\/uploads\/2022\/03\/lluvia-tekax-2-1024x576.jpeg 1024w, https:\/\/elpuucnoticias.com\/wp-content\/uploads\/2022\/03\/lluvia-tekax-2-300x169.jpeg 300w, https:\/\/elpuucnoticias.com\/wp-content\/uploads\/2022\/03\/lluvia-tekax-2-768x432.jpeg 768w, https:\/\/elpuucnoticias.com\/wp-content\/uploads\/2022\/03\/lluvia-tekax-2-1536x864.jpeg 1536w, https:\/\/elpuucnoticias.com\/wp-content\/uploads\/2022\/03\/lluvia-tekax-2.jpeg 1599w\" sizes=\"auto, (max-width: 1024px) 100vw, 1024px\" \/><\/figure>\n\n\n\n<p>Seg\u00fan se inform\u00f3 que calles como la 41 por 24, al Oriente de la ciudad, se registr\u00f3 incluso el desprendimiento del tendido de la empresa de telefon\u00eda fija, por lo que tuvieron que cerrar la avenida.\u2014 El Puuc Noticias \/ Herbert Nelson Bacab Poot<\/p>\n","protected":false},"excerpt":{"rendered":"<p>La tarde de ayer martes se registr\u00f3 en Tekax la primera lluvia con ca\u00edda de granizo del a\u00f1o,<\/p>\n","protected":false},"author":1,"featured_media":403,"comment_status":"closed","ping_status":"open","sticky":false,"template":"","format":"standard","meta":{"_monsterinsights_skip_tracking":false,"_monsterinsights_sitenote_active":false,"_monsterinsights_sitenote_note":"","_monsterinsights_sitenote_category":0,"footnotes":""},"categories":[16,11,4,5],"tags":[],"class_list":["post-402","post","type-post","status-publish","format-standard","has-post-thumbnail","hentry","category-exclusiva","category-noticias","category-tekax","category-tendencias"],"yoast_head":"<!-- This site is optimized with the Yoast SEO plugin v18.3 - https:\/\/yoast.com\/wordpress\/plugins\/seo\/ -->\n<title>Primera ca\u00edda de granizo del a\u00f1o en Tekax. Lluvias y fuertes vientos causan afectaciones en diversos servicios - El Puuc Noticias<\/title>\n<meta name=\"robots\" content=\"index, follow, max-snippet:-1, max-image-preview:large, max-video-preview:-1\" \/>\n<link rel=\"canonical\" href=\"https:\/\/elpuucnoticias.com\/?p=402\" \/>\n<meta property=\"og:locale\" content=\"es_ES\" \/>\n<meta property=\"og:type\" content=\"article\" \/>\n<meta property=\"og:title\" content=\"Primera ca\u00edda de granizo del a\u00f1o en Tekax. Lluvias y fuertes vientos causan afectaciones en diversos servicios - El Puuc Noticias\" \/>\n<meta property=\"og:description\" content=\"La tarde de ayer martes se registr\u00f3 en Tekax la primera lluvia con ca\u00edda de granizo del a\u00f1o,\" \/>\n<meta property=\"og:url\" content=\"https:\/\/elpuucnoticias.com\/?p=402\" \/>\n<meta property=\"og:site_name\" content=\"El Puuc Noticias\" \/>\n<meta property=\"article:published_time\" content=\"2022-03-16T21:35:08+00:00\" \/>\n<meta property=\"article:modified_time\" content=\"2022-03-16T21:35:10+00:00\" \/>\n<meta property=\"og:image\" content=\"https:\/\/elpuucnoticias.com\/wp-content\/uploads\/2022\/03\/GRANIZO.jpg\" \/>\n\t<meta property=\"og:image:width\" content=\"1599\" \/>\n\t<meta property=\"og:image:height\" content=\"899\" \/>\n\t<meta property=\"og:image:type\" content=\"image\/jpeg\" \/>\n<meta name=\"twitter:card\" content=\"summary_large_image\" \/>\n<meta name=\"twitter:label1\" content=\"Escrito por\" \/>\n\t<meta name=\"twitter:data1\" content=\"elpuucnoticias\" \/>\n\t<meta name=\"twitter:label2\" content=\"Tiempo de lectura\" \/>\n\t<meta name=\"twitter:data2\" content=\"2 minutos\" \/>\n<script type=\"application\/ld+json\" class=\"yoast-schema-graph\">{\"@context\":\"https:\/\/schema.org\",\"@graph\":[{\"@type\":\"WebSite\",\"@id\":\"https:\/\/elpuucnoticias.com\/#website\",\"url\":\"https:\/\/elpuucnoticias.com\/\",\"name\":\"El Puuc Noticias\",\"description\":\"Noticias - Entretenimiento - Deportes\",\"potentialAction\":[{\"@type\":\"SearchAction\",\"target\":{\"@type\":\"EntryPoint\",\"urlTemplate\":\"https:\/\/elpuucnoticias.com\/?s={search_term_string}\"},\"query-input\":\"required name=search_term_string\"}],\"inLanguage\":\"es\"},{\"@type\":\"ImageObject\",\"@id\":\"https:\/\/elpuucnoticias.com\/?p=402#primaryimage\",\"inLanguage\":\"es\",\"url\":\"https:\/\/elpuucnoticias.com\/wp-content\/uploads\/2022\/03\/GRANIZO.jpg\",\"contentUrl\":\"https:\/\/elpuucnoticias.com\/wp-content\/uploads\/2022\/03\/GRANIZO.jpg\",\"width\":1599,\"height\":899},{\"@type\":\"WebPage\",\"@id\":\"https:\/\/elpuucnoticias.com\/?p=402#webpage\",\"url\":\"https:\/\/elpuucnoticias.com\/?p=402\",\"name\":\"Primera ca\u00edda de granizo del a\u00f1o en Tekax. Lluvias y fuertes vientos causan afectaciones en diversos servicios - El Puuc Noticias\",\"isPartOf\":{\"@id\":\"https:\/\/elpuucnoticias.com\/#website\"},\"primaryImageOfPage\":{\"@id\":\"https:\/\/elpuucnoticias.com\/?p=402#primaryimage\"},\"datePublished\":\"2022-03-16T21:35:08+00:00\",\"dateModified\":\"2022-03-16T21:35:10+00:00\",\"author\":{\"@id\":\"https:\/\/elpuucnoticias.com\/#\/schema\/person\/d2ea09e4c97f0160b11cdfb1d856bd9e\"},\"breadcrumb\":{\"@id\":\"https:\/\/elpuucnoticias.com\/?p=402#breadcrumb\"},\"inLanguage\":\"es\",\"potentialAction\":[{\"@type\":\"ReadAction\",\"target\":[\"https:\/\/elpuucnoticias.com\/?p=402\"]}]},{\"@type\":\"BreadcrumbList\",\"@id\":\"https:\/\/elpuucnoticias.com\/?p=402#breadcrumb\",\"itemListElement\":[{\"@type\":\"ListItem\",\"position\":1,\"name\":\"Portada\",\"item\":\"https:\/\/elpuucnoticias.com\/\"},{\"@type\":\"ListItem\",\"position\":2,\"name\":\"Primera ca\u00edda de granizo del a\u00f1o en Tekax. Lluvias y fuertes vientos causan afectaciones en diversos servicios\"}]},{\"@type\":\"Person\",\"@id\":\"https:\/\/elpuucnoticias.com\/#\/schema\/person\/d2ea09e4c97f0160b11cdfb1d856bd9e\",\"name\":\"elpuucnoticias\",\"image\":{\"@type\":\"ImageObject\",\"@id\":\"https:\/\/elpuucnoticias.com\/#personlogo\",\"inLanguage\":\"es\",\"url\":\"https:\/\/secure.gravatar.com\/avatar\/5290a43657c74ffa15701dbe5b846bd85cc71930d803c84e91046a7333de6ce2?s=96&d=mm&r=g\",\"contentUrl\":\"https:\/\/secure.gravatar.com\/avatar\/5290a43657c74ffa15701dbe5b846bd85cc71930d803c84e91046a7333de6ce2?s=96&d=mm&r=g\",\"caption\":\"elpuucnoticias\"},\"sameAs\":[\"https:\/\/elpuucnoticias.com\"],\"url\":\"https:\/\/elpuucnoticias.com\/?author=1\"}]}<\/script>\n<!-- \/ Yoast SEO plugin. -->","yoast_head_json":{"title":"Primera ca\u00edda de granizo del a\u00f1o en Tekax. Lluvias y fuertes vientos causan afectaciones en diversos servicios - El Puuc Noticias","robots":{"index":"index","follow":"follow","max-snippet":"max-snippet:-1","max-image-preview":"max-image-preview:large","max-video-preview":"max-video-preview:-1"},"canonical":"https:\/\/elpuucnoticias.com\/?p=402","og_locale":"es_ES","og_type":"article","og_title":"Primera ca\u00edda de granizo del a\u00f1o en Tekax. Lluvias y fuertes vientos causan afectaciones en diversos servicios - El Puuc Noticias","og_description":"La tarde de ayer martes se registr\u00f3 en Tekax la primera lluvia con ca\u00edda de granizo del a\u00f1o,","og_url":"https:\/\/elpuucnoticias.com\/?p=402","og_site_name":"El Puuc Noticias","article_published_time":"2022-03-16T21:35:08+00:00","article_modified_time":"2022-03-16T21:35:10+00:00","og_image":[{"width":1599,"height":899,"url":"https:\/\/elpuucnoticias.com\/wp-content\/uploads\/2022\/03\/GRANIZO.jpg","type":"image\/jpeg"}],"twitter_card":"summary_large_image","twitter_misc":{"Escrito por":"elpuucnoticias","Tiempo de lectura":"2 minutos"},"schema":{"@context":"https:\/\/schema.org","@graph":[{"@type":"WebSite","@id":"https:\/\/elpuucnoticias.com\/#website","url":"https:\/\/elpuucnoticias.com\/","name":"El Puuc Noticias","description":"Noticias - Entretenimiento - Deportes","potentialAction":[{"@type":"SearchAction","target":{"@type":"EntryPoint","urlTemplate":"https:\/\/elpuucnoticias.com\/?s={search_term_string}"},"query-input":"required name=search_term_string"}],"inLanguage":"es"},{"@type":"ImageObject","@id":"https:\/\/elpuucnoticias.com\/?p=402#primaryimage","inLanguage":"es","url":"https:\/\/elpuucnoticias.com\/wp-content\/uploads\/2022\/03\/GRANIZO.jpg","contentUrl":"https:\/\/elpuucnoticias.com\/wp-content\/uploads\/2022\/03\/GRANIZO.jpg","width":1599,"height":899},{"@type":"WebPage","@id":"https:\/\/elpuucnoticias.com\/?p=402#webpage","url":"https:\/\/elpuucnoticias.com\/?p=402","name":"Primera ca\u00edda de granizo del a\u00f1o en Tekax. Lluvias y fuertes vientos causan afectaciones en diversos servicios - El Puuc Noticias","isPartOf":{"@id":"https:\/\/elpuucnoticias.com\/#website"},"primaryImageOfPage":{"@id":"https:\/\/elpuucnoticias.com\/?p=402#primaryimage"},"datePublished":"2022-03-16T21:35:08+00:00","dateModified":"2022-03-16T21:35:10+00:00","author":{"@id":"https:\/\/elpuucnoticias.com\/#\/schema\/person\/d2ea09e4c97f0160b11cdfb1d856bd9e"},"breadcrumb":{"@id":"https:\/\/elpuucnoticias.com\/?p=402#breadcrumb"},"inLanguage":"es","potentialAction":[{"@type":"ReadAction","target":["https:\/\/elpuucnoticias.com\/?p=402"]}]},{"@type":"BreadcrumbList","@id":"https:\/\/elpuucnoticias.com\/?p=402#breadcrumb","itemListElement":[{"@type":"ListItem","position":1,"name":"Portada","item":"https:\/\/elpuucnoticias.com\/"},{"@type":"ListItem","position":2,"name":"Primera ca\u00edda de granizo del a\u00f1o en Tekax. Lluvias y fuertes vientos causan afectaciones en diversos servicios"}]},{"@type":"Person","@id":"https:\/\/elpuucnoticias.com\/#\/schema\/person\/d2ea09e4c97f0160b11cdfb1d856bd9e","name":"elpuucnoticias","image":{"@type":"ImageObject","@id":"https:\/\/elpuucnoticias.com\/#personlogo","inLanguage":"es","url":"https:\/\/secure.gravatar.com\/avatar\/5290a43657c74ffa15701dbe5b846bd85cc71930d803c84e91046a7333de6ce2?s=96&d=mm&r=g","contentUrl":"https:\/\/secure.gravatar.com\/avatar\/5290a43657c74ffa15701dbe5b846bd85cc71930d803c84e91046a7333de6ce2?s=96&d=mm&r=g","caption":"elpuucnoticias"},"sameAs":["https:\/\/elpuucnoticias.com"],"url":"https:\/\/elpuucnoticias.com\/?author=1"}]}},"_links":{"self":[{"href":"https:\/\/elpuucnoticias.com\/index.php?rest_route=\/wp\/v2\/posts\/402","targetHints":{"allow":["GET"]}}],"collection":[{"href":"https:\/\/elpuucnoticias.com\/index.php?rest_route=\/wp\/v2\/posts"}],"about":[{"href":"https:\/\/elpuucnoticias.com\/index.php?rest_route=\/wp\/v2\/types\/post"}],"author":[{"embeddable":true,"href":"https:\/\/elpuucnoticias.com\/index.php?rest_route=\/wp\/v2\/users\/1"}],"replies":[{"embeddable":true,"href":"https:\/\/elpuucnoticias.com\/index.php?rest_route=%2Fwp%2Fv2%2Fcomments&post=402"}],"version-history":[{"count":1,"href":"https:\/\/elpuucnoticias.com\/index.php?rest_route=\/wp\/v2\/posts\/402\/revisions"}],"predecessor-version":[{"id":406,"href":"https:\/\/elpuucnoticias.com\/index.php?rest_route=\/wp\/v2\/posts\/402\/revisions\/406"}],"wp:featuredmedia":[{"embeddable":true,"href":"https:\/\/elpuucnoticias.com\/index.php?rest_route=\/wp\/v2\/media\/403"}],"wp:attachment":[{"href":"https:\/\/elpuucnoticias.com\/index.php?rest_route=%2Fwp%2Fv2%2Fmedia&parent=402"}],"wp:term":[{"taxonomy":"category","embeddable":true,"href":"https:\/\/elpuucnoticias.com\/index.php?rest_route=%2Fwp%2Fv2%2Fcategories&post=402"},{"taxonomy":"post_tag","embeddable":true,"href":"https:\/\/elpuucnoticias.com\/index.php?rest_route=%2Fwp%2Fv2%2Ftags&post=402"}],"curies":[{"name":"wp","href":"https:\/\/api.w.org\/{rel}","templated":true}]}}