{"id":446,"date":"2022-03-20T20:02:22","date_gmt":"2022-03-21T02:02:22","guid":{"rendered":"https:\/\/elpuucnoticias.com\/?p=446"},"modified":"2022-03-20T20:02:24","modified_gmt":"2022-03-21T02:02:24","slug":"a-partir-de-este-martes-el-uso-del-cubrebocas-sera-voluntario-para-quintana-roo-anuncia-carlos-joaquin","status":"publish","type":"post","link":"https:\/\/elpuucnoticias.com\/?p=446","title":{"rendered":"A partir de este martes el uso del cubrebocas ser\u00e1 voluntario para Quintana Roo, anuncia Carlos Joaqu\u00edn"},"content":{"rendered":"\n<p>A dos a\u00f1os del inicio de la pandemia por covid-19, el gobernador Carlos Joaqu\u00edn expres\u00f3 que es momento de un recuento de los esfuerzos realizados y hacer un reconocimiento a lo que juntos, como sociedad y gobierno, se ha logrado.<\/p>\n\n\n\n<p>En un mensaje dirigido a la ciudadan\u00eda, el gobernador Carlos Joaqu\u00edn anunci\u00f3 nuevas medidas sanitarias tras el avance que Quintana Roo ha tenido en dos a\u00f1os de pandemia y al estar en color verde en el sem\u00e1foro epidemiol\u00f3gico.<\/p>\n\n\n\n<p>Carlos Joaqu\u00edn reconoci\u00f3 y agradeci\u00f3 a cada quintanarroense que decidi\u00f3 sumarse a las iniciativas, programas y trabajos que permitieron llegar a buen puerto.<\/p>\n\n\n\n<p>\u201cS\u00e9 que comparten conmigo la satisfacci\u00f3n de haber llegado a esta etapa de sem\u00e1foro verde despu\u00e9s de superar muchas adversidades. Nos encontramos ante un nuevo escenario, que por mucho tiempo pareci\u00f3 lejano\u201d agradeci\u00f3.<\/p>\n\n\n\n<p>Tras el primer caso confirmado el 13 de marzo de 2020, se implement\u00f3 el Plan \u201cJuntos Saldremos Adelante, cuyos objetivos centrales fueron: salvar vidas; apoyar a las familias; y reactivar la econom\u00eda.<\/p>\n\n\n\n<p>Para salvar vidas -record\u00f3 el titular del Ejecutivo- se aument\u00f3 600% la infraestructura hospitalaria; pasamos de 300 a casi 1,000 camas para pacientes covid; se contrataron 716 profesionales de la salud; se capacit\u00f3 y dot\u00f3 de equipo de protecci\u00f3n a 26 mil personas de la primera l\u00ednea de atenci\u00f3n como m\u00e9dicos, polic\u00edas y personal de servicios p\u00fablicos y abasto.<\/p>\n\n\n\n<p>Quintana Roo fue la entidad con mayor reducci\u00f3n de la movilidad en todo el pa\u00eds, lo que permiti\u00f3 que menos gente se enfermara y se salvaran muchas vidas.<\/p>\n\n\n\n<p>Para apoyar a las familias se entregaron m\u00e1s de un mill\u00f3n de despensas a las y los quintanarroenses, se otorgaron apoyos para el pago de la luz, gas y evitar cortes de agua, se acercaron los servicios de salud a los hogares y se entregaron medicamentos a m\u00e1s de 75 mil personas en situaci\u00f3n de vulnerabilidad.<\/p>\n\n\n\n<p>Al ponerse en marcha la \u201cReactivaci\u00f3n Econ\u00f3mica\u201d y convivir con el virus de covid-19, se hizo obligatorio el uso de cubrebocas y h\u00e1bitos como mantener la distancia, lavado de manos, sanitizaci\u00f3n de transporte publico, se crearon burbujas sanitarias donde se filtraban las personas y se aplicaban pruebas r\u00e1pidas, se cuid\u00f3 el horario y aforo de los servicios en establecimientos tur\u00edsticos, se implement\u00f3 el programa de gorras y chalecos amarillos y en coordinaci\u00f3n con el gobierno federal hemos logrado los mas altos niveles de vacunaci\u00f3n a nivel nacional.<\/p>\n\n\n\n<p>Como resultado de estas acciones y la suma de esfuerzos entre sociedad y gobierno se recuper\u00f3 el rumbo y la esperanza en Quintana Roo.<\/p>\n\n\n\n<p>Hoy los niveles de ocupaci\u00f3n hospitalaria est\u00e1n por debajo del 2%, no hay pacientes intubados y la tasa de letalidad est\u00e1 muy por debajo de la media nacional, con varios d\u00edas en cero defunciones.<\/p>\n\n\n\n<p>Se ha consolidado la recuperaci\u00f3n econ\u00f3mica, de nuevo la entidad es l\u00edder en creaci\u00f3n de empleos en el pa\u00eds. Quintana Roo, adem\u00e1s, es el estado con mayor reducci\u00f3n en los niveles de pobreza laboral, al haber disminuido 20 puntos porcentuales en un a\u00f1o.<\/p>\n\n\n\n<p>Por ello, el gobernador de Quintana Roo Carlos Joaqu\u00edn anunci\u00f3 que, a partir del martes 22 de marzo del 2022, el uso de cubrebocas en espacios abiertos o al aire libre, ser\u00e1 voluntario.<\/p>\n\n\n\n<p>-No ser\u00e1 obligatorio portar el cubrebocas cuando salgas a ejercitarte, cuando est\u00e9s en la playa o cuando camines por la calle- explic\u00f3 el gobernador Carlos Joaqu\u00edn.<\/p>\n\n\n\n<p>Sin embargo, si ser\u00e1 necesario y obligatorio abordo del transporte p\u00fablico; en espacios cerrados como oficinas, supermercados, bancos y en lugares con aglomeraciones como tianguis y mercados.<\/p>\n\n\n\n<p>Las personas que brindan atenci\u00f3n al p\u00fablico en restaurantes, hoteles, personal educativo y de servicios y personal medico deben usar el cubrebocas mientras se encuentren en servicio.<\/p>\n\n\n\n<p>Adem\u00e1s, habr\u00e1 ampliaci\u00f3n de horarios en establecimientos para m\u00e1s y mejor servicio para clientes y visitantes.<\/p>\n\n\n\n<p>El titular del Ejecutivo anticip\u00f3 que esta medida no es definitiva y se mantendr\u00e1 la vigilancia al comportamiento que el covid tendr\u00e1 durante esta pr\u00f3xima Semana Santa y por diversos rebrotes que aun vemos en el mundo y que en determinado momento podr\u00edan llegar de nuevo a Quintana Roo.<\/p>\n\n\n\n<p>El gobernador Carlos Joaqu\u00edn recalc\u00f3 que el cubrebocas nos brinda protecci\u00f3n y en el momento en el que pensemos que podemos estar expuestos debemos usarlo.<\/p>\n","protected":false},"excerpt":{"rendered":"<p>A dos a\u00f1os del inicio de la pandemia por covid-19, el gobernador Carlos Joaqu\u00edn expres\u00f3 que es momento<\/p>\n","protected":false},"author":1,"featured_media":447,"comment_status":"closed","ping_status":"open","sticky":false,"template":"","format":"standard","meta":{"_monsterinsights_skip_tracking":false,"_monsterinsights_sitenote_active":false,"_monsterinsights_sitenote_note":"","_monsterinsights_sitenote_category":0,"footnotes":""},"categories":[11,5],"tags":[],"class_list":["post-446","post","type-post","status-publish","format-standard","has-post-thumbnail","hentry","category-noticias","category-tendencias"],"yoast_head":"<!-- This site is optimized with the Yoast SEO plugin v18.3 - https:\/\/yoast.com\/wordpress\/plugins\/seo\/ -->\n<title>A partir de este martes el uso del cubrebocas ser\u00e1 voluntario para Quintana Roo, anuncia Carlos Joaqu\u00edn - El Puuc Noticias<\/title>\n<meta name=\"robots\" content=\"index, follow, max-snippet:-1, max-image-preview:large, max-video-preview:-1\" \/>\n<link rel=\"canonical\" href=\"https:\/\/elpuucnoticias.com\/?p=446\" \/>\n<meta property=\"og:locale\" content=\"es_ES\" \/>\n<meta property=\"og:type\" content=\"article\" \/>\n<meta property=\"og:title\" content=\"A partir de este martes el uso del cubrebocas ser\u00e1 voluntario para Quintana Roo, anuncia Carlos Joaqu\u00edn - El Puuc Noticias\" \/>\n<meta property=\"og:description\" content=\"A dos a\u00f1os del inicio de la pandemia por covid-19, el gobernador Carlos Joaqu\u00edn expres\u00f3 que es momento\" \/>\n<meta property=\"og:url\" content=\"https:\/\/elpuucnoticias.com\/?p=446\" \/>\n<meta property=\"og:site_name\" content=\"El Puuc Noticias\" \/>\n<meta property=\"article:published_time\" content=\"2022-03-21T02:02:22+00:00\" \/>\n<meta property=\"article:modified_time\" content=\"2022-03-21T02:02:24+00:00\" \/>\n<meta property=\"og:image\" content=\"https:\/\/elpuucnoticias.com\/wp-content\/uploads\/2022\/03\/carlos-joaquin.jpeg\" \/>\n\t<meta property=\"og:image:width\" content=\"1280\" \/>\n\t<meta property=\"og:image:height\" content=\"720\" \/>\n\t<meta property=\"og:image:type\" content=\"image\/jpeg\" \/>\n<meta name=\"twitter:card\" content=\"summary_large_image\" \/>\n<meta name=\"twitter:label1\" content=\"Escrito por\" \/>\n\t<meta name=\"twitter:data1\" content=\"elpuucnoticias\" \/>\n\t<meta name=\"twitter:label2\" content=\"Tiempo de lectura\" \/>\n\t<meta name=\"twitter:data2\" content=\"4 minutos\" \/>\n<script type=\"application\/ld+json\" class=\"yoast-schema-graph\">{\"@context\":\"https:\/\/schema.org\",\"@graph\":[{\"@type\":\"WebSite\",\"@id\":\"https:\/\/elpuucnoticias.com\/#website\",\"url\":\"https:\/\/elpuucnoticias.com\/\",\"name\":\"El Puuc Noticias\",\"description\":\"Noticias - Entretenimiento - Deportes\",\"potentialAction\":[{\"@type\":\"SearchAction\",\"target\":{\"@type\":\"EntryPoint\",\"urlTemplate\":\"https:\/\/elpuucnoticias.com\/?s={search_term_string}\"},\"query-input\":\"required name=search_term_string\"}],\"inLanguage\":\"es\"},{\"@type\":\"ImageObject\",\"@id\":\"https:\/\/elpuucnoticias.com\/?p=446#primaryimage\",\"inLanguage\":\"es\",\"url\":\"https:\/\/elpuucnoticias.com\/wp-content\/uploads\/2022\/03\/carlos-joaquin.jpeg\",\"contentUrl\":\"https:\/\/elpuucnoticias.com\/wp-content\/uploads\/2022\/03\/carlos-joaquin.jpeg\",\"width\":1280,\"height\":720},{\"@type\":\"WebPage\",\"@id\":\"https:\/\/elpuucnoticias.com\/?p=446#webpage\",\"url\":\"https:\/\/elpuucnoticias.com\/?p=446\",\"name\":\"A partir de este martes el uso del cubrebocas ser\u00e1 voluntario para Quintana Roo, anuncia Carlos Joaqu\u00edn - El Puuc Noticias\",\"isPartOf\":{\"@id\":\"https:\/\/elpuucnoticias.com\/#website\"},\"primaryImageOfPage\":{\"@id\":\"https:\/\/elpuucnoticias.com\/?p=446#primaryimage\"},\"datePublished\":\"2022-03-21T02:02:22+00:00\",\"dateModified\":\"2022-03-21T02:02:24+00:00\",\"author\":{\"@id\":\"https:\/\/elpuucnoticias.com\/#\/schema\/person\/d2ea09e4c97f0160b11cdfb1d856bd9e\"},\"breadcrumb\":{\"@id\":\"https:\/\/elpuucnoticias.com\/?p=446#breadcrumb\"},\"inLanguage\":\"es\",\"potentialAction\":[{\"@type\":\"ReadAction\",\"target\":[\"https:\/\/elpuucnoticias.com\/?p=446\"]}]},{\"@type\":\"BreadcrumbList\",\"@id\":\"https:\/\/elpuucnoticias.com\/?p=446#breadcrumb\",\"itemListElement\":[{\"@type\":\"ListItem\",\"position\":1,\"name\":\"Portada\",\"item\":\"https:\/\/elpuucnoticias.com\/\"},{\"@type\":\"ListItem\",\"position\":2,\"name\":\"A partir de este martes el uso del cubrebocas ser\u00e1 voluntario para Quintana Roo, anuncia Carlos Joaqu\u00edn\"}]},{\"@type\":\"Person\",\"@id\":\"https:\/\/elpuucnoticias.com\/#\/schema\/person\/d2ea09e4c97f0160b11cdfb1d856bd9e\",\"name\":\"elpuucnoticias\",\"image\":{\"@type\":\"ImageObject\",\"@id\":\"https:\/\/elpuucnoticias.com\/#personlogo\",\"inLanguage\":\"es\",\"url\":\"https:\/\/secure.gravatar.com\/avatar\/5290a43657c74ffa15701dbe5b846bd85cc71930d803c84e91046a7333de6ce2?s=96&d=mm&r=g\",\"contentUrl\":\"https:\/\/secure.gravatar.com\/avatar\/5290a43657c74ffa15701dbe5b846bd85cc71930d803c84e91046a7333de6ce2?s=96&d=mm&r=g\",\"caption\":\"elpuucnoticias\"},\"sameAs\":[\"https:\/\/elpuucnoticias.com\"],\"url\":\"https:\/\/elpuucnoticias.com\/?author=1\"}]}<\/script>\n<!-- \/ Yoast SEO plugin. -->","yoast_head_json":{"title":"A partir de este martes el uso del cubrebocas ser\u00e1 voluntario para Quintana Roo, anuncia Carlos Joaqu\u00edn - El Puuc Noticias","robots":{"index":"index","follow":"follow","max-snippet":"max-snippet:-1","max-image-preview":"max-image-preview:large","max-video-preview":"max-video-preview:-1"},"canonical":"https:\/\/elpuucnoticias.com\/?p=446","og_locale":"es_ES","og_type":"article","og_title":"A partir de este martes el uso del cubrebocas ser\u00e1 voluntario para Quintana Roo, anuncia Carlos Joaqu\u00edn - El Puuc Noticias","og_description":"A dos a\u00f1os del inicio de la pandemia por covid-19, el gobernador Carlos Joaqu\u00edn expres\u00f3 que es momento","og_url":"https:\/\/elpuucnoticias.com\/?p=446","og_site_name":"El Puuc Noticias","article_published_time":"2022-03-21T02:02:22+00:00","article_modified_time":"2022-03-21T02:02:24+00:00","og_image":[{"width":1280,"height":720,"url":"https:\/\/elpuucnoticias.com\/wp-content\/uploads\/2022\/03\/carlos-joaquin.jpeg","type":"image\/jpeg"}],"twitter_card":"summary_large_image","twitter_misc":{"Escrito por":"elpuucnoticias","Tiempo de lectura":"4 minutos"},"schema":{"@context":"https:\/\/schema.org","@graph":[{"@type":"WebSite","@id":"https:\/\/elpuucnoticias.com\/#website","url":"https:\/\/elpuucnoticias.com\/","name":"El Puuc Noticias","description":"Noticias - Entretenimiento - Deportes","potentialAction":[{"@type":"SearchAction","target":{"@type":"EntryPoint","urlTemplate":"https:\/\/elpuucnoticias.com\/?s={search_term_string}"},"query-input":"required name=search_term_string"}],"inLanguage":"es"},{"@type":"ImageObject","@id":"https:\/\/elpuucnoticias.com\/?p=446#primaryimage","inLanguage":"es","url":"https:\/\/elpuucnoticias.com\/wp-content\/uploads\/2022\/03\/carlos-joaquin.jpeg","contentUrl":"https:\/\/elpuucnoticias.com\/wp-content\/uploads\/2022\/03\/carlos-joaquin.jpeg","width":1280,"height":720},{"@type":"WebPage","@id":"https:\/\/elpuucnoticias.com\/?p=446#webpage","url":"https:\/\/elpuucnoticias.com\/?p=446","name":"A partir de este martes el uso del cubrebocas ser\u00e1 voluntario para Quintana Roo, anuncia Carlos Joaqu\u00edn - El Puuc Noticias","isPartOf":{"@id":"https:\/\/elpuucnoticias.com\/#website"},"primaryImageOfPage":{"@id":"https:\/\/elpuucnoticias.com\/?p=446#primaryimage"},"datePublished":"2022-03-21T02:02:22+00:00","dateModified":"2022-03-21T02:02:24+00:00","author":{"@id":"https:\/\/elpuucnoticias.com\/#\/schema\/person\/d2ea09e4c97f0160b11cdfb1d856bd9e"},"breadcrumb":{"@id":"https:\/\/elpuucnoticias.com\/?p=446#breadcrumb"},"inLanguage":"es","potentialAction":[{"@type":"ReadAction","target":["https:\/\/elpuucnoticias.com\/?p=446"]}]},{"@type":"BreadcrumbList","@id":"https:\/\/elpuucnoticias.com\/?p=446#breadcrumb","itemListElement":[{"@type":"ListItem","position":1,"name":"Portada","item":"https:\/\/elpuucnoticias.com\/"},{"@type":"ListItem","position":2,"name":"A partir de este martes el uso del cubrebocas ser\u00e1 voluntario para Quintana Roo, anuncia Carlos Joaqu\u00edn"}]},{"@type":"Person","@id":"https:\/\/elpuucnoticias.com\/#\/schema\/person\/d2ea09e4c97f0160b11cdfb1d856bd9e","name":"elpuucnoticias","image":{"@type":"ImageObject","@id":"https:\/\/elpuucnoticias.com\/#personlogo","inLanguage":"es","url":"https:\/\/secure.gravatar.com\/avatar\/5290a43657c74ffa15701dbe5b846bd85cc71930d803c84e91046a7333de6ce2?s=96&d=mm&r=g","contentUrl":"https:\/\/secure.gravatar.com\/avatar\/5290a43657c74ffa15701dbe5b846bd85cc71930d803c84e91046a7333de6ce2?s=96&d=mm&r=g","caption":"elpuucnoticias"},"sameAs":["https:\/\/elpuucnoticias.com"],"url":"https:\/\/elpuucnoticias.com\/?author=1"}]}},"_links":{"self":[{"href":"https:\/\/elpuucnoticias.com\/index.php?rest_route=\/wp\/v2\/posts\/446","targetHints":{"allow":["GET"]}}],"collection":[{"href":"https:\/\/elpuucnoticias.com\/index.php?rest_route=\/wp\/v2\/posts"}],"about":[{"href":"https:\/\/elpuucnoticias.com\/index.php?rest_route=\/wp\/v2\/types\/post"}],"author":[{"embeddable":true,"href":"https:\/\/elpuucnoticias.com\/index.php?rest_route=\/wp\/v2\/users\/1"}],"replies":[{"embeddable":true,"href":"https:\/\/elpuucnoticias.com\/index.php?rest_route=%2Fwp%2Fv2%2Fcomments&post=446"}],"version-history":[{"count":1,"href":"https:\/\/elpuucnoticias.com\/index.php?rest_route=\/wp\/v2\/posts\/446\/revisions"}],"predecessor-version":[{"id":448,"href":"https:\/\/elpuucnoticias.com\/index.php?rest_route=\/wp\/v2\/posts\/446\/revisions\/448"}],"wp:featuredmedia":[{"embeddable":true,"href":"https:\/\/elpuucnoticias.com\/index.php?rest_route=\/wp\/v2\/media\/447"}],"wp:attachment":[{"href":"https:\/\/elpuucnoticias.com\/index.php?rest_route=%2Fwp%2Fv2%2Fmedia&parent=446"}],"wp:term":[{"taxonomy":"category","embeddable":true,"href":"https:\/\/elpuucnoticias.com\/index.php?rest_route=%2Fwp%2Fv2%2Fcategories&post=446"},{"taxonomy":"post_tag","embeddable":true,"href":"https:\/\/elpuucnoticias.com\/index.php?rest_route=%2Fwp%2Fv2%2Ftags&post=446"}],"curies":[{"name":"wp","href":"https:\/\/api.w.org\/{rel}","templated":true}]}}