{"id":464,"date":"2022-03-21T17:09:10","date_gmt":"2022-03-21T23:09:10","guid":{"rendered":"https:\/\/elpuucnoticias.com\/?p=464"},"modified":"2022-03-21T17:09:12","modified_gmt":"2022-03-21T23:09:12","slug":"colorida-celebracion-en-peto-con-motivo-del-dia-internacional-de-las-lenguas-maternas-encabezada-por-el-alcalde-renan-jimenez-tah","status":"publish","type":"post","link":"https:\/\/elpuucnoticias.com\/?p=464","title":{"rendered":"Colorida celebraci\u00f3n en Peto con motivo del D\u00eda Internacional de las Lenguas Maternas, encabezada por el alcalde Renan Jim\u00e9nez Tah"},"content":{"rendered":"\n<p>Con la finalidad de fortalecer la diversidad cultural, as\u00ed como el desarrollo de una sociedad inclusiva con valores que permitan una interacci\u00f3n intercultural que abonen a un crecimiento social, y donde las personas se sientan parte y orgullosas de su cultura, reconozcan, aprecien y respeten sus tradiciones a lo largo de su vida, se celebr\u00f3 en Peto el D\u00eda Internacional de las Lenguas Maternas.<\/p>\n\n\n\n<figure class=\"wp-block-gallery has-nested-images columns-default is-cropped wp-block-gallery-1 is-layout-flex wp-block-gallery-is-layout-flex\">\n<figure class=\"wp-block-image size-large\"><img loading=\"lazy\" decoding=\"async\" width=\"1024\" height=\"682\" data-id=\"466\" src=\"https:\/\/elpuucnoticias.com\/wp-content\/uploads\/2022\/03\/lenguas-maternas-peto-3-1024x682.jpeg\" alt=\"\" class=\"wp-image-466\" srcset=\"https:\/\/elpuucnoticias.com\/wp-content\/uploads\/2022\/03\/lenguas-maternas-peto-3-1024x682.jpeg 1024w, https:\/\/elpuucnoticias.com\/wp-content\/uploads\/2022\/03\/lenguas-maternas-peto-3-300x200.jpeg 300w, https:\/\/elpuucnoticias.com\/wp-content\/uploads\/2022\/03\/lenguas-maternas-peto-3-768x512.jpeg 768w, https:\/\/elpuucnoticias.com\/wp-content\/uploads\/2022\/03\/lenguas-maternas-peto-3.jpeg 1280w\" sizes=\"auto, (max-width: 1024px) 100vw, 1024px\" \/><\/figure>\n\n\n\n<figure class=\"wp-block-image size-large\"><img loading=\"lazy\" decoding=\"async\" width=\"1024\" height=\"682\" data-id=\"468\" src=\"https:\/\/elpuucnoticias.com\/wp-content\/uploads\/2022\/03\/lenguas-maternas-peto-1-1024x682.jpeg\" alt=\"\" class=\"wp-image-468\" srcset=\"https:\/\/elpuucnoticias.com\/wp-content\/uploads\/2022\/03\/lenguas-maternas-peto-1-1024x682.jpeg 1024w, https:\/\/elpuucnoticias.com\/wp-content\/uploads\/2022\/03\/lenguas-maternas-peto-1-300x200.jpeg 300w, https:\/\/elpuucnoticias.com\/wp-content\/uploads\/2022\/03\/lenguas-maternas-peto-1-768x512.jpeg 768w, https:\/\/elpuucnoticias.com\/wp-content\/uploads\/2022\/03\/lenguas-maternas-peto-1.jpeg 1280w\" sizes=\"auto, (max-width: 1024px) 100vw, 1024px\" \/><\/figure>\n\n\n\n<figure class=\"wp-block-image size-large\"><img loading=\"lazy\" decoding=\"async\" width=\"1024\" height=\"682\" data-id=\"467\" src=\"https:\/\/elpuucnoticias.com\/wp-content\/uploads\/2022\/03\/lenguas-maternas-peto-2-1024x682.jpeg\" alt=\"\" class=\"wp-image-467\" srcset=\"https:\/\/elpuucnoticias.com\/wp-content\/uploads\/2022\/03\/lenguas-maternas-peto-2-1024x682.jpeg 1024w, https:\/\/elpuucnoticias.com\/wp-content\/uploads\/2022\/03\/lenguas-maternas-peto-2-300x200.jpeg 300w, https:\/\/elpuucnoticias.com\/wp-content\/uploads\/2022\/03\/lenguas-maternas-peto-2-768x512.jpeg 768w, https:\/\/elpuucnoticias.com\/wp-content\/uploads\/2022\/03\/lenguas-maternas-peto-2.jpeg 1280w\" sizes=\"auto, (max-width: 1024px) 100vw, 1024px\" \/><\/figure>\n<\/figure>\n\n\n\n<p>El evento fue encabezado por el alcalde, Ren\u00e1n Jim\u00e9nez Tah, y la presidenta del DIF Municipal, Astrid Maga\u00f1a S\u00e1nchez. El emotivo y colorido evento se realiz\u00f3 en la capilla de San Antonio ubicada en la calle 30 entre 24 y 28 del Centro.<\/p>\n\n\n\n<p>La actividad inici\u00f3 con un recorrido que parti\u00f3 frente al Palacio Municipal, pasando por las principales calles de la poblaci\u00f3n hasta llegar a La Placita de San Antonio.<\/p>\n\n\n\n<figure class=\"wp-block-gallery has-nested-images columns-default is-cropped wp-block-gallery-2 is-layout-flex wp-block-gallery-is-layout-flex\">\n<figure class=\"wp-block-image size-large\"><img loading=\"lazy\" decoding=\"async\" width=\"1024\" height=\"682\" data-id=\"470\" src=\"https:\/\/elpuucnoticias.com\/wp-content\/uploads\/2022\/03\/lenguas-maternas-peto-7-1024x682.jpeg\" alt=\"\" class=\"wp-image-470\" srcset=\"https:\/\/elpuucnoticias.com\/wp-content\/uploads\/2022\/03\/lenguas-maternas-peto-7-1024x682.jpeg 1024w, https:\/\/elpuucnoticias.com\/wp-content\/uploads\/2022\/03\/lenguas-maternas-peto-7-300x200.jpeg 300w, https:\/\/elpuucnoticias.com\/wp-content\/uploads\/2022\/03\/lenguas-maternas-peto-7-768x512.jpeg 768w, https:\/\/elpuucnoticias.com\/wp-content\/uploads\/2022\/03\/lenguas-maternas-peto-7.jpeg 1280w\" sizes=\"auto, (max-width: 1024px) 100vw, 1024px\" \/><\/figure>\n\n\n\n<figure class=\"wp-block-image size-large\"><img loading=\"lazy\" decoding=\"async\" width=\"1024\" height=\"682\" data-id=\"471\" src=\"https:\/\/elpuucnoticias.com\/wp-content\/uploads\/2022\/03\/lenguas-maternas-peto-4-1024x682.jpeg\" alt=\"\" class=\"wp-image-471\" srcset=\"https:\/\/elpuucnoticias.com\/wp-content\/uploads\/2022\/03\/lenguas-maternas-peto-4-1024x682.jpeg 1024w, https:\/\/elpuucnoticias.com\/wp-content\/uploads\/2022\/03\/lenguas-maternas-peto-4-300x200.jpeg 300w, https:\/\/elpuucnoticias.com\/wp-content\/uploads\/2022\/03\/lenguas-maternas-peto-4-768x512.jpeg 768w, https:\/\/elpuucnoticias.com\/wp-content\/uploads\/2022\/03\/lenguas-maternas-peto-4.jpeg 1280w\" sizes=\"auto, (max-width: 1024px) 100vw, 1024px\" \/><\/figure>\n\n\n\n<figure class=\"wp-block-image size-large\"><img loading=\"lazy\" decoding=\"async\" width=\"1024\" height=\"682\" data-id=\"469\" src=\"https:\/\/elpuucnoticias.com\/wp-content\/uploads\/2022\/03\/lenguas-maternas-peto-5-1024x682.jpeg\" alt=\"\" class=\"wp-image-469\" srcset=\"https:\/\/elpuucnoticias.com\/wp-content\/uploads\/2022\/03\/lenguas-maternas-peto-5-1024x682.jpeg 1024w, https:\/\/elpuucnoticias.com\/wp-content\/uploads\/2022\/03\/lenguas-maternas-peto-5-300x200.jpeg 300w, https:\/\/elpuucnoticias.com\/wp-content\/uploads\/2022\/03\/lenguas-maternas-peto-5-768x512.jpeg 768w, https:\/\/elpuucnoticias.com\/wp-content\/uploads\/2022\/03\/lenguas-maternas-peto-5.jpeg 1280w\" sizes=\"auto, (max-width: 1024px) 100vw, 1024px\" \/><\/figure>\n<\/figure>\n\n\n\n<p>El recorrido se hizo con m\u00fasica de charranga y el tradicional baile de la cabeza de cochino, que llam\u00f3 la atenci\u00f3n de las personas que salieron a ver el recorrido. <\/p>\n\n\n\n<p>El primer edil resalta la importancia de esta celebraci\u00f3n, sobre todo porque las personas se sientan orgullosas de sus ra\u00edces.<\/p>\n\n\n\n<figure class=\"wp-block-gallery has-nested-images columns-default is-cropped wp-block-gallery-3 is-layout-flex wp-block-gallery-is-layout-flex\">\n<figure class=\"wp-block-image size-large\"><img loading=\"lazy\" decoding=\"async\" width=\"1024\" height=\"682\" data-id=\"472\" src=\"https:\/\/elpuucnoticias.com\/wp-content\/uploads\/2022\/03\/lenguas-maternas-peto-8-1024x682.jpeg\" alt=\"\" class=\"wp-image-472\" srcset=\"https:\/\/elpuucnoticias.com\/wp-content\/uploads\/2022\/03\/lenguas-maternas-peto-8-1024x682.jpeg 1024w, https:\/\/elpuucnoticias.com\/wp-content\/uploads\/2022\/03\/lenguas-maternas-peto-8-300x200.jpeg 300w, https:\/\/elpuucnoticias.com\/wp-content\/uploads\/2022\/03\/lenguas-maternas-peto-8-768x512.jpeg 768w, https:\/\/elpuucnoticias.com\/wp-content\/uploads\/2022\/03\/lenguas-maternas-peto-8.jpeg 1280w\" sizes=\"auto, (max-width: 1024px) 100vw, 1024px\" \/><\/figure>\n\n\n\n<figure class=\"wp-block-image size-large\"><img loading=\"lazy\" decoding=\"async\" width=\"1024\" height=\"682\" data-id=\"473\" src=\"https:\/\/elpuucnoticias.com\/wp-content\/uploads\/2022\/03\/lenguas-maternas-peto-9-1024x682.jpeg\" alt=\"\" class=\"wp-image-473\" srcset=\"https:\/\/elpuucnoticias.com\/wp-content\/uploads\/2022\/03\/lenguas-maternas-peto-9-1024x682.jpeg 1024w, https:\/\/elpuucnoticias.com\/wp-content\/uploads\/2022\/03\/lenguas-maternas-peto-9-300x200.jpeg 300w, https:\/\/elpuucnoticias.com\/wp-content\/uploads\/2022\/03\/lenguas-maternas-peto-9-768x512.jpeg 768w, https:\/\/elpuucnoticias.com\/wp-content\/uploads\/2022\/03\/lenguas-maternas-peto-9.jpeg 1280w\" sizes=\"auto, (max-width: 1024px) 100vw, 1024px\" \/><\/figure>\n\n\n\n<figure class=\"wp-block-image size-large\"><img loading=\"lazy\" decoding=\"async\" width=\"1024\" height=\"682\" data-id=\"474\" src=\"https:\/\/elpuucnoticias.com\/wp-content\/uploads\/2022\/03\/lenguas-maternas-peto-10-1024x682.jpeg\" alt=\"\" class=\"wp-image-474\" srcset=\"https:\/\/elpuucnoticias.com\/wp-content\/uploads\/2022\/03\/lenguas-maternas-peto-10-1024x682.jpeg 1024w, https:\/\/elpuucnoticias.com\/wp-content\/uploads\/2022\/03\/lenguas-maternas-peto-10-300x200.jpeg 300w, https:\/\/elpuucnoticias.com\/wp-content\/uploads\/2022\/03\/lenguas-maternas-peto-10-768x512.jpeg 768w, https:\/\/elpuucnoticias.com\/wp-content\/uploads\/2022\/03\/lenguas-maternas-peto-10.jpeg 1280w\" sizes=\"auto, (max-width: 1024px) 100vw, 1024px\" \/><\/figure>\n<\/figure>\n\n\n\n<p>Bajo el lema \u201cMi pueblo y sus tradiciones\u201d, se realiz\u00f3 el evento cultural en el cual se instalaron diversos puestos con comida t\u00edpica, plantas medicinales y medicina tradicional, libros y diccionarios en lengua maya, juegos tradicionales, artesan\u00edas, incluso figuras hechas con semillas.<\/p>\n\n\n\n<p>Como parte de esta actividad, el ballet folcl\u00f3rico de la Casa de la Cultura present\u00f3 bailables de jarana, adem\u00e1s participo \u00c1ngel Eliazar Yah Tec, quien es conocido como \u201cEl chepe\u201d, quien ha aportado mucho a la lengua maya a trav\u00e9s de sus canciones.<\/p>\n\n\n\n<figure class=\"wp-block-gallery has-nested-images columns-default is-cropped wp-block-gallery-4 is-layout-flex wp-block-gallery-is-layout-flex\">\n<figure class=\"wp-block-image size-large\"><img loading=\"lazy\" decoding=\"async\" width=\"1024\" height=\"682\" data-id=\"475\" src=\"https:\/\/elpuucnoticias.com\/wp-content\/uploads\/2022\/03\/lenguas-maternas-peto-12-1024x682.jpeg\" alt=\"\" class=\"wp-image-475\" srcset=\"https:\/\/elpuucnoticias.com\/wp-content\/uploads\/2022\/03\/lenguas-maternas-peto-12-1024x682.jpeg 1024w, https:\/\/elpuucnoticias.com\/wp-content\/uploads\/2022\/03\/lenguas-maternas-peto-12-300x200.jpeg 300w, https:\/\/elpuucnoticias.com\/wp-content\/uploads\/2022\/03\/lenguas-maternas-peto-12-768x512.jpeg 768w, https:\/\/elpuucnoticias.com\/wp-content\/uploads\/2022\/03\/lenguas-maternas-peto-12.jpeg 1280w\" sizes=\"auto, (max-width: 1024px) 100vw, 1024px\" \/><\/figure>\n\n\n\n<figure class=\"wp-block-image size-large\"><img loading=\"lazy\" decoding=\"async\" width=\"1024\" height=\"682\" data-id=\"476\" src=\"https:\/\/elpuucnoticias.com\/wp-content\/uploads\/2022\/03\/lenguas-maternas-peto-13-1024x682.jpeg\" alt=\"\" class=\"wp-image-476\" srcset=\"https:\/\/elpuucnoticias.com\/wp-content\/uploads\/2022\/03\/lenguas-maternas-peto-13-1024x682.jpeg 1024w, https:\/\/elpuucnoticias.com\/wp-content\/uploads\/2022\/03\/lenguas-maternas-peto-13-300x200.jpeg 300w, https:\/\/elpuucnoticias.com\/wp-content\/uploads\/2022\/03\/lenguas-maternas-peto-13-768x512.jpeg 768w, https:\/\/elpuucnoticias.com\/wp-content\/uploads\/2022\/03\/lenguas-maternas-peto-13.jpeg 1280w\" sizes=\"auto, (max-width: 1024px) 100vw, 1024px\" \/><\/figure>\n\n\n\n<figure class=\"wp-block-image size-large\"><img loading=\"lazy\" decoding=\"async\" width=\"1024\" height=\"682\" data-id=\"477\" src=\"https:\/\/elpuucnoticias.com\/wp-content\/uploads\/2022\/03\/lenguas-maternas-peto-11-1024x682.jpeg\" alt=\"\" class=\"wp-image-477\" srcset=\"https:\/\/elpuucnoticias.com\/wp-content\/uploads\/2022\/03\/lenguas-maternas-peto-11-1024x682.jpeg 1024w, https:\/\/elpuucnoticias.com\/wp-content\/uploads\/2022\/03\/lenguas-maternas-peto-11-300x200.jpeg 300w, https:\/\/elpuucnoticias.com\/wp-content\/uploads\/2022\/03\/lenguas-maternas-peto-11-768x512.jpeg 768w, https:\/\/elpuucnoticias.com\/wp-content\/uploads\/2022\/03\/lenguas-maternas-peto-11.jpeg 1280w\" sizes=\"auto, (max-width: 1024px) 100vw, 1024px\" \/><\/figure>\n<\/figure>\n\n\n\n<p>Como parte de la actividad, de igual manera se hizo un evento c\u00edvico y posteriormente se desarrollaron diversas actividades, entre ellas la exposici\u00f3n de todo lo que se coloco en los puestos.\u2014 <em>El Puuc Noticias<\/em><\/p>\n","protected":false},"excerpt":{"rendered":"<p>Con la finalidad de fortalecer la diversidad cultural, as\u00ed como el desarrollo de una sociedad inclusiva con valores<\/p>\n","protected":false},"author":1,"featured_media":465,"comment_status":"closed","ping_status":"open","sticky":false,"template":"","format":"standard","meta":{"_monsterinsights_skip_tracking":false,"_monsterinsights_sitenote_active":false,"_monsterinsights_sitenote_note":"","_monsterinsights_sitenote_category":0,"footnotes":""},"categories":[11,20,5],"tags":[],"class_list":["post-464","post","type-post","status-publish","format-standard","has-post-thumbnail","hentry","category-noticias","category-peto","category-tendencias"],"yoast_head":"<!-- This site is optimized with the Yoast SEO plugin v18.3 - https:\/\/yoast.com\/wordpress\/plugins\/seo\/ -->\n<title>Colorida celebraci\u00f3n en Peto con motivo del D\u00eda Internacional de las Lenguas Maternas, encabezada por el alcalde Renan Jim\u00e9nez Tah - El Puuc Noticias<\/title>\n<meta name=\"robots\" content=\"index, follow, max-snippet:-1, max-image-preview:large, max-video-preview:-1\" \/>\n<link rel=\"canonical\" href=\"https:\/\/elpuucnoticias.com\/?p=464\" \/>\n<meta property=\"og:locale\" content=\"es_ES\" \/>\n<meta property=\"og:type\" content=\"article\" \/>\n<meta property=\"og:title\" content=\"Colorida celebraci\u00f3n en Peto con motivo del D\u00eda Internacional de las Lenguas Maternas, encabezada por el alcalde Renan Jim\u00e9nez Tah - El Puuc Noticias\" \/>\n<meta property=\"og:description\" content=\"Con la finalidad de fortalecer la diversidad cultural, as\u00ed como el desarrollo de una sociedad inclusiva con valores\" \/>\n<meta property=\"og:url\" content=\"https:\/\/elpuucnoticias.com\/?p=464\" \/>\n<meta property=\"og:site_name\" content=\"El Puuc Noticias\" \/>\n<meta property=\"article:published_time\" content=\"2022-03-21T23:09:10+00:00\" \/>\n<meta property=\"article:modified_time\" content=\"2022-03-21T23:09:12+00:00\" \/>\n<meta property=\"og:image\" content=\"https:\/\/elpuucnoticias.com\/wp-content\/uploads\/2022\/03\/lenguas-maternas-peto-6.jpeg\" \/>\n\t<meta property=\"og:image:width\" content=\"1280\" \/>\n\t<meta property=\"og:image:height\" content=\"853\" \/>\n\t<meta property=\"og:image:type\" content=\"image\/jpeg\" \/>\n<meta name=\"twitter:card\" content=\"summary_large_image\" \/>\n<meta name=\"twitter:label1\" content=\"Escrito por\" \/>\n\t<meta name=\"twitter:data1\" content=\"elpuucnoticias\" \/>\n\t<meta name=\"twitter:label2\" content=\"Tiempo de lectura\" \/>\n\t<meta name=\"twitter:data2\" content=\"4 minutos\" \/>\n<script type=\"application\/ld+json\" class=\"yoast-schema-graph\">{\"@context\":\"https:\/\/schema.org\",\"@graph\":[{\"@type\":\"WebSite\",\"@id\":\"https:\/\/elpuucnoticias.com\/#website\",\"url\":\"https:\/\/elpuucnoticias.com\/\",\"name\":\"El Puuc Noticias\",\"description\":\"Noticias - Entretenimiento - Deportes\",\"potentialAction\":[{\"@type\":\"SearchAction\",\"target\":{\"@type\":\"EntryPoint\",\"urlTemplate\":\"https:\/\/elpuucnoticias.com\/?s={search_term_string}\"},\"query-input\":\"required name=search_term_string\"}],\"inLanguage\":\"es\"},{\"@type\":\"ImageObject\",\"@id\":\"https:\/\/elpuucnoticias.com\/?p=464#primaryimage\",\"inLanguage\":\"es\",\"url\":\"https:\/\/elpuucnoticias.com\/wp-content\/uploads\/2022\/03\/lenguas-maternas-peto-6.jpeg\",\"contentUrl\":\"https:\/\/elpuucnoticias.com\/wp-content\/uploads\/2022\/03\/lenguas-maternas-peto-6.jpeg\",\"width\":1280,\"height\":853},{\"@type\":\"WebPage\",\"@id\":\"https:\/\/elpuucnoticias.com\/?p=464#webpage\",\"url\":\"https:\/\/elpuucnoticias.com\/?p=464\",\"name\":\"Colorida celebraci\u00f3n en Peto con motivo del D\u00eda Internacional de las Lenguas Maternas, encabezada por el alcalde Renan Jim\u00e9nez Tah - El Puuc Noticias\",\"isPartOf\":{\"@id\":\"https:\/\/elpuucnoticias.com\/#website\"},\"primaryImageOfPage\":{\"@id\":\"https:\/\/elpuucnoticias.com\/?p=464#primaryimage\"},\"datePublished\":\"2022-03-21T23:09:10+00:00\",\"dateModified\":\"2022-03-21T23:09:12+00:00\",\"author\":{\"@id\":\"https:\/\/elpuucnoticias.com\/#\/schema\/person\/d2ea09e4c97f0160b11cdfb1d856bd9e\"},\"breadcrumb\":{\"@id\":\"https:\/\/elpuucnoticias.com\/?p=464#breadcrumb\"},\"inLanguage\":\"es\",\"potentialAction\":[{\"@type\":\"ReadAction\",\"target\":[\"https:\/\/elpuucnoticias.com\/?p=464\"]}]},{\"@type\":\"BreadcrumbList\",\"@id\":\"https:\/\/elpuucnoticias.com\/?p=464#breadcrumb\",\"itemListElement\":[{\"@type\":\"ListItem\",\"position\":1,\"name\":\"Portada\",\"item\":\"https:\/\/elpuucnoticias.com\/\"},{\"@type\":\"ListItem\",\"position\":2,\"name\":\"Colorida celebraci\u00f3n en Peto con motivo del D\u00eda Internacional de las Lenguas Maternas, encabezada por el alcalde Renan Jim\u00e9nez Tah\"}]},{\"@type\":\"Person\",\"@id\":\"https:\/\/elpuucnoticias.com\/#\/schema\/person\/d2ea09e4c97f0160b11cdfb1d856bd9e\",\"name\":\"elpuucnoticias\",\"image\":{\"@type\":\"ImageObject\",\"@id\":\"https:\/\/elpuucnoticias.com\/#personlogo\",\"inLanguage\":\"es\",\"url\":\"https:\/\/secure.gravatar.com\/avatar\/5290a43657c74ffa15701dbe5b846bd85cc71930d803c84e91046a7333de6ce2?s=96&d=mm&r=g\",\"contentUrl\":\"https:\/\/secure.gravatar.com\/avatar\/5290a43657c74ffa15701dbe5b846bd85cc71930d803c84e91046a7333de6ce2?s=96&d=mm&r=g\",\"caption\":\"elpuucnoticias\"},\"sameAs\":[\"https:\/\/elpuucnoticias.com\"],\"url\":\"https:\/\/elpuucnoticias.com\/?author=1\"}]}<\/script>\n<!-- \/ Yoast SEO plugin. -->","yoast_head_json":{"title":"Colorida celebraci\u00f3n en Peto con motivo del D\u00eda Internacional de las Lenguas Maternas, encabezada por el alcalde Renan Jim\u00e9nez Tah - El Puuc Noticias","robots":{"index":"index","follow":"follow","max-snippet":"max-snippet:-1","max-image-preview":"max-image-preview:large","max-video-preview":"max-video-preview:-1"},"canonical":"https:\/\/elpuucnoticias.com\/?p=464","og_locale":"es_ES","og_type":"article","og_title":"Colorida celebraci\u00f3n en Peto con motivo del D\u00eda Internacional de las Lenguas Maternas, encabezada por el alcalde Renan Jim\u00e9nez Tah - El Puuc Noticias","og_description":"Con la finalidad de fortalecer la diversidad cultural, as\u00ed como el desarrollo de una sociedad inclusiva con valores","og_url":"https:\/\/elpuucnoticias.com\/?p=464","og_site_name":"El Puuc Noticias","article_published_time":"2022-03-21T23:09:10+00:00","article_modified_time":"2022-03-21T23:09:12+00:00","og_image":[{"width":1280,"height":853,"url":"https:\/\/elpuucnoticias.com\/wp-content\/uploads\/2022\/03\/lenguas-maternas-peto-6.jpeg","type":"image\/jpeg"}],"twitter_card":"summary_large_image","twitter_misc":{"Escrito por":"elpuucnoticias","Tiempo de lectura":"4 minutos"},"schema":{"@context":"https:\/\/schema.org","@graph":[{"@type":"WebSite","@id":"https:\/\/elpuucnoticias.com\/#website","url":"https:\/\/elpuucnoticias.com\/","name":"El Puuc Noticias","description":"Noticias - Entretenimiento - Deportes","potentialAction":[{"@type":"SearchAction","target":{"@type":"EntryPoint","urlTemplate":"https:\/\/elpuucnoticias.com\/?s={search_term_string}"},"query-input":"required name=search_term_string"}],"inLanguage":"es"},{"@type":"ImageObject","@id":"https:\/\/elpuucnoticias.com\/?p=464#primaryimage","inLanguage":"es","url":"https:\/\/elpuucnoticias.com\/wp-content\/uploads\/2022\/03\/lenguas-maternas-peto-6.jpeg","contentUrl":"https:\/\/elpuucnoticias.com\/wp-content\/uploads\/2022\/03\/lenguas-maternas-peto-6.jpeg","width":1280,"height":853},{"@type":"WebPage","@id":"https:\/\/elpuucnoticias.com\/?p=464#webpage","url":"https:\/\/elpuucnoticias.com\/?p=464","name":"Colorida celebraci\u00f3n en Peto con motivo del D\u00eda Internacional de las Lenguas Maternas, encabezada por el alcalde Renan Jim\u00e9nez Tah - El Puuc Noticias","isPartOf":{"@id":"https:\/\/elpuucnoticias.com\/#website"},"primaryImageOfPage":{"@id":"https:\/\/elpuucnoticias.com\/?p=464#primaryimage"},"datePublished":"2022-03-21T23:09:10+00:00","dateModified":"2022-03-21T23:09:12+00:00","author":{"@id":"https:\/\/elpuucnoticias.com\/#\/schema\/person\/d2ea09e4c97f0160b11cdfb1d856bd9e"},"breadcrumb":{"@id":"https:\/\/elpuucnoticias.com\/?p=464#breadcrumb"},"inLanguage":"es","potentialAction":[{"@type":"ReadAction","target":["https:\/\/elpuucnoticias.com\/?p=464"]}]},{"@type":"BreadcrumbList","@id":"https:\/\/elpuucnoticias.com\/?p=464#breadcrumb","itemListElement":[{"@type":"ListItem","position":1,"name":"Portada","item":"https:\/\/elpuucnoticias.com\/"},{"@type":"ListItem","position":2,"name":"Colorida celebraci\u00f3n en Peto con motivo del D\u00eda Internacional de las Lenguas Maternas, encabezada por el alcalde Renan Jim\u00e9nez Tah"}]},{"@type":"Person","@id":"https:\/\/elpuucnoticias.com\/#\/schema\/person\/d2ea09e4c97f0160b11cdfb1d856bd9e","name":"elpuucnoticias","image":{"@type":"ImageObject","@id":"https:\/\/elpuucnoticias.com\/#personlogo","inLanguage":"es","url":"https:\/\/secure.gravatar.com\/avatar\/5290a43657c74ffa15701dbe5b846bd85cc71930d803c84e91046a7333de6ce2?s=96&d=mm&r=g","contentUrl":"https:\/\/secure.gravatar.com\/avatar\/5290a43657c74ffa15701dbe5b846bd85cc71930d803c84e91046a7333de6ce2?s=96&d=mm&r=g","caption":"elpuucnoticias"},"sameAs":["https:\/\/elpuucnoticias.com"],"url":"https:\/\/elpuucnoticias.com\/?author=1"}]}},"_links":{"self":[{"href":"https:\/\/elpuucnoticias.com\/index.php?rest_route=\/wp\/v2\/posts\/464","targetHints":{"allow":["GET"]}}],"collection":[{"href":"https:\/\/elpuucnoticias.com\/index.php?rest_route=\/wp\/v2\/posts"}],"about":[{"href":"https:\/\/elpuucnoticias.com\/index.php?rest_route=\/wp\/v2\/types\/post"}],"author":[{"embeddable":true,"href":"https:\/\/elpuucnoticias.com\/index.php?rest_route=\/wp\/v2\/users\/1"}],"replies":[{"embeddable":true,"href":"https:\/\/elpuucnoticias.com\/index.php?rest_route=%2Fwp%2Fv2%2Fcomments&post=464"}],"version-history":[{"count":1,"href":"https:\/\/elpuucnoticias.com\/index.php?rest_route=\/wp\/v2\/posts\/464\/revisions"}],"predecessor-version":[{"id":478,"href":"https:\/\/elpuucnoticias.com\/index.php?rest_route=\/wp\/v2\/posts\/464\/revisions\/478"}],"wp:featuredmedia":[{"embeddable":true,"href":"https:\/\/elpuucnoticias.com\/index.php?rest_route=\/wp\/v2\/media\/465"}],"wp:attachment":[{"href":"https:\/\/elpuucnoticias.com\/index.php?rest_route=%2Fwp%2Fv2%2Fmedia&parent=464"}],"wp:term":[{"taxonomy":"category","embeddable":true,"href":"https:\/\/elpuucnoticias.com\/index.php?rest_route=%2Fwp%2Fv2%2Fcategories&post=464"},{"taxonomy":"post_tag","embeddable":true,"href":"https:\/\/elpuucnoticias.com\/index.php?rest_route=%2Fwp%2Fv2%2Ftags&post=464"}],"curies":[{"name":"wp","href":"https:\/\/api.w.org\/{rel}","templated":true}]}}