{"id":4853,"date":"2022-11-25T15:58:31","date_gmt":"2022-11-25T21:58:31","guid":{"rendered":"https:\/\/elpuucnoticias.com\/?p=4853"},"modified":"2022-11-25T15:58:32","modified_gmt":"2022-11-25T21:58:32","slug":"el-arquero-quintanarroense-omar-echeverria-logra-medalla-de-plata-en-el-v-campeonato-parapanamericano-2022","status":"publish","type":"post","link":"https:\/\/elpuucnoticias.com\/?p=4853","title":{"rendered":"El arquero quintanarroense Omar Echeverr\u00eda logra medalla de plata en el V Campeonato Parapanamericano 2022"},"content":{"rendered":"\n<p>La dupla integrada por el quintanarroense Omar Echeverr\u00eda Espinoza y la bajacaliforniana Liliana Montiel Orozco, se adjudic\u00f3 la medalla de plata en Arco Compuesto Open por Equipo Mixto en el V Campeonato Parapanamericano 2022 que se realiza en Santiago de Chile.<\/p>\n\n\n\n<p>Lo anterior fue dado a conocer por el presidente de la Comisi\u00f3n para la Juventud y el Deporte de Quintana Roo (COJUDEQ) Eric Arcila Arjona, al referir que en esta justa deportiva tambi\u00e9n participa la quintanarroense Lya Daniela S\u00e1nchez Tadeo.<\/p>\n\n\n\n<figure class=\"wp-block-image size-large\"><img loading=\"lazy\" decoding=\"async\" width=\"1024\" height=\"176\" src=\"https:\/\/elpuucnoticias.com\/wp-content\/uploads\/2022\/11\/BANNER-NOVIEMBRE-22-1024x176.jpg\" alt=\"\" class=\"wp-image-4409\" srcset=\"https:\/\/elpuucnoticias.com\/wp-content\/uploads\/2022\/11\/BANNER-NOVIEMBRE-22-1024x176.jpg 1024w, https:\/\/elpuucnoticias.com\/wp-content\/uploads\/2022\/11\/BANNER-NOVIEMBRE-22-300x52.jpg 300w, https:\/\/elpuucnoticias.com\/wp-content\/uploads\/2022\/11\/BANNER-NOVIEMBRE-22-768x132.jpg 768w, https:\/\/elpuucnoticias.com\/wp-content\/uploads\/2022\/11\/BANNER-NOVIEMBRE-22-1536x264.jpg 1536w, https:\/\/elpuucnoticias.com\/wp-content\/uploads\/2022\/11\/BANNER-NOVIEMBRE-22.jpg 1600w\" sizes=\"auto, (max-width: 1024px) 100vw, 1024px\" \/><\/figure>\n\n\n\n<p>\u201cEstamos muy emocionados por la gran participaci\u00f3n de nuestros atletas Omar y Lya, ambos bajo la conducci\u00f3n de la entrenadora Hilda Martell Mitchell. Estamos seguros que seguir\u00e1n poniendo en alto el nombre de Quintana Roo\u201d, afirm\u00f3.<\/p>\n\n\n\n<p>Eric Arcila agreg\u00f3 que este viernes Omar Echeverr\u00eda estar\u00e1 buscando el boleto para \u201cSantiago 2023\u201d en la Ronda Ol\u00edmpica en Arco Compuesto, el cual lograr\u00e1 si queda dentro de los primeros siete lugares; asimismo, dijo que Lya Daniela tambi\u00e9n ver\u00e1 acci\u00f3n.<\/p>\n\n\n\n<p>Cabe destacar que en la categor\u00eda Arco Compuesto Femenil Open, la bajacaliforniana Liliana Montiel Orozco consigui\u00f3 la plaza para M\u00e9xico al concluir en el s\u00e9ptimo lugar; Lya Daniela S\u00e1nchez Tadeo finaliz\u00f3 en el noveno puesto.<\/p>\n\n\n\n<p>\u201cIndependientemente de quien gane las plazas para M\u00e9xico, ser\u00e1 en el Campeonato Nacional Paral\u00edmpico 2023 a celebrarse en Quintana Roo donde se definir\u00e1 a los representantes del pa\u00eds en \u2018Santiago 2023\u2019\u201d, explic\u00f3 Hilda Martell Mitchell, entrenadora de ambos competidores.<\/p>\n","protected":false},"excerpt":{"rendered":"<p>La dupla integrada por el quintanarroense Omar Echeverr\u00eda Espinoza y la bajacaliforniana Liliana Montiel Orozco, se adjudic\u00f3 la<\/p>\n","protected":false},"author":1,"featured_media":4854,"comment_status":"closed","ping_status":"open","sticky":false,"template":"","format":"standard","meta":{"_monsterinsights_skip_tracking":false,"_monsterinsights_sitenote_active":false,"_monsterinsights_sitenote_note":"","_monsterinsights_sitenote_category":0,"footnotes":""},"categories":[7,11,24],"tags":[],"class_list":["post-4853","post","type-post","status-publish","format-standard","has-post-thumbnail","hentry","category-impacto-deportivo","category-noticias","category-quintana-roo"],"yoast_head":"<!-- This site is optimized with the Yoast SEO plugin v18.3 - https:\/\/yoast.com\/wordpress\/plugins\/seo\/ -->\n<title>El arquero quintanarroense Omar Echeverr\u00eda logra medalla de plata en el V Campeonato Parapanamericano 2022 - El Puuc Noticias<\/title>\n<meta name=\"robots\" content=\"index, follow, max-snippet:-1, max-image-preview:large, max-video-preview:-1\" \/>\n<link rel=\"canonical\" href=\"https:\/\/elpuucnoticias.com\/?p=4853\" \/>\n<meta property=\"og:locale\" content=\"es_ES\" \/>\n<meta property=\"og:type\" content=\"article\" \/>\n<meta property=\"og:title\" content=\"El arquero quintanarroense Omar Echeverr\u00eda logra medalla de plata en el V Campeonato Parapanamericano 2022 - El Puuc Noticias\" \/>\n<meta property=\"og:description\" content=\"La dupla integrada por el quintanarroense Omar Echeverr\u00eda Espinoza y la bajacaliforniana Liliana Montiel Orozco, se adjudic\u00f3 la\" \/>\n<meta property=\"og:url\" content=\"https:\/\/elpuucnoticias.com\/?p=4853\" \/>\n<meta property=\"og:site_name\" content=\"El Puuc Noticias\" \/>\n<meta property=\"article:published_time\" content=\"2022-11-25T21:58:31+00:00\" \/>\n<meta property=\"article:modified_time\" content=\"2022-11-25T21:58:32+00:00\" \/>\n<meta property=\"og:image\" content=\"https:\/\/elpuucnoticias.com\/wp-content\/uploads\/2022\/11\/cojudeq-arquero.jpeg\" \/>\n\t<meta property=\"og:image:width\" content=\"1599\" \/>\n\t<meta property=\"og:image:height\" content=\"1200\" \/>\n\t<meta property=\"og:image:type\" content=\"image\/jpeg\" \/>\n<meta name=\"twitter:card\" content=\"summary_large_image\" \/>\n<meta name=\"twitter:label1\" content=\"Escrito por\" \/>\n\t<meta name=\"twitter:data1\" content=\"elpuucnoticias\" \/>\n\t<meta name=\"twitter:label2\" content=\"Tiempo de lectura\" \/>\n\t<meta name=\"twitter:data2\" content=\"2 minutos\" \/>\n<script type=\"application\/ld+json\" class=\"yoast-schema-graph\">{\"@context\":\"https:\/\/schema.org\",\"@graph\":[{\"@type\":\"WebSite\",\"@id\":\"https:\/\/elpuucnoticias.com\/#website\",\"url\":\"https:\/\/elpuucnoticias.com\/\",\"name\":\"El Puuc Noticias\",\"description\":\"Noticias - Entretenimiento - Deportes\",\"potentialAction\":[{\"@type\":\"SearchAction\",\"target\":{\"@type\":\"EntryPoint\",\"urlTemplate\":\"https:\/\/elpuucnoticias.com\/?s={search_term_string}\"},\"query-input\":\"required name=search_term_string\"}],\"inLanguage\":\"es\"},{\"@type\":\"ImageObject\",\"@id\":\"https:\/\/elpuucnoticias.com\/?p=4853#primaryimage\",\"inLanguage\":\"es\",\"url\":\"https:\/\/elpuucnoticias.com\/wp-content\/uploads\/2022\/11\/cojudeq-arquero.jpeg\",\"contentUrl\":\"https:\/\/elpuucnoticias.com\/wp-content\/uploads\/2022\/11\/cojudeq-arquero.jpeg\",\"width\":1599,\"height\":1200},{\"@type\":\"WebPage\",\"@id\":\"https:\/\/elpuucnoticias.com\/?p=4853#webpage\",\"url\":\"https:\/\/elpuucnoticias.com\/?p=4853\",\"name\":\"El arquero quintanarroense Omar Echeverr\u00eda logra medalla de plata en el V Campeonato Parapanamericano 2022 - El Puuc Noticias\",\"isPartOf\":{\"@id\":\"https:\/\/elpuucnoticias.com\/#website\"},\"primaryImageOfPage\":{\"@id\":\"https:\/\/elpuucnoticias.com\/?p=4853#primaryimage\"},\"datePublished\":\"2022-11-25T21:58:31+00:00\",\"dateModified\":\"2022-11-25T21:58:32+00:00\",\"author\":{\"@id\":\"https:\/\/elpuucnoticias.com\/#\/schema\/person\/d2ea09e4c97f0160b11cdfb1d856bd9e\"},\"breadcrumb\":{\"@id\":\"https:\/\/elpuucnoticias.com\/?p=4853#breadcrumb\"},\"inLanguage\":\"es\",\"potentialAction\":[{\"@type\":\"ReadAction\",\"target\":[\"https:\/\/elpuucnoticias.com\/?p=4853\"]}]},{\"@type\":\"BreadcrumbList\",\"@id\":\"https:\/\/elpuucnoticias.com\/?p=4853#breadcrumb\",\"itemListElement\":[{\"@type\":\"ListItem\",\"position\":1,\"name\":\"Portada\",\"item\":\"https:\/\/elpuucnoticias.com\/\"},{\"@type\":\"ListItem\",\"position\":2,\"name\":\"El arquero quintanarroense Omar Echeverr\u00eda logra medalla de plata en el V Campeonato Parapanamericano 2022\"}]},{\"@type\":\"Person\",\"@id\":\"https:\/\/elpuucnoticias.com\/#\/schema\/person\/d2ea09e4c97f0160b11cdfb1d856bd9e\",\"name\":\"elpuucnoticias\",\"image\":{\"@type\":\"ImageObject\",\"@id\":\"https:\/\/elpuucnoticias.com\/#personlogo\",\"inLanguage\":\"es\",\"url\":\"https:\/\/secure.gravatar.com\/avatar\/5290a43657c74ffa15701dbe5b846bd85cc71930d803c84e91046a7333de6ce2?s=96&d=mm&r=g\",\"contentUrl\":\"https:\/\/secure.gravatar.com\/avatar\/5290a43657c74ffa15701dbe5b846bd85cc71930d803c84e91046a7333de6ce2?s=96&d=mm&r=g\",\"caption\":\"elpuucnoticias\"},\"sameAs\":[\"https:\/\/elpuucnoticias.com\"],\"url\":\"https:\/\/elpuucnoticias.com\/?author=1\"}]}<\/script>\n<!-- \/ Yoast SEO plugin. -->","yoast_head_json":{"title":"El arquero quintanarroense Omar Echeverr\u00eda logra medalla de plata en el V Campeonato Parapanamericano 2022 - El Puuc Noticias","robots":{"index":"index","follow":"follow","max-snippet":"max-snippet:-1","max-image-preview":"max-image-preview:large","max-video-preview":"max-video-preview:-1"},"canonical":"https:\/\/elpuucnoticias.com\/?p=4853","og_locale":"es_ES","og_type":"article","og_title":"El arquero quintanarroense Omar Echeverr\u00eda logra medalla de plata en el V Campeonato Parapanamericano 2022 - El Puuc Noticias","og_description":"La dupla integrada por el quintanarroense Omar Echeverr\u00eda Espinoza y la bajacaliforniana Liliana Montiel Orozco, se adjudic\u00f3 la","og_url":"https:\/\/elpuucnoticias.com\/?p=4853","og_site_name":"El Puuc Noticias","article_published_time":"2022-11-25T21:58:31+00:00","article_modified_time":"2022-11-25T21:58:32+00:00","og_image":[{"width":1599,"height":1200,"url":"https:\/\/elpuucnoticias.com\/wp-content\/uploads\/2022\/11\/cojudeq-arquero.jpeg","type":"image\/jpeg"}],"twitter_card":"summary_large_image","twitter_misc":{"Escrito por":"elpuucnoticias","Tiempo de lectura":"2 minutos"},"schema":{"@context":"https:\/\/schema.org","@graph":[{"@type":"WebSite","@id":"https:\/\/elpuucnoticias.com\/#website","url":"https:\/\/elpuucnoticias.com\/","name":"El Puuc Noticias","description":"Noticias - Entretenimiento - Deportes","potentialAction":[{"@type":"SearchAction","target":{"@type":"EntryPoint","urlTemplate":"https:\/\/elpuucnoticias.com\/?s={search_term_string}"},"query-input":"required name=search_term_string"}],"inLanguage":"es"},{"@type":"ImageObject","@id":"https:\/\/elpuucnoticias.com\/?p=4853#primaryimage","inLanguage":"es","url":"https:\/\/elpuucnoticias.com\/wp-content\/uploads\/2022\/11\/cojudeq-arquero.jpeg","contentUrl":"https:\/\/elpuucnoticias.com\/wp-content\/uploads\/2022\/11\/cojudeq-arquero.jpeg","width":1599,"height":1200},{"@type":"WebPage","@id":"https:\/\/elpuucnoticias.com\/?p=4853#webpage","url":"https:\/\/elpuucnoticias.com\/?p=4853","name":"El arquero quintanarroense Omar Echeverr\u00eda logra medalla de plata en el V Campeonato Parapanamericano 2022 - El Puuc Noticias","isPartOf":{"@id":"https:\/\/elpuucnoticias.com\/#website"},"primaryImageOfPage":{"@id":"https:\/\/elpuucnoticias.com\/?p=4853#primaryimage"},"datePublished":"2022-11-25T21:58:31+00:00","dateModified":"2022-11-25T21:58:32+00:00","author":{"@id":"https:\/\/elpuucnoticias.com\/#\/schema\/person\/d2ea09e4c97f0160b11cdfb1d856bd9e"},"breadcrumb":{"@id":"https:\/\/elpuucnoticias.com\/?p=4853#breadcrumb"},"inLanguage":"es","potentialAction":[{"@type":"ReadAction","target":["https:\/\/elpuucnoticias.com\/?p=4853"]}]},{"@type":"BreadcrumbList","@id":"https:\/\/elpuucnoticias.com\/?p=4853#breadcrumb","itemListElement":[{"@type":"ListItem","position":1,"name":"Portada","item":"https:\/\/elpuucnoticias.com\/"},{"@type":"ListItem","position":2,"name":"El arquero quintanarroense Omar Echeverr\u00eda logra medalla de plata en el V Campeonato Parapanamericano 2022"}]},{"@type":"Person","@id":"https:\/\/elpuucnoticias.com\/#\/schema\/person\/d2ea09e4c97f0160b11cdfb1d856bd9e","name":"elpuucnoticias","image":{"@type":"ImageObject","@id":"https:\/\/elpuucnoticias.com\/#personlogo","inLanguage":"es","url":"https:\/\/secure.gravatar.com\/avatar\/5290a43657c74ffa15701dbe5b846bd85cc71930d803c84e91046a7333de6ce2?s=96&d=mm&r=g","contentUrl":"https:\/\/secure.gravatar.com\/avatar\/5290a43657c74ffa15701dbe5b846bd85cc71930d803c84e91046a7333de6ce2?s=96&d=mm&r=g","caption":"elpuucnoticias"},"sameAs":["https:\/\/elpuucnoticias.com"],"url":"https:\/\/elpuucnoticias.com\/?author=1"}]}},"_links":{"self":[{"href":"https:\/\/elpuucnoticias.com\/index.php?rest_route=\/wp\/v2\/posts\/4853","targetHints":{"allow":["GET"]}}],"collection":[{"href":"https:\/\/elpuucnoticias.com\/index.php?rest_route=\/wp\/v2\/posts"}],"about":[{"href":"https:\/\/elpuucnoticias.com\/index.php?rest_route=\/wp\/v2\/types\/post"}],"author":[{"embeddable":true,"href":"https:\/\/elpuucnoticias.com\/index.php?rest_route=\/wp\/v2\/users\/1"}],"replies":[{"embeddable":true,"href":"https:\/\/elpuucnoticias.com\/index.php?rest_route=%2Fwp%2Fv2%2Fcomments&post=4853"}],"version-history":[{"count":1,"href":"https:\/\/elpuucnoticias.com\/index.php?rest_route=\/wp\/v2\/posts\/4853\/revisions"}],"predecessor-version":[{"id":4855,"href":"https:\/\/elpuucnoticias.com\/index.php?rest_route=\/wp\/v2\/posts\/4853\/revisions\/4855"}],"wp:featuredmedia":[{"embeddable":true,"href":"https:\/\/elpuucnoticias.com\/index.php?rest_route=\/wp\/v2\/media\/4854"}],"wp:attachment":[{"href":"https:\/\/elpuucnoticias.com\/index.php?rest_route=%2Fwp%2Fv2%2Fmedia&parent=4853"}],"wp:term":[{"taxonomy":"category","embeddable":true,"href":"https:\/\/elpuucnoticias.com\/index.php?rest_route=%2Fwp%2Fv2%2Fcategories&post=4853"},{"taxonomy":"post_tag","embeddable":true,"href":"https:\/\/elpuucnoticias.com\/index.php?rest_route=%2Fwp%2Fv2%2Ftags&post=4853"}],"curies":[{"name":"wp","href":"https:\/\/api.w.org\/{rel}","templated":true}]}}