{"id":4881,"date":"2022-11-26T16:24:32","date_gmt":"2022-11-26T22:24:32","guid":{"rendered":"https:\/\/elpuucnoticias.com\/?p=4881"},"modified":"2022-11-26T16:24:32","modified_gmt":"2022-11-26T22:24:32","slug":"menor-termina-grave-en-el-hospital-tras-agresion-vandalica-en-pleno-centro-de-akil-denuncian-falta-de-preparacion-de-la-policia-municipal","status":"publish","type":"post","link":"https:\/\/elpuucnoticias.com\/?p=4881","title":{"rendered":"Menor termina grave en el hospital tras agresi\u00f3n vand\u00e1lica en pleno Centro de Akil. Denuncian falta de preparaci\u00f3n de la Polic\u00eda Municipal"},"content":{"rendered":"\n<p>Dos menores de edad, uno de 14 y otro de 16 resultaron con lesiones, uno de ellos de gravedad que ameritaron su traslado en ambulancia al Hospital General de Tekax, tras ser agredidos por grupo de v\u00e1ndalos en pleno Centro de Akil.<\/p>\n\n\n\n<p>Los hechos ocurrieron la noche de este viernes en los alrededores del mercado municipal. De acuerdo con informaci\u00f3n recabada en el lugar, un grupo de unos seis jovenzuelos, en varias motocicletas, se detuvieron y acorralaron a dos menores que esperaban les sirvieran unos tacos en un puesto del sector.<\/p>\n\n\n\n<figure class=\"wp-block-gallery has-nested-images columns-default is-cropped wp-block-gallery-1 is-layout-flex wp-block-gallery-is-layout-flex\">\n<figure class=\"wp-block-image size-large\"><img loading=\"lazy\" decoding=\"async\" width=\"1024\" height=\"641\" data-id=\"4883\" src=\"https:\/\/elpuucnoticias.com\/wp-content\/uploads\/2022\/11\/WhatsApp-Image-2022-11-26-at-4.09.14-PM-1024x641.jpeg\" alt=\"\" class=\"wp-image-4883\" srcset=\"https:\/\/elpuucnoticias.com\/wp-content\/uploads\/2022\/11\/WhatsApp-Image-2022-11-26-at-4.09.14-PM-1024x641.jpeg 1024w, https:\/\/elpuucnoticias.com\/wp-content\/uploads\/2022\/11\/WhatsApp-Image-2022-11-26-at-4.09.14-PM-300x188.jpeg 300w, https:\/\/elpuucnoticias.com\/wp-content\/uploads\/2022\/11\/WhatsApp-Image-2022-11-26-at-4.09.14-PM-768x481.jpeg 768w, https:\/\/elpuucnoticias.com\/wp-content\/uploads\/2022\/11\/WhatsApp-Image-2022-11-26-at-4.09.14-PM-1536x962.jpeg 1536w, https:\/\/elpuucnoticias.com\/wp-content\/uploads\/2022\/11\/WhatsApp-Image-2022-11-26-at-4.09.14-PM.jpeg 1600w\" sizes=\"auto, (max-width: 1024px) 100vw, 1024px\" \/><\/figure>\n\n\n\n<figure class=\"wp-block-image size-large\"><img loading=\"lazy\" decoding=\"async\" width=\"1024\" height=\"692\" data-id=\"4884\" src=\"https:\/\/elpuucnoticias.com\/wp-content\/uploads\/2022\/11\/WhatsApp-Image-2022-11-26-at-4.09.14-PM-1-1024x692.jpeg\" alt=\"\" class=\"wp-image-4884\" srcset=\"https:\/\/elpuucnoticias.com\/wp-content\/uploads\/2022\/11\/WhatsApp-Image-2022-11-26-at-4.09.14-PM-1-1024x692.jpeg 1024w, https:\/\/elpuucnoticias.com\/wp-content\/uploads\/2022\/11\/WhatsApp-Image-2022-11-26-at-4.09.14-PM-1-300x203.jpeg 300w, https:\/\/elpuucnoticias.com\/wp-content\/uploads\/2022\/11\/WhatsApp-Image-2022-11-26-at-4.09.14-PM-1-768x519.jpeg 768w, https:\/\/elpuucnoticias.com\/wp-content\/uploads\/2022\/11\/WhatsApp-Image-2022-11-26-at-4.09.14-PM-1-1536x1039.jpeg 1536w, https:\/\/elpuucnoticias.com\/wp-content\/uploads\/2022\/11\/WhatsApp-Image-2022-11-26-at-4.09.14-PM-1.jpeg 1600w\" sizes=\"auto, (max-width: 1024px) 100vw, 1024px\" \/><\/figure>\n<\/figure>\n\n\n\n<p>Uno de ellos result\u00f3 m\u00e1s afectado puesto que le alcanzaron a golpear con tubos y palos. Un casco que tra\u00eda en la cabeza le protegi\u00f3 de algunos golpes, sin embargo qued\u00f3 muy lastimado, y a pesar que sangraba la ambulancia de emergencia del Ayuntamiento tard\u00f3 m\u00e1s de 30 minutos en llegar a auxiliarlo.<\/p>\n\n\n\n<p>Los menores lesionados fueron identificados como David M. de 14 a\u00f1os de edad y Jes\u00fas \u00abN\u00bb de 16; este segundo fue quien se llev\u00f3 la peor parte, que incluso tuvo que ser trasladado con heridas graves al hospital del Insabi en Tekax.<\/p>\n\n\n\n<p>Mar\u00eda I. madre de uno de los menores lesionados en entrevista con <em>El Puuc Noticias<\/em> denunci\u00f3 que a pesar que la Polic\u00eda Municipal conoce a los presuntos responsables de esta agresi\u00f3n, no toman las medidas al respecto. \u00abNo tienen la preparaci\u00f3n necesaria para garantizar la seguridad de los akile\u00f1os\u00bb, indica.<\/p>\n\n\n\n<p>Los agresores habr\u00eda llegado de manera sorpresiva y tras golpear a los menores se retiraron de inmediato y tomaron la carretera principal rumbo al Oriente del municipio. \u00abTodo ocurri\u00f3 como en dos minutos; son v\u00e1ndalos que todo el tiempo agreden a la gente\u00bb, indican los denunciantes.<\/p>\n\n\n\n<figure class=\"wp-block-image size-large\"><img loading=\"lazy\" decoding=\"async\" width=\"1024\" height=\"176\" src=\"https:\/\/elpuucnoticias.com\/wp-content\/uploads\/2022\/11\/BANNER-NOVIEMBRE-22-1024x176.jpg\" alt=\"\" class=\"wp-image-4409\" srcset=\"https:\/\/elpuucnoticias.com\/wp-content\/uploads\/2022\/11\/BANNER-NOVIEMBRE-22-1024x176.jpg 1024w, https:\/\/elpuucnoticias.com\/wp-content\/uploads\/2022\/11\/BANNER-NOVIEMBRE-22-300x52.jpg 300w, https:\/\/elpuucnoticias.com\/wp-content\/uploads\/2022\/11\/BANNER-NOVIEMBRE-22-768x132.jpg 768w, https:\/\/elpuucnoticias.com\/wp-content\/uploads\/2022\/11\/BANNER-NOVIEMBRE-22-1536x264.jpg 1536w, https:\/\/elpuucnoticias.com\/wp-content\/uploads\/2022\/11\/BANNER-NOVIEMBRE-22.jpg 1600w\" sizes=\"auto, (max-width: 1024px) 100vw, 1024px\" \/><\/figure>\n\n\n\n<p>La madre de familia asegura que a pesar de llamar en varias ocasiones a la Polic\u00eda para solicitar la ayuda por su hijo y su sobrino lesionados, estos no llegaban. \u00abLos fui a ver a la comandancia para que vengan y les estuve pidiendo que llamen a los polic\u00edas estatales, pero no hicieron caso, arrancaron su patrulla y se fueron\u00bb.<\/p>\n\n\n\n<p>\u00abLe pedimos a las autoridades que cumplan con su deber. Akil deber\u00eda tener polic\u00edas m\u00e1s preparados porque ha aumentado la violencia y vandalismo y no hacen nada al respecto; si hubiesen matado a mi sobrino \u00bfqu\u00e9 va hacer la presidenta (Iginia Adalberta Zapata Chi)?\u00bb, denuncian.<\/p>\n\n\n\n<p>En un recorrido por el lugar se constat\u00f3 que incluso hab\u00eda sangre en uno de los pisos del mercado municipal del joven lesionado, hab\u00eda uno de los palos que se usaron en la agresi\u00f3n, el casco con marcas de golpes y da\u00f1os en una moto, sin embargo el sitio no fue acordonado para las diligencias de ley.<\/p>\n\n\n\n<figure class=\"wp-block-gallery has-nested-images columns-default is-cropped wp-block-gallery-2 is-layout-flex wp-block-gallery-is-layout-flex\">\n<figure class=\"wp-block-image size-large\"><img loading=\"lazy\" decoding=\"async\" width=\"991\" height=\"619\" data-id=\"4885\" src=\"https:\/\/elpuucnoticias.com\/wp-content\/uploads\/2022\/11\/WhatsApp-Image-2022-11-26-at-4.09.04-PM.jpeg\" alt=\"\" class=\"wp-image-4885\" srcset=\"https:\/\/elpuucnoticias.com\/wp-content\/uploads\/2022\/11\/WhatsApp-Image-2022-11-26-at-4.09.04-PM.jpeg 991w, https:\/\/elpuucnoticias.com\/wp-content\/uploads\/2022\/11\/WhatsApp-Image-2022-11-26-at-4.09.04-PM-300x187.jpeg 300w, https:\/\/elpuucnoticias.com\/wp-content\/uploads\/2022\/11\/WhatsApp-Image-2022-11-26-at-4.09.04-PM-768x480.jpeg 768w\" sizes=\"auto, (max-width: 991px) 100vw, 991px\" \/><\/figure>\n\n\n\n<figure class=\"wp-block-image size-large\"><img loading=\"lazy\" decoding=\"async\" width=\"1024\" height=\"611\" data-id=\"4886\" src=\"https:\/\/elpuucnoticias.com\/wp-content\/uploads\/2022\/11\/WhatsApp-Image-2022-11-26-at-4.09.04-PM-1-1024x611.jpeg\" alt=\"\" class=\"wp-image-4886\" srcset=\"https:\/\/elpuucnoticias.com\/wp-content\/uploads\/2022\/11\/WhatsApp-Image-2022-11-26-at-4.09.04-PM-1-1024x611.jpeg 1024w, https:\/\/elpuucnoticias.com\/wp-content\/uploads\/2022\/11\/WhatsApp-Image-2022-11-26-at-4.09.04-PM-1-300x179.jpeg 300w, https:\/\/elpuucnoticias.com\/wp-content\/uploads\/2022\/11\/WhatsApp-Image-2022-11-26-at-4.09.04-PM-1-768x458.jpeg 768w, https:\/\/elpuucnoticias.com\/wp-content\/uploads\/2022\/11\/WhatsApp-Image-2022-11-26-at-4.09.04-PM-1-1536x917.jpeg 1536w, https:\/\/elpuucnoticias.com\/wp-content\/uploads\/2022\/11\/WhatsApp-Image-2022-11-26-at-4.09.04-PM-1.jpeg 1600w\" sizes=\"auto, (max-width: 1024px) 100vw, 1024px\" \/><\/figure>\n<\/figure>\n\n\n\n<p>Incluso uno de los vecinos del sector que lament\u00f3 el actuar de los elementos, denunci\u00f3 que uno de los agentes dijo \u00abno hay delito que perseguir\u00bb y rompi\u00f3 una de las maderas que usaron los agresores y que podr\u00eda servir de evidencia.<\/p>\n\n\n\n<p>Los afectados acudir\u00edan a la Fiscal\u00eda General del Estado para interponer las denuncias correspondientes.\u2014 <em>El Puuc Noticias<\/em> <\/p>\n","protected":false},"excerpt":{"rendered":"<p>Dos menores de edad, uno de 14 y otro de 16 resultaron con lesiones, uno de ellos de<\/p>\n","protected":false},"author":1,"featured_media":4882,"comment_status":"closed","ping_status":"open","sticky":false,"template":"","format":"standard","meta":{"_monsterinsights_skip_tracking":false,"_monsterinsights_sitenote_active":false,"_monsterinsights_sitenote_note":"","_monsterinsights_sitenote_category":0,"footnotes":""},"categories":[11,3],"tags":[],"class_list":["post-4881","post","type-post","status-publish","format-standard","has-post-thumbnail","hentry","category-noticias","category-policiacas"],"yoast_head":"<!-- This site is optimized with the Yoast SEO plugin v18.3 - https:\/\/yoast.com\/wordpress\/plugins\/seo\/ -->\n<title>Menor termina grave en el hospital tras agresi\u00f3n vand\u00e1lica en pleno Centro de Akil. Denuncian falta de preparaci\u00f3n de la Polic\u00eda Municipal - El Puuc Noticias<\/title>\n<meta name=\"robots\" content=\"index, follow, max-snippet:-1, max-image-preview:large, max-video-preview:-1\" \/>\n<link rel=\"canonical\" href=\"https:\/\/elpuucnoticias.com\/?p=4881\" \/>\n<meta property=\"og:locale\" content=\"es_ES\" \/>\n<meta property=\"og:type\" content=\"article\" \/>\n<meta property=\"og:title\" content=\"Menor termina grave en el hospital tras agresi\u00f3n vand\u00e1lica en pleno Centro de Akil. Denuncian falta de preparaci\u00f3n de la Polic\u00eda Municipal - El Puuc Noticias\" \/>\n<meta property=\"og:description\" content=\"Dos menores de edad, uno de 14 y otro de 16 resultaron con lesiones, uno de ellos de\" \/>\n<meta property=\"og:url\" content=\"https:\/\/elpuucnoticias.com\/?p=4881\" \/>\n<meta property=\"og:site_name\" content=\"El Puuc Noticias\" \/>\n<meta property=\"article:published_time\" content=\"2022-11-26T22:24:32+00:00\" \/>\n<meta property=\"og:image\" content=\"https:\/\/elpuucnoticias.com\/wp-content\/uploads\/2022\/11\/WhatsApp-Image-2022-11-26-at-4.09.14-PM-1024x641.jpeg\" \/>\n<meta name=\"twitter:card\" content=\"summary_large_image\" \/>\n<meta name=\"twitter:label1\" content=\"Escrito por\" \/>\n\t<meta name=\"twitter:data1\" content=\"elpuucnoticias\" \/>\n\t<meta name=\"twitter:label2\" content=\"Tiempo de lectura\" \/>\n\t<meta name=\"twitter:data2\" content=\"3 minutos\" \/>\n<script type=\"application\/ld+json\" class=\"yoast-schema-graph\">{\"@context\":\"https:\/\/schema.org\",\"@graph\":[{\"@type\":\"WebSite\",\"@id\":\"https:\/\/elpuucnoticias.com\/#website\",\"url\":\"https:\/\/elpuucnoticias.com\/\",\"name\":\"El Puuc Noticias\",\"description\":\"Noticias - Entretenimiento - Deportes\",\"potentialAction\":[{\"@type\":\"SearchAction\",\"target\":{\"@type\":\"EntryPoint\",\"urlTemplate\":\"https:\/\/elpuucnoticias.com\/?s={search_term_string}\"},\"query-input\":\"required name=search_term_string\"}],\"inLanguage\":\"es\"},{\"@type\":\"ImageObject\",\"@id\":\"https:\/\/elpuucnoticias.com\/?p=4881#primaryimage\",\"inLanguage\":\"es\",\"url\":\"https:\/\/elpuucnoticias.com\/wp-content\/uploads\/2022\/11\/WhatsApp-Image-2022-11-26-at-4.09.08-PM.jpeg\",\"contentUrl\":\"https:\/\/elpuucnoticias.com\/wp-content\/uploads\/2022\/11\/WhatsApp-Image-2022-11-26-at-4.09.08-PM.jpeg\",\"width\":1600,\"height\":1123},{\"@type\":\"WebPage\",\"@id\":\"https:\/\/elpuucnoticias.com\/?p=4881#webpage\",\"url\":\"https:\/\/elpuucnoticias.com\/?p=4881\",\"name\":\"Menor termina grave en el hospital tras agresi\u00f3n vand\u00e1lica en pleno Centro de Akil. Denuncian falta de preparaci\u00f3n de la Polic\u00eda Municipal - El Puuc Noticias\",\"isPartOf\":{\"@id\":\"https:\/\/elpuucnoticias.com\/#website\"},\"primaryImageOfPage\":{\"@id\":\"https:\/\/elpuucnoticias.com\/?p=4881#primaryimage\"},\"datePublished\":\"2022-11-26T22:24:32+00:00\",\"dateModified\":\"2022-11-26T22:24:32+00:00\",\"author\":{\"@id\":\"https:\/\/elpuucnoticias.com\/#\/schema\/person\/d2ea09e4c97f0160b11cdfb1d856bd9e\"},\"breadcrumb\":{\"@id\":\"https:\/\/elpuucnoticias.com\/?p=4881#breadcrumb\"},\"inLanguage\":\"es\",\"potentialAction\":[{\"@type\":\"ReadAction\",\"target\":[\"https:\/\/elpuucnoticias.com\/?p=4881\"]}]},{\"@type\":\"BreadcrumbList\",\"@id\":\"https:\/\/elpuucnoticias.com\/?p=4881#breadcrumb\",\"itemListElement\":[{\"@type\":\"ListItem\",\"position\":1,\"name\":\"Portada\",\"item\":\"https:\/\/elpuucnoticias.com\/\"},{\"@type\":\"ListItem\",\"position\":2,\"name\":\"Menor termina grave en el hospital tras agresi\u00f3n vand\u00e1lica en pleno Centro de Akil. Denuncian falta de preparaci\u00f3n de la Polic\u00eda Municipal\"}]},{\"@type\":\"Person\",\"@id\":\"https:\/\/elpuucnoticias.com\/#\/schema\/person\/d2ea09e4c97f0160b11cdfb1d856bd9e\",\"name\":\"elpuucnoticias\",\"image\":{\"@type\":\"ImageObject\",\"@id\":\"https:\/\/elpuucnoticias.com\/#personlogo\",\"inLanguage\":\"es\",\"url\":\"https:\/\/secure.gravatar.com\/avatar\/5290a43657c74ffa15701dbe5b846bd85cc71930d803c84e91046a7333de6ce2?s=96&d=mm&r=g\",\"contentUrl\":\"https:\/\/secure.gravatar.com\/avatar\/5290a43657c74ffa15701dbe5b846bd85cc71930d803c84e91046a7333de6ce2?s=96&d=mm&r=g\",\"caption\":\"elpuucnoticias\"},\"sameAs\":[\"https:\/\/elpuucnoticias.com\"],\"url\":\"https:\/\/elpuucnoticias.com\/?author=1\"}]}<\/script>\n<!-- \/ Yoast SEO plugin. -->","yoast_head_json":{"title":"Menor termina grave en el hospital tras agresi\u00f3n vand\u00e1lica en pleno Centro de Akil. Denuncian falta de preparaci\u00f3n de la Polic\u00eda Municipal - El Puuc Noticias","robots":{"index":"index","follow":"follow","max-snippet":"max-snippet:-1","max-image-preview":"max-image-preview:large","max-video-preview":"max-video-preview:-1"},"canonical":"https:\/\/elpuucnoticias.com\/?p=4881","og_locale":"es_ES","og_type":"article","og_title":"Menor termina grave en el hospital tras agresi\u00f3n vand\u00e1lica en pleno Centro de Akil. Denuncian falta de preparaci\u00f3n de la Polic\u00eda Municipal - El Puuc Noticias","og_description":"Dos menores de edad, uno de 14 y otro de 16 resultaron con lesiones, uno de ellos de","og_url":"https:\/\/elpuucnoticias.com\/?p=4881","og_site_name":"El Puuc Noticias","article_published_time":"2022-11-26T22:24:32+00:00","og_image":[{"url":"https:\/\/elpuucnoticias.com\/wp-content\/uploads\/2022\/11\/WhatsApp-Image-2022-11-26-at-4.09.14-PM-1024x641.jpeg"}],"twitter_card":"summary_large_image","twitter_misc":{"Escrito por":"elpuucnoticias","Tiempo de lectura":"3 minutos"},"schema":{"@context":"https:\/\/schema.org","@graph":[{"@type":"WebSite","@id":"https:\/\/elpuucnoticias.com\/#website","url":"https:\/\/elpuucnoticias.com\/","name":"El Puuc Noticias","description":"Noticias - Entretenimiento - Deportes","potentialAction":[{"@type":"SearchAction","target":{"@type":"EntryPoint","urlTemplate":"https:\/\/elpuucnoticias.com\/?s={search_term_string}"},"query-input":"required name=search_term_string"}],"inLanguage":"es"},{"@type":"ImageObject","@id":"https:\/\/elpuucnoticias.com\/?p=4881#primaryimage","inLanguage":"es","url":"https:\/\/elpuucnoticias.com\/wp-content\/uploads\/2022\/11\/WhatsApp-Image-2022-11-26-at-4.09.08-PM.jpeg","contentUrl":"https:\/\/elpuucnoticias.com\/wp-content\/uploads\/2022\/11\/WhatsApp-Image-2022-11-26-at-4.09.08-PM.jpeg","width":1600,"height":1123},{"@type":"WebPage","@id":"https:\/\/elpuucnoticias.com\/?p=4881#webpage","url":"https:\/\/elpuucnoticias.com\/?p=4881","name":"Menor termina grave en el hospital tras agresi\u00f3n vand\u00e1lica en pleno Centro de Akil. Denuncian falta de preparaci\u00f3n de la Polic\u00eda Municipal - El Puuc Noticias","isPartOf":{"@id":"https:\/\/elpuucnoticias.com\/#website"},"primaryImageOfPage":{"@id":"https:\/\/elpuucnoticias.com\/?p=4881#primaryimage"},"datePublished":"2022-11-26T22:24:32+00:00","dateModified":"2022-11-26T22:24:32+00:00","author":{"@id":"https:\/\/elpuucnoticias.com\/#\/schema\/person\/d2ea09e4c97f0160b11cdfb1d856bd9e"},"breadcrumb":{"@id":"https:\/\/elpuucnoticias.com\/?p=4881#breadcrumb"},"inLanguage":"es","potentialAction":[{"@type":"ReadAction","target":["https:\/\/elpuucnoticias.com\/?p=4881"]}]},{"@type":"BreadcrumbList","@id":"https:\/\/elpuucnoticias.com\/?p=4881#breadcrumb","itemListElement":[{"@type":"ListItem","position":1,"name":"Portada","item":"https:\/\/elpuucnoticias.com\/"},{"@type":"ListItem","position":2,"name":"Menor termina grave en el hospital tras agresi\u00f3n vand\u00e1lica en pleno Centro de Akil. Denuncian falta de preparaci\u00f3n de la Polic\u00eda Municipal"}]},{"@type":"Person","@id":"https:\/\/elpuucnoticias.com\/#\/schema\/person\/d2ea09e4c97f0160b11cdfb1d856bd9e","name":"elpuucnoticias","image":{"@type":"ImageObject","@id":"https:\/\/elpuucnoticias.com\/#personlogo","inLanguage":"es","url":"https:\/\/secure.gravatar.com\/avatar\/5290a43657c74ffa15701dbe5b846bd85cc71930d803c84e91046a7333de6ce2?s=96&d=mm&r=g","contentUrl":"https:\/\/secure.gravatar.com\/avatar\/5290a43657c74ffa15701dbe5b846bd85cc71930d803c84e91046a7333de6ce2?s=96&d=mm&r=g","caption":"elpuucnoticias"},"sameAs":["https:\/\/elpuucnoticias.com"],"url":"https:\/\/elpuucnoticias.com\/?author=1"}]}},"_links":{"self":[{"href":"https:\/\/elpuucnoticias.com\/index.php?rest_route=\/wp\/v2\/posts\/4881","targetHints":{"allow":["GET"]}}],"collection":[{"href":"https:\/\/elpuucnoticias.com\/index.php?rest_route=\/wp\/v2\/posts"}],"about":[{"href":"https:\/\/elpuucnoticias.com\/index.php?rest_route=\/wp\/v2\/types\/post"}],"author":[{"embeddable":true,"href":"https:\/\/elpuucnoticias.com\/index.php?rest_route=\/wp\/v2\/users\/1"}],"replies":[{"embeddable":true,"href":"https:\/\/elpuucnoticias.com\/index.php?rest_route=%2Fwp%2Fv2%2Fcomments&post=4881"}],"version-history":[{"count":1,"href":"https:\/\/elpuucnoticias.com\/index.php?rest_route=\/wp\/v2\/posts\/4881\/revisions"}],"predecessor-version":[{"id":4887,"href":"https:\/\/elpuucnoticias.com\/index.php?rest_route=\/wp\/v2\/posts\/4881\/revisions\/4887"}],"wp:featuredmedia":[{"embeddable":true,"href":"https:\/\/elpuucnoticias.com\/index.php?rest_route=\/wp\/v2\/media\/4882"}],"wp:attachment":[{"href":"https:\/\/elpuucnoticias.com\/index.php?rest_route=%2Fwp%2Fv2%2Fmedia&parent=4881"}],"wp:term":[{"taxonomy":"category","embeddable":true,"href":"https:\/\/elpuucnoticias.com\/index.php?rest_route=%2Fwp%2Fv2%2Fcategories&post=4881"},{"taxonomy":"post_tag","embeddable":true,"href":"https:\/\/elpuucnoticias.com\/index.php?rest_route=%2Fwp%2Fv2%2Ftags&post=4881"}],"curies":[{"name":"wp","href":"https:\/\/api.w.org\/{rel}","templated":true}]}}