{"id":4972,"date":"2022-12-01T18:02:31","date_gmt":"2022-12-02T00:02:31","guid":{"rendered":"https:\/\/elpuucnoticias.com\/?p=4972"},"modified":"2022-12-01T18:02:33","modified_gmt":"2022-12-02T00:02:33","slug":"vuelca-camion-que-transportaba-fruta-en-la-carretera-kancab-kantemo-comisarias-de-tekax","status":"publish","type":"post","link":"https:\/\/elpuucnoticias.com\/?p=4972","title":{"rendered":"Vuelca cami\u00f3n que transportaba fruta en la carretera Kancab-Kantem\u00f3, comisar\u00edas de Tekax"},"content":{"rendered":"\n<p>En el kil\u00f3metro 10 de la carretera Kancab-Kantem\u00f3, esta tarde se report\u00f3 la volcadura de un cami\u00f3n cargado con papaya de conocido frutero de Tekax.<\/p>\n\n\n\n<figure class=\"wp-block-gallery has-nested-images columns-default is-cropped wp-block-gallery-1 is-layout-flex wp-block-gallery-is-layout-flex\">\n<figure class=\"wp-block-image size-large\"><img loading=\"lazy\" decoding=\"async\" width=\"1024\" height=\"616\" data-id=\"4975\" src=\"https:\/\/elpuucnoticias.com\/wp-content\/uploads\/2022\/12\/WhatsApp-Image-2022-12-01-at-5.44.39-PM-1-1024x616.jpeg\" alt=\"\" class=\"wp-image-4975\" srcset=\"https:\/\/elpuucnoticias.com\/wp-content\/uploads\/2022\/12\/WhatsApp-Image-2022-12-01-at-5.44.39-PM-1-1024x616.jpeg 1024w, https:\/\/elpuucnoticias.com\/wp-content\/uploads\/2022\/12\/WhatsApp-Image-2022-12-01-at-5.44.39-PM-1-300x180.jpeg 300w, https:\/\/elpuucnoticias.com\/wp-content\/uploads\/2022\/12\/WhatsApp-Image-2022-12-01-at-5.44.39-PM-1-768x462.jpeg 768w, https:\/\/elpuucnoticias.com\/wp-content\/uploads\/2022\/12\/WhatsApp-Image-2022-12-01-at-5.44.39-PM-1-1536x924.jpeg 1536w, https:\/\/elpuucnoticias.com\/wp-content\/uploads\/2022\/12\/WhatsApp-Image-2022-12-01-at-5.44.39-PM-1.jpeg 1600w\" sizes=\"auto, (max-width: 1024px) 100vw, 1024px\" \/><\/figure>\n\n\n\n<figure class=\"wp-block-image size-large\"><img loading=\"lazy\" decoding=\"async\" width=\"1024\" height=\"662\" data-id=\"4974\" src=\"https:\/\/elpuucnoticias.com\/wp-content\/uploads\/2022\/12\/WhatsApp-Image-2022-12-01-at-5.44.39-PM-1024x662.jpeg\" alt=\"\" class=\"wp-image-4974\" srcset=\"https:\/\/elpuucnoticias.com\/wp-content\/uploads\/2022\/12\/WhatsApp-Image-2022-12-01-at-5.44.39-PM-1024x662.jpeg 1024w, https:\/\/elpuucnoticias.com\/wp-content\/uploads\/2022\/12\/WhatsApp-Image-2022-12-01-at-5.44.39-PM-300x194.jpeg 300w, https:\/\/elpuucnoticias.com\/wp-content\/uploads\/2022\/12\/WhatsApp-Image-2022-12-01-at-5.44.39-PM-768x497.jpeg 768w, https:\/\/elpuucnoticias.com\/wp-content\/uploads\/2022\/12\/WhatsApp-Image-2022-12-01-at-5.44.39-PM-1536x994.jpeg 1536w, https:\/\/elpuucnoticias.com\/wp-content\/uploads\/2022\/12\/WhatsApp-Image-2022-12-01-at-5.44.39-PM.jpeg 1600w\" sizes=\"auto, (max-width: 1024px) 100vw, 1024px\" \/><\/figure>\n<\/figure>\n\n\n\n<p>El percance ocurri\u00f3 en una zona de curvas, a donde acudieron elementos de la Polic\u00eda Municipal de Tekax y de la Unidad Municipal de Protecci\u00f3n Civil, para dirigir el tr\u00e1nsito y auxiliar a los trabajadores quienes se llevaron un susto.<\/p>\n\n\n\n<figure class=\"wp-block-image size-large\"><img loading=\"lazy\" decoding=\"async\" width=\"1024\" height=\"176\" src=\"https:\/\/elpuucnoticias.com\/wp-content\/uploads\/2022\/11\/BANNER-NOVIEMBRE-22-1024x176.jpg\" alt=\"\" class=\"wp-image-4409\" srcset=\"https:\/\/elpuucnoticias.com\/wp-content\/uploads\/2022\/11\/BANNER-NOVIEMBRE-22-1024x176.jpg 1024w, https:\/\/elpuucnoticias.com\/wp-content\/uploads\/2022\/11\/BANNER-NOVIEMBRE-22-300x52.jpg 300w, https:\/\/elpuucnoticias.com\/wp-content\/uploads\/2022\/11\/BANNER-NOVIEMBRE-22-768x132.jpg 768w, https:\/\/elpuucnoticias.com\/wp-content\/uploads\/2022\/11\/BANNER-NOVIEMBRE-22-1536x264.jpg 1536w, https:\/\/elpuucnoticias.com\/wp-content\/uploads\/2022\/11\/BANNER-NOVIEMBRE-22.jpg 1600w\" sizes=\"auto, (max-width: 1024px) 100vw, 1024px\" \/><\/figure>\n\n\n\n<p>El cami\u00f3n con placas terminaci\u00f3n 3658 se recost\u00f3 en la orilla de la carretera reci\u00e9n pavimentada por la Secretar\u00eda de Infraestructura, Comunicaciones y Transportes (SICT) y tuvieron que solicitar el apoyo de una gr\u00faa para poder levantarlo.<\/p>\n\n\n\n<p>La parte del frente del cami\u00f3n present\u00f3 da\u00f1os, y afortunadamente quienes iban en el interior no sufrieron mayores lesiones. <\/p>\n\n\n\n<figure class=\"wp-block-image size-large\"><img loading=\"lazy\" decoding=\"async\" width=\"1024\" height=\"546\" src=\"https:\/\/elpuucnoticias.com\/wp-content\/uploads\/2022\/12\/WhatsApp-Image-2022-12-01-at-5.44.39-PM-2-1024x546.jpeg\" alt=\"\" class=\"wp-image-4976\" srcset=\"https:\/\/elpuucnoticias.com\/wp-content\/uploads\/2022\/12\/WhatsApp-Image-2022-12-01-at-5.44.39-PM-2-1024x546.jpeg 1024w, https:\/\/elpuucnoticias.com\/wp-content\/uploads\/2022\/12\/WhatsApp-Image-2022-12-01-at-5.44.39-PM-2-300x160.jpeg 300w, https:\/\/elpuucnoticias.com\/wp-content\/uploads\/2022\/12\/WhatsApp-Image-2022-12-01-at-5.44.39-PM-2-768x409.jpeg 768w, https:\/\/elpuucnoticias.com\/wp-content\/uploads\/2022\/12\/WhatsApp-Image-2022-12-01-at-5.44.39-PM-2-1536x819.jpeg 1536w, https:\/\/elpuucnoticias.com\/wp-content\/uploads\/2022\/12\/WhatsApp-Image-2022-12-01-at-5.44.39-PM-2.jpeg 1600w\" sizes=\"auto, (max-width: 1024px) 100vw, 1024px\" \/><\/figure>\n\n\n\n<p>Al lugar acudieron numerosos curiosos de las comisar\u00edas de Kantem\u00f3, Chacmult\u00fan y Kancab para ver lo ocurrido.\u2014 <em>El Puuc Noticias<\/em> <\/p>\n","protected":false},"excerpt":{"rendered":"<p>En el kil\u00f3metro 10 de la carretera Kancab-Kantem\u00f3, esta tarde se report\u00f3 la volcadura de un cami\u00f3n cargado<\/p>\n","protected":false},"author":1,"featured_media":4973,"comment_status":"closed","ping_status":"open","sticky":false,"template":"","format":"standard","meta":{"_monsterinsights_skip_tracking":false,"_monsterinsights_sitenote_active":false,"_monsterinsights_sitenote_note":"","_monsterinsights_sitenote_category":0,"footnotes":""},"categories":[11,3,4],"tags":[],"class_list":["post-4972","post","type-post","status-publish","format-standard","has-post-thumbnail","hentry","category-noticias","category-policiacas","category-tekax"],"yoast_head":"<!-- This site is optimized with the Yoast SEO plugin v18.3 - https:\/\/yoast.com\/wordpress\/plugins\/seo\/ -->\n<title>Vuelca cami\u00f3n que transportaba fruta en la carretera Kancab-Kantem\u00f3, comisar\u00edas de Tekax - El Puuc Noticias<\/title>\n<meta name=\"robots\" content=\"index, follow, max-snippet:-1, max-image-preview:large, max-video-preview:-1\" \/>\n<link rel=\"canonical\" href=\"https:\/\/elpuucnoticias.com\/?p=4972\" \/>\n<meta property=\"og:locale\" content=\"es_ES\" \/>\n<meta property=\"og:type\" content=\"article\" \/>\n<meta property=\"og:title\" content=\"Vuelca cami\u00f3n que transportaba fruta en la carretera Kancab-Kantem\u00f3, comisar\u00edas de Tekax - El Puuc Noticias\" \/>\n<meta property=\"og:description\" content=\"En el kil\u00f3metro 10 de la carretera Kancab-Kantem\u00f3, esta tarde se report\u00f3 la volcadura de un cami\u00f3n cargado\" \/>\n<meta property=\"og:url\" content=\"https:\/\/elpuucnoticias.com\/?p=4972\" \/>\n<meta property=\"og:site_name\" content=\"El Puuc Noticias\" \/>\n<meta property=\"article:published_time\" content=\"2022-12-02T00:02:31+00:00\" \/>\n<meta property=\"article:modified_time\" content=\"2022-12-02T00:02:33+00:00\" \/>\n<meta property=\"og:image\" content=\"https:\/\/elpuucnoticias.com\/wp-content\/uploads\/2022\/12\/IMG_6468.jpg\" \/>\n\t<meta property=\"og:image:width\" content=\"1920\" \/>\n\t<meta property=\"og:image:height\" content=\"1280\" \/>\n\t<meta property=\"og:image:type\" content=\"image\/jpeg\" \/>\n<meta name=\"twitter:card\" content=\"summary_large_image\" \/>\n<meta name=\"twitter:label1\" content=\"Escrito por\" \/>\n\t<meta name=\"twitter:data1\" content=\"elpuucnoticias\" \/>\n\t<meta name=\"twitter:label2\" content=\"Tiempo de lectura\" \/>\n\t<meta name=\"twitter:data2\" content=\"2 minutos\" \/>\n<script type=\"application\/ld+json\" class=\"yoast-schema-graph\">{\"@context\":\"https:\/\/schema.org\",\"@graph\":[{\"@type\":\"WebSite\",\"@id\":\"https:\/\/elpuucnoticias.com\/#website\",\"url\":\"https:\/\/elpuucnoticias.com\/\",\"name\":\"El Puuc Noticias\",\"description\":\"Noticias - Entretenimiento - Deportes\",\"potentialAction\":[{\"@type\":\"SearchAction\",\"target\":{\"@type\":\"EntryPoint\",\"urlTemplate\":\"https:\/\/elpuucnoticias.com\/?s={search_term_string}\"},\"query-input\":\"required name=search_term_string\"}],\"inLanguage\":\"es\"},{\"@type\":\"ImageObject\",\"@id\":\"https:\/\/elpuucnoticias.com\/?p=4972#primaryimage\",\"inLanguage\":\"es\",\"url\":\"https:\/\/elpuucnoticias.com\/wp-content\/uploads\/2022\/12\/IMG_6468.jpg\",\"contentUrl\":\"https:\/\/elpuucnoticias.com\/wp-content\/uploads\/2022\/12\/IMG_6468.jpg\",\"width\":1920,\"height\":1280},{\"@type\":\"WebPage\",\"@id\":\"https:\/\/elpuucnoticias.com\/?p=4972#webpage\",\"url\":\"https:\/\/elpuucnoticias.com\/?p=4972\",\"name\":\"Vuelca cami\u00f3n que transportaba fruta en la carretera Kancab-Kantem\u00f3, comisar\u00edas de Tekax - El Puuc Noticias\",\"isPartOf\":{\"@id\":\"https:\/\/elpuucnoticias.com\/#website\"},\"primaryImageOfPage\":{\"@id\":\"https:\/\/elpuucnoticias.com\/?p=4972#primaryimage\"},\"datePublished\":\"2022-12-02T00:02:31+00:00\",\"dateModified\":\"2022-12-02T00:02:33+00:00\",\"author\":{\"@id\":\"https:\/\/elpuucnoticias.com\/#\/schema\/person\/d2ea09e4c97f0160b11cdfb1d856bd9e\"},\"breadcrumb\":{\"@id\":\"https:\/\/elpuucnoticias.com\/?p=4972#breadcrumb\"},\"inLanguage\":\"es\",\"potentialAction\":[{\"@type\":\"ReadAction\",\"target\":[\"https:\/\/elpuucnoticias.com\/?p=4972\"]}]},{\"@type\":\"BreadcrumbList\",\"@id\":\"https:\/\/elpuucnoticias.com\/?p=4972#breadcrumb\",\"itemListElement\":[{\"@type\":\"ListItem\",\"position\":1,\"name\":\"Portada\",\"item\":\"https:\/\/elpuucnoticias.com\/\"},{\"@type\":\"ListItem\",\"position\":2,\"name\":\"Vuelca cami\u00f3n que transportaba fruta en la carretera Kancab-Kantem\u00f3, comisar\u00edas de Tekax\"}]},{\"@type\":\"Person\",\"@id\":\"https:\/\/elpuucnoticias.com\/#\/schema\/person\/d2ea09e4c97f0160b11cdfb1d856bd9e\",\"name\":\"elpuucnoticias\",\"image\":{\"@type\":\"ImageObject\",\"@id\":\"https:\/\/elpuucnoticias.com\/#personlogo\",\"inLanguage\":\"es\",\"url\":\"https:\/\/secure.gravatar.com\/avatar\/5290a43657c74ffa15701dbe5b846bd85cc71930d803c84e91046a7333de6ce2?s=96&d=mm&r=g\",\"contentUrl\":\"https:\/\/secure.gravatar.com\/avatar\/5290a43657c74ffa15701dbe5b846bd85cc71930d803c84e91046a7333de6ce2?s=96&d=mm&r=g\",\"caption\":\"elpuucnoticias\"},\"sameAs\":[\"https:\/\/elpuucnoticias.com\"],\"url\":\"https:\/\/elpuucnoticias.com\/?author=1\"}]}<\/script>\n<!-- \/ Yoast SEO plugin. -->","yoast_head_json":{"title":"Vuelca cami\u00f3n que transportaba fruta en la carretera Kancab-Kantem\u00f3, comisar\u00edas de Tekax - El Puuc Noticias","robots":{"index":"index","follow":"follow","max-snippet":"max-snippet:-1","max-image-preview":"max-image-preview:large","max-video-preview":"max-video-preview:-1"},"canonical":"https:\/\/elpuucnoticias.com\/?p=4972","og_locale":"es_ES","og_type":"article","og_title":"Vuelca cami\u00f3n que transportaba fruta en la carretera Kancab-Kantem\u00f3, comisar\u00edas de Tekax - El Puuc Noticias","og_description":"En el kil\u00f3metro 10 de la carretera Kancab-Kantem\u00f3, esta tarde se report\u00f3 la volcadura de un cami\u00f3n cargado","og_url":"https:\/\/elpuucnoticias.com\/?p=4972","og_site_name":"El Puuc Noticias","article_published_time":"2022-12-02T00:02:31+00:00","article_modified_time":"2022-12-02T00:02:33+00:00","og_image":[{"width":1920,"height":1280,"url":"https:\/\/elpuucnoticias.com\/wp-content\/uploads\/2022\/12\/IMG_6468.jpg","type":"image\/jpeg"}],"twitter_card":"summary_large_image","twitter_misc":{"Escrito por":"elpuucnoticias","Tiempo de lectura":"2 minutos"},"schema":{"@context":"https:\/\/schema.org","@graph":[{"@type":"WebSite","@id":"https:\/\/elpuucnoticias.com\/#website","url":"https:\/\/elpuucnoticias.com\/","name":"El Puuc Noticias","description":"Noticias - Entretenimiento - Deportes","potentialAction":[{"@type":"SearchAction","target":{"@type":"EntryPoint","urlTemplate":"https:\/\/elpuucnoticias.com\/?s={search_term_string}"},"query-input":"required name=search_term_string"}],"inLanguage":"es"},{"@type":"ImageObject","@id":"https:\/\/elpuucnoticias.com\/?p=4972#primaryimage","inLanguage":"es","url":"https:\/\/elpuucnoticias.com\/wp-content\/uploads\/2022\/12\/IMG_6468.jpg","contentUrl":"https:\/\/elpuucnoticias.com\/wp-content\/uploads\/2022\/12\/IMG_6468.jpg","width":1920,"height":1280},{"@type":"WebPage","@id":"https:\/\/elpuucnoticias.com\/?p=4972#webpage","url":"https:\/\/elpuucnoticias.com\/?p=4972","name":"Vuelca cami\u00f3n que transportaba fruta en la carretera Kancab-Kantem\u00f3, comisar\u00edas de Tekax - El Puuc Noticias","isPartOf":{"@id":"https:\/\/elpuucnoticias.com\/#website"},"primaryImageOfPage":{"@id":"https:\/\/elpuucnoticias.com\/?p=4972#primaryimage"},"datePublished":"2022-12-02T00:02:31+00:00","dateModified":"2022-12-02T00:02:33+00:00","author":{"@id":"https:\/\/elpuucnoticias.com\/#\/schema\/person\/d2ea09e4c97f0160b11cdfb1d856bd9e"},"breadcrumb":{"@id":"https:\/\/elpuucnoticias.com\/?p=4972#breadcrumb"},"inLanguage":"es","potentialAction":[{"@type":"ReadAction","target":["https:\/\/elpuucnoticias.com\/?p=4972"]}]},{"@type":"BreadcrumbList","@id":"https:\/\/elpuucnoticias.com\/?p=4972#breadcrumb","itemListElement":[{"@type":"ListItem","position":1,"name":"Portada","item":"https:\/\/elpuucnoticias.com\/"},{"@type":"ListItem","position":2,"name":"Vuelca cami\u00f3n que transportaba fruta en la carretera Kancab-Kantem\u00f3, comisar\u00edas de Tekax"}]},{"@type":"Person","@id":"https:\/\/elpuucnoticias.com\/#\/schema\/person\/d2ea09e4c97f0160b11cdfb1d856bd9e","name":"elpuucnoticias","image":{"@type":"ImageObject","@id":"https:\/\/elpuucnoticias.com\/#personlogo","inLanguage":"es","url":"https:\/\/secure.gravatar.com\/avatar\/5290a43657c74ffa15701dbe5b846bd85cc71930d803c84e91046a7333de6ce2?s=96&d=mm&r=g","contentUrl":"https:\/\/secure.gravatar.com\/avatar\/5290a43657c74ffa15701dbe5b846bd85cc71930d803c84e91046a7333de6ce2?s=96&d=mm&r=g","caption":"elpuucnoticias"},"sameAs":["https:\/\/elpuucnoticias.com"],"url":"https:\/\/elpuucnoticias.com\/?author=1"}]}},"_links":{"self":[{"href":"https:\/\/elpuucnoticias.com\/index.php?rest_route=\/wp\/v2\/posts\/4972","targetHints":{"allow":["GET"]}}],"collection":[{"href":"https:\/\/elpuucnoticias.com\/index.php?rest_route=\/wp\/v2\/posts"}],"about":[{"href":"https:\/\/elpuucnoticias.com\/index.php?rest_route=\/wp\/v2\/types\/post"}],"author":[{"embeddable":true,"href":"https:\/\/elpuucnoticias.com\/index.php?rest_route=\/wp\/v2\/users\/1"}],"replies":[{"embeddable":true,"href":"https:\/\/elpuucnoticias.com\/index.php?rest_route=%2Fwp%2Fv2%2Fcomments&post=4972"}],"version-history":[{"count":1,"href":"https:\/\/elpuucnoticias.com\/index.php?rest_route=\/wp\/v2\/posts\/4972\/revisions"}],"predecessor-version":[{"id":4977,"href":"https:\/\/elpuucnoticias.com\/index.php?rest_route=\/wp\/v2\/posts\/4972\/revisions\/4977"}],"wp:featuredmedia":[{"embeddable":true,"href":"https:\/\/elpuucnoticias.com\/index.php?rest_route=\/wp\/v2\/media\/4973"}],"wp:attachment":[{"href":"https:\/\/elpuucnoticias.com\/index.php?rest_route=%2Fwp%2Fv2%2Fmedia&parent=4972"}],"wp:term":[{"taxonomy":"category","embeddable":true,"href":"https:\/\/elpuucnoticias.com\/index.php?rest_route=%2Fwp%2Fv2%2Fcategories&post=4972"},{"taxonomy":"post_tag","embeddable":true,"href":"https:\/\/elpuucnoticias.com\/index.php?rest_route=%2Fwp%2Fv2%2Ftags&post=4972"}],"curies":[{"name":"wp","href":"https:\/\/api.w.org\/{rel}","templated":true}]}}