{"id":502,"date":"2022-03-22T21:32:03","date_gmt":"2022-03-23T03:32:03","guid":{"rendered":"https:\/\/elpuucnoticias.com\/?p=502"},"modified":"2022-03-22T21:32:05","modified_gmt":"2022-03-23T03:32:05","slug":"oxkutzcab-conmemora-el-dia-mundial-del-agua-con-un-desfile-por-las-calles-del-centro","status":"publish","type":"post","link":"https:\/\/elpuucnoticias.com\/?p=502","title":{"rendered":"Oxkutzcab conmemora el D\u00eda Mundial del Agua con un desfile por las calles del Centro"},"content":{"rendered":"\n<p>A trav\u00e9s de sus redes sociales, el alcalde de Oxkutzcab, Juan Jos\u00e9 Mart\u00edn Fragoso, dio a conocer las actividades que se realizaron este d\u00eda con motivo del D\u00eda Mundial del Agua.<\/p>\n\n\n\n<p>El primer edil de La Huerta del Estado escribi\u00f3 lo siguiente: \u00abPara concientizar sobre el cuidado y preservaci\u00f3n del agua, la escuela primaria Andr\u00e9s Espinosa Colonia y vecinos, organizaron un desfile con carteles informativos alusivos al d\u00eda mundial del agua, posteriormente se tuvo una pl\u00e1tica tambi\u00e9n para concientizar sobre los cuidados del vital l\u00edquido\u00bb.<\/p>\n\n\n\n<figure class=\"wp-block-image size-large\"><img loading=\"lazy\" decoding=\"async\" width=\"1024\" height=\"819\" src=\"https:\/\/elpuucnoticias.com\/wp-content\/uploads\/2022\/03\/agua-ox-1024x819.jpg\" alt=\"\" class=\"wp-image-504\" srcset=\"https:\/\/elpuucnoticias.com\/wp-content\/uploads\/2022\/03\/agua-ox-1024x819.jpg 1024w, https:\/\/elpuucnoticias.com\/wp-content\/uploads\/2022\/03\/agua-ox-300x240.jpg 300w, https:\/\/elpuucnoticias.com\/wp-content\/uploads\/2022\/03\/agua-ox-768x614.jpg 768w, https:\/\/elpuucnoticias.com\/wp-content\/uploads\/2022\/03\/agua-ox.jpg 1280w\" sizes=\"auto, (max-width: 1024px) 100vw, 1024px\" \/><\/figure>\n\n\n\n<p>En el evento participaron, la s\u00edndica del Ayuntamiento, J\u00e9ssica V\u00e1zquez P\u00e9rez; los regidores, \u00c1ngel Sosa Chan, Margarita del Rosario Murillo Peralta, adem\u00e1s de otros funcionarios y representantes de la Jurisdicci\u00f3n Sanitaria No. 3 de Ticul.<\/p>\n\n\n\n<figure class=\"wp-block-image size-large\"><img loading=\"lazy\" decoding=\"async\" width=\"1024\" height=\"818\" src=\"https:\/\/elpuucnoticias.com\/wp-content\/uploads\/2022\/03\/agua-ox-2-1024x818.jpg\" alt=\"\" class=\"wp-image-505\" srcset=\"https:\/\/elpuucnoticias.com\/wp-content\/uploads\/2022\/03\/agua-ox-2-1024x818.jpg 1024w, https:\/\/elpuucnoticias.com\/wp-content\/uploads\/2022\/03\/agua-ox-2-300x240.jpg 300w, https:\/\/elpuucnoticias.com\/wp-content\/uploads\/2022\/03\/agua-ox-2-768x614.jpg 768w, https:\/\/elpuucnoticias.com\/wp-content\/uploads\/2022\/03\/agua-ox-2.jpg 1280w\" sizes=\"auto, (max-width: 1024px) 100vw, 1024px\" \/><\/figure>\n\n\n\n<p>Se compartieron im\u00e1genes del desfile en el que los participantes llevaban carteles con mensajes alusivos a este d\u00eda, principalmente para generar conciencia en la poblaci\u00f3n sobre la importancia del cuidado del agua.\u2014 <em>El Puuc Noticias <\/em><\/p>\n","protected":false},"excerpt":{"rendered":"<p>A trav\u00e9s de sus redes sociales, el alcalde de Oxkutzcab, Juan Jos\u00e9 Mart\u00edn Fragoso, dio a conocer las<\/p>\n","protected":false},"author":1,"featured_media":503,"comment_status":"closed","ping_status":"open","sticky":false,"template":"","format":"standard","meta":{"_monsterinsights_skip_tracking":false,"_monsterinsights_sitenote_active":false,"_monsterinsights_sitenote_note":"","_monsterinsights_sitenote_category":0,"footnotes":""},"categories":[11,14],"tags":[],"class_list":["post-502","post","type-post","status-publish","format-standard","has-post-thumbnail","hentry","category-noticias","category-oxkutzcab"],"yoast_head":"<!-- This site is optimized with the Yoast SEO plugin v18.3 - https:\/\/yoast.com\/wordpress\/plugins\/seo\/ -->\n<title>Oxkutzcab conmemora el D\u00eda Mundial del Agua con un desfile por las calles del Centro - El Puuc Noticias<\/title>\n<meta name=\"robots\" content=\"index, follow, max-snippet:-1, max-image-preview:large, max-video-preview:-1\" \/>\n<link rel=\"canonical\" href=\"https:\/\/elpuucnoticias.com\/?p=502\" \/>\n<meta property=\"og:locale\" content=\"es_ES\" \/>\n<meta property=\"og:type\" content=\"article\" \/>\n<meta property=\"og:title\" content=\"Oxkutzcab conmemora el D\u00eda Mundial del Agua con un desfile por las calles del Centro - El Puuc Noticias\" \/>\n<meta property=\"og:description\" content=\"A trav\u00e9s de sus redes sociales, el alcalde de Oxkutzcab, Juan Jos\u00e9 Mart\u00edn Fragoso, dio a conocer las\" \/>\n<meta property=\"og:url\" content=\"https:\/\/elpuucnoticias.com\/?p=502\" \/>\n<meta property=\"og:site_name\" content=\"El Puuc Noticias\" \/>\n<meta property=\"article:published_time\" content=\"2022-03-23T03:32:03+00:00\" \/>\n<meta property=\"article:modified_time\" content=\"2022-03-23T03:32:05+00:00\" \/>\n<meta property=\"og:image\" content=\"https:\/\/elpuucnoticias.com\/wp-content\/uploads\/2022\/03\/agua-ox-1.jpg\" \/>\n\t<meta property=\"og:image:width\" content=\"1280\" \/>\n\t<meta property=\"og:image:height\" content=\"1024\" \/>\n\t<meta property=\"og:image:type\" content=\"image\/jpeg\" \/>\n<meta name=\"twitter:card\" content=\"summary_large_image\" \/>\n<meta name=\"twitter:label1\" content=\"Escrito por\" \/>\n\t<meta name=\"twitter:data1\" content=\"elpuucnoticias\" \/>\n\t<meta name=\"twitter:label2\" content=\"Tiempo de lectura\" \/>\n\t<meta name=\"twitter:data2\" content=\"2 minutos\" \/>\n<script type=\"application\/ld+json\" class=\"yoast-schema-graph\">{\"@context\":\"https:\/\/schema.org\",\"@graph\":[{\"@type\":\"WebSite\",\"@id\":\"https:\/\/elpuucnoticias.com\/#website\",\"url\":\"https:\/\/elpuucnoticias.com\/\",\"name\":\"El Puuc Noticias\",\"description\":\"Noticias - Entretenimiento - Deportes\",\"potentialAction\":[{\"@type\":\"SearchAction\",\"target\":{\"@type\":\"EntryPoint\",\"urlTemplate\":\"https:\/\/elpuucnoticias.com\/?s={search_term_string}\"},\"query-input\":\"required name=search_term_string\"}],\"inLanguage\":\"es\"},{\"@type\":\"ImageObject\",\"@id\":\"https:\/\/elpuucnoticias.com\/?p=502#primaryimage\",\"inLanguage\":\"es\",\"url\":\"https:\/\/elpuucnoticias.com\/wp-content\/uploads\/2022\/03\/agua-ox-1.jpg\",\"contentUrl\":\"https:\/\/elpuucnoticias.com\/wp-content\/uploads\/2022\/03\/agua-ox-1.jpg\",\"width\":1280,\"height\":1024},{\"@type\":\"WebPage\",\"@id\":\"https:\/\/elpuucnoticias.com\/?p=502#webpage\",\"url\":\"https:\/\/elpuucnoticias.com\/?p=502\",\"name\":\"Oxkutzcab conmemora el D\u00eda Mundial del Agua con un desfile por las calles del Centro - El Puuc Noticias\",\"isPartOf\":{\"@id\":\"https:\/\/elpuucnoticias.com\/#website\"},\"primaryImageOfPage\":{\"@id\":\"https:\/\/elpuucnoticias.com\/?p=502#primaryimage\"},\"datePublished\":\"2022-03-23T03:32:03+00:00\",\"dateModified\":\"2022-03-23T03:32:05+00:00\",\"author\":{\"@id\":\"https:\/\/elpuucnoticias.com\/#\/schema\/person\/d2ea09e4c97f0160b11cdfb1d856bd9e\"},\"breadcrumb\":{\"@id\":\"https:\/\/elpuucnoticias.com\/?p=502#breadcrumb\"},\"inLanguage\":\"es\",\"potentialAction\":[{\"@type\":\"ReadAction\",\"target\":[\"https:\/\/elpuucnoticias.com\/?p=502\"]}]},{\"@type\":\"BreadcrumbList\",\"@id\":\"https:\/\/elpuucnoticias.com\/?p=502#breadcrumb\",\"itemListElement\":[{\"@type\":\"ListItem\",\"position\":1,\"name\":\"Portada\",\"item\":\"https:\/\/elpuucnoticias.com\/\"},{\"@type\":\"ListItem\",\"position\":2,\"name\":\"Oxkutzcab conmemora el D\u00eda Mundial del Agua con un desfile por las calles del Centro\"}]},{\"@type\":\"Person\",\"@id\":\"https:\/\/elpuucnoticias.com\/#\/schema\/person\/d2ea09e4c97f0160b11cdfb1d856bd9e\",\"name\":\"elpuucnoticias\",\"image\":{\"@type\":\"ImageObject\",\"@id\":\"https:\/\/elpuucnoticias.com\/#personlogo\",\"inLanguage\":\"es\",\"url\":\"https:\/\/secure.gravatar.com\/avatar\/5290a43657c74ffa15701dbe5b846bd85cc71930d803c84e91046a7333de6ce2?s=96&d=mm&r=g\",\"contentUrl\":\"https:\/\/secure.gravatar.com\/avatar\/5290a43657c74ffa15701dbe5b846bd85cc71930d803c84e91046a7333de6ce2?s=96&d=mm&r=g\",\"caption\":\"elpuucnoticias\"},\"sameAs\":[\"https:\/\/elpuucnoticias.com\"],\"url\":\"https:\/\/elpuucnoticias.com\/?author=1\"}]}<\/script>\n<!-- \/ Yoast SEO plugin. -->","yoast_head_json":{"title":"Oxkutzcab conmemora el D\u00eda Mundial del Agua con un desfile por las calles del Centro - El Puuc Noticias","robots":{"index":"index","follow":"follow","max-snippet":"max-snippet:-1","max-image-preview":"max-image-preview:large","max-video-preview":"max-video-preview:-1"},"canonical":"https:\/\/elpuucnoticias.com\/?p=502","og_locale":"es_ES","og_type":"article","og_title":"Oxkutzcab conmemora el D\u00eda Mundial del Agua con un desfile por las calles del Centro - El Puuc Noticias","og_description":"A trav\u00e9s de sus redes sociales, el alcalde de Oxkutzcab, Juan Jos\u00e9 Mart\u00edn Fragoso, dio a conocer las","og_url":"https:\/\/elpuucnoticias.com\/?p=502","og_site_name":"El Puuc Noticias","article_published_time":"2022-03-23T03:32:03+00:00","article_modified_time":"2022-03-23T03:32:05+00:00","og_image":[{"width":1280,"height":1024,"url":"https:\/\/elpuucnoticias.com\/wp-content\/uploads\/2022\/03\/agua-ox-1.jpg","type":"image\/jpeg"}],"twitter_card":"summary_large_image","twitter_misc":{"Escrito por":"elpuucnoticias","Tiempo de lectura":"2 minutos"},"schema":{"@context":"https:\/\/schema.org","@graph":[{"@type":"WebSite","@id":"https:\/\/elpuucnoticias.com\/#website","url":"https:\/\/elpuucnoticias.com\/","name":"El Puuc Noticias","description":"Noticias - Entretenimiento - Deportes","potentialAction":[{"@type":"SearchAction","target":{"@type":"EntryPoint","urlTemplate":"https:\/\/elpuucnoticias.com\/?s={search_term_string}"},"query-input":"required name=search_term_string"}],"inLanguage":"es"},{"@type":"ImageObject","@id":"https:\/\/elpuucnoticias.com\/?p=502#primaryimage","inLanguage":"es","url":"https:\/\/elpuucnoticias.com\/wp-content\/uploads\/2022\/03\/agua-ox-1.jpg","contentUrl":"https:\/\/elpuucnoticias.com\/wp-content\/uploads\/2022\/03\/agua-ox-1.jpg","width":1280,"height":1024},{"@type":"WebPage","@id":"https:\/\/elpuucnoticias.com\/?p=502#webpage","url":"https:\/\/elpuucnoticias.com\/?p=502","name":"Oxkutzcab conmemora el D\u00eda Mundial del Agua con un desfile por las calles del Centro - El Puuc Noticias","isPartOf":{"@id":"https:\/\/elpuucnoticias.com\/#website"},"primaryImageOfPage":{"@id":"https:\/\/elpuucnoticias.com\/?p=502#primaryimage"},"datePublished":"2022-03-23T03:32:03+00:00","dateModified":"2022-03-23T03:32:05+00:00","author":{"@id":"https:\/\/elpuucnoticias.com\/#\/schema\/person\/d2ea09e4c97f0160b11cdfb1d856bd9e"},"breadcrumb":{"@id":"https:\/\/elpuucnoticias.com\/?p=502#breadcrumb"},"inLanguage":"es","potentialAction":[{"@type":"ReadAction","target":["https:\/\/elpuucnoticias.com\/?p=502"]}]},{"@type":"BreadcrumbList","@id":"https:\/\/elpuucnoticias.com\/?p=502#breadcrumb","itemListElement":[{"@type":"ListItem","position":1,"name":"Portada","item":"https:\/\/elpuucnoticias.com\/"},{"@type":"ListItem","position":2,"name":"Oxkutzcab conmemora el D\u00eda Mundial del Agua con un desfile por las calles del Centro"}]},{"@type":"Person","@id":"https:\/\/elpuucnoticias.com\/#\/schema\/person\/d2ea09e4c97f0160b11cdfb1d856bd9e","name":"elpuucnoticias","image":{"@type":"ImageObject","@id":"https:\/\/elpuucnoticias.com\/#personlogo","inLanguage":"es","url":"https:\/\/secure.gravatar.com\/avatar\/5290a43657c74ffa15701dbe5b846bd85cc71930d803c84e91046a7333de6ce2?s=96&d=mm&r=g","contentUrl":"https:\/\/secure.gravatar.com\/avatar\/5290a43657c74ffa15701dbe5b846bd85cc71930d803c84e91046a7333de6ce2?s=96&d=mm&r=g","caption":"elpuucnoticias"},"sameAs":["https:\/\/elpuucnoticias.com"],"url":"https:\/\/elpuucnoticias.com\/?author=1"}]}},"_links":{"self":[{"href":"https:\/\/elpuucnoticias.com\/index.php?rest_route=\/wp\/v2\/posts\/502","targetHints":{"allow":["GET"]}}],"collection":[{"href":"https:\/\/elpuucnoticias.com\/index.php?rest_route=\/wp\/v2\/posts"}],"about":[{"href":"https:\/\/elpuucnoticias.com\/index.php?rest_route=\/wp\/v2\/types\/post"}],"author":[{"embeddable":true,"href":"https:\/\/elpuucnoticias.com\/index.php?rest_route=\/wp\/v2\/users\/1"}],"replies":[{"embeddable":true,"href":"https:\/\/elpuucnoticias.com\/index.php?rest_route=%2Fwp%2Fv2%2Fcomments&post=502"}],"version-history":[{"count":1,"href":"https:\/\/elpuucnoticias.com\/index.php?rest_route=\/wp\/v2\/posts\/502\/revisions"}],"predecessor-version":[{"id":506,"href":"https:\/\/elpuucnoticias.com\/index.php?rest_route=\/wp\/v2\/posts\/502\/revisions\/506"}],"wp:featuredmedia":[{"embeddable":true,"href":"https:\/\/elpuucnoticias.com\/index.php?rest_route=\/wp\/v2\/media\/503"}],"wp:attachment":[{"href":"https:\/\/elpuucnoticias.com\/index.php?rest_route=%2Fwp%2Fv2%2Fmedia&parent=502"}],"wp:term":[{"taxonomy":"category","embeddable":true,"href":"https:\/\/elpuucnoticias.com\/index.php?rest_route=%2Fwp%2Fv2%2Fcategories&post=502"},{"taxonomy":"post_tag","embeddable":true,"href":"https:\/\/elpuucnoticias.com\/index.php?rest_route=%2Fwp%2Fv2%2Ftags&post=502"}],"curies":[{"name":"wp","href":"https:\/\/api.w.org\/{rel}","templated":true}]}}