{"id":5033,"date":"2022-12-05T13:30:33","date_gmt":"2022-12-05T19:30:33","guid":{"rendered":"https:\/\/elpuucnoticias.com\/?p=5033"},"modified":"2022-12-05T13:30:35","modified_gmt":"2022-12-05T19:30:35","slug":"la-navidad-llega-a-ticul-con-un-arbol-con-luces-de-ultima-generacion-anuncian-la-realizacion-de-diversos-espectaculos-navidenos","status":"publish","type":"post","link":"https:\/\/elpuucnoticias.com\/?p=5033","title":{"rendered":"La Navidad llega a Ticul con un \u00e1rbol con luces de \u00faltima generaci\u00f3n. Anuncian la realizaci\u00f3n de diversos espect\u00e1culos navide\u00f1os"},"content":{"rendered":"\n<p>La temporada navide\u00f1a comenz\u00f3 en La Perla del Sur a partir de esta semana, con varias actividades y eventos gratuitos, como lo fue la ceremonia de encendido del \u00e1rbol en el Centro de la ciudad.<\/p>\n\n\n\n<figure class=\"wp-block-gallery has-nested-images columns-default is-cropped wp-block-gallery-1 is-layout-flex wp-block-gallery-is-layout-flex\">\n<figure class=\"wp-block-image size-large\"><img loading=\"lazy\" decoding=\"async\" width=\"1024\" height=\"682\" data-id=\"5036\" src=\"https:\/\/elpuucnoticias.com\/wp-content\/uploads\/2022\/12\/WhatsApp-Image-2022-12-05-at-11.33.11-AM-2-1024x682.jpeg\" alt=\"\" class=\"wp-image-5036\" srcset=\"https:\/\/elpuucnoticias.com\/wp-content\/uploads\/2022\/12\/WhatsApp-Image-2022-12-05-at-11.33.11-AM-2-1024x682.jpeg 1024w, https:\/\/elpuucnoticias.com\/wp-content\/uploads\/2022\/12\/WhatsApp-Image-2022-12-05-at-11.33.11-AM-2-300x200.jpeg 300w, https:\/\/elpuucnoticias.com\/wp-content\/uploads\/2022\/12\/WhatsApp-Image-2022-12-05-at-11.33.11-AM-2-768x512.jpeg 768w, https:\/\/elpuucnoticias.com\/wp-content\/uploads\/2022\/12\/WhatsApp-Image-2022-12-05-at-11.33.11-AM-2.jpeg 1280w\" sizes=\"auto, (max-width: 1024px) 100vw, 1024px\" \/><\/figure>\n\n\n\n<figure class=\"wp-block-image size-large\"><img loading=\"lazy\" decoding=\"async\" width=\"1024\" height=\"657\" data-id=\"5035\" src=\"https:\/\/elpuucnoticias.com\/wp-content\/uploads\/2022\/12\/WhatsApp-Image-2022-12-05-at-11.33.11-AM-1024x657.jpeg\" alt=\"\" class=\"wp-image-5035\" srcset=\"https:\/\/elpuucnoticias.com\/wp-content\/uploads\/2022\/12\/WhatsApp-Image-2022-12-05-at-11.33.11-AM-1024x657.jpeg 1024w, https:\/\/elpuucnoticias.com\/wp-content\/uploads\/2022\/12\/WhatsApp-Image-2022-12-05-at-11.33.11-AM-300x192.jpeg 300w, https:\/\/elpuucnoticias.com\/wp-content\/uploads\/2022\/12\/WhatsApp-Image-2022-12-05-at-11.33.11-AM-768x493.jpeg 768w, https:\/\/elpuucnoticias.com\/wp-content\/uploads\/2022\/12\/WhatsApp-Image-2022-12-05-at-11.33.11-AM.jpeg 1280w\" sizes=\"auto, (max-width: 1024px) 100vw, 1024px\" \/><\/figure>\n\n\n\n<figure class=\"wp-block-image size-large\"><img loading=\"lazy\" decoding=\"async\" width=\"1024\" height=\"933\" data-id=\"5037\" src=\"https:\/\/elpuucnoticias.com\/wp-content\/uploads\/2022\/12\/WhatsApp-Image-2022-12-05-at-11.33.10-AM-2-1024x933.jpeg\" alt=\"\" class=\"wp-image-5037\" srcset=\"https:\/\/elpuucnoticias.com\/wp-content\/uploads\/2022\/12\/WhatsApp-Image-2022-12-05-at-11.33.10-AM-2-1024x933.jpeg 1024w, https:\/\/elpuucnoticias.com\/wp-content\/uploads\/2022\/12\/WhatsApp-Image-2022-12-05-at-11.33.10-AM-2-300x273.jpeg 300w, https:\/\/elpuucnoticias.com\/wp-content\/uploads\/2022\/12\/WhatsApp-Image-2022-12-05-at-11.33.10-AM-2-768x699.jpeg 768w, https:\/\/elpuucnoticias.com\/wp-content\/uploads\/2022\/12\/WhatsApp-Image-2022-12-05-at-11.33.10-AM-2.jpeg 1165w\" sizes=\"auto, (max-width: 1024px) 100vw, 1024px\" \/><\/figure>\n<\/figure>\n\n\n\n<p>La noche de este domingo se realiz\u00f3 el encendido del \u00e1rbol de Navidad, a cargo del alcalde Rafael Montalvo Mata quien estuvo acompa\u00f1ado por el cabildo del Ayuntamiento 2021-2024, este \u00e1rbol instalado en la explanada de la Concha Ac\u00fastica es \u00fanico en su clase en todo el pa\u00eds.<\/p>\n\n\n\n<p>Es un \u00e1rbol inteligente capaz de realizar m\u00e1s de 10,000 figuras alusivas a la temporada y est\u00e1 hecho con una pantalla de led en forma de pino que inclusive puede plasmar videos.<\/p>\n\n\n\n<p>El evento del encendido estuvo acompa\u00f1ado por la participaci\u00f3n de la escuela de baile \u201cYudanz\u201d y la presentaci\u00f3n de un \u201cShow Navide\u00f1o\u201d por parte del Taller Municipal de Teatro del Ayuntamiento de Ticul, dirigido por Michael Rojas.<\/p>\n\n\n\n<figure class=\"wp-block-image size-large\"><img loading=\"lazy\" decoding=\"async\" width=\"1024\" height=\"176\" src=\"https:\/\/elpuucnoticias.com\/wp-content\/uploads\/2022\/11\/BANNER-NOVIEMBRE-22-1024x176.jpg\" alt=\"\" class=\"wp-image-4409\" srcset=\"https:\/\/elpuucnoticias.com\/wp-content\/uploads\/2022\/11\/BANNER-NOVIEMBRE-22-1024x176.jpg 1024w, https:\/\/elpuucnoticias.com\/wp-content\/uploads\/2022\/11\/BANNER-NOVIEMBRE-22-300x52.jpg 300w, https:\/\/elpuucnoticias.com\/wp-content\/uploads\/2022\/11\/BANNER-NOVIEMBRE-22-768x132.jpg 768w, https:\/\/elpuucnoticias.com\/wp-content\/uploads\/2022\/11\/BANNER-NOVIEMBRE-22-1536x264.jpg 1536w, https:\/\/elpuucnoticias.com\/wp-content\/uploads\/2022\/11\/BANNER-NOVIEMBRE-22.jpg 1600w\" sizes=\"auto, (max-width: 1024px) 100vw, 1024px\" \/><\/figure>\n\n\n\n<p>El primer edil envi\u00f3 un mensaje a trav\u00e9s de sus redes sociales en el que recalc\u00f3; \u201cTicul es Navidad\u201d y deseamos que este a\u00f1o sea completamente diferente para cada rinc\u00f3n de nuestra ciudad y comisarias, queremos y deseamos que la ilusi\u00f3n, la esperanza y felicidad de estas fechas invada cada espacio p\u00fablico de nuestro municipio, y que las ticule\u00f1as y ticule\u00f1os tengan un buen sabor de boca durante estas fiestas decembrinas, por lo que el departamento de Cultura y Eventos Especiales del Ayuntamiento de Ticul se ha dado a la tarea de preparar diversas actividades para celebrar estas fechas con la ciudadan\u00eda.<\/p>\n\n\n\n<figure class=\"wp-block-gallery has-nested-images columns-default is-cropped wp-block-gallery-2 is-layout-flex wp-block-gallery-is-layout-flex\">\n<figure class=\"wp-block-image size-large\"><img loading=\"lazy\" decoding=\"async\" width=\"1024\" height=\"881\" data-id=\"5040\" src=\"https:\/\/elpuucnoticias.com\/wp-content\/uploads\/2022\/12\/WhatsApp-Image-2022-12-05-at-11.33.10-AM-1-1024x881.jpeg\" alt=\"\" class=\"wp-image-5040\" srcset=\"https:\/\/elpuucnoticias.com\/wp-content\/uploads\/2022\/12\/WhatsApp-Image-2022-12-05-at-11.33.10-AM-1-1024x881.jpeg 1024w, https:\/\/elpuucnoticias.com\/wp-content\/uploads\/2022\/12\/WhatsApp-Image-2022-12-05-at-11.33.10-AM-1-300x258.jpeg 300w, https:\/\/elpuucnoticias.com\/wp-content\/uploads\/2022\/12\/WhatsApp-Image-2022-12-05-at-11.33.10-AM-1-768x661.jpeg 768w, https:\/\/elpuucnoticias.com\/wp-content\/uploads\/2022\/12\/WhatsApp-Image-2022-12-05-at-11.33.10-AM-1.jpeg 1259w\" sizes=\"auto, (max-width: 1024px) 100vw, 1024px\" \/><\/figure>\n\n\n\n<figure class=\"wp-block-image size-large\"><img loading=\"lazy\" decoding=\"async\" width=\"1024\" height=\"951\" data-id=\"5039\" src=\"https:\/\/elpuucnoticias.com\/wp-content\/uploads\/2022\/12\/WhatsApp-Image-2022-12-05-at-11.33.09-AM-1-1024x951.jpeg\" alt=\"\" class=\"wp-image-5039\" srcset=\"https:\/\/elpuucnoticias.com\/wp-content\/uploads\/2022\/12\/WhatsApp-Image-2022-12-05-at-11.33.09-AM-1-1024x951.jpeg 1024w, https:\/\/elpuucnoticias.com\/wp-content\/uploads\/2022\/12\/WhatsApp-Image-2022-12-05-at-11.33.09-AM-1-300x279.jpeg 300w, https:\/\/elpuucnoticias.com\/wp-content\/uploads\/2022\/12\/WhatsApp-Image-2022-12-05-at-11.33.09-AM-1-768x714.jpeg 768w, https:\/\/elpuucnoticias.com\/wp-content\/uploads\/2022\/12\/WhatsApp-Image-2022-12-05-at-11.33.09-AM-1.jpeg 1045w\" sizes=\"auto, (max-width: 1024px) 100vw, 1024px\" \/><\/figure>\n\n\n\n<figure class=\"wp-block-image size-large\"><img loading=\"lazy\" decoding=\"async\" width=\"614\" height=\"1024\" data-id=\"5038\" src=\"https:\/\/elpuucnoticias.com\/wp-content\/uploads\/2022\/12\/WhatsApp-Image-2022-12-05-at-11.33.10-AM-3-614x1024.jpeg\" alt=\"\" class=\"wp-image-5038\" srcset=\"https:\/\/elpuucnoticias.com\/wp-content\/uploads\/2022\/12\/WhatsApp-Image-2022-12-05-at-11.33.10-AM-3-614x1024.jpeg 614w, https:\/\/elpuucnoticias.com\/wp-content\/uploads\/2022\/12\/WhatsApp-Image-2022-12-05-at-11.33.10-AM-3-180x300.jpeg 180w, https:\/\/elpuucnoticias.com\/wp-content\/uploads\/2022\/12\/WhatsApp-Image-2022-12-05-at-11.33.10-AM-3.jpeg 768w\" sizes=\"auto, (max-width: 614px) 100vw, 614px\" \/><\/figure>\n<\/figure>\n\n\n\n<p>A la par del encendido del \u00e1rbol los diversos parques de todas las colonias, barrios y fraccionamientos de toda la ciudad y comisar\u00edas tambi\u00e9n se han vestido de luces que a partir de hoy se encender\u00e1n y ser\u00e1 el arranque para varios eventos y espect\u00e1culos navide\u00f1os gratuitos para el deleite de la ciudadan\u00eda.<\/p>\n\n\n\n<p>En los pr\u00f3ximos d\u00edas se realizar\u00e1 la Expo Navidad Emprendedora, eventos culturales, el tradicional paseo navide\u00f1o de Santa y muchas sorpresas m\u00e1s.\u2014 <em>El Puuc Noticias<\/em><\/p>\n","protected":false},"excerpt":{"rendered":"<p>La temporada navide\u00f1a comenz\u00f3 en La Perla del Sur a partir de esta semana, con varias actividades y<\/p>\n","protected":false},"author":1,"featured_media":5034,"comment_status":"closed","ping_status":"open","sticky":false,"template":"","format":"standard","meta":{"_monsterinsights_skip_tracking":false,"_monsterinsights_sitenote_active":false,"_monsterinsights_sitenote_note":"","_monsterinsights_sitenote_category":0,"footnotes":""},"categories":[11,13],"tags":[],"class_list":["post-5033","post","type-post","status-publish","format-standard","has-post-thumbnail","hentry","category-noticias","category-ticul"],"yoast_head":"<!-- This site is optimized with the Yoast SEO plugin v18.3 - https:\/\/yoast.com\/wordpress\/plugins\/seo\/ -->\n<title>La Navidad llega a Ticul con un \u00e1rbol con luces de \u00faltima generaci\u00f3n. Anuncian la realizaci\u00f3n de diversos espect\u00e1culos navide\u00f1os - El Puuc Noticias<\/title>\n<meta name=\"robots\" content=\"index, follow, max-snippet:-1, max-image-preview:large, max-video-preview:-1\" \/>\n<link rel=\"canonical\" href=\"https:\/\/elpuucnoticias.com\/?p=5033\" \/>\n<meta property=\"og:locale\" content=\"es_ES\" \/>\n<meta property=\"og:type\" content=\"article\" \/>\n<meta property=\"og:title\" content=\"La Navidad llega a Ticul con un \u00e1rbol con luces de \u00faltima generaci\u00f3n. Anuncian la realizaci\u00f3n de diversos espect\u00e1culos navide\u00f1os - El Puuc Noticias\" \/>\n<meta property=\"og:description\" content=\"La temporada navide\u00f1a comenz\u00f3 en La Perla del Sur a partir de esta semana, con varias actividades y\" \/>\n<meta property=\"og:url\" content=\"https:\/\/elpuucnoticias.com\/?p=5033\" \/>\n<meta property=\"og:site_name\" content=\"El Puuc Noticias\" \/>\n<meta property=\"article:published_time\" content=\"2022-12-05T19:30:33+00:00\" \/>\n<meta property=\"article:modified_time\" content=\"2022-12-05T19:30:35+00:00\" \/>\n<meta property=\"og:image\" content=\"https:\/\/elpuucnoticias.com\/wp-content\/uploads\/2022\/12\/WhatsApp-Image-2022-12-05-at-11.33.11-AM-1.jpeg\" \/>\n\t<meta property=\"og:image:width\" content=\"1280\" \/>\n\t<meta property=\"og:image:height\" content=\"819\" \/>\n\t<meta property=\"og:image:type\" content=\"image\/jpeg\" \/>\n<meta name=\"twitter:card\" content=\"summary_large_image\" \/>\n<meta name=\"twitter:label1\" content=\"Escrito por\" \/>\n\t<meta name=\"twitter:data1\" content=\"elpuucnoticias\" \/>\n\t<meta name=\"twitter:label2\" content=\"Tiempo de lectura\" \/>\n\t<meta name=\"twitter:data2\" content=\"3 minutos\" \/>\n<script type=\"application\/ld+json\" class=\"yoast-schema-graph\">{\"@context\":\"https:\/\/schema.org\",\"@graph\":[{\"@type\":\"WebSite\",\"@id\":\"https:\/\/elpuucnoticias.com\/#website\",\"url\":\"https:\/\/elpuucnoticias.com\/\",\"name\":\"El Puuc Noticias\",\"description\":\"Noticias - Entretenimiento - Deportes\",\"potentialAction\":[{\"@type\":\"SearchAction\",\"target\":{\"@type\":\"EntryPoint\",\"urlTemplate\":\"https:\/\/elpuucnoticias.com\/?s={search_term_string}\"},\"query-input\":\"required name=search_term_string\"}],\"inLanguage\":\"es\"},{\"@type\":\"ImageObject\",\"@id\":\"https:\/\/elpuucnoticias.com\/?p=5033#primaryimage\",\"inLanguage\":\"es\",\"url\":\"https:\/\/elpuucnoticias.com\/wp-content\/uploads\/2022\/12\/WhatsApp-Image-2022-12-05-at-11.33.11-AM-1.jpeg\",\"contentUrl\":\"https:\/\/elpuucnoticias.com\/wp-content\/uploads\/2022\/12\/WhatsApp-Image-2022-12-05-at-11.33.11-AM-1.jpeg\",\"width\":1280,\"height\":819},{\"@type\":\"WebPage\",\"@id\":\"https:\/\/elpuucnoticias.com\/?p=5033#webpage\",\"url\":\"https:\/\/elpuucnoticias.com\/?p=5033\",\"name\":\"La Navidad llega a Ticul con un \u00e1rbol con luces de \u00faltima generaci\u00f3n. Anuncian la realizaci\u00f3n de diversos espect\u00e1culos navide\u00f1os - El Puuc Noticias\",\"isPartOf\":{\"@id\":\"https:\/\/elpuucnoticias.com\/#website\"},\"primaryImageOfPage\":{\"@id\":\"https:\/\/elpuucnoticias.com\/?p=5033#primaryimage\"},\"datePublished\":\"2022-12-05T19:30:33+00:00\",\"dateModified\":\"2022-12-05T19:30:35+00:00\",\"author\":{\"@id\":\"https:\/\/elpuucnoticias.com\/#\/schema\/person\/d2ea09e4c97f0160b11cdfb1d856bd9e\"},\"breadcrumb\":{\"@id\":\"https:\/\/elpuucnoticias.com\/?p=5033#breadcrumb\"},\"inLanguage\":\"es\",\"potentialAction\":[{\"@type\":\"ReadAction\",\"target\":[\"https:\/\/elpuucnoticias.com\/?p=5033\"]}]},{\"@type\":\"BreadcrumbList\",\"@id\":\"https:\/\/elpuucnoticias.com\/?p=5033#breadcrumb\",\"itemListElement\":[{\"@type\":\"ListItem\",\"position\":1,\"name\":\"Portada\",\"item\":\"https:\/\/elpuucnoticias.com\/\"},{\"@type\":\"ListItem\",\"position\":2,\"name\":\"La Navidad llega a Ticul con un \u00e1rbol con luces de \u00faltima generaci\u00f3n. Anuncian la realizaci\u00f3n de diversos espect\u00e1culos navide\u00f1os\"}]},{\"@type\":\"Person\",\"@id\":\"https:\/\/elpuucnoticias.com\/#\/schema\/person\/d2ea09e4c97f0160b11cdfb1d856bd9e\",\"name\":\"elpuucnoticias\",\"image\":{\"@type\":\"ImageObject\",\"@id\":\"https:\/\/elpuucnoticias.com\/#personlogo\",\"inLanguage\":\"es\",\"url\":\"https:\/\/secure.gravatar.com\/avatar\/5290a43657c74ffa15701dbe5b846bd85cc71930d803c84e91046a7333de6ce2?s=96&d=mm&r=g\",\"contentUrl\":\"https:\/\/secure.gravatar.com\/avatar\/5290a43657c74ffa15701dbe5b846bd85cc71930d803c84e91046a7333de6ce2?s=96&d=mm&r=g\",\"caption\":\"elpuucnoticias\"},\"sameAs\":[\"https:\/\/elpuucnoticias.com\"],\"url\":\"https:\/\/elpuucnoticias.com\/?author=1\"}]}<\/script>\n<!-- \/ Yoast SEO plugin. -->","yoast_head_json":{"title":"La Navidad llega a Ticul con un \u00e1rbol con luces de \u00faltima generaci\u00f3n. Anuncian la realizaci\u00f3n de diversos espect\u00e1culos navide\u00f1os - El Puuc Noticias","robots":{"index":"index","follow":"follow","max-snippet":"max-snippet:-1","max-image-preview":"max-image-preview:large","max-video-preview":"max-video-preview:-1"},"canonical":"https:\/\/elpuucnoticias.com\/?p=5033","og_locale":"es_ES","og_type":"article","og_title":"La Navidad llega a Ticul con un \u00e1rbol con luces de \u00faltima generaci\u00f3n. Anuncian la realizaci\u00f3n de diversos espect\u00e1culos navide\u00f1os - El Puuc Noticias","og_description":"La temporada navide\u00f1a comenz\u00f3 en La Perla del Sur a partir de esta semana, con varias actividades y","og_url":"https:\/\/elpuucnoticias.com\/?p=5033","og_site_name":"El Puuc Noticias","article_published_time":"2022-12-05T19:30:33+00:00","article_modified_time":"2022-12-05T19:30:35+00:00","og_image":[{"width":1280,"height":819,"url":"https:\/\/elpuucnoticias.com\/wp-content\/uploads\/2022\/12\/WhatsApp-Image-2022-12-05-at-11.33.11-AM-1.jpeg","type":"image\/jpeg"}],"twitter_card":"summary_large_image","twitter_misc":{"Escrito por":"elpuucnoticias","Tiempo de lectura":"3 minutos"},"schema":{"@context":"https:\/\/schema.org","@graph":[{"@type":"WebSite","@id":"https:\/\/elpuucnoticias.com\/#website","url":"https:\/\/elpuucnoticias.com\/","name":"El Puuc Noticias","description":"Noticias - Entretenimiento - Deportes","potentialAction":[{"@type":"SearchAction","target":{"@type":"EntryPoint","urlTemplate":"https:\/\/elpuucnoticias.com\/?s={search_term_string}"},"query-input":"required name=search_term_string"}],"inLanguage":"es"},{"@type":"ImageObject","@id":"https:\/\/elpuucnoticias.com\/?p=5033#primaryimage","inLanguage":"es","url":"https:\/\/elpuucnoticias.com\/wp-content\/uploads\/2022\/12\/WhatsApp-Image-2022-12-05-at-11.33.11-AM-1.jpeg","contentUrl":"https:\/\/elpuucnoticias.com\/wp-content\/uploads\/2022\/12\/WhatsApp-Image-2022-12-05-at-11.33.11-AM-1.jpeg","width":1280,"height":819},{"@type":"WebPage","@id":"https:\/\/elpuucnoticias.com\/?p=5033#webpage","url":"https:\/\/elpuucnoticias.com\/?p=5033","name":"La Navidad llega a Ticul con un \u00e1rbol con luces de \u00faltima generaci\u00f3n. Anuncian la realizaci\u00f3n de diversos espect\u00e1culos navide\u00f1os - El Puuc Noticias","isPartOf":{"@id":"https:\/\/elpuucnoticias.com\/#website"},"primaryImageOfPage":{"@id":"https:\/\/elpuucnoticias.com\/?p=5033#primaryimage"},"datePublished":"2022-12-05T19:30:33+00:00","dateModified":"2022-12-05T19:30:35+00:00","author":{"@id":"https:\/\/elpuucnoticias.com\/#\/schema\/person\/d2ea09e4c97f0160b11cdfb1d856bd9e"},"breadcrumb":{"@id":"https:\/\/elpuucnoticias.com\/?p=5033#breadcrumb"},"inLanguage":"es","potentialAction":[{"@type":"ReadAction","target":["https:\/\/elpuucnoticias.com\/?p=5033"]}]},{"@type":"BreadcrumbList","@id":"https:\/\/elpuucnoticias.com\/?p=5033#breadcrumb","itemListElement":[{"@type":"ListItem","position":1,"name":"Portada","item":"https:\/\/elpuucnoticias.com\/"},{"@type":"ListItem","position":2,"name":"La Navidad llega a Ticul con un \u00e1rbol con luces de \u00faltima generaci\u00f3n. Anuncian la realizaci\u00f3n de diversos espect\u00e1culos navide\u00f1os"}]},{"@type":"Person","@id":"https:\/\/elpuucnoticias.com\/#\/schema\/person\/d2ea09e4c97f0160b11cdfb1d856bd9e","name":"elpuucnoticias","image":{"@type":"ImageObject","@id":"https:\/\/elpuucnoticias.com\/#personlogo","inLanguage":"es","url":"https:\/\/secure.gravatar.com\/avatar\/5290a43657c74ffa15701dbe5b846bd85cc71930d803c84e91046a7333de6ce2?s=96&d=mm&r=g","contentUrl":"https:\/\/secure.gravatar.com\/avatar\/5290a43657c74ffa15701dbe5b846bd85cc71930d803c84e91046a7333de6ce2?s=96&d=mm&r=g","caption":"elpuucnoticias"},"sameAs":["https:\/\/elpuucnoticias.com"],"url":"https:\/\/elpuucnoticias.com\/?author=1"}]}},"_links":{"self":[{"href":"https:\/\/elpuucnoticias.com\/index.php?rest_route=\/wp\/v2\/posts\/5033","targetHints":{"allow":["GET"]}}],"collection":[{"href":"https:\/\/elpuucnoticias.com\/index.php?rest_route=\/wp\/v2\/posts"}],"about":[{"href":"https:\/\/elpuucnoticias.com\/index.php?rest_route=\/wp\/v2\/types\/post"}],"author":[{"embeddable":true,"href":"https:\/\/elpuucnoticias.com\/index.php?rest_route=\/wp\/v2\/users\/1"}],"replies":[{"embeddable":true,"href":"https:\/\/elpuucnoticias.com\/index.php?rest_route=%2Fwp%2Fv2%2Fcomments&post=5033"}],"version-history":[{"count":1,"href":"https:\/\/elpuucnoticias.com\/index.php?rest_route=\/wp\/v2\/posts\/5033\/revisions"}],"predecessor-version":[{"id":5041,"href":"https:\/\/elpuucnoticias.com\/index.php?rest_route=\/wp\/v2\/posts\/5033\/revisions\/5041"}],"wp:featuredmedia":[{"embeddable":true,"href":"https:\/\/elpuucnoticias.com\/index.php?rest_route=\/wp\/v2\/media\/5034"}],"wp:attachment":[{"href":"https:\/\/elpuucnoticias.com\/index.php?rest_route=%2Fwp%2Fv2%2Fmedia&parent=5033"}],"wp:term":[{"taxonomy":"category","embeddable":true,"href":"https:\/\/elpuucnoticias.com\/index.php?rest_route=%2Fwp%2Fv2%2Fcategories&post=5033"},{"taxonomy":"post_tag","embeddable":true,"href":"https:\/\/elpuucnoticias.com\/index.php?rest_route=%2Fwp%2Fv2%2Ftags&post=5033"}],"curies":[{"name":"wp","href":"https:\/\/api.w.org\/{rel}","templated":true}]}}