{"id":508,"date":"2022-03-22T21:52:57","date_gmt":"2022-03-23T03:52:57","guid":{"rendered":"https:\/\/elpuucnoticias.com\/?p=508"},"modified":"2022-03-22T21:52:59","modified_gmt":"2022-03-23T03:52:59","slug":"de-nuevo-con-su-familia-octogenario-de-la-comisaria-de-chuchub-extraviado-por-segunda-vez-en-montes-de-la-zona","status":"publish","type":"post","link":"https:\/\/elpuucnoticias.com\/?p=508","title":{"rendered":"De nuevo con su familia, octogenario de la comisar\u00eda de Chuchub extraviado por segunda vez en montes de la zona"},"content":{"rendered":"\n<p>Alfredo Ek Yah, de unos 89 a\u00f1os de edad, es vecino de la comisar\u00eda de Chuchub. Este s\u00e1bado se volvi\u00f3 a extraviar en montes de su comunidades, y afortunadamente fue localizado dos d\u00edas despu\u00e9s tras un operativo con la participaci\u00f3n de autoridades de varios municipios y vecinos.<\/p>\n\n\n\n<p>El Ayuntamiento de Tixm\u00e9huac dio a conocer el s\u00e1bado de la noticia de la desaparici\u00f3n de esta persona. A trav\u00e9s de las redes, se solicit\u00f3 el apoyo de la comunidad para dar con el paradero de don Alfredo quien se extrav\u00eda por segunda ocasi\u00f3n en montes de la comisar\u00eda de Chuchub.<\/p>\n\n\n\n<p>Como hemos informado, el pasado 17 de septiembre fue localizado tras varios d\u00edas de reportarse como desaparecido. En esta ocasi\u00f3n, con apoyo de autoridades de la Secretar\u00eda de Seguridad P\u00fablica del Estado, incluso del municipio de Peto, se realiz\u00f3 un operativo que dio buenos resultados.<\/p>\n\n\n\n<p>Fue localizado ayer lunes por la tarde en montes de la comisar\u00eda de Nenel\u00e1, Cantamayec. A pesar que estaba deshidratado fue trasladado a un hospital y ya se encuentra nuevamente con su familia.\u2014 <em>El Puuc Noticias<\/em><\/p>\n","protected":false},"excerpt":{"rendered":"<p>Alfredo Ek Yah, de unos 89 a\u00f1os de edad, es vecino de la comisar\u00eda de Chuchub. Este s\u00e1bado<\/p>\n","protected":false},"author":1,"featured_media":514,"comment_status":"closed","ping_status":"open","sticky":false,"template":"","format":"standard","meta":{"_monsterinsights_skip_tracking":false,"_monsterinsights_sitenote_active":false,"_monsterinsights_sitenote_note":"","_monsterinsights_sitenote_category":0,"footnotes":""},"categories":[11,15],"tags":[],"class_list":["post-508","post","type-post","status-publish","format-standard","has-post-thumbnail","hentry","category-noticias","category-tixmehuac"],"yoast_head":"<!-- This site is optimized with the Yoast SEO plugin v18.3 - https:\/\/yoast.com\/wordpress\/plugins\/seo\/ -->\n<title>De nuevo con su familia, octogenario de la comisar\u00eda de Chuchub extraviado por segunda vez en montes de la zona - El Puuc Noticias<\/title>\n<meta name=\"robots\" content=\"index, follow, max-snippet:-1, max-image-preview:large, max-video-preview:-1\" \/>\n<link rel=\"canonical\" href=\"https:\/\/elpuucnoticias.com\/?p=508\" \/>\n<meta property=\"og:locale\" content=\"es_ES\" \/>\n<meta property=\"og:type\" content=\"article\" \/>\n<meta property=\"og:title\" content=\"De nuevo con su familia, octogenario de la comisar\u00eda de Chuchub extraviado por segunda vez en montes de la zona - El Puuc Noticias\" \/>\n<meta property=\"og:description\" content=\"Alfredo Ek Yah, de unos 89 a\u00f1os de edad, es vecino de la comisar\u00eda de Chuchub. Este s\u00e1bado\" \/>\n<meta property=\"og:url\" content=\"https:\/\/elpuucnoticias.com\/?p=508\" \/>\n<meta property=\"og:site_name\" content=\"El Puuc Noticias\" \/>\n<meta property=\"article:published_time\" content=\"2022-03-23T03:52:57+00:00\" \/>\n<meta property=\"article:modified_time\" content=\"2022-03-23T03:52:59+00:00\" \/>\n<meta property=\"og:image\" content=\"https:\/\/elpuucnoticias.com\/wp-content\/uploads\/2022\/03\/busqueda-4.jpg\" \/>\n\t<meta property=\"og:image:width\" content=\"1600\" \/>\n\t<meta property=\"og:image:height\" content=\"1023\" \/>\n\t<meta property=\"og:image:type\" content=\"image\/jpeg\" \/>\n<meta name=\"twitter:card\" content=\"summary_large_image\" \/>\n<meta name=\"twitter:label1\" content=\"Escrito por\" \/>\n\t<meta name=\"twitter:data1\" content=\"elpuucnoticias\" \/>\n\t<meta name=\"twitter:label2\" content=\"Tiempo de lectura\" \/>\n\t<meta name=\"twitter:data2\" content=\"1 minuto\" \/>\n<script type=\"application\/ld+json\" class=\"yoast-schema-graph\">{\"@context\":\"https:\/\/schema.org\",\"@graph\":[{\"@type\":\"WebSite\",\"@id\":\"https:\/\/elpuucnoticias.com\/#website\",\"url\":\"https:\/\/elpuucnoticias.com\/\",\"name\":\"El Puuc Noticias\",\"description\":\"Noticias - Entretenimiento - Deportes\",\"potentialAction\":[{\"@type\":\"SearchAction\",\"target\":{\"@type\":\"EntryPoint\",\"urlTemplate\":\"https:\/\/elpuucnoticias.com\/?s={search_term_string}\"},\"query-input\":\"required name=search_term_string\"}],\"inLanguage\":\"es\"},{\"@type\":\"ImageObject\",\"@id\":\"https:\/\/elpuucnoticias.com\/?p=508#primaryimage\",\"inLanguage\":\"es\",\"url\":\"https:\/\/elpuucnoticias.com\/wp-content\/uploads\/2022\/03\/busqueda-4.jpg\",\"contentUrl\":\"https:\/\/elpuucnoticias.com\/wp-content\/uploads\/2022\/03\/busqueda-4.jpg\",\"width\":1600,\"height\":1023},{\"@type\":\"WebPage\",\"@id\":\"https:\/\/elpuucnoticias.com\/?p=508#webpage\",\"url\":\"https:\/\/elpuucnoticias.com\/?p=508\",\"name\":\"De nuevo con su familia, octogenario de la comisar\u00eda de Chuchub extraviado por segunda vez en montes de la zona - El Puuc Noticias\",\"isPartOf\":{\"@id\":\"https:\/\/elpuucnoticias.com\/#website\"},\"primaryImageOfPage\":{\"@id\":\"https:\/\/elpuucnoticias.com\/?p=508#primaryimage\"},\"datePublished\":\"2022-03-23T03:52:57+00:00\",\"dateModified\":\"2022-03-23T03:52:59+00:00\",\"author\":{\"@id\":\"https:\/\/elpuucnoticias.com\/#\/schema\/person\/d2ea09e4c97f0160b11cdfb1d856bd9e\"},\"breadcrumb\":{\"@id\":\"https:\/\/elpuucnoticias.com\/?p=508#breadcrumb\"},\"inLanguage\":\"es\",\"potentialAction\":[{\"@type\":\"ReadAction\",\"target\":[\"https:\/\/elpuucnoticias.com\/?p=508\"]}]},{\"@type\":\"BreadcrumbList\",\"@id\":\"https:\/\/elpuucnoticias.com\/?p=508#breadcrumb\",\"itemListElement\":[{\"@type\":\"ListItem\",\"position\":1,\"name\":\"Portada\",\"item\":\"https:\/\/elpuucnoticias.com\/\"},{\"@type\":\"ListItem\",\"position\":2,\"name\":\"De nuevo con su familia, octogenario de la comisar\u00eda de Chuchub extraviado por segunda vez en montes de la zona\"}]},{\"@type\":\"Person\",\"@id\":\"https:\/\/elpuucnoticias.com\/#\/schema\/person\/d2ea09e4c97f0160b11cdfb1d856bd9e\",\"name\":\"elpuucnoticias\",\"image\":{\"@type\":\"ImageObject\",\"@id\":\"https:\/\/elpuucnoticias.com\/#personlogo\",\"inLanguage\":\"es\",\"url\":\"https:\/\/secure.gravatar.com\/avatar\/5290a43657c74ffa15701dbe5b846bd85cc71930d803c84e91046a7333de6ce2?s=96&d=mm&r=g\",\"contentUrl\":\"https:\/\/secure.gravatar.com\/avatar\/5290a43657c74ffa15701dbe5b846bd85cc71930d803c84e91046a7333de6ce2?s=96&d=mm&r=g\",\"caption\":\"elpuucnoticias\"},\"sameAs\":[\"https:\/\/elpuucnoticias.com\"],\"url\":\"https:\/\/elpuucnoticias.com\/?author=1\"}]}<\/script>\n<!-- \/ Yoast SEO plugin. -->","yoast_head_json":{"title":"De nuevo con su familia, octogenario de la comisar\u00eda de Chuchub extraviado por segunda vez en montes de la zona - El Puuc Noticias","robots":{"index":"index","follow":"follow","max-snippet":"max-snippet:-1","max-image-preview":"max-image-preview:large","max-video-preview":"max-video-preview:-1"},"canonical":"https:\/\/elpuucnoticias.com\/?p=508","og_locale":"es_ES","og_type":"article","og_title":"De nuevo con su familia, octogenario de la comisar\u00eda de Chuchub extraviado por segunda vez en montes de la zona - El Puuc Noticias","og_description":"Alfredo Ek Yah, de unos 89 a\u00f1os de edad, es vecino de la comisar\u00eda de Chuchub. Este s\u00e1bado","og_url":"https:\/\/elpuucnoticias.com\/?p=508","og_site_name":"El Puuc Noticias","article_published_time":"2022-03-23T03:52:57+00:00","article_modified_time":"2022-03-23T03:52:59+00:00","og_image":[{"width":1600,"height":1023,"url":"https:\/\/elpuucnoticias.com\/wp-content\/uploads\/2022\/03\/busqueda-4.jpg","type":"image\/jpeg"}],"twitter_card":"summary_large_image","twitter_misc":{"Escrito por":"elpuucnoticias","Tiempo de lectura":"1 minuto"},"schema":{"@context":"https:\/\/schema.org","@graph":[{"@type":"WebSite","@id":"https:\/\/elpuucnoticias.com\/#website","url":"https:\/\/elpuucnoticias.com\/","name":"El Puuc Noticias","description":"Noticias - Entretenimiento - Deportes","potentialAction":[{"@type":"SearchAction","target":{"@type":"EntryPoint","urlTemplate":"https:\/\/elpuucnoticias.com\/?s={search_term_string}"},"query-input":"required name=search_term_string"}],"inLanguage":"es"},{"@type":"ImageObject","@id":"https:\/\/elpuucnoticias.com\/?p=508#primaryimage","inLanguage":"es","url":"https:\/\/elpuucnoticias.com\/wp-content\/uploads\/2022\/03\/busqueda-4.jpg","contentUrl":"https:\/\/elpuucnoticias.com\/wp-content\/uploads\/2022\/03\/busqueda-4.jpg","width":1600,"height":1023},{"@type":"WebPage","@id":"https:\/\/elpuucnoticias.com\/?p=508#webpage","url":"https:\/\/elpuucnoticias.com\/?p=508","name":"De nuevo con su familia, octogenario de la comisar\u00eda de Chuchub extraviado por segunda vez en montes de la zona - El Puuc Noticias","isPartOf":{"@id":"https:\/\/elpuucnoticias.com\/#website"},"primaryImageOfPage":{"@id":"https:\/\/elpuucnoticias.com\/?p=508#primaryimage"},"datePublished":"2022-03-23T03:52:57+00:00","dateModified":"2022-03-23T03:52:59+00:00","author":{"@id":"https:\/\/elpuucnoticias.com\/#\/schema\/person\/d2ea09e4c97f0160b11cdfb1d856bd9e"},"breadcrumb":{"@id":"https:\/\/elpuucnoticias.com\/?p=508#breadcrumb"},"inLanguage":"es","potentialAction":[{"@type":"ReadAction","target":["https:\/\/elpuucnoticias.com\/?p=508"]}]},{"@type":"BreadcrumbList","@id":"https:\/\/elpuucnoticias.com\/?p=508#breadcrumb","itemListElement":[{"@type":"ListItem","position":1,"name":"Portada","item":"https:\/\/elpuucnoticias.com\/"},{"@type":"ListItem","position":2,"name":"De nuevo con su familia, octogenario de la comisar\u00eda de Chuchub extraviado por segunda vez en montes de la zona"}]},{"@type":"Person","@id":"https:\/\/elpuucnoticias.com\/#\/schema\/person\/d2ea09e4c97f0160b11cdfb1d856bd9e","name":"elpuucnoticias","image":{"@type":"ImageObject","@id":"https:\/\/elpuucnoticias.com\/#personlogo","inLanguage":"es","url":"https:\/\/secure.gravatar.com\/avatar\/5290a43657c74ffa15701dbe5b846bd85cc71930d803c84e91046a7333de6ce2?s=96&d=mm&r=g","contentUrl":"https:\/\/secure.gravatar.com\/avatar\/5290a43657c74ffa15701dbe5b846bd85cc71930d803c84e91046a7333de6ce2?s=96&d=mm&r=g","caption":"elpuucnoticias"},"sameAs":["https:\/\/elpuucnoticias.com"],"url":"https:\/\/elpuucnoticias.com\/?author=1"}]}},"_links":{"self":[{"href":"https:\/\/elpuucnoticias.com\/index.php?rest_route=\/wp\/v2\/posts\/508","targetHints":{"allow":["GET"]}}],"collection":[{"href":"https:\/\/elpuucnoticias.com\/index.php?rest_route=\/wp\/v2\/posts"}],"about":[{"href":"https:\/\/elpuucnoticias.com\/index.php?rest_route=\/wp\/v2\/types\/post"}],"author":[{"embeddable":true,"href":"https:\/\/elpuucnoticias.com\/index.php?rest_route=\/wp\/v2\/users\/1"}],"replies":[{"embeddable":true,"href":"https:\/\/elpuucnoticias.com\/index.php?rest_route=%2Fwp%2Fv2%2Fcomments&post=508"}],"version-history":[{"count":1,"href":"https:\/\/elpuucnoticias.com\/index.php?rest_route=\/wp\/v2\/posts\/508\/revisions"}],"predecessor-version":[{"id":515,"href":"https:\/\/elpuucnoticias.com\/index.php?rest_route=\/wp\/v2\/posts\/508\/revisions\/515"}],"wp:featuredmedia":[{"embeddable":true,"href":"https:\/\/elpuucnoticias.com\/index.php?rest_route=\/wp\/v2\/media\/514"}],"wp:attachment":[{"href":"https:\/\/elpuucnoticias.com\/index.php?rest_route=%2Fwp%2Fv2%2Fmedia&parent=508"}],"wp:term":[{"taxonomy":"category","embeddable":true,"href":"https:\/\/elpuucnoticias.com\/index.php?rest_route=%2Fwp%2Fv2%2Fcategories&post=508"},{"taxonomy":"post_tag","embeddable":true,"href":"https:\/\/elpuucnoticias.com\/index.php?rest_route=%2Fwp%2Fv2%2Ftags&post=508"}],"curies":[{"name":"wp","href":"https:\/\/api.w.org\/{rel}","templated":true}]}}