{"id":5105,"date":"2022-12-06T19:16:03","date_gmt":"2022-12-07T01:16:03","guid":{"rendered":"https:\/\/elpuucnoticias.com\/?p=5105"},"modified":"2022-12-06T19:16:05","modified_gmt":"2022-12-07T01:16:05","slug":"todo-listo-para-el-arranque-este-jueves-de-la-xxxvi-edicion-de-la-feria-de-la-naranja-en-oxkutzcab","status":"publish","type":"post","link":"https:\/\/elpuucnoticias.com\/?p=5105","title":{"rendered":"Todo listo para el arranque, este jueves, de la XXXVI edici\u00f3n de la Feria de la Naranja en Oxkutzcab"},"content":{"rendered":"\n<p>El Comit\u00e9 Organizador de la Feria de la Naranja, en Oxkutzcab, encabezado por el alcalde Juan Jos\u00e9 Mart\u00edn Fragoso, reporta un buen avance en la decoraci\u00f3n del recinto.\u00a0<\/p>\n\n\n\n<p>Lo anterior, se ha logrado con la preparaci\u00f3n de la muestra citr\u00edcola en la que participan unos 4,000 mil citricultores de m\u00e1s de 100 unidades agr\u00edcolas que engalanar\u00e1 la avenida principal de la Feria de la Naranja 2022 que tendr\u00e1 como tema \u00abNuestra Gente\u00bb.<\/p>\n\n\n\n<figure class=\"wp-block-gallery has-nested-images columns-default is-cropped wp-block-gallery-1 is-layout-flex wp-block-gallery-is-layout-flex\">\n<figure class=\"wp-block-image size-large\"><img loading=\"lazy\" decoding=\"async\" width=\"1024\" height=\"819\" data-id=\"5108\" src=\"https:\/\/elpuucnoticias.com\/wp-content\/uploads\/2022\/12\/Naranja08-1024x819.jpeg\" alt=\"\" class=\"wp-image-5108\" srcset=\"https:\/\/elpuucnoticias.com\/wp-content\/uploads\/2022\/12\/Naranja08-1024x819.jpeg 1024w, https:\/\/elpuucnoticias.com\/wp-content\/uploads\/2022\/12\/Naranja08-300x240.jpeg 300w, https:\/\/elpuucnoticias.com\/wp-content\/uploads\/2022\/12\/Naranja08-768x614.jpeg 768w, https:\/\/elpuucnoticias.com\/wp-content\/uploads\/2022\/12\/Naranja08.jpeg 1200w\" sizes=\"auto, (max-width: 1024px) 100vw, 1024px\" \/><\/figure>\n\n\n\n<figure class=\"wp-block-image size-large\"><img loading=\"lazy\" decoding=\"async\" width=\"960\" height=\"768\" data-id=\"5107\" src=\"https:\/\/elpuucnoticias.com\/wp-content\/uploads\/2022\/12\/naranjas03.jpeg\" alt=\"\" class=\"wp-image-5107\" srcset=\"https:\/\/elpuucnoticias.com\/wp-content\/uploads\/2022\/12\/naranjas03.jpeg 960w, https:\/\/elpuucnoticias.com\/wp-content\/uploads\/2022\/12\/naranjas03-300x240.jpeg 300w, https:\/\/elpuucnoticias.com\/wp-content\/uploads\/2022\/12\/naranjas03-768x614.jpeg 768w\" sizes=\"auto, (max-width: 960px) 100vw, 960px\" \/><\/figure>\n\n\n\n<figure class=\"wp-block-image size-large\"><img loading=\"lazy\" decoding=\"async\" width=\"1024\" height=\"768\" data-id=\"5109\" src=\"https:\/\/elpuucnoticias.com\/wp-content\/uploads\/2022\/12\/Naranjas06-1024x768.jpeg\" alt=\"\" class=\"wp-image-5109\" srcset=\"https:\/\/elpuucnoticias.com\/wp-content\/uploads\/2022\/12\/Naranjas06-1024x768.jpeg 1024w, https:\/\/elpuucnoticias.com\/wp-content\/uploads\/2022\/12\/Naranjas06-300x225.jpeg 300w, https:\/\/elpuucnoticias.com\/wp-content\/uploads\/2022\/12\/Naranjas06-768x576.jpeg 768w, https:\/\/elpuucnoticias.com\/wp-content\/uploads\/2022\/12\/Naranjas06-1536x1152.jpeg 1536w, https:\/\/elpuucnoticias.com\/wp-content\/uploads\/2022\/12\/Naranjas06.jpeg 1600w\" sizes=\"auto, (max-width: 1024px) 100vw, 1024px\" \/><\/figure>\n<\/figure>\n\n\n\n<p>La decoraci\u00f3n est\u00e1 a cargo de empleados de los diversos departamentos del Ayuntamiento, quienes laboran para la preparaci\u00f3n de la exposici\u00f3n citr\u00edcola.&nbsp;<\/p>\n\n\n\n<p>Como es tradicional, estas frutas han sido donadas por los socios de las unidades agr\u00edcolas participantes, ya que el objetivo principal de esta feria es reconocer la importancia que la producci\u00f3n citr\u00edcola tiene para el municipio.&nbsp;<\/p>\n\n\n\n<figure class=\"wp-block-image size-large\"><img loading=\"lazy\" decoding=\"async\" width=\"1024\" height=\"176\" src=\"https:\/\/elpuucnoticias.com\/wp-content\/uploads\/2022\/11\/BANNER-NOVIEMBRE-22-1024x176.jpg\" alt=\"\" class=\"wp-image-4409\" srcset=\"https:\/\/elpuucnoticias.com\/wp-content\/uploads\/2022\/11\/BANNER-NOVIEMBRE-22-1024x176.jpg 1024w, https:\/\/elpuucnoticias.com\/wp-content\/uploads\/2022\/11\/BANNER-NOVIEMBRE-22-300x52.jpg 300w, https:\/\/elpuucnoticias.com\/wp-content\/uploads\/2022\/11\/BANNER-NOVIEMBRE-22-768x132.jpg 768w, https:\/\/elpuucnoticias.com\/wp-content\/uploads\/2022\/11\/BANNER-NOVIEMBRE-22-1536x264.jpg 1536w, https:\/\/elpuucnoticias.com\/wp-content\/uploads\/2022\/11\/BANNER-NOVIEMBRE-22.jpg 1600w\" sizes=\"auto, (max-width: 1024px) 100vw, 1024px\" \/><\/figure>\n\n\n\n<p>Las festividades dar\u00e1n comienzo el 8 de diciembre desde las 6 de la tarde con la caravana navide\u00f1a de Coca Cola, a las 8 de la noche ser\u00e1 el corte de listo posteriormente la ceremonia de inauguraci\u00f3n y coronaci\u00f3n de la Reina Engeni Isau Brice\u00f1o Uc.\u00a0<\/p>\n\n\n\n<p>Despu\u00e9s el p\u00fablico podr\u00e1 disfrutar de manera gratuita la representacion maya Boox Balam y las 9:30 noche inicia la magna vaquer\u00eda con las orquestas Ekmul y Ram\u00f3n Orteg\u00f3n.\u2014 <em>El Puuc Noticias<\/em><\/p>\n","protected":false},"excerpt":{"rendered":"<p>El Comit\u00e9 Organizador de la Feria de la Naranja, en Oxkutzcab, encabezado por el alcalde Juan Jos\u00e9 Mart\u00edn<\/p>\n","protected":false},"author":1,"featured_media":5106,"comment_status":"closed","ping_status":"open","sticky":false,"template":"","format":"standard","meta":{"_monsterinsights_skip_tracking":false,"_monsterinsights_sitenote_active":false,"_monsterinsights_sitenote_note":"","_monsterinsights_sitenote_category":0,"footnotes":""},"categories":[11,14],"tags":[],"class_list":["post-5105","post","type-post","status-publish","format-standard","has-post-thumbnail","hentry","category-noticias","category-oxkutzcab"],"yoast_head":"<!-- This site is optimized with the Yoast SEO plugin v18.3 - https:\/\/yoast.com\/wordpress\/plugins\/seo\/ -->\n<title>Todo listo para el arranque, este jueves, de la XXXVI edici\u00f3n de la Feria de la Naranja en Oxkutzcab - El Puuc Noticias<\/title>\n<meta name=\"robots\" content=\"index, follow, max-snippet:-1, max-image-preview:large, max-video-preview:-1\" \/>\n<link rel=\"canonical\" href=\"https:\/\/elpuucnoticias.com\/?p=5105\" \/>\n<meta property=\"og:locale\" content=\"es_ES\" \/>\n<meta property=\"og:type\" content=\"article\" \/>\n<meta property=\"og:title\" content=\"Todo listo para el arranque, este jueves, de la XXXVI edici\u00f3n de la Feria de la Naranja en Oxkutzcab - El Puuc Noticias\" \/>\n<meta property=\"og:description\" content=\"El Comit\u00e9 Organizador de la Feria de la Naranja, en Oxkutzcab, encabezado por el alcalde Juan Jos\u00e9 Mart\u00edn\" \/>\n<meta property=\"og:url\" content=\"https:\/\/elpuucnoticias.com\/?p=5105\" \/>\n<meta property=\"og:site_name\" content=\"El Puuc Noticias\" \/>\n<meta property=\"article:published_time\" content=\"2022-12-07T01:16:03+00:00\" \/>\n<meta property=\"article:modified_time\" content=\"2022-12-07T01:16:05+00:00\" \/>\n<meta property=\"og:image\" content=\"https:\/\/elpuucnoticias.com\/wp-content\/uploads\/2022\/12\/Naranjas04.jpeg\" \/>\n\t<meta property=\"og:image:width\" content=\"1024\" \/>\n\t<meta property=\"og:image:height\" content=\"768\" \/>\n\t<meta property=\"og:image:type\" content=\"image\/jpeg\" \/>\n<meta name=\"twitter:card\" content=\"summary_large_image\" \/>\n<meta name=\"twitter:label1\" content=\"Escrito por\" \/>\n\t<meta name=\"twitter:data1\" content=\"elpuucnoticias\" \/>\n\t<meta name=\"twitter:label2\" content=\"Tiempo de lectura\" \/>\n\t<meta name=\"twitter:data2\" content=\"2 minutos\" \/>\n<script type=\"application\/ld+json\" class=\"yoast-schema-graph\">{\"@context\":\"https:\/\/schema.org\",\"@graph\":[{\"@type\":\"WebSite\",\"@id\":\"https:\/\/elpuucnoticias.com\/#website\",\"url\":\"https:\/\/elpuucnoticias.com\/\",\"name\":\"El Puuc Noticias\",\"description\":\"Noticias - Entretenimiento - Deportes\",\"potentialAction\":[{\"@type\":\"SearchAction\",\"target\":{\"@type\":\"EntryPoint\",\"urlTemplate\":\"https:\/\/elpuucnoticias.com\/?s={search_term_string}\"},\"query-input\":\"required name=search_term_string\"}],\"inLanguage\":\"es\"},{\"@type\":\"ImageObject\",\"@id\":\"https:\/\/elpuucnoticias.com\/?p=5105#primaryimage\",\"inLanguage\":\"es\",\"url\":\"https:\/\/elpuucnoticias.com\/wp-content\/uploads\/2022\/12\/Naranjas04.jpeg\",\"contentUrl\":\"https:\/\/elpuucnoticias.com\/wp-content\/uploads\/2022\/12\/Naranjas04.jpeg\",\"width\":1024,\"height\":768},{\"@type\":\"WebPage\",\"@id\":\"https:\/\/elpuucnoticias.com\/?p=5105#webpage\",\"url\":\"https:\/\/elpuucnoticias.com\/?p=5105\",\"name\":\"Todo listo para el arranque, este jueves, de la XXXVI edici\u00f3n de la Feria de la Naranja en Oxkutzcab - El Puuc Noticias\",\"isPartOf\":{\"@id\":\"https:\/\/elpuucnoticias.com\/#website\"},\"primaryImageOfPage\":{\"@id\":\"https:\/\/elpuucnoticias.com\/?p=5105#primaryimage\"},\"datePublished\":\"2022-12-07T01:16:03+00:00\",\"dateModified\":\"2022-12-07T01:16:05+00:00\",\"author\":{\"@id\":\"https:\/\/elpuucnoticias.com\/#\/schema\/person\/d2ea09e4c97f0160b11cdfb1d856bd9e\"},\"breadcrumb\":{\"@id\":\"https:\/\/elpuucnoticias.com\/?p=5105#breadcrumb\"},\"inLanguage\":\"es\",\"potentialAction\":[{\"@type\":\"ReadAction\",\"target\":[\"https:\/\/elpuucnoticias.com\/?p=5105\"]}]},{\"@type\":\"BreadcrumbList\",\"@id\":\"https:\/\/elpuucnoticias.com\/?p=5105#breadcrumb\",\"itemListElement\":[{\"@type\":\"ListItem\",\"position\":1,\"name\":\"Portada\",\"item\":\"https:\/\/elpuucnoticias.com\/\"},{\"@type\":\"ListItem\",\"position\":2,\"name\":\"Todo listo para el arranque, este jueves, de la XXXVI edici\u00f3n de la Feria de la Naranja en Oxkutzcab\"}]},{\"@type\":\"Person\",\"@id\":\"https:\/\/elpuucnoticias.com\/#\/schema\/person\/d2ea09e4c97f0160b11cdfb1d856bd9e\",\"name\":\"elpuucnoticias\",\"image\":{\"@type\":\"ImageObject\",\"@id\":\"https:\/\/elpuucnoticias.com\/#personlogo\",\"inLanguage\":\"es\",\"url\":\"https:\/\/secure.gravatar.com\/avatar\/5290a43657c74ffa15701dbe5b846bd85cc71930d803c84e91046a7333de6ce2?s=96&d=mm&r=g\",\"contentUrl\":\"https:\/\/secure.gravatar.com\/avatar\/5290a43657c74ffa15701dbe5b846bd85cc71930d803c84e91046a7333de6ce2?s=96&d=mm&r=g\",\"caption\":\"elpuucnoticias\"},\"sameAs\":[\"https:\/\/elpuucnoticias.com\"],\"url\":\"https:\/\/elpuucnoticias.com\/?author=1\"}]}<\/script>\n<!-- \/ Yoast SEO plugin. -->","yoast_head_json":{"title":"Todo listo para el arranque, este jueves, de la XXXVI edici\u00f3n de la Feria de la Naranja en Oxkutzcab - El Puuc Noticias","robots":{"index":"index","follow":"follow","max-snippet":"max-snippet:-1","max-image-preview":"max-image-preview:large","max-video-preview":"max-video-preview:-1"},"canonical":"https:\/\/elpuucnoticias.com\/?p=5105","og_locale":"es_ES","og_type":"article","og_title":"Todo listo para el arranque, este jueves, de la XXXVI edici\u00f3n de la Feria de la Naranja en Oxkutzcab - El Puuc Noticias","og_description":"El Comit\u00e9 Organizador de la Feria de la Naranja, en Oxkutzcab, encabezado por el alcalde Juan Jos\u00e9 Mart\u00edn","og_url":"https:\/\/elpuucnoticias.com\/?p=5105","og_site_name":"El Puuc Noticias","article_published_time":"2022-12-07T01:16:03+00:00","article_modified_time":"2022-12-07T01:16:05+00:00","og_image":[{"width":1024,"height":768,"url":"https:\/\/elpuucnoticias.com\/wp-content\/uploads\/2022\/12\/Naranjas04.jpeg","type":"image\/jpeg"}],"twitter_card":"summary_large_image","twitter_misc":{"Escrito por":"elpuucnoticias","Tiempo de lectura":"2 minutos"},"schema":{"@context":"https:\/\/schema.org","@graph":[{"@type":"WebSite","@id":"https:\/\/elpuucnoticias.com\/#website","url":"https:\/\/elpuucnoticias.com\/","name":"El Puuc Noticias","description":"Noticias - Entretenimiento - Deportes","potentialAction":[{"@type":"SearchAction","target":{"@type":"EntryPoint","urlTemplate":"https:\/\/elpuucnoticias.com\/?s={search_term_string}"},"query-input":"required name=search_term_string"}],"inLanguage":"es"},{"@type":"ImageObject","@id":"https:\/\/elpuucnoticias.com\/?p=5105#primaryimage","inLanguage":"es","url":"https:\/\/elpuucnoticias.com\/wp-content\/uploads\/2022\/12\/Naranjas04.jpeg","contentUrl":"https:\/\/elpuucnoticias.com\/wp-content\/uploads\/2022\/12\/Naranjas04.jpeg","width":1024,"height":768},{"@type":"WebPage","@id":"https:\/\/elpuucnoticias.com\/?p=5105#webpage","url":"https:\/\/elpuucnoticias.com\/?p=5105","name":"Todo listo para el arranque, este jueves, de la XXXVI edici\u00f3n de la Feria de la Naranja en Oxkutzcab - El Puuc Noticias","isPartOf":{"@id":"https:\/\/elpuucnoticias.com\/#website"},"primaryImageOfPage":{"@id":"https:\/\/elpuucnoticias.com\/?p=5105#primaryimage"},"datePublished":"2022-12-07T01:16:03+00:00","dateModified":"2022-12-07T01:16:05+00:00","author":{"@id":"https:\/\/elpuucnoticias.com\/#\/schema\/person\/d2ea09e4c97f0160b11cdfb1d856bd9e"},"breadcrumb":{"@id":"https:\/\/elpuucnoticias.com\/?p=5105#breadcrumb"},"inLanguage":"es","potentialAction":[{"@type":"ReadAction","target":["https:\/\/elpuucnoticias.com\/?p=5105"]}]},{"@type":"BreadcrumbList","@id":"https:\/\/elpuucnoticias.com\/?p=5105#breadcrumb","itemListElement":[{"@type":"ListItem","position":1,"name":"Portada","item":"https:\/\/elpuucnoticias.com\/"},{"@type":"ListItem","position":2,"name":"Todo listo para el arranque, este jueves, de la XXXVI edici\u00f3n de la Feria de la Naranja en Oxkutzcab"}]},{"@type":"Person","@id":"https:\/\/elpuucnoticias.com\/#\/schema\/person\/d2ea09e4c97f0160b11cdfb1d856bd9e","name":"elpuucnoticias","image":{"@type":"ImageObject","@id":"https:\/\/elpuucnoticias.com\/#personlogo","inLanguage":"es","url":"https:\/\/secure.gravatar.com\/avatar\/5290a43657c74ffa15701dbe5b846bd85cc71930d803c84e91046a7333de6ce2?s=96&d=mm&r=g","contentUrl":"https:\/\/secure.gravatar.com\/avatar\/5290a43657c74ffa15701dbe5b846bd85cc71930d803c84e91046a7333de6ce2?s=96&d=mm&r=g","caption":"elpuucnoticias"},"sameAs":["https:\/\/elpuucnoticias.com"],"url":"https:\/\/elpuucnoticias.com\/?author=1"}]}},"_links":{"self":[{"href":"https:\/\/elpuucnoticias.com\/index.php?rest_route=\/wp\/v2\/posts\/5105","targetHints":{"allow":["GET"]}}],"collection":[{"href":"https:\/\/elpuucnoticias.com\/index.php?rest_route=\/wp\/v2\/posts"}],"about":[{"href":"https:\/\/elpuucnoticias.com\/index.php?rest_route=\/wp\/v2\/types\/post"}],"author":[{"embeddable":true,"href":"https:\/\/elpuucnoticias.com\/index.php?rest_route=\/wp\/v2\/users\/1"}],"replies":[{"embeddable":true,"href":"https:\/\/elpuucnoticias.com\/index.php?rest_route=%2Fwp%2Fv2%2Fcomments&post=5105"}],"version-history":[{"count":1,"href":"https:\/\/elpuucnoticias.com\/index.php?rest_route=\/wp\/v2\/posts\/5105\/revisions"}],"predecessor-version":[{"id":5110,"href":"https:\/\/elpuucnoticias.com\/index.php?rest_route=\/wp\/v2\/posts\/5105\/revisions\/5110"}],"wp:featuredmedia":[{"embeddable":true,"href":"https:\/\/elpuucnoticias.com\/index.php?rest_route=\/wp\/v2\/media\/5106"}],"wp:attachment":[{"href":"https:\/\/elpuucnoticias.com\/index.php?rest_route=%2Fwp%2Fv2%2Fmedia&parent=5105"}],"wp:term":[{"taxonomy":"category","embeddable":true,"href":"https:\/\/elpuucnoticias.com\/index.php?rest_route=%2Fwp%2Fv2%2Fcategories&post=5105"},{"taxonomy":"post_tag","embeddable":true,"href":"https:\/\/elpuucnoticias.com\/index.php?rest_route=%2Fwp%2Fv2%2Ftags&post=5105"}],"curies":[{"name":"wp","href":"https:\/\/api.w.org\/{rel}","templated":true}]}}