{"id":5125,"date":"2022-12-07T15:49:07","date_gmt":"2022-12-07T21:49:07","guid":{"rendered":"https:\/\/elpuucnoticias.com\/?p=5125"},"modified":"2022-12-07T15:49:08","modified_gmt":"2022-12-07T21:49:08","slug":"brilla-helena-cardenas-en-el-campeonato-mundial-de-gimnasia-en-el-viejo-continente","status":"publish","type":"post","link":"https:\/\/elpuucnoticias.com\/?p=5125","title":{"rendered":"Brilla Helena C\u00e1rdenas en el Campeonato Mundial de Gimnasia en el viejo continente"},"content":{"rendered":"\n<p>La quintanarroense Helena C\u00e1rdenas Valencia se adjudic\u00f3 el primer lugar en la categor\u00eda novatos dentro del Campeonato Mundial de Gimnasia celebrado en Ponte di Legno, Italia.<\/p>\n\n\n\n<figure class=\"wp-block-gallery has-nested-images columns-default is-cropped wp-block-gallery-1 is-layout-flex wp-block-gallery-is-layout-flex\">\n<figure class=\"wp-block-image size-large\"><img loading=\"lazy\" decoding=\"async\" width=\"1024\" height=\"461\" data-id=\"5127\" src=\"https:\/\/elpuucnoticias.com\/wp-content\/uploads\/2022\/12\/cojudeq-gimnasia3-1024x461.jpg\" alt=\"\" class=\"wp-image-5127\" srcset=\"https:\/\/elpuucnoticias.com\/wp-content\/uploads\/2022\/12\/cojudeq-gimnasia3-1024x461.jpg 1024w, https:\/\/elpuucnoticias.com\/wp-content\/uploads\/2022\/12\/cojudeq-gimnasia3-300x135.jpg 300w, https:\/\/elpuucnoticias.com\/wp-content\/uploads\/2022\/12\/cojudeq-gimnasia3-768x346.jpg 768w, https:\/\/elpuucnoticias.com\/wp-content\/uploads\/2022\/12\/cojudeq-gimnasia3.jpg 1160w\" sizes=\"auto, (max-width: 1024px) 100vw, 1024px\" \/><\/figure>\n\n\n\n<figure class=\"wp-block-image size-large\"><img loading=\"lazy\" decoding=\"async\" width=\"1024\" height=\"682\" data-id=\"5128\" src=\"https:\/\/elpuucnoticias.com\/wp-content\/uploads\/2022\/12\/cojudeq-gimnasia2-1024x682.jpg\" alt=\"\" class=\"wp-image-5128\" srcset=\"https:\/\/elpuucnoticias.com\/wp-content\/uploads\/2022\/12\/cojudeq-gimnasia2-1024x682.jpg 1024w, https:\/\/elpuucnoticias.com\/wp-content\/uploads\/2022\/12\/cojudeq-gimnasia2-300x200.jpg 300w, https:\/\/elpuucnoticias.com\/wp-content\/uploads\/2022\/12\/cojudeq-gimnasia2-768x512.jpg 768w, https:\/\/elpuucnoticias.com\/wp-content\/uploads\/2022\/12\/cojudeq-gimnasia2.jpg 1280w\" sizes=\"auto, (max-width: 1024px) 100vw, 1024px\" \/><\/figure>\n<\/figure>\n\n\n\n<p>Fue en la modalidad de Gimnasia Art\u00edstica donde tuvo destacadas ejecuciones y se subi\u00f3 a lo m\u00e1s alto del podio; es sin duda un gran orgullo para Quintana Roo y M\u00e9xico.<\/p>\n\n\n\n<p>Previo a partir rumbo al pa\u00eds europeo, Helena se reuni\u00f3 con la gobernadora Mara Lezama Espinosa, quien le brind\u00f3 su respaldo de cara la justa internacional. \u201cMe declaro tu fan con esa alegr\u00eda que contagias\u201d, resalt\u00f3 la jefa del Ejecutivo.<\/p>\n\n\n\n<p>\u201cEstamos muy emocionados del gran triunfo de Helena, sabemos que en Quintana Roo sobra talento y lo estamos apoyando para que cada d\u00eda sean m\u00e1s los atletas que brillen a nivel nacional e internacional poniendo en alto el nombre de nuestro estado\u201d, afirm\u00f3 Eric Arcila Arjona, titular de la COJUDEQ.<\/p>\n","protected":false},"excerpt":{"rendered":"<p>La quintanarroense Helena C\u00e1rdenas Valencia se adjudic\u00f3 el primer lugar en la categor\u00eda novatos dentro del Campeonato Mundial<\/p>\n","protected":false},"author":1,"featured_media":5126,"comment_status":"closed","ping_status":"open","sticky":false,"template":"","format":"standard","meta":{"_monsterinsights_skip_tracking":false,"_monsterinsights_sitenote_active":false,"_monsterinsights_sitenote_note":"","_monsterinsights_sitenote_category":0,"footnotes":""},"categories":[7,11,24],"tags":[],"class_list":["post-5125","post","type-post","status-publish","format-standard","has-post-thumbnail","hentry","category-impacto-deportivo","category-noticias","category-quintana-roo"],"yoast_head":"<!-- This site is optimized with the Yoast SEO plugin v18.3 - https:\/\/yoast.com\/wordpress\/plugins\/seo\/ -->\n<title>Brilla Helena C\u00e1rdenas en el Campeonato Mundial de Gimnasia en el viejo continente - El Puuc Noticias<\/title>\n<meta name=\"robots\" content=\"index, follow, max-snippet:-1, max-image-preview:large, max-video-preview:-1\" \/>\n<link rel=\"canonical\" href=\"https:\/\/elpuucnoticias.com\/?p=5125\" \/>\n<meta property=\"og:locale\" content=\"es_ES\" \/>\n<meta property=\"og:type\" content=\"article\" \/>\n<meta property=\"og:title\" content=\"Brilla Helena C\u00e1rdenas en el Campeonato Mundial de Gimnasia en el viejo continente - El Puuc Noticias\" \/>\n<meta property=\"og:description\" content=\"La quintanarroense Helena C\u00e1rdenas Valencia se adjudic\u00f3 el primer lugar en la categor\u00eda novatos dentro del Campeonato Mundial\" \/>\n<meta property=\"og:url\" content=\"https:\/\/elpuucnoticias.com\/?p=5125\" \/>\n<meta property=\"og:site_name\" content=\"El Puuc Noticias\" \/>\n<meta property=\"article:published_time\" content=\"2022-12-07T21:49:07+00:00\" \/>\n<meta property=\"article:modified_time\" content=\"2022-12-07T21:49:08+00:00\" \/>\n<meta property=\"og:image\" content=\"https:\/\/elpuucnoticias.com\/wp-content\/uploads\/2022\/12\/cojudeq-gimnasia1.jpg\" \/>\n\t<meta property=\"og:image:width\" content=\"1600\" \/>\n\t<meta property=\"og:image:height\" content=\"1200\" \/>\n\t<meta property=\"og:image:type\" content=\"image\/jpeg\" \/>\n<meta name=\"twitter:card\" content=\"summary_large_image\" \/>\n<meta name=\"twitter:label1\" content=\"Escrito por\" \/>\n\t<meta name=\"twitter:data1\" content=\"elpuucnoticias\" \/>\n\t<meta name=\"twitter:label2\" content=\"Tiempo de lectura\" \/>\n\t<meta name=\"twitter:data2\" content=\"2 minutos\" \/>\n<script type=\"application\/ld+json\" class=\"yoast-schema-graph\">{\"@context\":\"https:\/\/schema.org\",\"@graph\":[{\"@type\":\"WebSite\",\"@id\":\"https:\/\/elpuucnoticias.com\/#website\",\"url\":\"https:\/\/elpuucnoticias.com\/\",\"name\":\"El Puuc Noticias\",\"description\":\"Noticias - Entretenimiento - Deportes\",\"potentialAction\":[{\"@type\":\"SearchAction\",\"target\":{\"@type\":\"EntryPoint\",\"urlTemplate\":\"https:\/\/elpuucnoticias.com\/?s={search_term_string}\"},\"query-input\":\"required name=search_term_string\"}],\"inLanguage\":\"es\"},{\"@type\":\"ImageObject\",\"@id\":\"https:\/\/elpuucnoticias.com\/?p=5125#primaryimage\",\"inLanguage\":\"es\",\"url\":\"https:\/\/elpuucnoticias.com\/wp-content\/uploads\/2022\/12\/cojudeq-gimnasia1.jpg\",\"contentUrl\":\"https:\/\/elpuucnoticias.com\/wp-content\/uploads\/2022\/12\/cojudeq-gimnasia1.jpg\",\"width\":1600,\"height\":1200},{\"@type\":\"WebPage\",\"@id\":\"https:\/\/elpuucnoticias.com\/?p=5125#webpage\",\"url\":\"https:\/\/elpuucnoticias.com\/?p=5125\",\"name\":\"Brilla Helena C\u00e1rdenas en el Campeonato Mundial de Gimnasia en el viejo continente - El Puuc Noticias\",\"isPartOf\":{\"@id\":\"https:\/\/elpuucnoticias.com\/#website\"},\"primaryImageOfPage\":{\"@id\":\"https:\/\/elpuucnoticias.com\/?p=5125#primaryimage\"},\"datePublished\":\"2022-12-07T21:49:07+00:00\",\"dateModified\":\"2022-12-07T21:49:08+00:00\",\"author\":{\"@id\":\"https:\/\/elpuucnoticias.com\/#\/schema\/person\/d2ea09e4c97f0160b11cdfb1d856bd9e\"},\"breadcrumb\":{\"@id\":\"https:\/\/elpuucnoticias.com\/?p=5125#breadcrumb\"},\"inLanguage\":\"es\",\"potentialAction\":[{\"@type\":\"ReadAction\",\"target\":[\"https:\/\/elpuucnoticias.com\/?p=5125\"]}]},{\"@type\":\"BreadcrumbList\",\"@id\":\"https:\/\/elpuucnoticias.com\/?p=5125#breadcrumb\",\"itemListElement\":[{\"@type\":\"ListItem\",\"position\":1,\"name\":\"Portada\",\"item\":\"https:\/\/elpuucnoticias.com\/\"},{\"@type\":\"ListItem\",\"position\":2,\"name\":\"Brilla Helena C\u00e1rdenas en el Campeonato Mundial de Gimnasia en el viejo continente\"}]},{\"@type\":\"Person\",\"@id\":\"https:\/\/elpuucnoticias.com\/#\/schema\/person\/d2ea09e4c97f0160b11cdfb1d856bd9e\",\"name\":\"elpuucnoticias\",\"image\":{\"@type\":\"ImageObject\",\"@id\":\"https:\/\/elpuucnoticias.com\/#personlogo\",\"inLanguage\":\"es\",\"url\":\"https:\/\/secure.gravatar.com\/avatar\/5290a43657c74ffa15701dbe5b846bd85cc71930d803c84e91046a7333de6ce2?s=96&d=mm&r=g\",\"contentUrl\":\"https:\/\/secure.gravatar.com\/avatar\/5290a43657c74ffa15701dbe5b846bd85cc71930d803c84e91046a7333de6ce2?s=96&d=mm&r=g\",\"caption\":\"elpuucnoticias\"},\"sameAs\":[\"https:\/\/elpuucnoticias.com\"],\"url\":\"https:\/\/elpuucnoticias.com\/?author=1\"}]}<\/script>\n<!-- \/ Yoast SEO plugin. -->","yoast_head_json":{"title":"Brilla Helena C\u00e1rdenas en el Campeonato Mundial de Gimnasia en el viejo continente - El Puuc Noticias","robots":{"index":"index","follow":"follow","max-snippet":"max-snippet:-1","max-image-preview":"max-image-preview:large","max-video-preview":"max-video-preview:-1"},"canonical":"https:\/\/elpuucnoticias.com\/?p=5125","og_locale":"es_ES","og_type":"article","og_title":"Brilla Helena C\u00e1rdenas en el Campeonato Mundial de Gimnasia en el viejo continente - El Puuc Noticias","og_description":"La quintanarroense Helena C\u00e1rdenas Valencia se adjudic\u00f3 el primer lugar en la categor\u00eda novatos dentro del Campeonato Mundial","og_url":"https:\/\/elpuucnoticias.com\/?p=5125","og_site_name":"El Puuc Noticias","article_published_time":"2022-12-07T21:49:07+00:00","article_modified_time":"2022-12-07T21:49:08+00:00","og_image":[{"width":1600,"height":1200,"url":"https:\/\/elpuucnoticias.com\/wp-content\/uploads\/2022\/12\/cojudeq-gimnasia1.jpg","type":"image\/jpeg"}],"twitter_card":"summary_large_image","twitter_misc":{"Escrito por":"elpuucnoticias","Tiempo de lectura":"2 minutos"},"schema":{"@context":"https:\/\/schema.org","@graph":[{"@type":"WebSite","@id":"https:\/\/elpuucnoticias.com\/#website","url":"https:\/\/elpuucnoticias.com\/","name":"El Puuc Noticias","description":"Noticias - Entretenimiento - Deportes","potentialAction":[{"@type":"SearchAction","target":{"@type":"EntryPoint","urlTemplate":"https:\/\/elpuucnoticias.com\/?s={search_term_string}"},"query-input":"required name=search_term_string"}],"inLanguage":"es"},{"@type":"ImageObject","@id":"https:\/\/elpuucnoticias.com\/?p=5125#primaryimage","inLanguage":"es","url":"https:\/\/elpuucnoticias.com\/wp-content\/uploads\/2022\/12\/cojudeq-gimnasia1.jpg","contentUrl":"https:\/\/elpuucnoticias.com\/wp-content\/uploads\/2022\/12\/cojudeq-gimnasia1.jpg","width":1600,"height":1200},{"@type":"WebPage","@id":"https:\/\/elpuucnoticias.com\/?p=5125#webpage","url":"https:\/\/elpuucnoticias.com\/?p=5125","name":"Brilla Helena C\u00e1rdenas en el Campeonato Mundial de Gimnasia en el viejo continente - El Puuc Noticias","isPartOf":{"@id":"https:\/\/elpuucnoticias.com\/#website"},"primaryImageOfPage":{"@id":"https:\/\/elpuucnoticias.com\/?p=5125#primaryimage"},"datePublished":"2022-12-07T21:49:07+00:00","dateModified":"2022-12-07T21:49:08+00:00","author":{"@id":"https:\/\/elpuucnoticias.com\/#\/schema\/person\/d2ea09e4c97f0160b11cdfb1d856bd9e"},"breadcrumb":{"@id":"https:\/\/elpuucnoticias.com\/?p=5125#breadcrumb"},"inLanguage":"es","potentialAction":[{"@type":"ReadAction","target":["https:\/\/elpuucnoticias.com\/?p=5125"]}]},{"@type":"BreadcrumbList","@id":"https:\/\/elpuucnoticias.com\/?p=5125#breadcrumb","itemListElement":[{"@type":"ListItem","position":1,"name":"Portada","item":"https:\/\/elpuucnoticias.com\/"},{"@type":"ListItem","position":2,"name":"Brilla Helena C\u00e1rdenas en el Campeonato Mundial de Gimnasia en el viejo continente"}]},{"@type":"Person","@id":"https:\/\/elpuucnoticias.com\/#\/schema\/person\/d2ea09e4c97f0160b11cdfb1d856bd9e","name":"elpuucnoticias","image":{"@type":"ImageObject","@id":"https:\/\/elpuucnoticias.com\/#personlogo","inLanguage":"es","url":"https:\/\/secure.gravatar.com\/avatar\/5290a43657c74ffa15701dbe5b846bd85cc71930d803c84e91046a7333de6ce2?s=96&d=mm&r=g","contentUrl":"https:\/\/secure.gravatar.com\/avatar\/5290a43657c74ffa15701dbe5b846bd85cc71930d803c84e91046a7333de6ce2?s=96&d=mm&r=g","caption":"elpuucnoticias"},"sameAs":["https:\/\/elpuucnoticias.com"],"url":"https:\/\/elpuucnoticias.com\/?author=1"}]}},"_links":{"self":[{"href":"https:\/\/elpuucnoticias.com\/index.php?rest_route=\/wp\/v2\/posts\/5125","targetHints":{"allow":["GET"]}}],"collection":[{"href":"https:\/\/elpuucnoticias.com\/index.php?rest_route=\/wp\/v2\/posts"}],"about":[{"href":"https:\/\/elpuucnoticias.com\/index.php?rest_route=\/wp\/v2\/types\/post"}],"author":[{"embeddable":true,"href":"https:\/\/elpuucnoticias.com\/index.php?rest_route=\/wp\/v2\/users\/1"}],"replies":[{"embeddable":true,"href":"https:\/\/elpuucnoticias.com\/index.php?rest_route=%2Fwp%2Fv2%2Fcomments&post=5125"}],"version-history":[{"count":1,"href":"https:\/\/elpuucnoticias.com\/index.php?rest_route=\/wp\/v2\/posts\/5125\/revisions"}],"predecessor-version":[{"id":5129,"href":"https:\/\/elpuucnoticias.com\/index.php?rest_route=\/wp\/v2\/posts\/5125\/revisions\/5129"}],"wp:featuredmedia":[{"embeddable":true,"href":"https:\/\/elpuucnoticias.com\/index.php?rest_route=\/wp\/v2\/media\/5126"}],"wp:attachment":[{"href":"https:\/\/elpuucnoticias.com\/index.php?rest_route=%2Fwp%2Fv2%2Fmedia&parent=5125"}],"wp:term":[{"taxonomy":"category","embeddable":true,"href":"https:\/\/elpuucnoticias.com\/index.php?rest_route=%2Fwp%2Fv2%2Fcategories&post=5125"},{"taxonomy":"post_tag","embeddable":true,"href":"https:\/\/elpuucnoticias.com\/index.php?rest_route=%2Fwp%2Fv2%2Ftags&post=5125"}],"curies":[{"name":"wp","href":"https:\/\/api.w.org\/{rel}","templated":true}]}}