{"id":5144,"date":"2022-12-08T04:33:56","date_gmt":"2022-12-08T10:33:56","guid":{"rendered":"https:\/\/elpuucnoticias.com\/?p=5144"},"modified":"2022-12-08T04:33:57","modified_gmt":"2022-12-08T10:33:57","slug":"registran-presencia-de-flamenco-anillado-en-punta-sur","status":"publish","type":"post","link":"https:\/\/elpuucnoticias.com\/?p=5144","title":{"rendered":"Registran presencia de flamenco anillado en Punta Sur"},"content":{"rendered":"\n<p>Tras el avistamiento de la primera parvada de flamencos rosados (Phoenicopterus ruber) en el Parque Ecotur\u00edstico Punta Sur, la Fundaci\u00f3n de Parques y Museos de Cozumel (FPMC) document\u00f3 la presencia de un individuo con placa de identificaci\u00f3n de la Fundaci\u00f3n Pedro y Elena Hern\u00e1ndez A.C, con lo que contribuye al estudio de la poblaci\u00f3n del flamenco en la Pen\u00ednsula de Yucat\u00e1n y constata el buen estado de conservaci\u00f3n de la Reserva Ecol\u00f3gica Laguna Colombia.<\/p>\n\n\n\n<p>En el \u00e1nimo de trabajar en funci\u00f3n de objetivos comunes, mediante la suma de esfuerzos entre las instituciones por medio del Nuevo Acuerdo por el Bienestar y Desarrollo de Quintana Roo, que impulsa la gobernadora Mara Lezama, la FPMC colabora con otros organismos dedicados a la educaci\u00f3n ambiental y participaci\u00f3n social enfocados a diversos sectores como estudiantes, prestadores de servicios, grupos comunitarios y p\u00fablico en general, destac\u00f3 el director de Punta Sur, Jes\u00fas Benavides Andrade.<\/p>\n\n\n\n<p>Explic\u00f3 que estas marcas permiten conocer la longevidad y desplazamiento de los flamencos, por lo que es importante hacer el contacto con la Fundaci\u00f3n Pedro y Elena Hern\u00e1ndez A.C. que se dedica al rescate y la conservaci\u00f3n de la gran riqueza natural de M\u00e9xico, tomando como eje primordial al ser humano y su relaci\u00f3n con el entorno en el que vive.<\/p>\n\n\n\n<p>Por su parte, el subdirector del parque ecotur\u00edstico, H\u00e9ctor Gonz\u00e1lez Cort\u00e9s, quien hizo el avistamiento inform\u00f3 que el flamenco identificado con el c\u00f3digo DXZZ, corresponde a un individuo macho que fue anillado en el a\u00f1o 2000 en la Reserva de la Bi\u00f3sfera R\u00eda Lagartos, por lo que se sabe que es un ejemplar de 22 a\u00f1os y de acuerdo al registro mide 21 cent\u00edmetros en el tarso, 38 cent\u00edmetros en el ala, con un peso de 2.1 kilos, y coment\u00f3 que es el segundo a\u00f1o que se registra la presencia del mismo esp\u00e9cimen en Punta Sur.<\/p>\n\n\n\n<p>Abund\u00f3 en que desde hace 23 a\u00f1os diversas organizaciones iniciaron acciones enfocadas a la conservaci\u00f3n del flamenco del Caribe en Yucat\u00e1n, con financiamiento de Fundaci\u00f3n Pedro y Elena Hern\u00e1ndez A.C. y desde el 2015, ejecutan de manera directa el estudio de poblaci\u00f3n del flamenco en la Pen\u00ednsula de Yucat\u00e1n, desarrollando nuevas metodolog\u00edas haciendo uso de la tecnolog\u00eda.<\/p>\n\n\n\n<p>Para finalizar, el subdirector de Punta Sur dijo que los flamencos son una especie prioritaria para la conservaci\u00f3n de la biodiversidad y de los ecosistemas costeros de Punta Sur, de la isla en general y del Caribe Mexicano, que forman parte del patrimonio biocultural y que son un ingrediente adicional de la belleza paisaj\u00edstica que ofrece Cozumel al mundo.<\/p>\n","protected":false},"excerpt":{"rendered":"<p>Tras el avistamiento de la primera parvada de flamencos rosados (Phoenicopterus ruber) en el Parque Ecotur\u00edstico Punta Sur,<\/p>\n","protected":false},"author":1,"featured_media":5145,"comment_status":"closed","ping_status":"open","sticky":false,"template":"","format":"standard","meta":{"_monsterinsights_skip_tracking":false,"_monsterinsights_sitenote_active":false,"_monsterinsights_sitenote_note":"","_monsterinsights_sitenote_category":0,"footnotes":""},"categories":[11,24],"tags":[],"class_list":["post-5144","post","type-post","status-publish","format-standard","has-post-thumbnail","hentry","category-noticias","category-quintana-roo"],"yoast_head":"<!-- This site is optimized with the Yoast SEO plugin v18.3 - https:\/\/yoast.com\/wordpress\/plugins\/seo\/ -->\n<title>Registran presencia de flamenco anillado en Punta Sur - El Puuc Noticias<\/title>\n<meta name=\"robots\" content=\"index, follow, max-snippet:-1, max-image-preview:large, max-video-preview:-1\" \/>\n<link rel=\"canonical\" href=\"https:\/\/elpuucnoticias.com\/?p=5144\" \/>\n<meta property=\"og:locale\" content=\"es_ES\" \/>\n<meta property=\"og:type\" content=\"article\" \/>\n<meta property=\"og:title\" content=\"Registran presencia de flamenco anillado en Punta Sur - El Puuc Noticias\" \/>\n<meta property=\"og:description\" content=\"Tras el avistamiento de la primera parvada de flamencos rosados (Phoenicopterus ruber) en el Parque Ecotur\u00edstico Punta Sur,\" \/>\n<meta property=\"og:url\" content=\"https:\/\/elpuucnoticias.com\/?p=5144\" \/>\n<meta property=\"og:site_name\" content=\"El Puuc Noticias\" \/>\n<meta property=\"article:published_time\" content=\"2022-12-08T10:33:56+00:00\" \/>\n<meta property=\"article:modified_time\" content=\"2022-12-08T10:33:57+00:00\" \/>\n<meta property=\"og:image\" content=\"https:\/\/elpuucnoticias.com\/wp-content\/uploads\/2022\/12\/FPMC-flamenco3.jpeg\" \/>\n\t<meta property=\"og:image:width\" content=\"1280\" \/>\n\t<meta property=\"og:image:height\" content=\"853\" \/>\n\t<meta property=\"og:image:type\" content=\"image\/jpeg\" \/>\n<meta name=\"twitter:card\" content=\"summary_large_image\" \/>\n<meta name=\"twitter:label1\" content=\"Escrito por\" \/>\n\t<meta name=\"twitter:data1\" content=\"elpuucnoticias\" \/>\n\t<meta name=\"twitter:label2\" content=\"Tiempo de lectura\" \/>\n\t<meta name=\"twitter:data2\" content=\"2 minutos\" \/>\n<script type=\"application\/ld+json\" class=\"yoast-schema-graph\">{\"@context\":\"https:\/\/schema.org\",\"@graph\":[{\"@type\":\"WebSite\",\"@id\":\"https:\/\/elpuucnoticias.com\/#website\",\"url\":\"https:\/\/elpuucnoticias.com\/\",\"name\":\"El Puuc Noticias\",\"description\":\"Noticias - Entretenimiento - Deportes\",\"potentialAction\":[{\"@type\":\"SearchAction\",\"target\":{\"@type\":\"EntryPoint\",\"urlTemplate\":\"https:\/\/elpuucnoticias.com\/?s={search_term_string}\"},\"query-input\":\"required name=search_term_string\"}],\"inLanguage\":\"es\"},{\"@type\":\"ImageObject\",\"@id\":\"https:\/\/elpuucnoticias.com\/?p=5144#primaryimage\",\"inLanguage\":\"es\",\"url\":\"https:\/\/elpuucnoticias.com\/wp-content\/uploads\/2022\/12\/FPMC-flamenco3.jpeg\",\"contentUrl\":\"https:\/\/elpuucnoticias.com\/wp-content\/uploads\/2022\/12\/FPMC-flamenco3.jpeg\",\"width\":1280,\"height\":853},{\"@type\":\"WebPage\",\"@id\":\"https:\/\/elpuucnoticias.com\/?p=5144#webpage\",\"url\":\"https:\/\/elpuucnoticias.com\/?p=5144\",\"name\":\"Registran presencia de flamenco anillado en Punta Sur - El Puuc Noticias\",\"isPartOf\":{\"@id\":\"https:\/\/elpuucnoticias.com\/#website\"},\"primaryImageOfPage\":{\"@id\":\"https:\/\/elpuucnoticias.com\/?p=5144#primaryimage\"},\"datePublished\":\"2022-12-08T10:33:56+00:00\",\"dateModified\":\"2022-12-08T10:33:57+00:00\",\"author\":{\"@id\":\"https:\/\/elpuucnoticias.com\/#\/schema\/person\/d2ea09e4c97f0160b11cdfb1d856bd9e\"},\"breadcrumb\":{\"@id\":\"https:\/\/elpuucnoticias.com\/?p=5144#breadcrumb\"},\"inLanguage\":\"es\",\"potentialAction\":[{\"@type\":\"ReadAction\",\"target\":[\"https:\/\/elpuucnoticias.com\/?p=5144\"]}]},{\"@type\":\"BreadcrumbList\",\"@id\":\"https:\/\/elpuucnoticias.com\/?p=5144#breadcrumb\",\"itemListElement\":[{\"@type\":\"ListItem\",\"position\":1,\"name\":\"Portada\",\"item\":\"https:\/\/elpuucnoticias.com\/\"},{\"@type\":\"ListItem\",\"position\":2,\"name\":\"Registran presencia de flamenco anillado en Punta Sur\"}]},{\"@type\":\"Person\",\"@id\":\"https:\/\/elpuucnoticias.com\/#\/schema\/person\/d2ea09e4c97f0160b11cdfb1d856bd9e\",\"name\":\"elpuucnoticias\",\"image\":{\"@type\":\"ImageObject\",\"@id\":\"https:\/\/elpuucnoticias.com\/#personlogo\",\"inLanguage\":\"es\",\"url\":\"https:\/\/secure.gravatar.com\/avatar\/5290a43657c74ffa15701dbe5b846bd85cc71930d803c84e91046a7333de6ce2?s=96&d=mm&r=g\",\"contentUrl\":\"https:\/\/secure.gravatar.com\/avatar\/5290a43657c74ffa15701dbe5b846bd85cc71930d803c84e91046a7333de6ce2?s=96&d=mm&r=g\",\"caption\":\"elpuucnoticias\"},\"sameAs\":[\"https:\/\/elpuucnoticias.com\"],\"url\":\"https:\/\/elpuucnoticias.com\/?author=1\"}]}<\/script>\n<!-- \/ Yoast SEO plugin. -->","yoast_head_json":{"title":"Registran presencia de flamenco anillado en Punta Sur - El Puuc Noticias","robots":{"index":"index","follow":"follow","max-snippet":"max-snippet:-1","max-image-preview":"max-image-preview:large","max-video-preview":"max-video-preview:-1"},"canonical":"https:\/\/elpuucnoticias.com\/?p=5144","og_locale":"es_ES","og_type":"article","og_title":"Registran presencia de flamenco anillado en Punta Sur - El Puuc Noticias","og_description":"Tras el avistamiento de la primera parvada de flamencos rosados (Phoenicopterus ruber) en el Parque Ecotur\u00edstico Punta Sur,","og_url":"https:\/\/elpuucnoticias.com\/?p=5144","og_site_name":"El Puuc Noticias","article_published_time":"2022-12-08T10:33:56+00:00","article_modified_time":"2022-12-08T10:33:57+00:00","og_image":[{"width":1280,"height":853,"url":"https:\/\/elpuucnoticias.com\/wp-content\/uploads\/2022\/12\/FPMC-flamenco3.jpeg","type":"image\/jpeg"}],"twitter_card":"summary_large_image","twitter_misc":{"Escrito por":"elpuucnoticias","Tiempo de lectura":"2 minutos"},"schema":{"@context":"https:\/\/schema.org","@graph":[{"@type":"WebSite","@id":"https:\/\/elpuucnoticias.com\/#website","url":"https:\/\/elpuucnoticias.com\/","name":"El Puuc Noticias","description":"Noticias - Entretenimiento - Deportes","potentialAction":[{"@type":"SearchAction","target":{"@type":"EntryPoint","urlTemplate":"https:\/\/elpuucnoticias.com\/?s={search_term_string}"},"query-input":"required name=search_term_string"}],"inLanguage":"es"},{"@type":"ImageObject","@id":"https:\/\/elpuucnoticias.com\/?p=5144#primaryimage","inLanguage":"es","url":"https:\/\/elpuucnoticias.com\/wp-content\/uploads\/2022\/12\/FPMC-flamenco3.jpeg","contentUrl":"https:\/\/elpuucnoticias.com\/wp-content\/uploads\/2022\/12\/FPMC-flamenco3.jpeg","width":1280,"height":853},{"@type":"WebPage","@id":"https:\/\/elpuucnoticias.com\/?p=5144#webpage","url":"https:\/\/elpuucnoticias.com\/?p=5144","name":"Registran presencia de flamenco anillado en Punta Sur - El Puuc Noticias","isPartOf":{"@id":"https:\/\/elpuucnoticias.com\/#website"},"primaryImageOfPage":{"@id":"https:\/\/elpuucnoticias.com\/?p=5144#primaryimage"},"datePublished":"2022-12-08T10:33:56+00:00","dateModified":"2022-12-08T10:33:57+00:00","author":{"@id":"https:\/\/elpuucnoticias.com\/#\/schema\/person\/d2ea09e4c97f0160b11cdfb1d856bd9e"},"breadcrumb":{"@id":"https:\/\/elpuucnoticias.com\/?p=5144#breadcrumb"},"inLanguage":"es","potentialAction":[{"@type":"ReadAction","target":["https:\/\/elpuucnoticias.com\/?p=5144"]}]},{"@type":"BreadcrumbList","@id":"https:\/\/elpuucnoticias.com\/?p=5144#breadcrumb","itemListElement":[{"@type":"ListItem","position":1,"name":"Portada","item":"https:\/\/elpuucnoticias.com\/"},{"@type":"ListItem","position":2,"name":"Registran presencia de flamenco anillado en Punta Sur"}]},{"@type":"Person","@id":"https:\/\/elpuucnoticias.com\/#\/schema\/person\/d2ea09e4c97f0160b11cdfb1d856bd9e","name":"elpuucnoticias","image":{"@type":"ImageObject","@id":"https:\/\/elpuucnoticias.com\/#personlogo","inLanguage":"es","url":"https:\/\/secure.gravatar.com\/avatar\/5290a43657c74ffa15701dbe5b846bd85cc71930d803c84e91046a7333de6ce2?s=96&d=mm&r=g","contentUrl":"https:\/\/secure.gravatar.com\/avatar\/5290a43657c74ffa15701dbe5b846bd85cc71930d803c84e91046a7333de6ce2?s=96&d=mm&r=g","caption":"elpuucnoticias"},"sameAs":["https:\/\/elpuucnoticias.com"],"url":"https:\/\/elpuucnoticias.com\/?author=1"}]}},"_links":{"self":[{"href":"https:\/\/elpuucnoticias.com\/index.php?rest_route=\/wp\/v2\/posts\/5144","targetHints":{"allow":["GET"]}}],"collection":[{"href":"https:\/\/elpuucnoticias.com\/index.php?rest_route=\/wp\/v2\/posts"}],"about":[{"href":"https:\/\/elpuucnoticias.com\/index.php?rest_route=\/wp\/v2\/types\/post"}],"author":[{"embeddable":true,"href":"https:\/\/elpuucnoticias.com\/index.php?rest_route=\/wp\/v2\/users\/1"}],"replies":[{"embeddable":true,"href":"https:\/\/elpuucnoticias.com\/index.php?rest_route=%2Fwp%2Fv2%2Fcomments&post=5144"}],"version-history":[{"count":1,"href":"https:\/\/elpuucnoticias.com\/index.php?rest_route=\/wp\/v2\/posts\/5144\/revisions"}],"predecessor-version":[{"id":5146,"href":"https:\/\/elpuucnoticias.com\/index.php?rest_route=\/wp\/v2\/posts\/5144\/revisions\/5146"}],"wp:featuredmedia":[{"embeddable":true,"href":"https:\/\/elpuucnoticias.com\/index.php?rest_route=\/wp\/v2\/media\/5145"}],"wp:attachment":[{"href":"https:\/\/elpuucnoticias.com\/index.php?rest_route=%2Fwp%2Fv2%2Fmedia&parent=5144"}],"wp:term":[{"taxonomy":"category","embeddable":true,"href":"https:\/\/elpuucnoticias.com\/index.php?rest_route=%2Fwp%2Fv2%2Fcategories&post=5144"},{"taxonomy":"post_tag","embeddable":true,"href":"https:\/\/elpuucnoticias.com\/index.php?rest_route=%2Fwp%2Fv2%2Ftags&post=5144"}],"curies":[{"name":"wp","href":"https:\/\/api.w.org\/{rel}","templated":true}]}}