{"id":5163,"date":"2022-12-08T15:21:36","date_gmt":"2022-12-08T21:21:36","guid":{"rendered":"https:\/\/elpuucnoticias.com\/?p=5163"},"modified":"2022-12-08T15:21:38","modified_gmt":"2022-12-08T21:21:38","slug":"colosos-de-frutas-te-esperan-en-la-feria-de-la-naranja-hoy-la-gran-inauguracion-de-los-festejos-en-oxkutzcab","status":"publish","type":"post","link":"https:\/\/elpuucnoticias.com\/?p=5163","title":{"rendered":"\u00abColosos\u00bb de frutas te esperan en la Feria de la Naranja. Hoy la gran inauguraci\u00f3n de los festejos en Oxkutzcab"},"content":{"rendered":"\n<p>Con\u00a0estructuras, r\u00e9plicas de animales de la regi\u00f3n hechas con c\u00edtricos, se engalana la avenida principal\u00a0de la\u00a0exhibici\u00f3n frut\u00edcola en la\u00a0Feria\u00a0de\u00a0la\u00a0Naranja en su edici\u00f3n XXXVI que lleva el tema \u00abNuestra Gente\u00bb.\u00a0<\/p>\n\n\n\n<p>El alcalde de Oxkutzcab, Juan Jos\u00e9 Mart\u00edn Fragoso, que encabeza el comit\u00e9 organizador de\u00a0las festividades, encabezar\u00e1 la ceremonia de inauguraci\u00f3n este jueves 8 de diciembre a las 8 de la noche.\u00a0<\/p>\n\n\n\n<figure class=\"wp-block-gallery has-nested-images columns-default is-cropped wp-block-gallery-1 is-layout-flex wp-block-gallery-is-layout-flex\">\n<figure class=\"wp-block-image size-large\"><img loading=\"lazy\" decoding=\"async\" width=\"1024\" height=\"819\" data-id=\"5166\" src=\"https:\/\/elpuucnoticias.com\/wp-content\/uploads\/2022\/12\/IMG_0082-1024x819.jpg\" alt=\"\" class=\"wp-image-5166\" srcset=\"https:\/\/elpuucnoticias.com\/wp-content\/uploads\/2022\/12\/IMG_0082-1024x819.jpg 1024w, https:\/\/elpuucnoticias.com\/wp-content\/uploads\/2022\/12\/IMG_0082-300x240.jpg 300w, https:\/\/elpuucnoticias.com\/wp-content\/uploads\/2022\/12\/IMG_0082-768x614.jpg 768w, https:\/\/elpuucnoticias.com\/wp-content\/uploads\/2022\/12\/IMG_0082-1536x1229.jpg 1536w, https:\/\/elpuucnoticias.com\/wp-content\/uploads\/2022\/12\/IMG_0082.jpg 1600w\" sizes=\"auto, (max-width: 1024px) 100vw, 1024px\" \/><\/figure>\n\n\n\n<figure class=\"wp-block-image size-large\"><img loading=\"lazy\" decoding=\"async\" width=\"1024\" height=\"683\" data-id=\"5165\" src=\"https:\/\/elpuucnoticias.com\/wp-content\/uploads\/2022\/12\/IMG_0083-1024x683.jpg\" alt=\"\" class=\"wp-image-5165\" srcset=\"https:\/\/elpuucnoticias.com\/wp-content\/uploads\/2022\/12\/IMG_0083-1024x683.jpg 1024w, https:\/\/elpuucnoticias.com\/wp-content\/uploads\/2022\/12\/IMG_0083-300x200.jpg 300w, https:\/\/elpuucnoticias.com\/wp-content\/uploads\/2022\/12\/IMG_0083-768x512.jpg 768w, https:\/\/elpuucnoticias.com\/wp-content\/uploads\/2022\/12\/IMG_0083-1536x1024.jpg 1536w, https:\/\/elpuucnoticias.com\/wp-content\/uploads\/2022\/12\/IMG_0083.jpg 1600w\" sizes=\"auto, (max-width: 1024px) 100vw, 1024px\" \/><\/figure>\n<\/figure>\n\n\n\n<p>El objetivo principal\u00a0de\u00a0la\u00a0feria\u00a0es promover\u00a0la\u00a0actividad citr\u00edcola, principal fuente de ingresos de m\u00e1s de 4,000 productores, y mediante el tema \u00abNuestra Gente\u00bb se crea el \u00abPaseo\u00a0de\u00a0los oxkutzcabenses\u00bb, para mostrar los hechos y haza\u00f1as\u00a0de\u00a0grandes nativos\u00a0del municipio, como Juan Jos\u00e9 Pacho, Tony Espinosa, Frank C\u00e1mara y\u00a0destacados chefs que trabajan en Estados Unidos.\u00a0\u00a0<\/p>\n\n\n\n<p>Tambi\u00e9n se promover\u00e1 la gastronom\u00eda y actividad de artesanos del municipio, de esta manera se garantiza que los miles de visitantes se divertir\u00e1n y podr\u00e1n comer cosas deliciosas.\u00a0<\/p>\n\n\n\n<figure class=\"wp-block-image size-large\"><img loading=\"lazy\" decoding=\"async\" width=\"1024\" height=\"176\" src=\"https:\/\/elpuucnoticias.com\/wp-content\/uploads\/2022\/11\/BANNER-NOVIEMBRE-22-1024x176.jpg\" alt=\"\" class=\"wp-image-4409\" srcset=\"https:\/\/elpuucnoticias.com\/wp-content\/uploads\/2022\/11\/BANNER-NOVIEMBRE-22-1024x176.jpg 1024w, https:\/\/elpuucnoticias.com\/wp-content\/uploads\/2022\/11\/BANNER-NOVIEMBRE-22-300x52.jpg 300w, https:\/\/elpuucnoticias.com\/wp-content\/uploads\/2022\/11\/BANNER-NOVIEMBRE-22-768x132.jpg 768w, https:\/\/elpuucnoticias.com\/wp-content\/uploads\/2022\/11\/BANNER-NOVIEMBRE-22-1536x264.jpg 1536w, https:\/\/elpuucnoticias.com\/wp-content\/uploads\/2022\/11\/BANNER-NOVIEMBRE-22.jpg 1600w\" sizes=\"auto, (max-width: 1024px) 100vw, 1024px\" \/><\/figure>\n\n\n\n<p>La\u00a0ceremonia inaugural ser\u00e1 presidida por autoridades estatales y municipales, con invitaci\u00f3n a los alcaldes de los municipios del Estado.\u00a0<\/p>\n\n\n\n<p>En la exposici\u00f3n citr\u00edcola participan unos 138 representantes de\u00a0unidades,\u00a0representados por la Reina de\u00a0las festividades\u00a0Engedi Isua Brice\u00f1o Uc.\u00a0<\/p>\n\n\n\n<p>En el teatro les pueblo se iniciar\u00e1n los eventos gratuitos a las 7 con la representaci\u00f3n Maya Boox Balam; y a las 9:30 ser\u00e1 la\u00a0vaquer\u00eda con las orquestas Ekmul y Ram\u00f3n Orteg\u00f3n, posteriormente se dar\u00e1 paso al concurso de jarana por pareja.\u2014 <em>El Puuc Noticias<\/em><\/p>\n","protected":false},"excerpt":{"rendered":"<p>Con\u00a0estructuras, r\u00e9plicas de animales de la regi\u00f3n hechas con c\u00edtricos, se engalana la avenida principal\u00a0de la\u00a0exhibici\u00f3n frut\u00edcola en<\/p>\n","protected":false},"author":1,"featured_media":5164,"comment_status":"closed","ping_status":"open","sticky":false,"template":"","format":"standard","meta":{"_monsterinsights_skip_tracking":false,"_monsterinsights_sitenote_active":false,"_monsterinsights_sitenote_note":"","_monsterinsights_sitenote_category":0,"footnotes":""},"categories":[11,14],"tags":[],"class_list":["post-5163","post","type-post","status-publish","format-standard","has-post-thumbnail","hentry","category-noticias","category-oxkutzcab"],"yoast_head":"<!-- This site is optimized with the Yoast SEO plugin v18.3 - https:\/\/yoast.com\/wordpress\/plugins\/seo\/ -->\n<title>&quot;Colosos&quot; de frutas te esperan en la Feria de la Naranja. Hoy la gran inauguraci\u00f3n de los festejos en Oxkutzcab - El Puuc Noticias<\/title>\n<meta name=\"robots\" content=\"index, follow, max-snippet:-1, max-image-preview:large, max-video-preview:-1\" \/>\n<link rel=\"canonical\" href=\"https:\/\/elpuucnoticias.com\/?p=5163\" \/>\n<meta property=\"og:locale\" content=\"es_ES\" \/>\n<meta property=\"og:type\" content=\"article\" \/>\n<meta property=\"og:title\" content=\"&quot;Colosos&quot; de frutas te esperan en la Feria de la Naranja. Hoy la gran inauguraci\u00f3n de los festejos en Oxkutzcab - El Puuc Noticias\" \/>\n<meta property=\"og:description\" content=\"Con\u00a0estructuras, r\u00e9plicas de animales de la regi\u00f3n hechas con c\u00edtricos, se engalana la avenida principal\u00a0de la\u00a0exhibici\u00f3n frut\u00edcola en\" \/>\n<meta property=\"og:url\" content=\"https:\/\/elpuucnoticias.com\/?p=5163\" \/>\n<meta property=\"og:site_name\" content=\"El Puuc Noticias\" \/>\n<meta property=\"article:published_time\" content=\"2022-12-08T21:21:36+00:00\" \/>\n<meta property=\"article:modified_time\" content=\"2022-12-08T21:21:38+00:00\" \/>\n<meta property=\"og:image\" content=\"https:\/\/elpuucnoticias.com\/wp-content\/uploads\/2022\/12\/IMG_0080-1-scaled.jpg\" \/>\n\t<meta property=\"og:image:width\" content=\"2560\" \/>\n\t<meta property=\"og:image:height\" content=\"2048\" \/>\n\t<meta property=\"og:image:type\" content=\"image\/jpeg\" \/>\n<meta name=\"twitter:card\" content=\"summary_large_image\" \/>\n<meta name=\"twitter:label1\" content=\"Escrito por\" \/>\n\t<meta name=\"twitter:data1\" content=\"elpuucnoticias\" \/>\n\t<meta name=\"twitter:label2\" content=\"Tiempo de lectura\" \/>\n\t<meta name=\"twitter:data2\" content=\"2 minutos\" \/>\n<script type=\"application\/ld+json\" class=\"yoast-schema-graph\">{\"@context\":\"https:\/\/schema.org\",\"@graph\":[{\"@type\":\"WebSite\",\"@id\":\"https:\/\/elpuucnoticias.com\/#website\",\"url\":\"https:\/\/elpuucnoticias.com\/\",\"name\":\"El Puuc Noticias\",\"description\":\"Noticias - Entretenimiento - Deportes\",\"potentialAction\":[{\"@type\":\"SearchAction\",\"target\":{\"@type\":\"EntryPoint\",\"urlTemplate\":\"https:\/\/elpuucnoticias.com\/?s={search_term_string}\"},\"query-input\":\"required name=search_term_string\"}],\"inLanguage\":\"es\"},{\"@type\":\"ImageObject\",\"@id\":\"https:\/\/elpuucnoticias.com\/?p=5163#primaryimage\",\"inLanguage\":\"es\",\"url\":\"https:\/\/elpuucnoticias.com\/wp-content\/uploads\/2022\/12\/IMG_0080-1-scaled.jpg\",\"contentUrl\":\"https:\/\/elpuucnoticias.com\/wp-content\/uploads\/2022\/12\/IMG_0080-1-scaled.jpg\",\"width\":2560,\"height\":2048},{\"@type\":\"WebPage\",\"@id\":\"https:\/\/elpuucnoticias.com\/?p=5163#webpage\",\"url\":\"https:\/\/elpuucnoticias.com\/?p=5163\",\"name\":\"\\\"Colosos\\\" de frutas te esperan en la Feria de la Naranja. Hoy la gran inauguraci\u00f3n de los festejos en Oxkutzcab - El Puuc Noticias\",\"isPartOf\":{\"@id\":\"https:\/\/elpuucnoticias.com\/#website\"},\"primaryImageOfPage\":{\"@id\":\"https:\/\/elpuucnoticias.com\/?p=5163#primaryimage\"},\"datePublished\":\"2022-12-08T21:21:36+00:00\",\"dateModified\":\"2022-12-08T21:21:38+00:00\",\"author\":{\"@id\":\"https:\/\/elpuucnoticias.com\/#\/schema\/person\/d2ea09e4c97f0160b11cdfb1d856bd9e\"},\"breadcrumb\":{\"@id\":\"https:\/\/elpuucnoticias.com\/?p=5163#breadcrumb\"},\"inLanguage\":\"es\",\"potentialAction\":[{\"@type\":\"ReadAction\",\"target\":[\"https:\/\/elpuucnoticias.com\/?p=5163\"]}]},{\"@type\":\"BreadcrumbList\",\"@id\":\"https:\/\/elpuucnoticias.com\/?p=5163#breadcrumb\",\"itemListElement\":[{\"@type\":\"ListItem\",\"position\":1,\"name\":\"Portada\",\"item\":\"https:\/\/elpuucnoticias.com\/\"},{\"@type\":\"ListItem\",\"position\":2,\"name\":\"\u00abColosos\u00bb de frutas te esperan en la Feria de la Naranja. Hoy la gran inauguraci\u00f3n de los festejos en Oxkutzcab\"}]},{\"@type\":\"Person\",\"@id\":\"https:\/\/elpuucnoticias.com\/#\/schema\/person\/d2ea09e4c97f0160b11cdfb1d856bd9e\",\"name\":\"elpuucnoticias\",\"image\":{\"@type\":\"ImageObject\",\"@id\":\"https:\/\/elpuucnoticias.com\/#personlogo\",\"inLanguage\":\"es\",\"url\":\"https:\/\/secure.gravatar.com\/avatar\/5290a43657c74ffa15701dbe5b846bd85cc71930d803c84e91046a7333de6ce2?s=96&d=mm&r=g\",\"contentUrl\":\"https:\/\/secure.gravatar.com\/avatar\/5290a43657c74ffa15701dbe5b846bd85cc71930d803c84e91046a7333de6ce2?s=96&d=mm&r=g\",\"caption\":\"elpuucnoticias\"},\"sameAs\":[\"https:\/\/elpuucnoticias.com\"],\"url\":\"https:\/\/elpuucnoticias.com\/?author=1\"}]}<\/script>\n<!-- \/ Yoast SEO plugin. -->","yoast_head_json":{"title":"\"Colosos\" de frutas te esperan en la Feria de la Naranja. Hoy la gran inauguraci\u00f3n de los festejos en Oxkutzcab - El Puuc Noticias","robots":{"index":"index","follow":"follow","max-snippet":"max-snippet:-1","max-image-preview":"max-image-preview:large","max-video-preview":"max-video-preview:-1"},"canonical":"https:\/\/elpuucnoticias.com\/?p=5163","og_locale":"es_ES","og_type":"article","og_title":"\"Colosos\" de frutas te esperan en la Feria de la Naranja. Hoy la gran inauguraci\u00f3n de los festejos en Oxkutzcab - El Puuc Noticias","og_description":"Con\u00a0estructuras, r\u00e9plicas de animales de la regi\u00f3n hechas con c\u00edtricos, se engalana la avenida principal\u00a0de la\u00a0exhibici\u00f3n frut\u00edcola en","og_url":"https:\/\/elpuucnoticias.com\/?p=5163","og_site_name":"El Puuc Noticias","article_published_time":"2022-12-08T21:21:36+00:00","article_modified_time":"2022-12-08T21:21:38+00:00","og_image":[{"width":2560,"height":2048,"url":"https:\/\/elpuucnoticias.com\/wp-content\/uploads\/2022\/12\/IMG_0080-1-scaled.jpg","type":"image\/jpeg"}],"twitter_card":"summary_large_image","twitter_misc":{"Escrito por":"elpuucnoticias","Tiempo de lectura":"2 minutos"},"schema":{"@context":"https:\/\/schema.org","@graph":[{"@type":"WebSite","@id":"https:\/\/elpuucnoticias.com\/#website","url":"https:\/\/elpuucnoticias.com\/","name":"El Puuc Noticias","description":"Noticias - Entretenimiento - Deportes","potentialAction":[{"@type":"SearchAction","target":{"@type":"EntryPoint","urlTemplate":"https:\/\/elpuucnoticias.com\/?s={search_term_string}"},"query-input":"required name=search_term_string"}],"inLanguage":"es"},{"@type":"ImageObject","@id":"https:\/\/elpuucnoticias.com\/?p=5163#primaryimage","inLanguage":"es","url":"https:\/\/elpuucnoticias.com\/wp-content\/uploads\/2022\/12\/IMG_0080-1-scaled.jpg","contentUrl":"https:\/\/elpuucnoticias.com\/wp-content\/uploads\/2022\/12\/IMG_0080-1-scaled.jpg","width":2560,"height":2048},{"@type":"WebPage","@id":"https:\/\/elpuucnoticias.com\/?p=5163#webpage","url":"https:\/\/elpuucnoticias.com\/?p=5163","name":"\"Colosos\" de frutas te esperan en la Feria de la Naranja. Hoy la gran inauguraci\u00f3n de los festejos en Oxkutzcab - El Puuc Noticias","isPartOf":{"@id":"https:\/\/elpuucnoticias.com\/#website"},"primaryImageOfPage":{"@id":"https:\/\/elpuucnoticias.com\/?p=5163#primaryimage"},"datePublished":"2022-12-08T21:21:36+00:00","dateModified":"2022-12-08T21:21:38+00:00","author":{"@id":"https:\/\/elpuucnoticias.com\/#\/schema\/person\/d2ea09e4c97f0160b11cdfb1d856bd9e"},"breadcrumb":{"@id":"https:\/\/elpuucnoticias.com\/?p=5163#breadcrumb"},"inLanguage":"es","potentialAction":[{"@type":"ReadAction","target":["https:\/\/elpuucnoticias.com\/?p=5163"]}]},{"@type":"BreadcrumbList","@id":"https:\/\/elpuucnoticias.com\/?p=5163#breadcrumb","itemListElement":[{"@type":"ListItem","position":1,"name":"Portada","item":"https:\/\/elpuucnoticias.com\/"},{"@type":"ListItem","position":2,"name":"\u00abColosos\u00bb de frutas te esperan en la Feria de la Naranja. Hoy la gran inauguraci\u00f3n de los festejos en Oxkutzcab"}]},{"@type":"Person","@id":"https:\/\/elpuucnoticias.com\/#\/schema\/person\/d2ea09e4c97f0160b11cdfb1d856bd9e","name":"elpuucnoticias","image":{"@type":"ImageObject","@id":"https:\/\/elpuucnoticias.com\/#personlogo","inLanguage":"es","url":"https:\/\/secure.gravatar.com\/avatar\/5290a43657c74ffa15701dbe5b846bd85cc71930d803c84e91046a7333de6ce2?s=96&d=mm&r=g","contentUrl":"https:\/\/secure.gravatar.com\/avatar\/5290a43657c74ffa15701dbe5b846bd85cc71930d803c84e91046a7333de6ce2?s=96&d=mm&r=g","caption":"elpuucnoticias"},"sameAs":["https:\/\/elpuucnoticias.com"],"url":"https:\/\/elpuucnoticias.com\/?author=1"}]}},"_links":{"self":[{"href":"https:\/\/elpuucnoticias.com\/index.php?rest_route=\/wp\/v2\/posts\/5163","targetHints":{"allow":["GET"]}}],"collection":[{"href":"https:\/\/elpuucnoticias.com\/index.php?rest_route=\/wp\/v2\/posts"}],"about":[{"href":"https:\/\/elpuucnoticias.com\/index.php?rest_route=\/wp\/v2\/types\/post"}],"author":[{"embeddable":true,"href":"https:\/\/elpuucnoticias.com\/index.php?rest_route=\/wp\/v2\/users\/1"}],"replies":[{"embeddable":true,"href":"https:\/\/elpuucnoticias.com\/index.php?rest_route=%2Fwp%2Fv2%2Fcomments&post=5163"}],"version-history":[{"count":1,"href":"https:\/\/elpuucnoticias.com\/index.php?rest_route=\/wp\/v2\/posts\/5163\/revisions"}],"predecessor-version":[{"id":5167,"href":"https:\/\/elpuucnoticias.com\/index.php?rest_route=\/wp\/v2\/posts\/5163\/revisions\/5167"}],"wp:featuredmedia":[{"embeddable":true,"href":"https:\/\/elpuucnoticias.com\/index.php?rest_route=\/wp\/v2\/media\/5164"}],"wp:attachment":[{"href":"https:\/\/elpuucnoticias.com\/index.php?rest_route=%2Fwp%2Fv2%2Fmedia&parent=5163"}],"wp:term":[{"taxonomy":"category","embeddable":true,"href":"https:\/\/elpuucnoticias.com\/index.php?rest_route=%2Fwp%2Fv2%2Fcategories&post=5163"},{"taxonomy":"post_tag","embeddable":true,"href":"https:\/\/elpuucnoticias.com\/index.php?rest_route=%2Fwp%2Fv2%2Ftags&post=5163"}],"curies":[{"name":"wp","href":"https:\/\/api.w.org\/{rel}","templated":true}]}}