{"id":5202,"date":"2022-12-14T17:50:35","date_gmt":"2022-12-14T23:50:35","guid":{"rendered":"https:\/\/elpuucnoticias.com\/?p=5202"},"modified":"2022-12-14T17:50:38","modified_gmt":"2022-12-14T23:50:38","slug":"ticul-recibe-reconocimiento-por-desempeno-municipal-y-buenas-practicas-municipales-2022","status":"publish","type":"post","link":"https:\/\/elpuucnoticias.com\/?p=5202","title":{"rendered":"Ticul recibe reconocimiento por desempe\u00f1o municipal y buenas pr\u00e1cticas municipales 2022"},"content":{"rendered":"\n<p>En d\u00edas pasados, a trav\u00e9s de sus redes sociales, el alcalde de Ticul, Rafael Montalvo Mata, inform\u00f3 que con gran satisfacci\u00f3n y compromiso se recibi\u00f3 de parte del Instituto Nacional para el Federalismo y Desarrollo Municipal el reconocimiento por haber obtenido la calificaci\u00f3n m\u00e1s alta del Estado de Yucat\u00e1n en la Gu\u00eda Consultiva de Desempe\u00f1o Municipal y Buenas Pr\u00e1cticas Municipales 2022 que eval\u00faa la eficiencia de cada acci\u00f3n emprendida por las \u00e1reas que integran la administraci\u00f3n p\u00fablica municipal que dirige.<\/p>\n\n\n\n<p>Las calificaciones m\u00e1s altas de todo el pa\u00eds fue para la ciudad zapatera, esto como resultado de la buena administraci\u00f3n no solo financiera sino, en el desempe\u00f1o de todas sus \u00e1reas gubernamentales.<\/p>\n\n\n\n<figure class=\"wp-block-image size-large\"><img loading=\"lazy\" decoding=\"async\" width=\"1024\" height=\"176\" src=\"https:\/\/elpuucnoticias.com\/wp-content\/uploads\/2022\/11\/BANNER-NOVIEMBRE-22-1024x176.jpg\" alt=\"\" class=\"wp-image-4409\" srcset=\"https:\/\/elpuucnoticias.com\/wp-content\/uploads\/2022\/11\/BANNER-NOVIEMBRE-22-1024x176.jpg 1024w, https:\/\/elpuucnoticias.com\/wp-content\/uploads\/2022\/11\/BANNER-NOVIEMBRE-22-300x52.jpg 300w, https:\/\/elpuucnoticias.com\/wp-content\/uploads\/2022\/11\/BANNER-NOVIEMBRE-22-768x132.jpg 768w, https:\/\/elpuucnoticias.com\/wp-content\/uploads\/2022\/11\/BANNER-NOVIEMBRE-22-1536x264.jpg 1536w, https:\/\/elpuucnoticias.com\/wp-content\/uploads\/2022\/11\/BANNER-NOVIEMBRE-22.jpg 1600w\" sizes=\"auto, (max-width: 1024px) 100vw, 1024px\" \/><\/figure>\n\n\n\n<p>Sin lugar a dudas este reconocimiento est\u00e1 ligado al gran compromiso que el primer edil ha demostrado a lo largo de sus dos administraciones municipales.<\/p>\n\n\n\n<p>Rafael Montalvo agreg\u00f3: \u201cReitero a la ciudadan\u00eda, redoblaremos el trabajo todos los d\u00edas hasta alcanzar la excelencia\u201d.<\/p>\n\n\n\n<p>De la misma manera agradeci\u00f3 a todas y todos los integrantes de la administraci\u00f3n p\u00fablica municipal por haber cumplido cabalmente con responsabilidad en cada tarea encomendada.<\/p>\n\n\n\n<p>A la ciudadan\u00eda; \u201cGracias por la confianza! Insisto, nadie dijo que ser\u00eda f\u00e1cil, pero tampoco nadie dijo que es imposible\u201d puntualiz\u00f3.\u2014 <em>El Puuc Noticias<\/em><\/p>\n","protected":false},"excerpt":{"rendered":"<p>En d\u00edas pasados, a trav\u00e9s de sus redes sociales, el alcalde de Ticul, Rafael Montalvo Mata, inform\u00f3 que<\/p>\n","protected":false},"author":1,"featured_media":5203,"comment_status":"closed","ping_status":"open","sticky":false,"template":"","format":"standard","meta":{"_monsterinsights_skip_tracking":false,"_monsterinsights_sitenote_active":false,"_monsterinsights_sitenote_note":"","_monsterinsights_sitenote_category":0,"footnotes":""},"categories":[11,13],"tags":[],"class_list":["post-5202","post","type-post","status-publish","format-standard","has-post-thumbnail","hentry","category-noticias","category-ticul"],"yoast_head":"<!-- This site is optimized with the Yoast SEO plugin v18.3 - https:\/\/yoast.com\/wordpress\/plugins\/seo\/ -->\n<title>Ticul recibe reconocimiento por desempe\u00f1o municipal y buenas pr\u00e1cticas municipales 2022 - El Puuc Noticias<\/title>\n<meta name=\"robots\" content=\"index, follow, max-snippet:-1, max-image-preview:large, max-video-preview:-1\" \/>\n<link rel=\"canonical\" href=\"https:\/\/elpuucnoticias.com\/?p=5202\" \/>\n<meta property=\"og:locale\" content=\"es_ES\" \/>\n<meta property=\"og:type\" content=\"article\" \/>\n<meta property=\"og:title\" content=\"Ticul recibe reconocimiento por desempe\u00f1o municipal y buenas pr\u00e1cticas municipales 2022 - El Puuc Noticias\" \/>\n<meta property=\"og:description\" content=\"En d\u00edas pasados, a trav\u00e9s de sus redes sociales, el alcalde de Ticul, Rafael Montalvo Mata, inform\u00f3 que\" \/>\n<meta property=\"og:url\" content=\"https:\/\/elpuucnoticias.com\/?p=5202\" \/>\n<meta property=\"og:site_name\" content=\"El Puuc Noticias\" \/>\n<meta property=\"article:published_time\" content=\"2022-12-14T23:50:35+00:00\" \/>\n<meta property=\"article:modified_time\" content=\"2022-12-14T23:50:38+00:00\" \/>\n<meta property=\"og:image\" content=\"https:\/\/elpuucnoticias.com\/wp-content\/uploads\/2022\/12\/WhatsApp-Image-2022-12-14-at-5.47.46-PM.jpeg\" \/>\n\t<meta property=\"og:image:width\" content=\"1080\" \/>\n\t<meta property=\"og:image:height\" content=\"684\" \/>\n\t<meta property=\"og:image:type\" content=\"image\/jpeg\" \/>\n<meta name=\"twitter:card\" content=\"summary_large_image\" \/>\n<meta name=\"twitter:label1\" content=\"Escrito por\" \/>\n\t<meta name=\"twitter:data1\" content=\"elpuucnoticias\" \/>\n\t<meta name=\"twitter:label2\" content=\"Tiempo de lectura\" \/>\n\t<meta name=\"twitter:data2\" content=\"2 minutos\" \/>\n<script type=\"application\/ld+json\" class=\"yoast-schema-graph\">{\"@context\":\"https:\/\/schema.org\",\"@graph\":[{\"@type\":\"WebSite\",\"@id\":\"https:\/\/elpuucnoticias.com\/#website\",\"url\":\"https:\/\/elpuucnoticias.com\/\",\"name\":\"El Puuc Noticias\",\"description\":\"Noticias - Entretenimiento - Deportes\",\"potentialAction\":[{\"@type\":\"SearchAction\",\"target\":{\"@type\":\"EntryPoint\",\"urlTemplate\":\"https:\/\/elpuucnoticias.com\/?s={search_term_string}\"},\"query-input\":\"required name=search_term_string\"}],\"inLanguage\":\"es\"},{\"@type\":\"ImageObject\",\"@id\":\"https:\/\/elpuucnoticias.com\/?p=5202#primaryimage\",\"inLanguage\":\"es\",\"url\":\"https:\/\/elpuucnoticias.com\/wp-content\/uploads\/2022\/12\/WhatsApp-Image-2022-12-14-at-5.47.46-PM.jpeg\",\"contentUrl\":\"https:\/\/elpuucnoticias.com\/wp-content\/uploads\/2022\/12\/WhatsApp-Image-2022-12-14-at-5.47.46-PM.jpeg\",\"width\":1080,\"height\":684},{\"@type\":\"WebPage\",\"@id\":\"https:\/\/elpuucnoticias.com\/?p=5202#webpage\",\"url\":\"https:\/\/elpuucnoticias.com\/?p=5202\",\"name\":\"Ticul recibe reconocimiento por desempe\u00f1o municipal y buenas pr\u00e1cticas municipales 2022 - El Puuc Noticias\",\"isPartOf\":{\"@id\":\"https:\/\/elpuucnoticias.com\/#website\"},\"primaryImageOfPage\":{\"@id\":\"https:\/\/elpuucnoticias.com\/?p=5202#primaryimage\"},\"datePublished\":\"2022-12-14T23:50:35+00:00\",\"dateModified\":\"2022-12-14T23:50:38+00:00\",\"author\":{\"@id\":\"https:\/\/elpuucnoticias.com\/#\/schema\/person\/d2ea09e4c97f0160b11cdfb1d856bd9e\"},\"breadcrumb\":{\"@id\":\"https:\/\/elpuucnoticias.com\/?p=5202#breadcrumb\"},\"inLanguage\":\"es\",\"potentialAction\":[{\"@type\":\"ReadAction\",\"target\":[\"https:\/\/elpuucnoticias.com\/?p=5202\"]}]},{\"@type\":\"BreadcrumbList\",\"@id\":\"https:\/\/elpuucnoticias.com\/?p=5202#breadcrumb\",\"itemListElement\":[{\"@type\":\"ListItem\",\"position\":1,\"name\":\"Portada\",\"item\":\"https:\/\/elpuucnoticias.com\/\"},{\"@type\":\"ListItem\",\"position\":2,\"name\":\"Ticul recibe reconocimiento por desempe\u00f1o municipal y buenas pr\u00e1cticas municipales 2022\"}]},{\"@type\":\"Person\",\"@id\":\"https:\/\/elpuucnoticias.com\/#\/schema\/person\/d2ea09e4c97f0160b11cdfb1d856bd9e\",\"name\":\"elpuucnoticias\",\"image\":{\"@type\":\"ImageObject\",\"@id\":\"https:\/\/elpuucnoticias.com\/#personlogo\",\"inLanguage\":\"es\",\"url\":\"https:\/\/secure.gravatar.com\/avatar\/5290a43657c74ffa15701dbe5b846bd85cc71930d803c84e91046a7333de6ce2?s=96&d=mm&r=g\",\"contentUrl\":\"https:\/\/secure.gravatar.com\/avatar\/5290a43657c74ffa15701dbe5b846bd85cc71930d803c84e91046a7333de6ce2?s=96&d=mm&r=g\",\"caption\":\"elpuucnoticias\"},\"sameAs\":[\"https:\/\/elpuucnoticias.com\"],\"url\":\"https:\/\/elpuucnoticias.com\/?author=1\"}]}<\/script>\n<!-- \/ Yoast SEO plugin. -->","yoast_head_json":{"title":"Ticul recibe reconocimiento por desempe\u00f1o municipal y buenas pr\u00e1cticas municipales 2022 - El Puuc Noticias","robots":{"index":"index","follow":"follow","max-snippet":"max-snippet:-1","max-image-preview":"max-image-preview:large","max-video-preview":"max-video-preview:-1"},"canonical":"https:\/\/elpuucnoticias.com\/?p=5202","og_locale":"es_ES","og_type":"article","og_title":"Ticul recibe reconocimiento por desempe\u00f1o municipal y buenas pr\u00e1cticas municipales 2022 - El Puuc Noticias","og_description":"En d\u00edas pasados, a trav\u00e9s de sus redes sociales, el alcalde de Ticul, Rafael Montalvo Mata, inform\u00f3 que","og_url":"https:\/\/elpuucnoticias.com\/?p=5202","og_site_name":"El Puuc Noticias","article_published_time":"2022-12-14T23:50:35+00:00","article_modified_time":"2022-12-14T23:50:38+00:00","og_image":[{"width":1080,"height":684,"url":"https:\/\/elpuucnoticias.com\/wp-content\/uploads\/2022\/12\/WhatsApp-Image-2022-12-14-at-5.47.46-PM.jpeg","type":"image\/jpeg"}],"twitter_card":"summary_large_image","twitter_misc":{"Escrito por":"elpuucnoticias","Tiempo de lectura":"2 minutos"},"schema":{"@context":"https:\/\/schema.org","@graph":[{"@type":"WebSite","@id":"https:\/\/elpuucnoticias.com\/#website","url":"https:\/\/elpuucnoticias.com\/","name":"El Puuc Noticias","description":"Noticias - Entretenimiento - Deportes","potentialAction":[{"@type":"SearchAction","target":{"@type":"EntryPoint","urlTemplate":"https:\/\/elpuucnoticias.com\/?s={search_term_string}"},"query-input":"required name=search_term_string"}],"inLanguage":"es"},{"@type":"ImageObject","@id":"https:\/\/elpuucnoticias.com\/?p=5202#primaryimage","inLanguage":"es","url":"https:\/\/elpuucnoticias.com\/wp-content\/uploads\/2022\/12\/WhatsApp-Image-2022-12-14-at-5.47.46-PM.jpeg","contentUrl":"https:\/\/elpuucnoticias.com\/wp-content\/uploads\/2022\/12\/WhatsApp-Image-2022-12-14-at-5.47.46-PM.jpeg","width":1080,"height":684},{"@type":"WebPage","@id":"https:\/\/elpuucnoticias.com\/?p=5202#webpage","url":"https:\/\/elpuucnoticias.com\/?p=5202","name":"Ticul recibe reconocimiento por desempe\u00f1o municipal y buenas pr\u00e1cticas municipales 2022 - El Puuc Noticias","isPartOf":{"@id":"https:\/\/elpuucnoticias.com\/#website"},"primaryImageOfPage":{"@id":"https:\/\/elpuucnoticias.com\/?p=5202#primaryimage"},"datePublished":"2022-12-14T23:50:35+00:00","dateModified":"2022-12-14T23:50:38+00:00","author":{"@id":"https:\/\/elpuucnoticias.com\/#\/schema\/person\/d2ea09e4c97f0160b11cdfb1d856bd9e"},"breadcrumb":{"@id":"https:\/\/elpuucnoticias.com\/?p=5202#breadcrumb"},"inLanguage":"es","potentialAction":[{"@type":"ReadAction","target":["https:\/\/elpuucnoticias.com\/?p=5202"]}]},{"@type":"BreadcrumbList","@id":"https:\/\/elpuucnoticias.com\/?p=5202#breadcrumb","itemListElement":[{"@type":"ListItem","position":1,"name":"Portada","item":"https:\/\/elpuucnoticias.com\/"},{"@type":"ListItem","position":2,"name":"Ticul recibe reconocimiento por desempe\u00f1o municipal y buenas pr\u00e1cticas municipales 2022"}]},{"@type":"Person","@id":"https:\/\/elpuucnoticias.com\/#\/schema\/person\/d2ea09e4c97f0160b11cdfb1d856bd9e","name":"elpuucnoticias","image":{"@type":"ImageObject","@id":"https:\/\/elpuucnoticias.com\/#personlogo","inLanguage":"es","url":"https:\/\/secure.gravatar.com\/avatar\/5290a43657c74ffa15701dbe5b846bd85cc71930d803c84e91046a7333de6ce2?s=96&d=mm&r=g","contentUrl":"https:\/\/secure.gravatar.com\/avatar\/5290a43657c74ffa15701dbe5b846bd85cc71930d803c84e91046a7333de6ce2?s=96&d=mm&r=g","caption":"elpuucnoticias"},"sameAs":["https:\/\/elpuucnoticias.com"],"url":"https:\/\/elpuucnoticias.com\/?author=1"}]}},"_links":{"self":[{"href":"https:\/\/elpuucnoticias.com\/index.php?rest_route=\/wp\/v2\/posts\/5202","targetHints":{"allow":["GET"]}}],"collection":[{"href":"https:\/\/elpuucnoticias.com\/index.php?rest_route=\/wp\/v2\/posts"}],"about":[{"href":"https:\/\/elpuucnoticias.com\/index.php?rest_route=\/wp\/v2\/types\/post"}],"author":[{"embeddable":true,"href":"https:\/\/elpuucnoticias.com\/index.php?rest_route=\/wp\/v2\/users\/1"}],"replies":[{"embeddable":true,"href":"https:\/\/elpuucnoticias.com\/index.php?rest_route=%2Fwp%2Fv2%2Fcomments&post=5202"}],"version-history":[{"count":1,"href":"https:\/\/elpuucnoticias.com\/index.php?rest_route=\/wp\/v2\/posts\/5202\/revisions"}],"predecessor-version":[{"id":5204,"href":"https:\/\/elpuucnoticias.com\/index.php?rest_route=\/wp\/v2\/posts\/5202\/revisions\/5204"}],"wp:featuredmedia":[{"embeddable":true,"href":"https:\/\/elpuucnoticias.com\/index.php?rest_route=\/wp\/v2\/media\/5203"}],"wp:attachment":[{"href":"https:\/\/elpuucnoticias.com\/index.php?rest_route=%2Fwp%2Fv2%2Fmedia&parent=5202"}],"wp:term":[{"taxonomy":"category","embeddable":true,"href":"https:\/\/elpuucnoticias.com\/index.php?rest_route=%2Fwp%2Fv2%2Fcategories&post=5202"},{"taxonomy":"post_tag","embeddable":true,"href":"https:\/\/elpuucnoticias.com\/index.php?rest_route=%2Fwp%2Fv2%2Ftags&post=5202"}],"curies":[{"name":"wp","href":"https:\/\/api.w.org\/{rel}","templated":true}]}}