{"id":5219,"date":"2022-12-15T15:15:04","date_gmt":"2022-12-15T21:15:04","guid":{"rendered":"https:\/\/elpuucnoticias.com\/?p=5219"},"modified":"2022-12-15T15:15:04","modified_gmt":"2022-12-15T21:15:04","slug":"ticul-con-encanto-celebra-su-primer-aniversario-con-expo-navidena","status":"publish","type":"post","link":"https:\/\/elpuucnoticias.com\/?p=5219","title":{"rendered":"Ticul con Encanto celebra su primer aniversario con Expo Navide\u00f1a"},"content":{"rendered":"\n<p>Durante una semana, Ticul se convertir\u00e1 en sede de la Expo Navide\u00f1a 2022 \u201cTicul con Encanto\u201d que ser\u00e1 un gran escaparate comercial conformado por zapater\u00edas, artesan\u00edas, emprendedores, y contar\u00e1 con eventos art\u00edsticos y culturales.<\/p>\n\n\n\n<p>El alcalde de Ticul, Rafael Montalvo Mata, da un adelanto de varios n\u00fameros art\u00edsticos que amenizar\u00e1n el evento.<\/p>\n\n\n\n<figure class=\"wp-block-gallery has-nested-images columns-default is-cropped wp-block-gallery-1 is-layout-flex wp-block-gallery-is-layout-flex\">\n<figure class=\"wp-block-image size-large\"><img loading=\"lazy\" decoding=\"async\" width=\"1024\" height=\"853\" data-id=\"5221\" src=\"https:\/\/elpuucnoticias.com\/wp-content\/uploads\/2022\/12\/WhatsApp-Image-2022-12-15-at-10.09.18-AM-1024x853.jpeg\" alt=\"\" class=\"wp-image-5221\" srcset=\"https:\/\/elpuucnoticias.com\/wp-content\/uploads\/2022\/12\/WhatsApp-Image-2022-12-15-at-10.09.18-AM-1024x853.jpeg 1024w, https:\/\/elpuucnoticias.com\/wp-content\/uploads\/2022\/12\/WhatsApp-Image-2022-12-15-at-10.09.18-AM-300x250.jpeg 300w, https:\/\/elpuucnoticias.com\/wp-content\/uploads\/2022\/12\/WhatsApp-Image-2022-12-15-at-10.09.18-AM-768x640.jpeg 768w, https:\/\/elpuucnoticias.com\/wp-content\/uploads\/2022\/12\/WhatsApp-Image-2022-12-15-at-10.09.18-AM.jpeg 1225w\" sizes=\"auto, (max-width: 1024px) 100vw, 1024px\" \/><\/figure>\n\n\n\n<figure class=\"wp-block-image size-large\"><img loading=\"lazy\" decoding=\"async\" width=\"1024\" height=\"835\" data-id=\"5223\" src=\"https:\/\/elpuucnoticias.com\/wp-content\/uploads\/2022\/12\/WhatsApp-Image-2022-12-15-at-10.09.17-AM-2-1024x835.jpeg\" alt=\"\" class=\"wp-image-5223\" srcset=\"https:\/\/elpuucnoticias.com\/wp-content\/uploads\/2022\/12\/WhatsApp-Image-2022-12-15-at-10.09.17-AM-2-1024x835.jpeg 1024w, https:\/\/elpuucnoticias.com\/wp-content\/uploads\/2022\/12\/WhatsApp-Image-2022-12-15-at-10.09.17-AM-2-300x245.jpeg 300w, https:\/\/elpuucnoticias.com\/wp-content\/uploads\/2022\/12\/WhatsApp-Image-2022-12-15-at-10.09.17-AM-2-768x626.jpeg 768w, https:\/\/elpuucnoticias.com\/wp-content\/uploads\/2022\/12\/WhatsApp-Image-2022-12-15-at-10.09.17-AM-2.jpeg 1252w\" sizes=\"auto, (max-width: 1024px) 100vw, 1024px\" \/><\/figure>\n\n\n\n<figure class=\"wp-block-image size-large\"><img loading=\"lazy\" decoding=\"async\" width=\"1024\" height=\"682\" data-id=\"5222\" src=\"https:\/\/elpuucnoticias.com\/wp-content\/uploads\/2022\/12\/WhatsApp-Image-2022-12-15-at-10.09.17-AM-1-1024x682.jpeg\" alt=\"\" class=\"wp-image-5222\" srcset=\"https:\/\/elpuucnoticias.com\/wp-content\/uploads\/2022\/12\/WhatsApp-Image-2022-12-15-at-10.09.17-AM-1-1024x682.jpeg 1024w, https:\/\/elpuucnoticias.com\/wp-content\/uploads\/2022\/12\/WhatsApp-Image-2022-12-15-at-10.09.17-AM-1-300x200.jpeg 300w, https:\/\/elpuucnoticias.com\/wp-content\/uploads\/2022\/12\/WhatsApp-Image-2022-12-15-at-10.09.17-AM-1-768x512.jpeg 768w, https:\/\/elpuucnoticias.com\/wp-content\/uploads\/2022\/12\/WhatsApp-Image-2022-12-15-at-10.09.17-AM-1.jpeg 1280w\" sizes=\"auto, (max-width: 1024px) 100vw, 1024px\" \/><\/figure>\n<\/figure>\n\n\n\n<p>\u201cTendremos eventos para todo p\u00fablico, para los m\u00e1s peque\u00f1os shows infantiles, noche de academias de danza, presentaciones de teatro, adem\u00e1s de n\u00fameros musicales y shows c\u00f3micos para el p\u00fablico adulto\u201d.<\/p>\n\n\n\n<p>Montalvo Mata agreg\u00f3 que se est\u00e1 trabajando para convertir a Ticul en una ciudad con Encanto. \u00abAprovechando la celebraci\u00f3n del primer aniversario de este proyecto, queremos brindar un espacio a nuestros zapateros, artesanos y emprendedores locales y de municipios invitados para ofrecer a la venta sus productos en esta fecha que son de fiestas y celebraciones\u00bb.<\/p>\n\n\n\n<figure class=\"wp-block-image size-large\"><img loading=\"lazy\" decoding=\"async\" width=\"1024\" height=\"176\" src=\"https:\/\/elpuucnoticias.com\/wp-content\/uploads\/2022\/11\/BANNER-NOVIEMBRE-22-1024x176.jpg\" alt=\"\" class=\"wp-image-4409\" srcset=\"https:\/\/elpuucnoticias.com\/wp-content\/uploads\/2022\/11\/BANNER-NOVIEMBRE-22-1024x176.jpg 1024w, https:\/\/elpuucnoticias.com\/wp-content\/uploads\/2022\/11\/BANNER-NOVIEMBRE-22-300x52.jpg 300w, https:\/\/elpuucnoticias.com\/wp-content\/uploads\/2022\/11\/BANNER-NOVIEMBRE-22-768x132.jpg 768w, https:\/\/elpuucnoticias.com\/wp-content\/uploads\/2022\/11\/BANNER-NOVIEMBRE-22-1536x264.jpg 1536w, https:\/\/elpuucnoticias.com\/wp-content\/uploads\/2022\/11\/BANNER-NOVIEMBRE-22.jpg 1600w\" sizes=\"auto, (max-width: 1024px) 100vw, 1024px\" \/><\/figure>\n\n\n\n<p>\u201cTicul con Encanto ha sido uno de los proyectos m\u00e1s ambiciosos como Ayuntamiento, el haber llegado a lugares como Isla Mujeres, Campeche, M\u00e9rida y Progreso ha sido todo un reto\u00bb.<\/p>\n\n\n\n<p>\u00abQue estos municipios nos abran las puertas y nosotros como ciudad poder llevar nuestros productos hasta estos lugares donde el turismo es la mayor fuente econ\u00f3mica, ha resultado de gran beneficio para todos los productores de calzado, artesan\u00edas y gastronom\u00eda ticule\u00f1a que integran Ticul con Encanto\u201d.<\/p>\n\n\n\n<p>\u201cComo alcalde estoy orgulloso de llevar el nombre de Ticul por todo lo alto a estos lugares, agradezco el apoyo de los servidores p\u00fablicos, y hoy m\u00e1s que nunca me queda claro que todo se puede lograr para Ticul y en beneficio de nuestra ciudadan\u00eda\u201d, inform\u00f3 Montalvo Mata.<\/p>\n\n\n\n<figure class=\"wp-block-image size-large\"><img loading=\"lazy\" decoding=\"async\" width=\"663\" height=\"1024\" src=\"https:\/\/elpuucnoticias.com\/wp-content\/uploads\/2022\/12\/WhatsApp-Image-2022-12-15-at-9.53.19-AM-663x1024.jpeg\" alt=\"\" class=\"wp-image-5224\" srcset=\"https:\/\/elpuucnoticias.com\/wp-content\/uploads\/2022\/12\/WhatsApp-Image-2022-12-15-at-9.53.19-AM-663x1024.jpeg 663w, https:\/\/elpuucnoticias.com\/wp-content\/uploads\/2022\/12\/WhatsApp-Image-2022-12-15-at-9.53.19-AM-194x300.jpeg 194w, https:\/\/elpuucnoticias.com\/wp-content\/uploads\/2022\/12\/WhatsApp-Image-2022-12-15-at-9.53.19-AM-768x1186.jpeg 768w, https:\/\/elpuucnoticias.com\/wp-content\/uploads\/2022\/12\/WhatsApp-Image-2022-12-15-at-9.53.19-AM.jpeg 828w\" sizes=\"auto, (max-width: 663px) 100vw, 663px\" \/><\/figure>\n\n\n\n<p>En esta edici\u00f3n navide\u00f1a y aniversario de Ticul con Encanto se espera que habitantes y visitantes puedan disfrutar y tambi\u00e9n comprar a los productores, emprendedores y artesanos locales e invitados, ya que podr\u00e1n encontrar una amplia variedad de art\u00edculos a un excelente precio.<\/p>\n\n\n\n<p>La expo inicia este jueves 15 y culmina el 22 de diciembre en horario de 10 de la ma\u00f1ana a 10 de la noche, en el centro de la ciudad.\u2014 <em>El Puuc Noticias<\/em><\/p>\n","protected":false},"excerpt":{"rendered":"<p>Durante una semana, Ticul se convertir\u00e1 en sede de la Expo Navide\u00f1a 2022 \u201cTicul con Encanto\u201d que ser\u00e1<\/p>\n","protected":false},"author":1,"featured_media":5220,"comment_status":"closed","ping_status":"open","sticky":false,"template":"","format":"standard","meta":{"_monsterinsights_skip_tracking":false,"_monsterinsights_sitenote_active":false,"_monsterinsights_sitenote_note":"","_monsterinsights_sitenote_category":0,"footnotes":""},"categories":[11,13],"tags":[],"class_list":["post-5219","post","type-post","status-publish","format-standard","has-post-thumbnail","hentry","category-noticias","category-ticul"],"yoast_head":"<!-- This site is optimized with the Yoast SEO plugin v18.3 - https:\/\/yoast.com\/wordpress\/plugins\/seo\/ -->\n<title>Ticul con Encanto celebra su primer aniversario con Expo Navide\u00f1a - El Puuc Noticias<\/title>\n<meta name=\"robots\" content=\"index, follow, max-snippet:-1, max-image-preview:large, max-video-preview:-1\" \/>\n<link rel=\"canonical\" href=\"https:\/\/elpuucnoticias.com\/?p=5219\" \/>\n<meta property=\"og:locale\" content=\"es_ES\" \/>\n<meta property=\"og:type\" content=\"article\" \/>\n<meta property=\"og:title\" content=\"Ticul con Encanto celebra su primer aniversario con Expo Navide\u00f1a - El Puuc Noticias\" \/>\n<meta property=\"og:description\" content=\"Durante una semana, Ticul se convertir\u00e1 en sede de la Expo Navide\u00f1a 2022 \u201cTicul con Encanto\u201d que ser\u00e1\" \/>\n<meta property=\"og:url\" content=\"https:\/\/elpuucnoticias.com\/?p=5219\" \/>\n<meta property=\"og:site_name\" content=\"El Puuc Noticias\" \/>\n<meta property=\"article:published_time\" content=\"2022-12-15T21:15:04+00:00\" \/>\n<meta property=\"og:image\" content=\"https:\/\/elpuucnoticias.com\/wp-content\/uploads\/2022\/12\/WhatsApp-Image-2022-12-15-at-10.09.18-AM-1024x853.jpeg\" \/>\n<meta name=\"twitter:card\" content=\"summary_large_image\" \/>\n<meta name=\"twitter:label1\" content=\"Escrito por\" \/>\n\t<meta name=\"twitter:data1\" content=\"elpuucnoticias\" \/>\n\t<meta name=\"twitter:label2\" content=\"Tiempo de lectura\" \/>\n\t<meta name=\"twitter:data2\" content=\"2 minutos\" \/>\n<script type=\"application\/ld+json\" class=\"yoast-schema-graph\">{\"@context\":\"https:\/\/schema.org\",\"@graph\":[{\"@type\":\"WebSite\",\"@id\":\"https:\/\/elpuucnoticias.com\/#website\",\"url\":\"https:\/\/elpuucnoticias.com\/\",\"name\":\"El Puuc Noticias\",\"description\":\"Noticias - Entretenimiento - Deportes\",\"potentialAction\":[{\"@type\":\"SearchAction\",\"target\":{\"@type\":\"EntryPoint\",\"urlTemplate\":\"https:\/\/elpuucnoticias.com\/?s={search_term_string}\"},\"query-input\":\"required name=search_term_string\"}],\"inLanguage\":\"es\"},{\"@type\":\"ImageObject\",\"@id\":\"https:\/\/elpuucnoticias.com\/?p=5219#primaryimage\",\"inLanguage\":\"es\",\"url\":\"https:\/\/elpuucnoticias.com\/wp-content\/uploads\/2022\/12\/WhatsApp-Image-2022-12-15-at-10.09.17-AM.jpeg\",\"contentUrl\":\"https:\/\/elpuucnoticias.com\/wp-content\/uploads\/2022\/12\/WhatsApp-Image-2022-12-15-at-10.09.17-AM.jpeg\",\"width\":1280,\"height\":900},{\"@type\":\"WebPage\",\"@id\":\"https:\/\/elpuucnoticias.com\/?p=5219#webpage\",\"url\":\"https:\/\/elpuucnoticias.com\/?p=5219\",\"name\":\"Ticul con Encanto celebra su primer aniversario con Expo Navide\u00f1a - El Puuc Noticias\",\"isPartOf\":{\"@id\":\"https:\/\/elpuucnoticias.com\/#website\"},\"primaryImageOfPage\":{\"@id\":\"https:\/\/elpuucnoticias.com\/?p=5219#primaryimage\"},\"datePublished\":\"2022-12-15T21:15:04+00:00\",\"dateModified\":\"2022-12-15T21:15:04+00:00\",\"author\":{\"@id\":\"https:\/\/elpuucnoticias.com\/#\/schema\/person\/d2ea09e4c97f0160b11cdfb1d856bd9e\"},\"breadcrumb\":{\"@id\":\"https:\/\/elpuucnoticias.com\/?p=5219#breadcrumb\"},\"inLanguage\":\"es\",\"potentialAction\":[{\"@type\":\"ReadAction\",\"target\":[\"https:\/\/elpuucnoticias.com\/?p=5219\"]}]},{\"@type\":\"BreadcrumbList\",\"@id\":\"https:\/\/elpuucnoticias.com\/?p=5219#breadcrumb\",\"itemListElement\":[{\"@type\":\"ListItem\",\"position\":1,\"name\":\"Portada\",\"item\":\"https:\/\/elpuucnoticias.com\/\"},{\"@type\":\"ListItem\",\"position\":2,\"name\":\"Ticul con Encanto celebra su primer aniversario con Expo Navide\u00f1a\"}]},{\"@type\":\"Person\",\"@id\":\"https:\/\/elpuucnoticias.com\/#\/schema\/person\/d2ea09e4c97f0160b11cdfb1d856bd9e\",\"name\":\"elpuucnoticias\",\"image\":{\"@type\":\"ImageObject\",\"@id\":\"https:\/\/elpuucnoticias.com\/#personlogo\",\"inLanguage\":\"es\",\"url\":\"https:\/\/secure.gravatar.com\/avatar\/5290a43657c74ffa15701dbe5b846bd85cc71930d803c84e91046a7333de6ce2?s=96&d=mm&r=g\",\"contentUrl\":\"https:\/\/secure.gravatar.com\/avatar\/5290a43657c74ffa15701dbe5b846bd85cc71930d803c84e91046a7333de6ce2?s=96&d=mm&r=g\",\"caption\":\"elpuucnoticias\"},\"sameAs\":[\"https:\/\/elpuucnoticias.com\"],\"url\":\"https:\/\/elpuucnoticias.com\/?author=1\"}]}<\/script>\n<!-- \/ Yoast SEO plugin. -->","yoast_head_json":{"title":"Ticul con Encanto celebra su primer aniversario con Expo Navide\u00f1a - El Puuc Noticias","robots":{"index":"index","follow":"follow","max-snippet":"max-snippet:-1","max-image-preview":"max-image-preview:large","max-video-preview":"max-video-preview:-1"},"canonical":"https:\/\/elpuucnoticias.com\/?p=5219","og_locale":"es_ES","og_type":"article","og_title":"Ticul con Encanto celebra su primer aniversario con Expo Navide\u00f1a - El Puuc Noticias","og_description":"Durante una semana, Ticul se convertir\u00e1 en sede de la Expo Navide\u00f1a 2022 \u201cTicul con Encanto\u201d que ser\u00e1","og_url":"https:\/\/elpuucnoticias.com\/?p=5219","og_site_name":"El Puuc Noticias","article_published_time":"2022-12-15T21:15:04+00:00","og_image":[{"url":"https:\/\/elpuucnoticias.com\/wp-content\/uploads\/2022\/12\/WhatsApp-Image-2022-12-15-at-10.09.18-AM-1024x853.jpeg"}],"twitter_card":"summary_large_image","twitter_misc":{"Escrito por":"elpuucnoticias","Tiempo de lectura":"2 minutos"},"schema":{"@context":"https:\/\/schema.org","@graph":[{"@type":"WebSite","@id":"https:\/\/elpuucnoticias.com\/#website","url":"https:\/\/elpuucnoticias.com\/","name":"El Puuc Noticias","description":"Noticias - Entretenimiento - Deportes","potentialAction":[{"@type":"SearchAction","target":{"@type":"EntryPoint","urlTemplate":"https:\/\/elpuucnoticias.com\/?s={search_term_string}"},"query-input":"required name=search_term_string"}],"inLanguage":"es"},{"@type":"ImageObject","@id":"https:\/\/elpuucnoticias.com\/?p=5219#primaryimage","inLanguage":"es","url":"https:\/\/elpuucnoticias.com\/wp-content\/uploads\/2022\/12\/WhatsApp-Image-2022-12-15-at-10.09.17-AM.jpeg","contentUrl":"https:\/\/elpuucnoticias.com\/wp-content\/uploads\/2022\/12\/WhatsApp-Image-2022-12-15-at-10.09.17-AM.jpeg","width":1280,"height":900},{"@type":"WebPage","@id":"https:\/\/elpuucnoticias.com\/?p=5219#webpage","url":"https:\/\/elpuucnoticias.com\/?p=5219","name":"Ticul con Encanto celebra su primer aniversario con Expo Navide\u00f1a - El Puuc Noticias","isPartOf":{"@id":"https:\/\/elpuucnoticias.com\/#website"},"primaryImageOfPage":{"@id":"https:\/\/elpuucnoticias.com\/?p=5219#primaryimage"},"datePublished":"2022-12-15T21:15:04+00:00","dateModified":"2022-12-15T21:15:04+00:00","author":{"@id":"https:\/\/elpuucnoticias.com\/#\/schema\/person\/d2ea09e4c97f0160b11cdfb1d856bd9e"},"breadcrumb":{"@id":"https:\/\/elpuucnoticias.com\/?p=5219#breadcrumb"},"inLanguage":"es","potentialAction":[{"@type":"ReadAction","target":["https:\/\/elpuucnoticias.com\/?p=5219"]}]},{"@type":"BreadcrumbList","@id":"https:\/\/elpuucnoticias.com\/?p=5219#breadcrumb","itemListElement":[{"@type":"ListItem","position":1,"name":"Portada","item":"https:\/\/elpuucnoticias.com\/"},{"@type":"ListItem","position":2,"name":"Ticul con Encanto celebra su primer aniversario con Expo Navide\u00f1a"}]},{"@type":"Person","@id":"https:\/\/elpuucnoticias.com\/#\/schema\/person\/d2ea09e4c97f0160b11cdfb1d856bd9e","name":"elpuucnoticias","image":{"@type":"ImageObject","@id":"https:\/\/elpuucnoticias.com\/#personlogo","inLanguage":"es","url":"https:\/\/secure.gravatar.com\/avatar\/5290a43657c74ffa15701dbe5b846bd85cc71930d803c84e91046a7333de6ce2?s=96&d=mm&r=g","contentUrl":"https:\/\/secure.gravatar.com\/avatar\/5290a43657c74ffa15701dbe5b846bd85cc71930d803c84e91046a7333de6ce2?s=96&d=mm&r=g","caption":"elpuucnoticias"},"sameAs":["https:\/\/elpuucnoticias.com"],"url":"https:\/\/elpuucnoticias.com\/?author=1"}]}},"_links":{"self":[{"href":"https:\/\/elpuucnoticias.com\/index.php?rest_route=\/wp\/v2\/posts\/5219","targetHints":{"allow":["GET"]}}],"collection":[{"href":"https:\/\/elpuucnoticias.com\/index.php?rest_route=\/wp\/v2\/posts"}],"about":[{"href":"https:\/\/elpuucnoticias.com\/index.php?rest_route=\/wp\/v2\/types\/post"}],"author":[{"embeddable":true,"href":"https:\/\/elpuucnoticias.com\/index.php?rest_route=\/wp\/v2\/users\/1"}],"replies":[{"embeddable":true,"href":"https:\/\/elpuucnoticias.com\/index.php?rest_route=%2Fwp%2Fv2%2Fcomments&post=5219"}],"version-history":[{"count":1,"href":"https:\/\/elpuucnoticias.com\/index.php?rest_route=\/wp\/v2\/posts\/5219\/revisions"}],"predecessor-version":[{"id":5225,"href":"https:\/\/elpuucnoticias.com\/index.php?rest_route=\/wp\/v2\/posts\/5219\/revisions\/5225"}],"wp:featuredmedia":[{"embeddable":true,"href":"https:\/\/elpuucnoticias.com\/index.php?rest_route=\/wp\/v2\/media\/5220"}],"wp:attachment":[{"href":"https:\/\/elpuucnoticias.com\/index.php?rest_route=%2Fwp%2Fv2%2Fmedia&parent=5219"}],"wp:term":[{"taxonomy":"category","embeddable":true,"href":"https:\/\/elpuucnoticias.com\/index.php?rest_route=%2Fwp%2Fv2%2Fcategories&post=5219"},{"taxonomy":"post_tag","embeddable":true,"href":"https:\/\/elpuucnoticias.com\/index.php?rest_route=%2Fwp%2Fv2%2Ftags&post=5219"}],"curies":[{"name":"wp","href":"https:\/\/api.w.org\/{rel}","templated":true}]}}