{"id":5561,"date":"2023-01-25T20:37:16","date_gmt":"2023-01-26T02:37:16","guid":{"rendered":"https:\/\/elpuucnoticias.com\/?p=5561"},"modified":"2023-01-25T20:37:18","modified_gmt":"2023-01-26T02:37:18","slug":"todo-listo-en-ticul-para-las-proximas-festividades-del-carnaval-2023-el-12-de-febrero-sera-la-coronacion-de-los-soberanos-lizeth-i-y-jozabed-i","status":"publish","type":"post","link":"https:\/\/elpuucnoticias.com\/?p=5561","title":{"rendered":"Todo listo en Ticul para las pr\u00f3ximas festividades del Carnaval 2023. El 12 de febrero ser\u00e1 la coronaci\u00f3n de los soberanos Lizeth I y Jozabed I"},"content":{"rendered":"\n<p>El comit\u00e9 del Carnaval 2023 de Ticul presentar\u00e1 a los nuevos soberanos para las fiestas carnestolendas, quienes ser\u00e1n coronados d\u00edas antes del arranque oficial de las celebraciones.<\/p>\n\n\n\n<p>El Carnaval de Ticul se celebrar\u00e1 del 16 al 21 de febrero, y la coronaci\u00f3n de los soberanos, as\u00ed como la presentaci\u00f3n de sus comparsas, ser\u00e1 el domingo 12 a las 7 de la noche, en la Concha Ac\u00fastica.<\/p>\n\n\n\n<figure class=\"wp-block-image size-large\"><img loading=\"lazy\" decoding=\"async\" width=\"1024\" height=\"176\" src=\"https:\/\/elpuucnoticias.com\/wp-content\/uploads\/2022\/11\/BANNER-NOVIEMBRE-22-1024x176.jpg\" alt=\"\" class=\"wp-image-4409\" srcset=\"https:\/\/elpuucnoticias.com\/wp-content\/uploads\/2022\/11\/BANNER-NOVIEMBRE-22-1024x176.jpg 1024w, https:\/\/elpuucnoticias.com\/wp-content\/uploads\/2022\/11\/BANNER-NOVIEMBRE-22-300x52.jpg 300w, https:\/\/elpuucnoticias.com\/wp-content\/uploads\/2022\/11\/BANNER-NOVIEMBRE-22-768x132.jpg 768w, https:\/\/elpuucnoticias.com\/wp-content\/uploads\/2022\/11\/BANNER-NOVIEMBRE-22-1536x264.jpg 1536w, https:\/\/elpuucnoticias.com\/wp-content\/uploads\/2022\/11\/BANNER-NOVIEMBRE-22.jpg 1600w\" sizes=\"auto, (max-width: 1024px) 100vw, 1024px\" \/><\/figure>\n\n\n\n<p>La reina del Carnaval es Lizeth Alejandra Sierra Morales, estudiante de Mercadotecnia y Publicidad, desde peque\u00f1a ha participado en comparsas independientes. El rey es Jes\u00fas Jozabed Polanco Balam, estudiante de Fisioterapia y quien se caracteriza por su gusto por el baile.<\/p>\n\n\n\n<p>Los reyes infantiles son \u201cElina I\u201d y \u201cJuan I\u201d, estudiantes de primaria y destacados bailarines. Las personas con discapacidad ser\u00e1n representados por \u201cMariann I\u201d y \u201cAlex I\u201d.<\/p>\n\n\n\n<p>Tambi\u00e9n las personas de la tercera edad tendr\u00e1n a sus soberanos y son: \u201cAlicia I\u201d y \u201cCarlos I\u201d, pertenecientes al Club del Adulto Mayor del DIF municipal.<\/p>\n\n\n\n<p>Ya se afinan los \u00faltimos detalles para hacer de este Carnaval 2023 uno de los mejores, con espect\u00e1culos art\u00edsticos, bailes, comparsas, concursos de disfraces y mucho m\u00e1s.\u2014 <em>El Puuc Noticias<\/em><\/p>\n","protected":false},"excerpt":{"rendered":"<p>El comit\u00e9 del Carnaval 2023 de Ticul presentar\u00e1 a los nuevos soberanos para las fiestas carnestolendas, quienes ser\u00e1n<\/p>\n","protected":false},"author":1,"featured_media":5562,"comment_status":"closed","ping_status":"open","sticky":false,"template":"","format":"standard","meta":{"_monsterinsights_skip_tracking":false,"_monsterinsights_sitenote_active":false,"_monsterinsights_sitenote_note":"","_monsterinsights_sitenote_category":0,"footnotes":""},"categories":[11,13],"tags":[],"class_list":["post-5561","post","type-post","status-publish","format-standard","has-post-thumbnail","hentry","category-noticias","category-ticul"],"yoast_head":"<!-- This site is optimized with the Yoast SEO plugin v18.3 - https:\/\/yoast.com\/wordpress\/plugins\/seo\/ -->\n<title>Todo listo en Ticul para las pr\u00f3ximas festividades del Carnaval 2023. El 12 de febrero ser\u00e1 la coronaci\u00f3n de los soberanos Lizeth I y Jozabed I - El Puuc Noticias<\/title>\n<meta name=\"robots\" content=\"index, follow, max-snippet:-1, max-image-preview:large, max-video-preview:-1\" \/>\n<link rel=\"canonical\" href=\"https:\/\/elpuucnoticias.com\/?p=5561\" \/>\n<meta property=\"og:locale\" content=\"es_ES\" \/>\n<meta property=\"og:type\" content=\"article\" \/>\n<meta property=\"og:title\" content=\"Todo listo en Ticul para las pr\u00f3ximas festividades del Carnaval 2023. El 12 de febrero ser\u00e1 la coronaci\u00f3n de los soberanos Lizeth I y Jozabed I - El Puuc Noticias\" \/>\n<meta property=\"og:description\" content=\"El comit\u00e9 del Carnaval 2023 de Ticul presentar\u00e1 a los nuevos soberanos para las fiestas carnestolendas, quienes ser\u00e1n\" \/>\n<meta property=\"og:url\" content=\"https:\/\/elpuucnoticias.com\/?p=5561\" \/>\n<meta property=\"og:site_name\" content=\"El Puuc Noticias\" \/>\n<meta property=\"article:published_time\" content=\"2023-01-26T02:37:16+00:00\" \/>\n<meta property=\"article:modified_time\" content=\"2023-01-26T02:37:18+00:00\" \/>\n<meta property=\"og:image\" content=\"https:\/\/elpuucnoticias.com\/wp-content\/uploads\/2023\/01\/reyes-carnaval-ticul-scaled.jpg\" \/>\n\t<meta property=\"og:image:width\" content=\"2560\" \/>\n\t<meta property=\"og:image:height\" content=\"1616\" \/>\n\t<meta property=\"og:image:type\" content=\"image\/jpeg\" \/>\n<meta name=\"twitter:card\" content=\"summary_large_image\" \/>\n<meta name=\"twitter:label1\" content=\"Escrito por\" \/>\n\t<meta name=\"twitter:data1\" content=\"elpuucnoticias\" \/>\n\t<meta name=\"twitter:label2\" content=\"Tiempo de lectura\" \/>\n\t<meta name=\"twitter:data2\" content=\"2 minutos\" \/>\n<script type=\"application\/ld+json\" class=\"yoast-schema-graph\">{\"@context\":\"https:\/\/schema.org\",\"@graph\":[{\"@type\":\"WebSite\",\"@id\":\"https:\/\/elpuucnoticias.com\/#website\",\"url\":\"https:\/\/elpuucnoticias.com\/\",\"name\":\"El Puuc Noticias\",\"description\":\"Noticias - Entretenimiento - Deportes\",\"potentialAction\":[{\"@type\":\"SearchAction\",\"target\":{\"@type\":\"EntryPoint\",\"urlTemplate\":\"https:\/\/elpuucnoticias.com\/?s={search_term_string}\"},\"query-input\":\"required name=search_term_string\"}],\"inLanguage\":\"es\"},{\"@type\":\"ImageObject\",\"@id\":\"https:\/\/elpuucnoticias.com\/?p=5561#primaryimage\",\"inLanguage\":\"es\",\"url\":\"https:\/\/elpuucnoticias.com\/wp-content\/uploads\/2023\/01\/reyes-carnaval-ticul-scaled.jpg\",\"contentUrl\":\"https:\/\/elpuucnoticias.com\/wp-content\/uploads\/2023\/01\/reyes-carnaval-ticul-scaled.jpg\",\"width\":2560,\"height\":1616},{\"@type\":\"WebPage\",\"@id\":\"https:\/\/elpuucnoticias.com\/?p=5561#webpage\",\"url\":\"https:\/\/elpuucnoticias.com\/?p=5561\",\"name\":\"Todo listo en Ticul para las pr\u00f3ximas festividades del Carnaval 2023. El 12 de febrero ser\u00e1 la coronaci\u00f3n de los soberanos Lizeth I y Jozabed I - El Puuc Noticias\",\"isPartOf\":{\"@id\":\"https:\/\/elpuucnoticias.com\/#website\"},\"primaryImageOfPage\":{\"@id\":\"https:\/\/elpuucnoticias.com\/?p=5561#primaryimage\"},\"datePublished\":\"2023-01-26T02:37:16+00:00\",\"dateModified\":\"2023-01-26T02:37:18+00:00\",\"author\":{\"@id\":\"https:\/\/elpuucnoticias.com\/#\/schema\/person\/d2ea09e4c97f0160b11cdfb1d856bd9e\"},\"breadcrumb\":{\"@id\":\"https:\/\/elpuucnoticias.com\/?p=5561#breadcrumb\"},\"inLanguage\":\"es\",\"potentialAction\":[{\"@type\":\"ReadAction\",\"target\":[\"https:\/\/elpuucnoticias.com\/?p=5561\"]}]},{\"@type\":\"BreadcrumbList\",\"@id\":\"https:\/\/elpuucnoticias.com\/?p=5561#breadcrumb\",\"itemListElement\":[{\"@type\":\"ListItem\",\"position\":1,\"name\":\"Portada\",\"item\":\"https:\/\/elpuucnoticias.com\/\"},{\"@type\":\"ListItem\",\"position\":2,\"name\":\"Todo listo en Ticul para las pr\u00f3ximas festividades del Carnaval 2023. El 12 de febrero ser\u00e1 la coronaci\u00f3n de los soberanos Lizeth I y Jozabed I\"}]},{\"@type\":\"Person\",\"@id\":\"https:\/\/elpuucnoticias.com\/#\/schema\/person\/d2ea09e4c97f0160b11cdfb1d856bd9e\",\"name\":\"elpuucnoticias\",\"image\":{\"@type\":\"ImageObject\",\"@id\":\"https:\/\/elpuucnoticias.com\/#personlogo\",\"inLanguage\":\"es\",\"url\":\"https:\/\/secure.gravatar.com\/avatar\/5290a43657c74ffa15701dbe5b846bd85cc71930d803c84e91046a7333de6ce2?s=96&d=mm&r=g\",\"contentUrl\":\"https:\/\/secure.gravatar.com\/avatar\/5290a43657c74ffa15701dbe5b846bd85cc71930d803c84e91046a7333de6ce2?s=96&d=mm&r=g\",\"caption\":\"elpuucnoticias\"},\"sameAs\":[\"https:\/\/elpuucnoticias.com\"],\"url\":\"https:\/\/elpuucnoticias.com\/?author=1\"}]}<\/script>\n<!-- \/ Yoast SEO plugin. -->","yoast_head_json":{"title":"Todo listo en Ticul para las pr\u00f3ximas festividades del Carnaval 2023. El 12 de febrero ser\u00e1 la coronaci\u00f3n de los soberanos Lizeth I y Jozabed I - El Puuc Noticias","robots":{"index":"index","follow":"follow","max-snippet":"max-snippet:-1","max-image-preview":"max-image-preview:large","max-video-preview":"max-video-preview:-1"},"canonical":"https:\/\/elpuucnoticias.com\/?p=5561","og_locale":"es_ES","og_type":"article","og_title":"Todo listo en Ticul para las pr\u00f3ximas festividades del Carnaval 2023. El 12 de febrero ser\u00e1 la coronaci\u00f3n de los soberanos Lizeth I y Jozabed I - El Puuc Noticias","og_description":"El comit\u00e9 del Carnaval 2023 de Ticul presentar\u00e1 a los nuevos soberanos para las fiestas carnestolendas, quienes ser\u00e1n","og_url":"https:\/\/elpuucnoticias.com\/?p=5561","og_site_name":"El Puuc Noticias","article_published_time":"2023-01-26T02:37:16+00:00","article_modified_time":"2023-01-26T02:37:18+00:00","og_image":[{"width":2560,"height":1616,"url":"https:\/\/elpuucnoticias.com\/wp-content\/uploads\/2023\/01\/reyes-carnaval-ticul-scaled.jpg","type":"image\/jpeg"}],"twitter_card":"summary_large_image","twitter_misc":{"Escrito por":"elpuucnoticias","Tiempo de lectura":"2 minutos"},"schema":{"@context":"https:\/\/schema.org","@graph":[{"@type":"WebSite","@id":"https:\/\/elpuucnoticias.com\/#website","url":"https:\/\/elpuucnoticias.com\/","name":"El Puuc Noticias","description":"Noticias - Entretenimiento - Deportes","potentialAction":[{"@type":"SearchAction","target":{"@type":"EntryPoint","urlTemplate":"https:\/\/elpuucnoticias.com\/?s={search_term_string}"},"query-input":"required name=search_term_string"}],"inLanguage":"es"},{"@type":"ImageObject","@id":"https:\/\/elpuucnoticias.com\/?p=5561#primaryimage","inLanguage":"es","url":"https:\/\/elpuucnoticias.com\/wp-content\/uploads\/2023\/01\/reyes-carnaval-ticul-scaled.jpg","contentUrl":"https:\/\/elpuucnoticias.com\/wp-content\/uploads\/2023\/01\/reyes-carnaval-ticul-scaled.jpg","width":2560,"height":1616},{"@type":"WebPage","@id":"https:\/\/elpuucnoticias.com\/?p=5561#webpage","url":"https:\/\/elpuucnoticias.com\/?p=5561","name":"Todo listo en Ticul para las pr\u00f3ximas festividades del Carnaval 2023. El 12 de febrero ser\u00e1 la coronaci\u00f3n de los soberanos Lizeth I y Jozabed I - El Puuc Noticias","isPartOf":{"@id":"https:\/\/elpuucnoticias.com\/#website"},"primaryImageOfPage":{"@id":"https:\/\/elpuucnoticias.com\/?p=5561#primaryimage"},"datePublished":"2023-01-26T02:37:16+00:00","dateModified":"2023-01-26T02:37:18+00:00","author":{"@id":"https:\/\/elpuucnoticias.com\/#\/schema\/person\/d2ea09e4c97f0160b11cdfb1d856bd9e"},"breadcrumb":{"@id":"https:\/\/elpuucnoticias.com\/?p=5561#breadcrumb"},"inLanguage":"es","potentialAction":[{"@type":"ReadAction","target":["https:\/\/elpuucnoticias.com\/?p=5561"]}]},{"@type":"BreadcrumbList","@id":"https:\/\/elpuucnoticias.com\/?p=5561#breadcrumb","itemListElement":[{"@type":"ListItem","position":1,"name":"Portada","item":"https:\/\/elpuucnoticias.com\/"},{"@type":"ListItem","position":2,"name":"Todo listo en Ticul para las pr\u00f3ximas festividades del Carnaval 2023. El 12 de febrero ser\u00e1 la coronaci\u00f3n de los soberanos Lizeth I y Jozabed I"}]},{"@type":"Person","@id":"https:\/\/elpuucnoticias.com\/#\/schema\/person\/d2ea09e4c97f0160b11cdfb1d856bd9e","name":"elpuucnoticias","image":{"@type":"ImageObject","@id":"https:\/\/elpuucnoticias.com\/#personlogo","inLanguage":"es","url":"https:\/\/secure.gravatar.com\/avatar\/5290a43657c74ffa15701dbe5b846bd85cc71930d803c84e91046a7333de6ce2?s=96&d=mm&r=g","contentUrl":"https:\/\/secure.gravatar.com\/avatar\/5290a43657c74ffa15701dbe5b846bd85cc71930d803c84e91046a7333de6ce2?s=96&d=mm&r=g","caption":"elpuucnoticias"},"sameAs":["https:\/\/elpuucnoticias.com"],"url":"https:\/\/elpuucnoticias.com\/?author=1"}]}},"_links":{"self":[{"href":"https:\/\/elpuucnoticias.com\/index.php?rest_route=\/wp\/v2\/posts\/5561","targetHints":{"allow":["GET"]}}],"collection":[{"href":"https:\/\/elpuucnoticias.com\/index.php?rest_route=\/wp\/v2\/posts"}],"about":[{"href":"https:\/\/elpuucnoticias.com\/index.php?rest_route=\/wp\/v2\/types\/post"}],"author":[{"embeddable":true,"href":"https:\/\/elpuucnoticias.com\/index.php?rest_route=\/wp\/v2\/users\/1"}],"replies":[{"embeddable":true,"href":"https:\/\/elpuucnoticias.com\/index.php?rest_route=%2Fwp%2Fv2%2Fcomments&post=5561"}],"version-history":[{"count":1,"href":"https:\/\/elpuucnoticias.com\/index.php?rest_route=\/wp\/v2\/posts\/5561\/revisions"}],"predecessor-version":[{"id":5563,"href":"https:\/\/elpuucnoticias.com\/index.php?rest_route=\/wp\/v2\/posts\/5561\/revisions\/5563"}],"wp:featuredmedia":[{"embeddable":true,"href":"https:\/\/elpuucnoticias.com\/index.php?rest_route=\/wp\/v2\/media\/5562"}],"wp:attachment":[{"href":"https:\/\/elpuucnoticias.com\/index.php?rest_route=%2Fwp%2Fv2%2Fmedia&parent=5561"}],"wp:term":[{"taxonomy":"category","embeddable":true,"href":"https:\/\/elpuucnoticias.com\/index.php?rest_route=%2Fwp%2Fv2%2Fcategories&post=5561"},{"taxonomy":"post_tag","embeddable":true,"href":"https:\/\/elpuucnoticias.com\/index.php?rest_route=%2Fwp%2Fv2%2Ftags&post=5561"}],"curies":[{"name":"wp","href":"https:\/\/api.w.org\/{rel}","templated":true}]}}