{"id":5565,"date":"2023-01-27T02:24:47","date_gmt":"2023-01-27T08:24:47","guid":{"rendered":"https:\/\/elpuucnoticias.com\/?p=5565"},"modified":"2023-01-27T02:24:48","modified_gmt":"2023-01-27T08:24:48","slug":"inicia-la-pavimentacion-de-la-calle-que-conecta-a-san-esteban-con-la-calandria-en-oxkutzcab","status":"publish","type":"post","link":"https:\/\/elpuucnoticias.com\/?p=5565","title":{"rendered":"Inicia la pavimentaci\u00f3n de la calle que conecta a San Esteban con La Calandr\u00eda, en Oxkutzcab"},"content":{"rendered":"\n<p>Procurando llevar servicios elementales a rincones apartados de Oxkutzcab, el Ayuntamiento que encabeza Juan Jos\u00e9 Mart\u00edn Fragoso, dio el banderazo para la construcci\u00f3n de un tramo de 300 metros lineales en la calle 51 por 68 en la colonia San Esteban.\u00a0<\/p>\n\n\n\n<figure class=\"wp-block-gallery has-nested-images columns-default is-cropped wp-block-gallery-1 is-layout-flex wp-block-gallery-is-layout-flex\">\n<figure class=\"wp-block-image size-large\"><img loading=\"lazy\" decoding=\"async\" width=\"1024\" height=\"682\" data-id=\"5567\" src=\"https:\/\/elpuucnoticias.com\/wp-content\/uploads\/2023\/01\/camino02-1-1024x682.jpeg\" alt=\"\" class=\"wp-image-5567\" srcset=\"https:\/\/elpuucnoticias.com\/wp-content\/uploads\/2023\/01\/camino02-1-1024x682.jpeg 1024w, https:\/\/elpuucnoticias.com\/wp-content\/uploads\/2023\/01\/camino02-1-300x200.jpeg 300w, https:\/\/elpuucnoticias.com\/wp-content\/uploads\/2023\/01\/camino02-1-768x512.jpeg 768w, https:\/\/elpuucnoticias.com\/wp-content\/uploads\/2023\/01\/camino02-1.jpeg 1280w\" sizes=\"auto, (max-width: 1024px) 100vw, 1024px\" \/><\/figure>\n\n\n\n<figure class=\"wp-block-image size-large\"><img loading=\"lazy\" decoding=\"async\" width=\"1024\" height=\"819\" data-id=\"5568\" src=\"https:\/\/elpuucnoticias.com\/wp-content\/uploads\/2023\/01\/camino04-1024x819.jpeg\" alt=\"\" class=\"wp-image-5568\" srcset=\"https:\/\/elpuucnoticias.com\/wp-content\/uploads\/2023\/01\/camino04-1024x819.jpeg 1024w, https:\/\/elpuucnoticias.com\/wp-content\/uploads\/2023\/01\/camino04-300x240.jpeg 300w, https:\/\/elpuucnoticias.com\/wp-content\/uploads\/2023\/01\/camino04-768x614.jpeg 768w, https:\/\/elpuucnoticias.com\/wp-content\/uploads\/2023\/01\/camino04.jpeg 1250w\" sizes=\"auto, (max-width: 1024px) 100vw, 1024px\" \/><\/figure>\n<\/figure>\n\n\n\n<p>La construcci\u00f3n de este tramo permitir\u00e1 conectar a este sector, con la colonia La Calandria, una de las zonas m\u00e1s necesitadas de Oxkutzcab.\u00a0<\/p>\n\n\n\n<figure class=\"wp-block-image size-large\"><img loading=\"lazy\" decoding=\"async\" width=\"1024\" height=\"176\" src=\"https:\/\/elpuucnoticias.com\/wp-content\/uploads\/2022\/11\/BANNER-NOVIEMBRE-22-1024x176.jpg\" alt=\"\" class=\"wp-image-4409\" srcset=\"https:\/\/elpuucnoticias.com\/wp-content\/uploads\/2022\/11\/BANNER-NOVIEMBRE-22-1024x176.jpg 1024w, https:\/\/elpuucnoticias.com\/wp-content\/uploads\/2022\/11\/BANNER-NOVIEMBRE-22-300x52.jpg 300w, https:\/\/elpuucnoticias.com\/wp-content\/uploads\/2022\/11\/BANNER-NOVIEMBRE-22-768x132.jpg 768w, https:\/\/elpuucnoticias.com\/wp-content\/uploads\/2022\/11\/BANNER-NOVIEMBRE-22-1536x264.jpg 1536w, https:\/\/elpuucnoticias.com\/wp-content\/uploads\/2022\/11\/BANNER-NOVIEMBRE-22.jpg 1600w\" sizes=\"auto, (max-width: 1024px) 100vw, 1024px\" \/><\/figure>\n\n\n\n<p>Las autoridades iniciaron el a\u00f1o apostando sus recursos de participaciones en la urbanizaci\u00f3n de las colonias para que los ciudadanos tengan la ciudad que merecen.\u00a0<\/p>\n\n\n\n<p>Este 2023 se ha programado la repavimentaci\u00f3n de unos 24,000 metros cuadrados, beneficiando a m\u00e1s de 2,000 familias en diferentes sectores como San Antonio, Esperanza, Mejorada, San Juan, San Esteban, El Roble y Venustiano Carranza.\u2014 <em>El Puuc Noticias<\/em><\/p>\n","protected":false},"excerpt":{"rendered":"<p>Procurando llevar servicios elementales a rincones apartados de Oxkutzcab, el Ayuntamiento que encabeza Juan Jos\u00e9 Mart\u00edn Fragoso, dio<\/p>\n","protected":false},"author":1,"featured_media":5566,"comment_status":"closed","ping_status":"open","sticky":false,"template":"","format":"standard","meta":{"_monsterinsights_skip_tracking":false,"_monsterinsights_sitenote_active":false,"_monsterinsights_sitenote_note":"","_monsterinsights_sitenote_category":0,"footnotes":""},"categories":[11,14],"tags":[],"class_list":["post-5565","post","type-post","status-publish","format-standard","has-post-thumbnail","hentry","category-noticias","category-oxkutzcab"],"yoast_head":"<!-- This site is optimized with the Yoast SEO plugin v18.3 - https:\/\/yoast.com\/wordpress\/plugins\/seo\/ -->\n<title>Inicia la pavimentaci\u00f3n de la calle que conecta a San Esteban con La Calandr\u00eda, en Oxkutzcab - El Puuc Noticias<\/title>\n<meta name=\"robots\" content=\"index, follow, max-snippet:-1, max-image-preview:large, max-video-preview:-1\" \/>\n<link rel=\"canonical\" href=\"https:\/\/elpuucnoticias.com\/?p=5565\" \/>\n<meta property=\"og:locale\" content=\"es_ES\" \/>\n<meta property=\"og:type\" content=\"article\" \/>\n<meta property=\"og:title\" content=\"Inicia la pavimentaci\u00f3n de la calle que conecta a San Esteban con La Calandr\u00eda, en Oxkutzcab - El Puuc Noticias\" \/>\n<meta property=\"og:description\" content=\"Procurando llevar servicios elementales a rincones apartados de Oxkutzcab, el Ayuntamiento que encabeza Juan Jos\u00e9 Mart\u00edn Fragoso, dio\" \/>\n<meta property=\"og:url\" content=\"https:\/\/elpuucnoticias.com\/?p=5565\" \/>\n<meta property=\"og:site_name\" content=\"El Puuc Noticias\" \/>\n<meta property=\"article:published_time\" content=\"2023-01-27T08:24:47+00:00\" \/>\n<meta property=\"article:modified_time\" content=\"2023-01-27T08:24:48+00:00\" \/>\n<meta property=\"og:image\" content=\"https:\/\/elpuucnoticias.com\/wp-content\/uploads\/2023\/01\/camino03-1.jpeg\" \/>\n\t<meta property=\"og:image:width\" content=\"1250\" \/>\n\t<meta property=\"og:image:height\" content=\"1000\" \/>\n\t<meta property=\"og:image:type\" content=\"image\/jpeg\" \/>\n<meta name=\"twitter:card\" content=\"summary_large_image\" \/>\n<meta name=\"twitter:label1\" content=\"Escrito por\" \/>\n\t<meta name=\"twitter:data1\" content=\"elpuucnoticias\" \/>\n\t<meta name=\"twitter:label2\" content=\"Tiempo de lectura\" \/>\n\t<meta name=\"twitter:data2\" content=\"2 minutos\" \/>\n<script type=\"application\/ld+json\" class=\"yoast-schema-graph\">{\"@context\":\"https:\/\/schema.org\",\"@graph\":[{\"@type\":\"WebSite\",\"@id\":\"https:\/\/elpuucnoticias.com\/#website\",\"url\":\"https:\/\/elpuucnoticias.com\/\",\"name\":\"El Puuc Noticias\",\"description\":\"Noticias - Entretenimiento - Deportes\",\"potentialAction\":[{\"@type\":\"SearchAction\",\"target\":{\"@type\":\"EntryPoint\",\"urlTemplate\":\"https:\/\/elpuucnoticias.com\/?s={search_term_string}\"},\"query-input\":\"required name=search_term_string\"}],\"inLanguage\":\"es\"},{\"@type\":\"ImageObject\",\"@id\":\"https:\/\/elpuucnoticias.com\/?p=5565#primaryimage\",\"inLanguage\":\"es\",\"url\":\"https:\/\/elpuucnoticias.com\/wp-content\/uploads\/2023\/01\/camino03-1.jpeg\",\"contentUrl\":\"https:\/\/elpuucnoticias.com\/wp-content\/uploads\/2023\/01\/camino03-1.jpeg\",\"width\":1250,\"height\":1000},{\"@type\":\"WebPage\",\"@id\":\"https:\/\/elpuucnoticias.com\/?p=5565#webpage\",\"url\":\"https:\/\/elpuucnoticias.com\/?p=5565\",\"name\":\"Inicia la pavimentaci\u00f3n de la calle que conecta a San Esteban con La Calandr\u00eda, en Oxkutzcab - El Puuc Noticias\",\"isPartOf\":{\"@id\":\"https:\/\/elpuucnoticias.com\/#website\"},\"primaryImageOfPage\":{\"@id\":\"https:\/\/elpuucnoticias.com\/?p=5565#primaryimage\"},\"datePublished\":\"2023-01-27T08:24:47+00:00\",\"dateModified\":\"2023-01-27T08:24:48+00:00\",\"author\":{\"@id\":\"https:\/\/elpuucnoticias.com\/#\/schema\/person\/d2ea09e4c97f0160b11cdfb1d856bd9e\"},\"breadcrumb\":{\"@id\":\"https:\/\/elpuucnoticias.com\/?p=5565#breadcrumb\"},\"inLanguage\":\"es\",\"potentialAction\":[{\"@type\":\"ReadAction\",\"target\":[\"https:\/\/elpuucnoticias.com\/?p=5565\"]}]},{\"@type\":\"BreadcrumbList\",\"@id\":\"https:\/\/elpuucnoticias.com\/?p=5565#breadcrumb\",\"itemListElement\":[{\"@type\":\"ListItem\",\"position\":1,\"name\":\"Portada\",\"item\":\"https:\/\/elpuucnoticias.com\/\"},{\"@type\":\"ListItem\",\"position\":2,\"name\":\"Inicia la pavimentaci\u00f3n de la calle que conecta a San Esteban con La Calandr\u00eda, en Oxkutzcab\"}]},{\"@type\":\"Person\",\"@id\":\"https:\/\/elpuucnoticias.com\/#\/schema\/person\/d2ea09e4c97f0160b11cdfb1d856bd9e\",\"name\":\"elpuucnoticias\",\"image\":{\"@type\":\"ImageObject\",\"@id\":\"https:\/\/elpuucnoticias.com\/#personlogo\",\"inLanguage\":\"es\",\"url\":\"https:\/\/secure.gravatar.com\/avatar\/5290a43657c74ffa15701dbe5b846bd85cc71930d803c84e91046a7333de6ce2?s=96&d=mm&r=g\",\"contentUrl\":\"https:\/\/secure.gravatar.com\/avatar\/5290a43657c74ffa15701dbe5b846bd85cc71930d803c84e91046a7333de6ce2?s=96&d=mm&r=g\",\"caption\":\"elpuucnoticias\"},\"sameAs\":[\"https:\/\/elpuucnoticias.com\"],\"url\":\"https:\/\/elpuucnoticias.com\/?author=1\"}]}<\/script>\n<!-- \/ Yoast SEO plugin. -->","yoast_head_json":{"title":"Inicia la pavimentaci\u00f3n de la calle que conecta a San Esteban con La Calandr\u00eda, en Oxkutzcab - El Puuc Noticias","robots":{"index":"index","follow":"follow","max-snippet":"max-snippet:-1","max-image-preview":"max-image-preview:large","max-video-preview":"max-video-preview:-1"},"canonical":"https:\/\/elpuucnoticias.com\/?p=5565","og_locale":"es_ES","og_type":"article","og_title":"Inicia la pavimentaci\u00f3n de la calle que conecta a San Esteban con La Calandr\u00eda, en Oxkutzcab - El Puuc Noticias","og_description":"Procurando llevar servicios elementales a rincones apartados de Oxkutzcab, el Ayuntamiento que encabeza Juan Jos\u00e9 Mart\u00edn Fragoso, dio","og_url":"https:\/\/elpuucnoticias.com\/?p=5565","og_site_name":"El Puuc Noticias","article_published_time":"2023-01-27T08:24:47+00:00","article_modified_time":"2023-01-27T08:24:48+00:00","og_image":[{"width":1250,"height":1000,"url":"https:\/\/elpuucnoticias.com\/wp-content\/uploads\/2023\/01\/camino03-1.jpeg","type":"image\/jpeg"}],"twitter_card":"summary_large_image","twitter_misc":{"Escrito por":"elpuucnoticias","Tiempo de lectura":"2 minutos"},"schema":{"@context":"https:\/\/schema.org","@graph":[{"@type":"WebSite","@id":"https:\/\/elpuucnoticias.com\/#website","url":"https:\/\/elpuucnoticias.com\/","name":"El Puuc Noticias","description":"Noticias - Entretenimiento - Deportes","potentialAction":[{"@type":"SearchAction","target":{"@type":"EntryPoint","urlTemplate":"https:\/\/elpuucnoticias.com\/?s={search_term_string}"},"query-input":"required name=search_term_string"}],"inLanguage":"es"},{"@type":"ImageObject","@id":"https:\/\/elpuucnoticias.com\/?p=5565#primaryimage","inLanguage":"es","url":"https:\/\/elpuucnoticias.com\/wp-content\/uploads\/2023\/01\/camino03-1.jpeg","contentUrl":"https:\/\/elpuucnoticias.com\/wp-content\/uploads\/2023\/01\/camino03-1.jpeg","width":1250,"height":1000},{"@type":"WebPage","@id":"https:\/\/elpuucnoticias.com\/?p=5565#webpage","url":"https:\/\/elpuucnoticias.com\/?p=5565","name":"Inicia la pavimentaci\u00f3n de la calle que conecta a San Esteban con La Calandr\u00eda, en Oxkutzcab - El Puuc Noticias","isPartOf":{"@id":"https:\/\/elpuucnoticias.com\/#website"},"primaryImageOfPage":{"@id":"https:\/\/elpuucnoticias.com\/?p=5565#primaryimage"},"datePublished":"2023-01-27T08:24:47+00:00","dateModified":"2023-01-27T08:24:48+00:00","author":{"@id":"https:\/\/elpuucnoticias.com\/#\/schema\/person\/d2ea09e4c97f0160b11cdfb1d856bd9e"},"breadcrumb":{"@id":"https:\/\/elpuucnoticias.com\/?p=5565#breadcrumb"},"inLanguage":"es","potentialAction":[{"@type":"ReadAction","target":["https:\/\/elpuucnoticias.com\/?p=5565"]}]},{"@type":"BreadcrumbList","@id":"https:\/\/elpuucnoticias.com\/?p=5565#breadcrumb","itemListElement":[{"@type":"ListItem","position":1,"name":"Portada","item":"https:\/\/elpuucnoticias.com\/"},{"@type":"ListItem","position":2,"name":"Inicia la pavimentaci\u00f3n de la calle que conecta a San Esteban con La Calandr\u00eda, en Oxkutzcab"}]},{"@type":"Person","@id":"https:\/\/elpuucnoticias.com\/#\/schema\/person\/d2ea09e4c97f0160b11cdfb1d856bd9e","name":"elpuucnoticias","image":{"@type":"ImageObject","@id":"https:\/\/elpuucnoticias.com\/#personlogo","inLanguage":"es","url":"https:\/\/secure.gravatar.com\/avatar\/5290a43657c74ffa15701dbe5b846bd85cc71930d803c84e91046a7333de6ce2?s=96&d=mm&r=g","contentUrl":"https:\/\/secure.gravatar.com\/avatar\/5290a43657c74ffa15701dbe5b846bd85cc71930d803c84e91046a7333de6ce2?s=96&d=mm&r=g","caption":"elpuucnoticias"},"sameAs":["https:\/\/elpuucnoticias.com"],"url":"https:\/\/elpuucnoticias.com\/?author=1"}]}},"_links":{"self":[{"href":"https:\/\/elpuucnoticias.com\/index.php?rest_route=\/wp\/v2\/posts\/5565","targetHints":{"allow":["GET"]}}],"collection":[{"href":"https:\/\/elpuucnoticias.com\/index.php?rest_route=\/wp\/v2\/posts"}],"about":[{"href":"https:\/\/elpuucnoticias.com\/index.php?rest_route=\/wp\/v2\/types\/post"}],"author":[{"embeddable":true,"href":"https:\/\/elpuucnoticias.com\/index.php?rest_route=\/wp\/v2\/users\/1"}],"replies":[{"embeddable":true,"href":"https:\/\/elpuucnoticias.com\/index.php?rest_route=%2Fwp%2Fv2%2Fcomments&post=5565"}],"version-history":[{"count":1,"href":"https:\/\/elpuucnoticias.com\/index.php?rest_route=\/wp\/v2\/posts\/5565\/revisions"}],"predecessor-version":[{"id":5569,"href":"https:\/\/elpuucnoticias.com\/index.php?rest_route=\/wp\/v2\/posts\/5565\/revisions\/5569"}],"wp:featuredmedia":[{"embeddable":true,"href":"https:\/\/elpuucnoticias.com\/index.php?rest_route=\/wp\/v2\/media\/5566"}],"wp:attachment":[{"href":"https:\/\/elpuucnoticias.com\/index.php?rest_route=%2Fwp%2Fv2%2Fmedia&parent=5565"}],"wp:term":[{"taxonomy":"category","embeddable":true,"href":"https:\/\/elpuucnoticias.com\/index.php?rest_route=%2Fwp%2Fv2%2Fcategories&post=5565"},{"taxonomy":"post_tag","embeddable":true,"href":"https:\/\/elpuucnoticias.com\/index.php?rest_route=%2Fwp%2Fv2%2Ftags&post=5565"}],"curies":[{"name":"wp","href":"https:\/\/api.w.org\/{rel}","templated":true}]}}