{"id":5597,"date":"2023-02-02T18:54:14","date_gmt":"2023-02-03T00:54:14","guid":{"rendered":"https:\/\/elpuucnoticias.com\/?p=5597"},"modified":"2023-02-02T18:54:16","modified_gmt":"2023-02-03T00:54:16","slug":"platica-en-oxkutzcab-sobre-la-proteccion-de-datos-personales-tanto-en-redes-sociales-como-en-instituciones-de-gobierno","status":"publish","type":"post","link":"https:\/\/elpuucnoticias.com\/?p=5597","title":{"rendered":"Pl\u00e1tica en Oxkutzcab sobre la protecci\u00f3n de datos personales, tanto en redes sociales, como en instituciones de gobierno"},"content":{"rendered":"\n<p>En el marco del D\u00eda Internacional de Protecci\u00f3n de Datos, el alcalde de Oxkutzcab, Juan Jos\u00e9 Mart\u00edn Fragoso, y la maestra Mar\u00eda Gilda Segovia Chab, comisionada presidenta del INAIP Yucat\u00e1n, firman un convenio de colaboraci\u00f3n.\u00a0<\/p>\n\n\n\n<figure class=\"wp-block-gallery has-nested-images columns-default is-cropped wp-block-gallery-1 is-layout-flex wp-block-gallery-is-layout-flex\">\n<figure class=\"wp-block-image size-large\"><img loading=\"lazy\" decoding=\"async\" width=\"1024\" height=\"819\" data-id=\"5599\" src=\"https:\/\/elpuucnoticias.com\/wp-content\/uploads\/2023\/02\/Ina01-1024x819.jpeg\" alt=\"\" class=\"wp-image-5599\" srcset=\"https:\/\/elpuucnoticias.com\/wp-content\/uploads\/2023\/02\/Ina01-1024x819.jpeg 1024w, https:\/\/elpuucnoticias.com\/wp-content\/uploads\/2023\/02\/Ina01-300x240.jpeg 300w, https:\/\/elpuucnoticias.com\/wp-content\/uploads\/2023\/02\/Ina01-768x614.jpeg 768w, https:\/\/elpuucnoticias.com\/wp-content\/uploads\/2023\/02\/Ina01.jpeg 1250w\" sizes=\"auto, (max-width: 1024px) 100vw, 1024px\" \/><\/figure>\n\n\n\n<figure class=\"wp-block-image size-large\"><img loading=\"lazy\" decoding=\"async\" width=\"1024\" height=\"819\" data-id=\"5601\" src=\"https:\/\/elpuucnoticias.com\/wp-content\/uploads\/2023\/02\/Ina10-1024x819.jpeg\" alt=\"\" class=\"wp-image-5601\" srcset=\"https:\/\/elpuucnoticias.com\/wp-content\/uploads\/2023\/02\/Ina10-1024x819.jpeg 1024w, https:\/\/elpuucnoticias.com\/wp-content\/uploads\/2023\/02\/Ina10-300x240.jpeg 300w, https:\/\/elpuucnoticias.com\/wp-content\/uploads\/2023\/02\/Ina10-768x614.jpeg 768w, https:\/\/elpuucnoticias.com\/wp-content\/uploads\/2023\/02\/Ina10.jpeg 1250w\" sizes=\"auto, (max-width: 1024px) 100vw, 1024px\" \/><\/figure>\n\n\n\n<figure class=\"wp-block-image size-large\"><img loading=\"lazy\" decoding=\"async\" width=\"1024\" height=\"683\" data-id=\"5600\" src=\"https:\/\/elpuucnoticias.com\/wp-content\/uploads\/2023\/02\/Ina03-1024x683.jpeg\" alt=\"\" class=\"wp-image-5600\" srcset=\"https:\/\/elpuucnoticias.com\/wp-content\/uploads\/2023\/02\/Ina03-1024x683.jpeg 1024w, https:\/\/elpuucnoticias.com\/wp-content\/uploads\/2023\/02\/Ina03-300x200.jpeg 300w, https:\/\/elpuucnoticias.com\/wp-content\/uploads\/2023\/02\/Ina03-768x512.jpeg 768w, https:\/\/elpuucnoticias.com\/wp-content\/uploads\/2023\/02\/Ina03.jpeg 1500w\" sizes=\"auto, (max-width: 1024px) 100vw, 1024px\" \/><\/figure>\n<\/figure>\n\n\n\n<p>El alcalde agradeci\u00f3 a la funcionaria estatal por tomar en cuenta al municipio para las actividades relacionadas con la transparencia p\u00fablica y la protecci\u00f3n de datos personales, que son derecho de todos los ciudadanos.\u00a0<\/p>\n\n\n\n<p>La funcionaria Gilda Segovia indica que la firma de colaboraci\u00f3n es un compromiso entre el Ayuntamiento y el INAIP Yucat\u00e1n para capacitar a los servidores p\u00fablicos en temas relacionados con la transparencia p\u00fablica y la protecci\u00f3n de datos personales.\u00a0<\/p>\n\n\n\n<figure class=\"wp-block-image size-large\"><img loading=\"lazy\" decoding=\"async\" width=\"1024\" height=\"214\" src=\"https:\/\/elpuucnoticias.com\/wp-content\/uploads\/2023\/02\/BANNER-WEB-1024x214.jpg\" alt=\"\" class=\"wp-image-5602\" srcset=\"https:\/\/elpuucnoticias.com\/wp-content\/uploads\/2023\/02\/BANNER-WEB-1024x214.jpg 1024w, https:\/\/elpuucnoticias.com\/wp-content\/uploads\/2023\/02\/BANNER-WEB-300x63.jpg 300w, https:\/\/elpuucnoticias.com\/wp-content\/uploads\/2023\/02\/BANNER-WEB-768x160.jpg 768w, https:\/\/elpuucnoticias.com\/wp-content\/uploads\/2023\/02\/BANNER-WEB-1536x321.jpg 1536w, https:\/\/elpuucnoticias.com\/wp-content\/uploads\/2023\/02\/BANNER-WEB-2048x428.jpg 2048w\" sizes=\"auto, (max-width: 1024px) 100vw, 1024px\" \/><\/figure>\n\n\n\n<p>\u00abA los Ayuntamientos se les visita para que conozcan sus responsabilidades como servidores p\u00fablicos en materia de transparencia\u00bb, indica.\u00a0<\/p>\n\n\n\n<p>En el D\u00eda Internacional de Protecci\u00f3n de Datos y del programa del INAIP en el municipio de Oxkutzcab, se visit\u00f3 y\u00a0se platic\u00f3 con 200 ni\u00f1os de la primaria Jacinto Canek, y j\u00f3venes estudiantes de las Preparatorias Oxkutzcab y Arcadio Santoyo.\u00a0<\/p>\n\n\n\n<p>Los temas impartidos en las escuelas son para que los j\u00f3venes y ni\u00f1os aprendan a proteger sus datos principalmente cuando publican en las redes sociales para evitar ponerse en estado de vulnerabilidad.&nbsp;<\/p>\n\n\n\n<p>En la pl\u00e1tica con servidores p\u00fablicos tambi\u00e9n se explic\u00f3 c\u00f3mo deben proteger los datos de los ciudadanos que es una de las responsabilidades para proteger al Ayuntamiento y a la ciudadan\u00eda.\u2014 <em>El Puuc Noticias<\/em>\u00a0<\/p>\n","protected":false},"excerpt":{"rendered":"<p>En el marco del D\u00eda Internacional de Protecci\u00f3n de Datos, el alcalde de Oxkutzcab, Juan Jos\u00e9 Mart\u00edn Fragoso,<\/p>\n","protected":false},"author":1,"featured_media":5598,"comment_status":"closed","ping_status":"open","sticky":false,"template":"","format":"standard","meta":{"_monsterinsights_skip_tracking":false,"_monsterinsights_sitenote_active":false,"_monsterinsights_sitenote_note":"","_monsterinsights_sitenote_category":0,"footnotes":""},"categories":[11,14],"tags":[],"class_list":["post-5597","post","type-post","status-publish","format-standard","has-post-thumbnail","hentry","category-noticias","category-oxkutzcab"],"yoast_head":"<!-- This site is optimized with the Yoast SEO plugin v18.3 - https:\/\/yoast.com\/wordpress\/plugins\/seo\/ -->\n<title>Pl\u00e1tica en Oxkutzcab sobre la protecci\u00f3n de datos personales, tanto en redes sociales, como en instituciones de gobierno - El Puuc Noticias<\/title>\n<meta name=\"robots\" content=\"index, follow, max-snippet:-1, max-image-preview:large, max-video-preview:-1\" \/>\n<link rel=\"canonical\" href=\"https:\/\/elpuucnoticias.com\/?p=5597\" \/>\n<meta property=\"og:locale\" content=\"es_ES\" \/>\n<meta property=\"og:type\" content=\"article\" \/>\n<meta property=\"og:title\" content=\"Pl\u00e1tica en Oxkutzcab sobre la protecci\u00f3n de datos personales, tanto en redes sociales, como en instituciones de gobierno - El Puuc Noticias\" \/>\n<meta property=\"og:description\" content=\"En el marco del D\u00eda Internacional de Protecci\u00f3n de Datos, el alcalde de Oxkutzcab, Juan Jos\u00e9 Mart\u00edn Fragoso,\" \/>\n<meta property=\"og:url\" content=\"https:\/\/elpuucnoticias.com\/?p=5597\" \/>\n<meta property=\"og:site_name\" content=\"El Puuc Noticias\" \/>\n<meta property=\"article:published_time\" content=\"2023-02-03T00:54:14+00:00\" \/>\n<meta property=\"article:modified_time\" content=\"2023-02-03T00:54:16+00:00\" \/>\n<meta property=\"og:image\" content=\"https:\/\/elpuucnoticias.com\/wp-content\/uploads\/2023\/02\/Ina04.jpeg\" \/>\n\t<meta property=\"og:image:width\" content=\"1250\" \/>\n\t<meta property=\"og:image:height\" content=\"1000\" \/>\n\t<meta property=\"og:image:type\" content=\"image\/jpeg\" \/>\n<meta name=\"twitter:card\" content=\"summary_large_image\" \/>\n<meta name=\"twitter:label1\" content=\"Escrito por\" \/>\n\t<meta name=\"twitter:data1\" content=\"elpuucnoticias\" \/>\n\t<meta name=\"twitter:label2\" content=\"Tiempo de lectura\" \/>\n\t<meta name=\"twitter:data2\" content=\"2 minutos\" \/>\n<script type=\"application\/ld+json\" class=\"yoast-schema-graph\">{\"@context\":\"https:\/\/schema.org\",\"@graph\":[{\"@type\":\"WebSite\",\"@id\":\"https:\/\/elpuucnoticias.com\/#website\",\"url\":\"https:\/\/elpuucnoticias.com\/\",\"name\":\"El Puuc Noticias\",\"description\":\"Noticias - Entretenimiento - Deportes\",\"potentialAction\":[{\"@type\":\"SearchAction\",\"target\":{\"@type\":\"EntryPoint\",\"urlTemplate\":\"https:\/\/elpuucnoticias.com\/?s={search_term_string}\"},\"query-input\":\"required name=search_term_string\"}],\"inLanguage\":\"es\"},{\"@type\":\"ImageObject\",\"@id\":\"https:\/\/elpuucnoticias.com\/?p=5597#primaryimage\",\"inLanguage\":\"es\",\"url\":\"https:\/\/elpuucnoticias.com\/wp-content\/uploads\/2023\/02\/Ina04.jpeg\",\"contentUrl\":\"https:\/\/elpuucnoticias.com\/wp-content\/uploads\/2023\/02\/Ina04.jpeg\",\"width\":1250,\"height\":1000},{\"@type\":\"WebPage\",\"@id\":\"https:\/\/elpuucnoticias.com\/?p=5597#webpage\",\"url\":\"https:\/\/elpuucnoticias.com\/?p=5597\",\"name\":\"Pl\u00e1tica en Oxkutzcab sobre la protecci\u00f3n de datos personales, tanto en redes sociales, como en instituciones de gobierno - El Puuc Noticias\",\"isPartOf\":{\"@id\":\"https:\/\/elpuucnoticias.com\/#website\"},\"primaryImageOfPage\":{\"@id\":\"https:\/\/elpuucnoticias.com\/?p=5597#primaryimage\"},\"datePublished\":\"2023-02-03T00:54:14+00:00\",\"dateModified\":\"2023-02-03T00:54:16+00:00\",\"author\":{\"@id\":\"https:\/\/elpuucnoticias.com\/#\/schema\/person\/d2ea09e4c97f0160b11cdfb1d856bd9e\"},\"breadcrumb\":{\"@id\":\"https:\/\/elpuucnoticias.com\/?p=5597#breadcrumb\"},\"inLanguage\":\"es\",\"potentialAction\":[{\"@type\":\"ReadAction\",\"target\":[\"https:\/\/elpuucnoticias.com\/?p=5597\"]}]},{\"@type\":\"BreadcrumbList\",\"@id\":\"https:\/\/elpuucnoticias.com\/?p=5597#breadcrumb\",\"itemListElement\":[{\"@type\":\"ListItem\",\"position\":1,\"name\":\"Portada\",\"item\":\"https:\/\/elpuucnoticias.com\/\"},{\"@type\":\"ListItem\",\"position\":2,\"name\":\"Pl\u00e1tica en Oxkutzcab sobre la protecci\u00f3n de datos personales, tanto en redes sociales, como en instituciones de gobierno\"}]},{\"@type\":\"Person\",\"@id\":\"https:\/\/elpuucnoticias.com\/#\/schema\/person\/d2ea09e4c97f0160b11cdfb1d856bd9e\",\"name\":\"elpuucnoticias\",\"image\":{\"@type\":\"ImageObject\",\"@id\":\"https:\/\/elpuucnoticias.com\/#personlogo\",\"inLanguage\":\"es\",\"url\":\"https:\/\/secure.gravatar.com\/avatar\/5290a43657c74ffa15701dbe5b846bd85cc71930d803c84e91046a7333de6ce2?s=96&d=mm&r=g\",\"contentUrl\":\"https:\/\/secure.gravatar.com\/avatar\/5290a43657c74ffa15701dbe5b846bd85cc71930d803c84e91046a7333de6ce2?s=96&d=mm&r=g\",\"caption\":\"elpuucnoticias\"},\"sameAs\":[\"https:\/\/elpuucnoticias.com\"],\"url\":\"https:\/\/elpuucnoticias.com\/?author=1\"}]}<\/script>\n<!-- \/ Yoast SEO plugin. -->","yoast_head_json":{"title":"Pl\u00e1tica en Oxkutzcab sobre la protecci\u00f3n de datos personales, tanto en redes sociales, como en instituciones de gobierno - El Puuc Noticias","robots":{"index":"index","follow":"follow","max-snippet":"max-snippet:-1","max-image-preview":"max-image-preview:large","max-video-preview":"max-video-preview:-1"},"canonical":"https:\/\/elpuucnoticias.com\/?p=5597","og_locale":"es_ES","og_type":"article","og_title":"Pl\u00e1tica en Oxkutzcab sobre la protecci\u00f3n de datos personales, tanto en redes sociales, como en instituciones de gobierno - El Puuc Noticias","og_description":"En el marco del D\u00eda Internacional de Protecci\u00f3n de Datos, el alcalde de Oxkutzcab, Juan Jos\u00e9 Mart\u00edn Fragoso,","og_url":"https:\/\/elpuucnoticias.com\/?p=5597","og_site_name":"El Puuc Noticias","article_published_time":"2023-02-03T00:54:14+00:00","article_modified_time":"2023-02-03T00:54:16+00:00","og_image":[{"width":1250,"height":1000,"url":"https:\/\/elpuucnoticias.com\/wp-content\/uploads\/2023\/02\/Ina04.jpeg","type":"image\/jpeg"}],"twitter_card":"summary_large_image","twitter_misc":{"Escrito por":"elpuucnoticias","Tiempo de lectura":"2 minutos"},"schema":{"@context":"https:\/\/schema.org","@graph":[{"@type":"WebSite","@id":"https:\/\/elpuucnoticias.com\/#website","url":"https:\/\/elpuucnoticias.com\/","name":"El Puuc Noticias","description":"Noticias - Entretenimiento - Deportes","potentialAction":[{"@type":"SearchAction","target":{"@type":"EntryPoint","urlTemplate":"https:\/\/elpuucnoticias.com\/?s={search_term_string}"},"query-input":"required name=search_term_string"}],"inLanguage":"es"},{"@type":"ImageObject","@id":"https:\/\/elpuucnoticias.com\/?p=5597#primaryimage","inLanguage":"es","url":"https:\/\/elpuucnoticias.com\/wp-content\/uploads\/2023\/02\/Ina04.jpeg","contentUrl":"https:\/\/elpuucnoticias.com\/wp-content\/uploads\/2023\/02\/Ina04.jpeg","width":1250,"height":1000},{"@type":"WebPage","@id":"https:\/\/elpuucnoticias.com\/?p=5597#webpage","url":"https:\/\/elpuucnoticias.com\/?p=5597","name":"Pl\u00e1tica en Oxkutzcab sobre la protecci\u00f3n de datos personales, tanto en redes sociales, como en instituciones de gobierno - El Puuc Noticias","isPartOf":{"@id":"https:\/\/elpuucnoticias.com\/#website"},"primaryImageOfPage":{"@id":"https:\/\/elpuucnoticias.com\/?p=5597#primaryimage"},"datePublished":"2023-02-03T00:54:14+00:00","dateModified":"2023-02-03T00:54:16+00:00","author":{"@id":"https:\/\/elpuucnoticias.com\/#\/schema\/person\/d2ea09e4c97f0160b11cdfb1d856bd9e"},"breadcrumb":{"@id":"https:\/\/elpuucnoticias.com\/?p=5597#breadcrumb"},"inLanguage":"es","potentialAction":[{"@type":"ReadAction","target":["https:\/\/elpuucnoticias.com\/?p=5597"]}]},{"@type":"BreadcrumbList","@id":"https:\/\/elpuucnoticias.com\/?p=5597#breadcrumb","itemListElement":[{"@type":"ListItem","position":1,"name":"Portada","item":"https:\/\/elpuucnoticias.com\/"},{"@type":"ListItem","position":2,"name":"Pl\u00e1tica en Oxkutzcab sobre la protecci\u00f3n de datos personales, tanto en redes sociales, como en instituciones de gobierno"}]},{"@type":"Person","@id":"https:\/\/elpuucnoticias.com\/#\/schema\/person\/d2ea09e4c97f0160b11cdfb1d856bd9e","name":"elpuucnoticias","image":{"@type":"ImageObject","@id":"https:\/\/elpuucnoticias.com\/#personlogo","inLanguage":"es","url":"https:\/\/secure.gravatar.com\/avatar\/5290a43657c74ffa15701dbe5b846bd85cc71930d803c84e91046a7333de6ce2?s=96&d=mm&r=g","contentUrl":"https:\/\/secure.gravatar.com\/avatar\/5290a43657c74ffa15701dbe5b846bd85cc71930d803c84e91046a7333de6ce2?s=96&d=mm&r=g","caption":"elpuucnoticias"},"sameAs":["https:\/\/elpuucnoticias.com"],"url":"https:\/\/elpuucnoticias.com\/?author=1"}]}},"_links":{"self":[{"href":"https:\/\/elpuucnoticias.com\/index.php?rest_route=\/wp\/v2\/posts\/5597","targetHints":{"allow":["GET"]}}],"collection":[{"href":"https:\/\/elpuucnoticias.com\/index.php?rest_route=\/wp\/v2\/posts"}],"about":[{"href":"https:\/\/elpuucnoticias.com\/index.php?rest_route=\/wp\/v2\/types\/post"}],"author":[{"embeddable":true,"href":"https:\/\/elpuucnoticias.com\/index.php?rest_route=\/wp\/v2\/users\/1"}],"replies":[{"embeddable":true,"href":"https:\/\/elpuucnoticias.com\/index.php?rest_route=%2Fwp%2Fv2%2Fcomments&post=5597"}],"version-history":[{"count":1,"href":"https:\/\/elpuucnoticias.com\/index.php?rest_route=\/wp\/v2\/posts\/5597\/revisions"}],"predecessor-version":[{"id":5603,"href":"https:\/\/elpuucnoticias.com\/index.php?rest_route=\/wp\/v2\/posts\/5597\/revisions\/5603"}],"wp:featuredmedia":[{"embeddable":true,"href":"https:\/\/elpuucnoticias.com\/index.php?rest_route=\/wp\/v2\/media\/5598"}],"wp:attachment":[{"href":"https:\/\/elpuucnoticias.com\/index.php?rest_route=%2Fwp%2Fv2%2Fmedia&parent=5597"}],"wp:term":[{"taxonomy":"category","embeddable":true,"href":"https:\/\/elpuucnoticias.com\/index.php?rest_route=%2Fwp%2Fv2%2Fcategories&post=5597"},{"taxonomy":"post_tag","embeddable":true,"href":"https:\/\/elpuucnoticias.com\/index.php?rest_route=%2Fwp%2Fv2%2Ftags&post=5597"}],"curies":[{"name":"wp","href":"https:\/\/api.w.org\/{rel}","templated":true}]}}