{"id":5604,"date":"2023-02-02T19:27:21","date_gmt":"2023-02-03T01:27:21","guid":{"rendered":"https:\/\/elpuucnoticias.com\/?p=5604"},"modified":"2023-02-02T19:27:22","modified_gmt":"2023-02-03T01:27:22","slug":"queja-de-padres-de-familia-en-plantel-de-bachillerato-en-tekax-temen-que-alumnos-se-queden-sin-libros-para-tomar-clases","status":"publish","type":"post","link":"https:\/\/elpuucnoticias.com\/?p=5604","title":{"rendered":"Queja de padres de familia en plantel de bachillerato en Tekax. Temen que alumnos se queden sin libros para tomar clases"},"content":{"rendered":"\n<p>Desde hace unos d\u00edas se alz\u00f3 una queja generalizada, incluso en redes sociales, de padres de familia y alumnos del Colegio de Bachilleres, plantel Tekax, por el problema de la supuesta falta de libros para los estudiantes.<\/p>\n\n\n\n<p>A la <em>Redacci\u00f3n <\/em>de El Puuc Noticias, lleg\u00f3 una denuncia de padres de familia dando a conocer el problema y pidiendo a las autoridades correspondientes que tomen medidas al respecto ya que ser\u00eda un \u00abatropello a los derechos de los estudiantes\u00bb.<\/p>\n\n\n\n<figure class=\"wp-block-image size-large\"><img loading=\"lazy\" decoding=\"async\" width=\"1024\" height=\"214\" src=\"https:\/\/elpuucnoticias.com\/wp-content\/uploads\/2023\/02\/BANNER-WEB-1024x214.jpg\" alt=\"\" class=\"wp-image-5602\" srcset=\"https:\/\/elpuucnoticias.com\/wp-content\/uploads\/2023\/02\/BANNER-WEB-1024x214.jpg 1024w, https:\/\/elpuucnoticias.com\/wp-content\/uploads\/2023\/02\/BANNER-WEB-300x63.jpg 300w, https:\/\/elpuucnoticias.com\/wp-content\/uploads\/2023\/02\/BANNER-WEB-768x160.jpg 768w, https:\/\/elpuucnoticias.com\/wp-content\/uploads\/2023\/02\/BANNER-WEB-1536x321.jpg 1536w, https:\/\/elpuucnoticias.com\/wp-content\/uploads\/2023\/02\/BANNER-WEB-2048x428.jpg 2048w\" sizes=\"auto, (max-width: 1024px) 100vw, 1024px\" \/><\/figure>\n\n\n\n<p>Los quejosos denuncian \u00abmala organizaci\u00f3n del COBAY con respecto al n\u00famero de\u00a0paquetes incompletos de libros para los alumnos, dejando a un gran n\u00famero de los alumnos sin su material para este semestre\u00bb.<\/p>\n\n\n\n<p>Aseguran tambi\u00e9n que \u00abel semestre pasado sucedi\u00f3 lo mismo, situaci\u00f3n que orilla a los padres de familia a exponerse en vela bajo fr\u00edo con el \u00fanico motivo de alcanzar la ficha para la venta de los pocos ejemplares\u00bb.<\/p>\n\n\n\n<p>\u00abLos padres tenemos que estar desde una noche antes en vela para alcanzar los primeros lugares en la repartici\u00f3n de fichas para los libros en venta, dejando toda responsabilidad como trabajo y familia para alcanzar el libro de nuestros hijos\u00bb.<\/p>\n\n\n\n<p>\u00abSi un padre de familia no puede asistir por cuestiones de salud o \u00edndole personal el alumno se queda sin libro dura te el semestre\u00bb, puntualizan.<\/p>\n\n\n\n<p>Indican que la direcci\u00f3n del plantel es la responsable de dar soluci\u00f3n a la problem\u00e1tica ante la experiencia del a\u00f1o pasado, pero \u00absimplemente manda un comunicado con anticipaci\u00f3n para los alumnos que solo habr\u00e1 a la venta 190 libros de segundo semestre, sabiendo el n\u00famero de matr\u00edcula y dejando al saldo de alumnos de segundo semestre sin libros\u00bb.<\/p>\n\n\n\n<p>En la queja hacen notar la supuesta \u00abfalta de inter\u00e9s ante las necesidades del alumnado dejando en atropello los derechos de los alumnos y en obligaci\u00f3n de vela de los padres de familia para poder alcanzar una mejor calidad educativa\u00bb.\u2014 <em>El Puuc Noticias<\/em><\/p>\n","protected":false},"excerpt":{"rendered":"<p>Desde hace unos d\u00edas se alz\u00f3 una queja generalizada, incluso en redes sociales, de padres de familia y<\/p>\n","protected":false},"author":1,"featured_media":5605,"comment_status":"closed","ping_status":"open","sticky":false,"template":"","format":"standard","meta":{"_monsterinsights_skip_tracking":false,"_monsterinsights_sitenote_active":false,"_monsterinsights_sitenote_note":"","_monsterinsights_sitenote_category":0,"footnotes":""},"categories":[11,4],"tags":[],"class_list":["post-5604","post","type-post","status-publish","format-standard","has-post-thumbnail","hentry","category-noticias","category-tekax"],"yoast_head":"<!-- This site is optimized with the Yoast SEO plugin v18.3 - https:\/\/yoast.com\/wordpress\/plugins\/seo\/ -->\n<title>Queja de padres de familia en plantel de bachillerato en Tekax. Temen que alumnos se queden sin libros para tomar clases - El Puuc Noticias<\/title>\n<meta name=\"robots\" content=\"index, follow, max-snippet:-1, max-image-preview:large, max-video-preview:-1\" \/>\n<link rel=\"canonical\" href=\"https:\/\/elpuucnoticias.com\/?p=5604\" \/>\n<meta property=\"og:locale\" content=\"es_ES\" \/>\n<meta property=\"og:type\" content=\"article\" \/>\n<meta property=\"og:title\" content=\"Queja de padres de familia en plantel de bachillerato en Tekax. Temen que alumnos se queden sin libros para tomar clases - El Puuc Noticias\" \/>\n<meta property=\"og:description\" content=\"Desde hace unos d\u00edas se alz\u00f3 una queja generalizada, incluso en redes sociales, de padres de familia y\" \/>\n<meta property=\"og:url\" content=\"https:\/\/elpuucnoticias.com\/?p=5604\" \/>\n<meta property=\"og:site_name\" content=\"El Puuc Noticias\" \/>\n<meta property=\"article:published_time\" content=\"2023-02-03T01:27:21+00:00\" \/>\n<meta property=\"article:modified_time\" content=\"2023-02-03T01:27:22+00:00\" \/>\n<meta property=\"og:image\" content=\"https:\/\/elpuucnoticias.com\/wp-content\/uploads\/2023\/02\/COBAY1.jpg\" \/>\n\t<meta property=\"og:image:width\" content=\"1600\" \/>\n\t<meta property=\"og:image:height\" content=\"1075\" \/>\n\t<meta property=\"og:image:type\" content=\"image\/jpeg\" \/>\n<meta name=\"twitter:card\" content=\"summary_large_image\" \/>\n<meta name=\"twitter:label1\" content=\"Escrito por\" \/>\n\t<meta name=\"twitter:data1\" content=\"elpuucnoticias\" \/>\n\t<meta name=\"twitter:label2\" content=\"Tiempo de lectura\" \/>\n\t<meta name=\"twitter:data2\" content=\"2 minutos\" \/>\n<script type=\"application\/ld+json\" class=\"yoast-schema-graph\">{\"@context\":\"https:\/\/schema.org\",\"@graph\":[{\"@type\":\"WebSite\",\"@id\":\"https:\/\/elpuucnoticias.com\/#website\",\"url\":\"https:\/\/elpuucnoticias.com\/\",\"name\":\"El Puuc Noticias\",\"description\":\"Noticias - Entretenimiento - Deportes\",\"potentialAction\":[{\"@type\":\"SearchAction\",\"target\":{\"@type\":\"EntryPoint\",\"urlTemplate\":\"https:\/\/elpuucnoticias.com\/?s={search_term_string}\"},\"query-input\":\"required name=search_term_string\"}],\"inLanguage\":\"es\"},{\"@type\":\"ImageObject\",\"@id\":\"https:\/\/elpuucnoticias.com\/?p=5604#primaryimage\",\"inLanguage\":\"es\",\"url\":\"https:\/\/elpuucnoticias.com\/wp-content\/uploads\/2023\/02\/COBAY1.jpg\",\"contentUrl\":\"https:\/\/elpuucnoticias.com\/wp-content\/uploads\/2023\/02\/COBAY1.jpg\",\"width\":1600,\"height\":1075},{\"@type\":\"WebPage\",\"@id\":\"https:\/\/elpuucnoticias.com\/?p=5604#webpage\",\"url\":\"https:\/\/elpuucnoticias.com\/?p=5604\",\"name\":\"Queja de padres de familia en plantel de bachillerato en Tekax. Temen que alumnos se queden sin libros para tomar clases - El Puuc Noticias\",\"isPartOf\":{\"@id\":\"https:\/\/elpuucnoticias.com\/#website\"},\"primaryImageOfPage\":{\"@id\":\"https:\/\/elpuucnoticias.com\/?p=5604#primaryimage\"},\"datePublished\":\"2023-02-03T01:27:21+00:00\",\"dateModified\":\"2023-02-03T01:27:22+00:00\",\"author\":{\"@id\":\"https:\/\/elpuucnoticias.com\/#\/schema\/person\/d2ea09e4c97f0160b11cdfb1d856bd9e\"},\"breadcrumb\":{\"@id\":\"https:\/\/elpuucnoticias.com\/?p=5604#breadcrumb\"},\"inLanguage\":\"es\",\"potentialAction\":[{\"@type\":\"ReadAction\",\"target\":[\"https:\/\/elpuucnoticias.com\/?p=5604\"]}]},{\"@type\":\"BreadcrumbList\",\"@id\":\"https:\/\/elpuucnoticias.com\/?p=5604#breadcrumb\",\"itemListElement\":[{\"@type\":\"ListItem\",\"position\":1,\"name\":\"Portada\",\"item\":\"https:\/\/elpuucnoticias.com\/\"},{\"@type\":\"ListItem\",\"position\":2,\"name\":\"Queja de padres de familia en plantel de bachillerato en Tekax. Temen que alumnos se queden sin libros para tomar clases\"}]},{\"@type\":\"Person\",\"@id\":\"https:\/\/elpuucnoticias.com\/#\/schema\/person\/d2ea09e4c97f0160b11cdfb1d856bd9e\",\"name\":\"elpuucnoticias\",\"image\":{\"@type\":\"ImageObject\",\"@id\":\"https:\/\/elpuucnoticias.com\/#personlogo\",\"inLanguage\":\"es\",\"url\":\"https:\/\/secure.gravatar.com\/avatar\/5290a43657c74ffa15701dbe5b846bd85cc71930d803c84e91046a7333de6ce2?s=96&d=mm&r=g\",\"contentUrl\":\"https:\/\/secure.gravatar.com\/avatar\/5290a43657c74ffa15701dbe5b846bd85cc71930d803c84e91046a7333de6ce2?s=96&d=mm&r=g\",\"caption\":\"elpuucnoticias\"},\"sameAs\":[\"https:\/\/elpuucnoticias.com\"],\"url\":\"https:\/\/elpuucnoticias.com\/?author=1\"}]}<\/script>\n<!-- \/ Yoast SEO plugin. -->","yoast_head_json":{"title":"Queja de padres de familia en plantel de bachillerato en Tekax. Temen que alumnos se queden sin libros para tomar clases - El Puuc Noticias","robots":{"index":"index","follow":"follow","max-snippet":"max-snippet:-1","max-image-preview":"max-image-preview:large","max-video-preview":"max-video-preview:-1"},"canonical":"https:\/\/elpuucnoticias.com\/?p=5604","og_locale":"es_ES","og_type":"article","og_title":"Queja de padres de familia en plantel de bachillerato en Tekax. Temen que alumnos se queden sin libros para tomar clases - El Puuc Noticias","og_description":"Desde hace unos d\u00edas se alz\u00f3 una queja generalizada, incluso en redes sociales, de padres de familia y","og_url":"https:\/\/elpuucnoticias.com\/?p=5604","og_site_name":"El Puuc Noticias","article_published_time":"2023-02-03T01:27:21+00:00","article_modified_time":"2023-02-03T01:27:22+00:00","og_image":[{"width":1600,"height":1075,"url":"https:\/\/elpuucnoticias.com\/wp-content\/uploads\/2023\/02\/COBAY1.jpg","type":"image\/jpeg"}],"twitter_card":"summary_large_image","twitter_misc":{"Escrito por":"elpuucnoticias","Tiempo de lectura":"2 minutos"},"schema":{"@context":"https:\/\/schema.org","@graph":[{"@type":"WebSite","@id":"https:\/\/elpuucnoticias.com\/#website","url":"https:\/\/elpuucnoticias.com\/","name":"El Puuc Noticias","description":"Noticias - Entretenimiento - Deportes","potentialAction":[{"@type":"SearchAction","target":{"@type":"EntryPoint","urlTemplate":"https:\/\/elpuucnoticias.com\/?s={search_term_string}"},"query-input":"required name=search_term_string"}],"inLanguage":"es"},{"@type":"ImageObject","@id":"https:\/\/elpuucnoticias.com\/?p=5604#primaryimage","inLanguage":"es","url":"https:\/\/elpuucnoticias.com\/wp-content\/uploads\/2023\/02\/COBAY1.jpg","contentUrl":"https:\/\/elpuucnoticias.com\/wp-content\/uploads\/2023\/02\/COBAY1.jpg","width":1600,"height":1075},{"@type":"WebPage","@id":"https:\/\/elpuucnoticias.com\/?p=5604#webpage","url":"https:\/\/elpuucnoticias.com\/?p=5604","name":"Queja de padres de familia en plantel de bachillerato en Tekax. Temen que alumnos se queden sin libros para tomar clases - El Puuc Noticias","isPartOf":{"@id":"https:\/\/elpuucnoticias.com\/#website"},"primaryImageOfPage":{"@id":"https:\/\/elpuucnoticias.com\/?p=5604#primaryimage"},"datePublished":"2023-02-03T01:27:21+00:00","dateModified":"2023-02-03T01:27:22+00:00","author":{"@id":"https:\/\/elpuucnoticias.com\/#\/schema\/person\/d2ea09e4c97f0160b11cdfb1d856bd9e"},"breadcrumb":{"@id":"https:\/\/elpuucnoticias.com\/?p=5604#breadcrumb"},"inLanguage":"es","potentialAction":[{"@type":"ReadAction","target":["https:\/\/elpuucnoticias.com\/?p=5604"]}]},{"@type":"BreadcrumbList","@id":"https:\/\/elpuucnoticias.com\/?p=5604#breadcrumb","itemListElement":[{"@type":"ListItem","position":1,"name":"Portada","item":"https:\/\/elpuucnoticias.com\/"},{"@type":"ListItem","position":2,"name":"Queja de padres de familia en plantel de bachillerato en Tekax. Temen que alumnos se queden sin libros para tomar clases"}]},{"@type":"Person","@id":"https:\/\/elpuucnoticias.com\/#\/schema\/person\/d2ea09e4c97f0160b11cdfb1d856bd9e","name":"elpuucnoticias","image":{"@type":"ImageObject","@id":"https:\/\/elpuucnoticias.com\/#personlogo","inLanguage":"es","url":"https:\/\/secure.gravatar.com\/avatar\/5290a43657c74ffa15701dbe5b846bd85cc71930d803c84e91046a7333de6ce2?s=96&d=mm&r=g","contentUrl":"https:\/\/secure.gravatar.com\/avatar\/5290a43657c74ffa15701dbe5b846bd85cc71930d803c84e91046a7333de6ce2?s=96&d=mm&r=g","caption":"elpuucnoticias"},"sameAs":["https:\/\/elpuucnoticias.com"],"url":"https:\/\/elpuucnoticias.com\/?author=1"}]}},"_links":{"self":[{"href":"https:\/\/elpuucnoticias.com\/index.php?rest_route=\/wp\/v2\/posts\/5604","targetHints":{"allow":["GET"]}}],"collection":[{"href":"https:\/\/elpuucnoticias.com\/index.php?rest_route=\/wp\/v2\/posts"}],"about":[{"href":"https:\/\/elpuucnoticias.com\/index.php?rest_route=\/wp\/v2\/types\/post"}],"author":[{"embeddable":true,"href":"https:\/\/elpuucnoticias.com\/index.php?rest_route=\/wp\/v2\/users\/1"}],"replies":[{"embeddable":true,"href":"https:\/\/elpuucnoticias.com\/index.php?rest_route=%2Fwp%2Fv2%2Fcomments&post=5604"}],"version-history":[{"count":1,"href":"https:\/\/elpuucnoticias.com\/index.php?rest_route=\/wp\/v2\/posts\/5604\/revisions"}],"predecessor-version":[{"id":5606,"href":"https:\/\/elpuucnoticias.com\/index.php?rest_route=\/wp\/v2\/posts\/5604\/revisions\/5606"}],"wp:featuredmedia":[{"embeddable":true,"href":"https:\/\/elpuucnoticias.com\/index.php?rest_route=\/wp\/v2\/media\/5605"}],"wp:attachment":[{"href":"https:\/\/elpuucnoticias.com\/index.php?rest_route=%2Fwp%2Fv2%2Fmedia&parent=5604"}],"wp:term":[{"taxonomy":"category","embeddable":true,"href":"https:\/\/elpuucnoticias.com\/index.php?rest_route=%2Fwp%2Fv2%2Fcategories&post=5604"},{"taxonomy":"post_tag","embeddable":true,"href":"https:\/\/elpuucnoticias.com\/index.php?rest_route=%2Fwp%2Fv2%2Ftags&post=5604"}],"curies":[{"name":"wp","href":"https:\/\/api.w.org\/{rel}","templated":true}]}}