{"id":565,"date":"2022-03-25T12:12:57","date_gmt":"2022-03-25T18:12:57","guid":{"rendered":"https:\/\/elpuucnoticias.com\/?p=565"},"modified":"2022-03-25T12:12:58","modified_gmt":"2022-03-25T18:12:58","slug":"senador-jorge-carlos-ramirez-marin-inaugurara-clinica-manana-en-ticul-para-ayudar-a-familias-de-escasos-recursos","status":"publish","type":"post","link":"https:\/\/elpuucnoticias.com\/?p=565","title":{"rendered":"Senador, Jorge Carlos Ram\u00edrez Mar\u00edn, inaugurar\u00e1 cl\u00ednica ma\u00f1ana en Ticul para ayudar a familias de escasos recursos"},"content":{"rendered":"\n<p>Ma\u00f1ana s\u00e1bado a la 1:30 de la tarde se realizar\u00e1 la inauguraci\u00f3n de la cl\u00ednica W. Mar\u00edn, promovida por el Senador  de la Rep\u00fablica el yucateco Jorge Carlos Ram\u00edrez Mar\u00edn.<\/p>\n\n\n\n<p>La inauguraci\u00f3n se realizar\u00e1 en la calle 23 entre 44 y 46 del barrio de San Enrique, donde se espera que la ciudadan\u00eda acuda para este acontecimiento en beneficio de las familias de escasos recursos.<\/p>\n\n\n\n<p>En la cl\u00ednica se ofrecer\u00e1n consultas de medicina general, dental, \u00f3ptica, farmacia y laboratorio cl\u00ednico, adem\u00e1s de que contar\u00e1 con m\u00e1s de 200 medicamentos gen\u00e9ricos.<\/p>\n\n\n\n<p>Se espera la presencia de Jorge Carlos Ram\u00edrez Mar\u00edn en la inauguraci\u00f3n de la cl\u00ednica.\u2014 <em>El Puuc Noticias<\/em> <\/p>\n","protected":false},"excerpt":{"rendered":"<p>Ma\u00f1ana s\u00e1bado a la 1:30 de la tarde se realizar\u00e1 la inauguraci\u00f3n de la cl\u00ednica W. Mar\u00edn, promovida<\/p>\n","protected":false},"author":1,"featured_media":566,"comment_status":"closed","ping_status":"open","sticky":false,"template":"","format":"standard","meta":{"_monsterinsights_skip_tracking":false,"_monsterinsights_sitenote_active":false,"_monsterinsights_sitenote_note":"","_monsterinsights_sitenote_category":0,"footnotes":""},"categories":[11,13],"tags":[],"class_list":["post-565","post","type-post","status-publish","format-standard","has-post-thumbnail","hentry","category-noticias","category-ticul"],"yoast_head":"<!-- This site is optimized with the Yoast SEO plugin v18.3 - https:\/\/yoast.com\/wordpress\/plugins\/seo\/ -->\n<title>Senador, Jorge Carlos Ram\u00edrez Mar\u00edn, inaugurar\u00e1 cl\u00ednica ma\u00f1ana en Ticul para ayudar a familias de escasos recursos - El Puuc Noticias<\/title>\n<meta name=\"robots\" content=\"index, follow, max-snippet:-1, max-image-preview:large, max-video-preview:-1\" \/>\n<link rel=\"canonical\" href=\"https:\/\/elpuucnoticias.com\/?p=565\" \/>\n<meta property=\"og:locale\" content=\"es_ES\" \/>\n<meta property=\"og:type\" content=\"article\" \/>\n<meta property=\"og:title\" content=\"Senador, Jorge Carlos Ram\u00edrez Mar\u00edn, inaugurar\u00e1 cl\u00ednica ma\u00f1ana en Ticul para ayudar a familias de escasos recursos - El Puuc Noticias\" \/>\n<meta property=\"og:description\" content=\"Ma\u00f1ana s\u00e1bado a la 1:30 de la tarde se realizar\u00e1 la inauguraci\u00f3n de la cl\u00ednica W. Mar\u00edn, promovida\" \/>\n<meta property=\"og:url\" content=\"https:\/\/elpuucnoticias.com\/?p=565\" \/>\n<meta property=\"og:site_name\" content=\"El Puuc Noticias\" \/>\n<meta property=\"article:published_time\" content=\"2022-03-25T18:12:57+00:00\" \/>\n<meta property=\"article:modified_time\" content=\"2022-03-25T18:12:58+00:00\" \/>\n<meta property=\"og:image\" content=\"https:\/\/elpuucnoticias.com\/wp-content\/uploads\/2022\/03\/clinica.jpeg\" \/>\n\t<meta property=\"og:image:width\" content=\"2500\" \/>\n\t<meta property=\"og:image:height\" content=\"1510\" \/>\n\t<meta property=\"og:image:type\" content=\"image\/jpeg\" \/>\n<meta name=\"twitter:card\" content=\"summary_large_image\" \/>\n<meta name=\"twitter:label1\" content=\"Escrito por\" \/>\n\t<meta name=\"twitter:data1\" content=\"elpuucnoticias\" \/>\n\t<meta name=\"twitter:label2\" content=\"Tiempo de lectura\" \/>\n\t<meta name=\"twitter:data2\" content=\"1 minuto\" \/>\n<script type=\"application\/ld+json\" class=\"yoast-schema-graph\">{\"@context\":\"https:\/\/schema.org\",\"@graph\":[{\"@type\":\"WebSite\",\"@id\":\"https:\/\/elpuucnoticias.com\/#website\",\"url\":\"https:\/\/elpuucnoticias.com\/\",\"name\":\"El Puuc Noticias\",\"description\":\"Noticias - Entretenimiento - Deportes\",\"potentialAction\":[{\"@type\":\"SearchAction\",\"target\":{\"@type\":\"EntryPoint\",\"urlTemplate\":\"https:\/\/elpuucnoticias.com\/?s={search_term_string}\"},\"query-input\":\"required name=search_term_string\"}],\"inLanguage\":\"es\"},{\"@type\":\"ImageObject\",\"@id\":\"https:\/\/elpuucnoticias.com\/?p=565#primaryimage\",\"inLanguage\":\"es\",\"url\":\"https:\/\/elpuucnoticias.com\/wp-content\/uploads\/2022\/03\/clinica.jpeg\",\"contentUrl\":\"https:\/\/elpuucnoticias.com\/wp-content\/uploads\/2022\/03\/clinica.jpeg\",\"width\":2500,\"height\":1510},{\"@type\":\"WebPage\",\"@id\":\"https:\/\/elpuucnoticias.com\/?p=565#webpage\",\"url\":\"https:\/\/elpuucnoticias.com\/?p=565\",\"name\":\"Senador, Jorge Carlos Ram\u00edrez Mar\u00edn, inaugurar\u00e1 cl\u00ednica ma\u00f1ana en Ticul para ayudar a familias de escasos recursos - El Puuc Noticias\",\"isPartOf\":{\"@id\":\"https:\/\/elpuucnoticias.com\/#website\"},\"primaryImageOfPage\":{\"@id\":\"https:\/\/elpuucnoticias.com\/?p=565#primaryimage\"},\"datePublished\":\"2022-03-25T18:12:57+00:00\",\"dateModified\":\"2022-03-25T18:12:58+00:00\",\"author\":{\"@id\":\"https:\/\/elpuucnoticias.com\/#\/schema\/person\/d2ea09e4c97f0160b11cdfb1d856bd9e\"},\"breadcrumb\":{\"@id\":\"https:\/\/elpuucnoticias.com\/?p=565#breadcrumb\"},\"inLanguage\":\"es\",\"potentialAction\":[{\"@type\":\"ReadAction\",\"target\":[\"https:\/\/elpuucnoticias.com\/?p=565\"]}]},{\"@type\":\"BreadcrumbList\",\"@id\":\"https:\/\/elpuucnoticias.com\/?p=565#breadcrumb\",\"itemListElement\":[{\"@type\":\"ListItem\",\"position\":1,\"name\":\"Portada\",\"item\":\"https:\/\/elpuucnoticias.com\/\"},{\"@type\":\"ListItem\",\"position\":2,\"name\":\"Senador, Jorge Carlos Ram\u00edrez Mar\u00edn, inaugurar\u00e1 cl\u00ednica ma\u00f1ana en Ticul para ayudar a familias de escasos recursos\"}]},{\"@type\":\"Person\",\"@id\":\"https:\/\/elpuucnoticias.com\/#\/schema\/person\/d2ea09e4c97f0160b11cdfb1d856bd9e\",\"name\":\"elpuucnoticias\",\"image\":{\"@type\":\"ImageObject\",\"@id\":\"https:\/\/elpuucnoticias.com\/#personlogo\",\"inLanguage\":\"es\",\"url\":\"https:\/\/secure.gravatar.com\/avatar\/5290a43657c74ffa15701dbe5b846bd85cc71930d803c84e91046a7333de6ce2?s=96&d=mm&r=g\",\"contentUrl\":\"https:\/\/secure.gravatar.com\/avatar\/5290a43657c74ffa15701dbe5b846bd85cc71930d803c84e91046a7333de6ce2?s=96&d=mm&r=g\",\"caption\":\"elpuucnoticias\"},\"sameAs\":[\"https:\/\/elpuucnoticias.com\"],\"url\":\"https:\/\/elpuucnoticias.com\/?author=1\"}]}<\/script>\n<!-- \/ Yoast SEO plugin. -->","yoast_head_json":{"title":"Senador, Jorge Carlos Ram\u00edrez Mar\u00edn, inaugurar\u00e1 cl\u00ednica ma\u00f1ana en Ticul para ayudar a familias de escasos recursos - El Puuc Noticias","robots":{"index":"index","follow":"follow","max-snippet":"max-snippet:-1","max-image-preview":"max-image-preview:large","max-video-preview":"max-video-preview:-1"},"canonical":"https:\/\/elpuucnoticias.com\/?p=565","og_locale":"es_ES","og_type":"article","og_title":"Senador, Jorge Carlos Ram\u00edrez Mar\u00edn, inaugurar\u00e1 cl\u00ednica ma\u00f1ana en Ticul para ayudar a familias de escasos recursos - El Puuc Noticias","og_description":"Ma\u00f1ana s\u00e1bado a la 1:30 de la tarde se realizar\u00e1 la inauguraci\u00f3n de la cl\u00ednica W. Mar\u00edn, promovida","og_url":"https:\/\/elpuucnoticias.com\/?p=565","og_site_name":"El Puuc Noticias","article_published_time":"2022-03-25T18:12:57+00:00","article_modified_time":"2022-03-25T18:12:58+00:00","og_image":[{"width":2500,"height":1510,"url":"https:\/\/elpuucnoticias.com\/wp-content\/uploads\/2022\/03\/clinica.jpeg","type":"image\/jpeg"}],"twitter_card":"summary_large_image","twitter_misc":{"Escrito por":"elpuucnoticias","Tiempo de lectura":"1 minuto"},"schema":{"@context":"https:\/\/schema.org","@graph":[{"@type":"WebSite","@id":"https:\/\/elpuucnoticias.com\/#website","url":"https:\/\/elpuucnoticias.com\/","name":"El Puuc Noticias","description":"Noticias - Entretenimiento - Deportes","potentialAction":[{"@type":"SearchAction","target":{"@type":"EntryPoint","urlTemplate":"https:\/\/elpuucnoticias.com\/?s={search_term_string}"},"query-input":"required name=search_term_string"}],"inLanguage":"es"},{"@type":"ImageObject","@id":"https:\/\/elpuucnoticias.com\/?p=565#primaryimage","inLanguage":"es","url":"https:\/\/elpuucnoticias.com\/wp-content\/uploads\/2022\/03\/clinica.jpeg","contentUrl":"https:\/\/elpuucnoticias.com\/wp-content\/uploads\/2022\/03\/clinica.jpeg","width":2500,"height":1510},{"@type":"WebPage","@id":"https:\/\/elpuucnoticias.com\/?p=565#webpage","url":"https:\/\/elpuucnoticias.com\/?p=565","name":"Senador, Jorge Carlos Ram\u00edrez Mar\u00edn, inaugurar\u00e1 cl\u00ednica ma\u00f1ana en Ticul para ayudar a familias de escasos recursos - El Puuc Noticias","isPartOf":{"@id":"https:\/\/elpuucnoticias.com\/#website"},"primaryImageOfPage":{"@id":"https:\/\/elpuucnoticias.com\/?p=565#primaryimage"},"datePublished":"2022-03-25T18:12:57+00:00","dateModified":"2022-03-25T18:12:58+00:00","author":{"@id":"https:\/\/elpuucnoticias.com\/#\/schema\/person\/d2ea09e4c97f0160b11cdfb1d856bd9e"},"breadcrumb":{"@id":"https:\/\/elpuucnoticias.com\/?p=565#breadcrumb"},"inLanguage":"es","potentialAction":[{"@type":"ReadAction","target":["https:\/\/elpuucnoticias.com\/?p=565"]}]},{"@type":"BreadcrumbList","@id":"https:\/\/elpuucnoticias.com\/?p=565#breadcrumb","itemListElement":[{"@type":"ListItem","position":1,"name":"Portada","item":"https:\/\/elpuucnoticias.com\/"},{"@type":"ListItem","position":2,"name":"Senador, Jorge Carlos Ram\u00edrez Mar\u00edn, inaugurar\u00e1 cl\u00ednica ma\u00f1ana en Ticul para ayudar a familias de escasos recursos"}]},{"@type":"Person","@id":"https:\/\/elpuucnoticias.com\/#\/schema\/person\/d2ea09e4c97f0160b11cdfb1d856bd9e","name":"elpuucnoticias","image":{"@type":"ImageObject","@id":"https:\/\/elpuucnoticias.com\/#personlogo","inLanguage":"es","url":"https:\/\/secure.gravatar.com\/avatar\/5290a43657c74ffa15701dbe5b846bd85cc71930d803c84e91046a7333de6ce2?s=96&d=mm&r=g","contentUrl":"https:\/\/secure.gravatar.com\/avatar\/5290a43657c74ffa15701dbe5b846bd85cc71930d803c84e91046a7333de6ce2?s=96&d=mm&r=g","caption":"elpuucnoticias"},"sameAs":["https:\/\/elpuucnoticias.com"],"url":"https:\/\/elpuucnoticias.com\/?author=1"}]}},"_links":{"self":[{"href":"https:\/\/elpuucnoticias.com\/index.php?rest_route=\/wp\/v2\/posts\/565","targetHints":{"allow":["GET"]}}],"collection":[{"href":"https:\/\/elpuucnoticias.com\/index.php?rest_route=\/wp\/v2\/posts"}],"about":[{"href":"https:\/\/elpuucnoticias.com\/index.php?rest_route=\/wp\/v2\/types\/post"}],"author":[{"embeddable":true,"href":"https:\/\/elpuucnoticias.com\/index.php?rest_route=\/wp\/v2\/users\/1"}],"replies":[{"embeddable":true,"href":"https:\/\/elpuucnoticias.com\/index.php?rest_route=%2Fwp%2Fv2%2Fcomments&post=565"}],"version-history":[{"count":1,"href":"https:\/\/elpuucnoticias.com\/index.php?rest_route=\/wp\/v2\/posts\/565\/revisions"}],"predecessor-version":[{"id":567,"href":"https:\/\/elpuucnoticias.com\/index.php?rest_route=\/wp\/v2\/posts\/565\/revisions\/567"}],"wp:featuredmedia":[{"embeddable":true,"href":"https:\/\/elpuucnoticias.com\/index.php?rest_route=\/wp\/v2\/media\/566"}],"wp:attachment":[{"href":"https:\/\/elpuucnoticias.com\/index.php?rest_route=%2Fwp%2Fv2%2Fmedia&parent=565"}],"wp:term":[{"taxonomy":"category","embeddable":true,"href":"https:\/\/elpuucnoticias.com\/index.php?rest_route=%2Fwp%2Fv2%2Fcategories&post=565"},{"taxonomy":"post_tag","embeddable":true,"href":"https:\/\/elpuucnoticias.com\/index.php?rest_route=%2Fwp%2Fv2%2Ftags&post=565"}],"curies":[{"name":"wp","href":"https:\/\/api.w.org\/{rel}","templated":true}]}}