{"id":5807,"date":"2023-02-15T19:03:13","date_gmt":"2023-02-16T01:03:13","guid":{"rendered":"https:\/\/elpuucnoticias.com\/?p=5807"},"modified":"2023-02-15T19:03:14","modified_gmt":"2023-02-16T01:03:14","slug":"celebran-el-decimo-aniversario-del-programa-la-hora-universitaria-desarrollado-por-alumnos-de-la-ut-del-mayab-de-peto","status":"publish","type":"post","link":"https:\/\/elpuucnoticias.com\/?p=5807","title":{"rendered":"Celebran el d\u00e9cimo aniversario del programa La Hora Universitaria, desarrollado por alumnos de la UT del Mayab, de Peto"},"content":{"rendered":"\n<p>El alcalde de Peto, Ren\u00e1n Jim\u00e9nez Tah, particip\u00f3 como invitado especial del Rector, el Maestro Jos\u00e9 Enrique Carrillo Duarte, a un evento cultural que se realiz\u00f3 este d\u00eda en la Universidad Tecnol\u00f3gica del Mayab, donde se celebr\u00f3 el D\u00e9cimo Aniversario de La Hora Universitaria.<\/p>\n\n\n\n<figure class=\"wp-block-gallery has-nested-images columns-default is-cropped wp-block-gallery-1 is-layout-flex wp-block-gallery-is-layout-flex\">\n<figure class=\"wp-block-image size-large\"><img loading=\"lazy\" decoding=\"async\" width=\"1024\" height=\"682\" data-id=\"5809\" src=\"https:\/\/elpuucnoticias.com\/wp-content\/uploads\/2023\/02\/WhatsApp-Image-2023-02-15-at-5.18.14-PM-1-1024x682.jpeg\" alt=\"\" class=\"wp-image-5809\" srcset=\"https:\/\/elpuucnoticias.com\/wp-content\/uploads\/2023\/02\/WhatsApp-Image-2023-02-15-at-5.18.14-PM-1-1024x682.jpeg 1024w, https:\/\/elpuucnoticias.com\/wp-content\/uploads\/2023\/02\/WhatsApp-Image-2023-02-15-at-5.18.14-PM-1-300x200.jpeg 300w, https:\/\/elpuucnoticias.com\/wp-content\/uploads\/2023\/02\/WhatsApp-Image-2023-02-15-at-5.18.14-PM-1-768x512.jpeg 768w, https:\/\/elpuucnoticias.com\/wp-content\/uploads\/2023\/02\/WhatsApp-Image-2023-02-15-at-5.18.14-PM-1-1536x1023.jpeg 1536w, https:\/\/elpuucnoticias.com\/wp-content\/uploads\/2023\/02\/WhatsApp-Image-2023-02-15-at-5.18.14-PM-1.jpeg 1600w\" sizes=\"auto, (max-width: 1024px) 100vw, 1024px\" \/><\/figure>\n\n\n\n<figure class=\"wp-block-image size-large\"><img loading=\"lazy\" decoding=\"async\" width=\"1024\" height=\"682\" data-id=\"5810\" src=\"https:\/\/elpuucnoticias.com\/wp-content\/uploads\/2023\/02\/WhatsApp-Image-2023-02-15-at-5.18.14-PM-1024x682.jpeg\" alt=\"\" class=\"wp-image-5810\" srcset=\"https:\/\/elpuucnoticias.com\/wp-content\/uploads\/2023\/02\/WhatsApp-Image-2023-02-15-at-5.18.14-PM-1024x682.jpeg 1024w, https:\/\/elpuucnoticias.com\/wp-content\/uploads\/2023\/02\/WhatsApp-Image-2023-02-15-at-5.18.14-PM-300x200.jpeg 300w, https:\/\/elpuucnoticias.com\/wp-content\/uploads\/2023\/02\/WhatsApp-Image-2023-02-15-at-5.18.14-PM-768x512.jpeg 768w, https:\/\/elpuucnoticias.com\/wp-content\/uploads\/2023\/02\/WhatsApp-Image-2023-02-15-at-5.18.14-PM-1536x1023.jpeg 1536w, https:\/\/elpuucnoticias.com\/wp-content\/uploads\/2023\/02\/WhatsApp-Image-2023-02-15-at-5.18.14-PM.jpeg 1600w\" sizes=\"auto, (max-width: 1024px) 100vw, 1024px\" \/><\/figure>\n<\/figure>\n\n\n\n<p>Seg\u00fan se inform\u00f3 el proyecto inici\u00f3 hace 10 a\u00f1os como parte de la carrera de Tecnolog\u00edas de la Informaci\u00f3n, \u00c1rea Entornos Virtuales y Negocios Digitales, y que hoy d\u00eda brinda espacios radiof\u00f3nicos a estudiantes que hablan de diversos temas.<\/p>\n\n\n\n<p>Estos programas son grabados en las instalaciones de la Universidad donde se cuenta con una cabina de radio y posteriormente son trasmitidos en la radiodifusora local Xepet \u201cLa voz de los Mayas\u201d.<\/p>\n\n\n\n<figure class=\"wp-block-image size-large\"><img loading=\"lazy\" decoding=\"async\" width=\"1024\" height=\"159\" src=\"https:\/\/elpuucnoticias.com\/wp-content\/uploads\/2023\/02\/cropped-BANNER-FEBRERO-1024x159.jpg\" alt=\"\" class=\"wp-image-5787\" srcset=\"https:\/\/elpuucnoticias.com\/wp-content\/uploads\/2023\/02\/cropped-BANNER-FEBRERO-1024x159.jpg 1024w, https:\/\/elpuucnoticias.com\/wp-content\/uploads\/2023\/02\/cropped-BANNER-FEBRERO-300x47.jpg 300w, https:\/\/elpuucnoticias.com\/wp-content\/uploads\/2023\/02\/cropped-BANNER-FEBRERO-768x119.jpg 768w, https:\/\/elpuucnoticias.com\/wp-content\/uploads\/2023\/02\/cropped-BANNER-FEBRERO-1536x239.jpg 1536w, https:\/\/elpuucnoticias.com\/wp-content\/uploads\/2023\/02\/cropped-BANNER-FEBRERO-2048x318.jpg 2048w\" sizes=\"auto, (max-width: 1024px) 100vw, 1024px\" \/><\/figure>\n\n\n\n<p>Durante el evento se realiz\u00f3 el corte de pastel, y un evento cultural donde participaron artistas locales, as\u00ed como alumnas de canto y la maestra de canto de la Casa de la Cultura del municipio.<\/p>\n\n\n\n<p>El alcalde resalt\u00f3 la importante labor que realizan los alumnos a trav\u00e9s de este espacio, debido a que informan a miles de radioescuchas sobre temas de inter\u00e9s social.\u2014 <em>El Puuc Noticias<\/em><\/p>\n","protected":false},"excerpt":{"rendered":"<p>El alcalde de Peto, Ren\u00e1n Jim\u00e9nez Tah, particip\u00f3 como invitado especial del Rector, el Maestro Jos\u00e9 Enrique Carrillo<\/p>\n","protected":false},"author":1,"featured_media":5808,"comment_status":"closed","ping_status":"open","sticky":false,"template":"","format":"standard","meta":{"_monsterinsights_skip_tracking":false,"_monsterinsights_sitenote_active":false,"_monsterinsights_sitenote_note":"","_monsterinsights_sitenote_category":0,"footnotes":""},"categories":[11,20],"tags":[],"class_list":["post-5807","post","type-post","status-publish","format-standard","has-post-thumbnail","hentry","category-noticias","category-peto"],"yoast_head":"<!-- This site is optimized with the Yoast SEO plugin v18.3 - https:\/\/yoast.com\/wordpress\/plugins\/seo\/ -->\n<title>Celebran el d\u00e9cimo aniversario del programa La Hora Universitaria, desarrollado por alumnos de la UT del Mayab, de Peto - El Puuc Noticias<\/title>\n<meta name=\"robots\" content=\"index, follow, max-snippet:-1, max-image-preview:large, max-video-preview:-1\" \/>\n<link rel=\"canonical\" href=\"https:\/\/elpuucnoticias.com\/?p=5807\" \/>\n<meta property=\"og:locale\" content=\"es_ES\" \/>\n<meta property=\"og:type\" content=\"article\" \/>\n<meta property=\"og:title\" content=\"Celebran el d\u00e9cimo aniversario del programa La Hora Universitaria, desarrollado por alumnos de la UT del Mayab, de Peto - El Puuc Noticias\" \/>\n<meta property=\"og:description\" content=\"El alcalde de Peto, Ren\u00e1n Jim\u00e9nez Tah, particip\u00f3 como invitado especial del Rector, el Maestro Jos\u00e9 Enrique Carrillo\" \/>\n<meta property=\"og:url\" content=\"https:\/\/elpuucnoticias.com\/?p=5807\" \/>\n<meta property=\"og:site_name\" content=\"El Puuc Noticias\" \/>\n<meta property=\"article:published_time\" content=\"2023-02-16T01:03:13+00:00\" \/>\n<meta property=\"article:modified_time\" content=\"2023-02-16T01:03:14+00:00\" \/>\n<meta property=\"og:image\" content=\"https:\/\/elpuucnoticias.com\/wp-content\/uploads\/2023\/02\/WhatsApp-Image-2023-02-15-at-5.18.16-PM.jpeg\" \/>\n\t<meta property=\"og:image:width\" content=\"1600\" \/>\n\t<meta property=\"og:image:height\" content=\"1066\" \/>\n\t<meta property=\"og:image:type\" content=\"image\/jpeg\" \/>\n<meta name=\"twitter:card\" content=\"summary_large_image\" \/>\n<meta name=\"twitter:label1\" content=\"Escrito por\" \/>\n\t<meta name=\"twitter:data1\" content=\"elpuucnoticias\" \/>\n\t<meta name=\"twitter:label2\" content=\"Tiempo de lectura\" \/>\n\t<meta name=\"twitter:data2\" content=\"2 minutos\" \/>\n<script type=\"application\/ld+json\" class=\"yoast-schema-graph\">{\"@context\":\"https:\/\/schema.org\",\"@graph\":[{\"@type\":\"WebSite\",\"@id\":\"https:\/\/elpuucnoticias.com\/#website\",\"url\":\"https:\/\/elpuucnoticias.com\/\",\"name\":\"El Puuc Noticias\",\"description\":\"Noticias - Entretenimiento - Deportes\",\"potentialAction\":[{\"@type\":\"SearchAction\",\"target\":{\"@type\":\"EntryPoint\",\"urlTemplate\":\"https:\/\/elpuucnoticias.com\/?s={search_term_string}\"},\"query-input\":\"required name=search_term_string\"}],\"inLanguage\":\"es\"},{\"@type\":\"ImageObject\",\"@id\":\"https:\/\/elpuucnoticias.com\/?p=5807#primaryimage\",\"inLanguage\":\"es\",\"url\":\"https:\/\/elpuucnoticias.com\/wp-content\/uploads\/2023\/02\/WhatsApp-Image-2023-02-15-at-5.18.16-PM.jpeg\",\"contentUrl\":\"https:\/\/elpuucnoticias.com\/wp-content\/uploads\/2023\/02\/WhatsApp-Image-2023-02-15-at-5.18.16-PM.jpeg\",\"width\":1600,\"height\":1066},{\"@type\":\"WebPage\",\"@id\":\"https:\/\/elpuucnoticias.com\/?p=5807#webpage\",\"url\":\"https:\/\/elpuucnoticias.com\/?p=5807\",\"name\":\"Celebran el d\u00e9cimo aniversario del programa La Hora Universitaria, desarrollado por alumnos de la UT del Mayab, de Peto - El Puuc Noticias\",\"isPartOf\":{\"@id\":\"https:\/\/elpuucnoticias.com\/#website\"},\"primaryImageOfPage\":{\"@id\":\"https:\/\/elpuucnoticias.com\/?p=5807#primaryimage\"},\"datePublished\":\"2023-02-16T01:03:13+00:00\",\"dateModified\":\"2023-02-16T01:03:14+00:00\",\"author\":{\"@id\":\"https:\/\/elpuucnoticias.com\/#\/schema\/person\/d2ea09e4c97f0160b11cdfb1d856bd9e\"},\"breadcrumb\":{\"@id\":\"https:\/\/elpuucnoticias.com\/?p=5807#breadcrumb\"},\"inLanguage\":\"es\",\"potentialAction\":[{\"@type\":\"ReadAction\",\"target\":[\"https:\/\/elpuucnoticias.com\/?p=5807\"]}]},{\"@type\":\"BreadcrumbList\",\"@id\":\"https:\/\/elpuucnoticias.com\/?p=5807#breadcrumb\",\"itemListElement\":[{\"@type\":\"ListItem\",\"position\":1,\"name\":\"Portada\",\"item\":\"https:\/\/elpuucnoticias.com\/\"},{\"@type\":\"ListItem\",\"position\":2,\"name\":\"Celebran el d\u00e9cimo aniversario del programa La Hora Universitaria, desarrollado por alumnos de la UT del Mayab, de Peto\"}]},{\"@type\":\"Person\",\"@id\":\"https:\/\/elpuucnoticias.com\/#\/schema\/person\/d2ea09e4c97f0160b11cdfb1d856bd9e\",\"name\":\"elpuucnoticias\",\"image\":{\"@type\":\"ImageObject\",\"@id\":\"https:\/\/elpuucnoticias.com\/#personlogo\",\"inLanguage\":\"es\",\"url\":\"https:\/\/secure.gravatar.com\/avatar\/5290a43657c74ffa15701dbe5b846bd85cc71930d803c84e91046a7333de6ce2?s=96&d=mm&r=g\",\"contentUrl\":\"https:\/\/secure.gravatar.com\/avatar\/5290a43657c74ffa15701dbe5b846bd85cc71930d803c84e91046a7333de6ce2?s=96&d=mm&r=g\",\"caption\":\"elpuucnoticias\"},\"sameAs\":[\"https:\/\/elpuucnoticias.com\"],\"url\":\"https:\/\/elpuucnoticias.com\/?author=1\"}]}<\/script>\n<!-- \/ Yoast SEO plugin. -->","yoast_head_json":{"title":"Celebran el d\u00e9cimo aniversario del programa La Hora Universitaria, desarrollado por alumnos de la UT del Mayab, de Peto - El Puuc Noticias","robots":{"index":"index","follow":"follow","max-snippet":"max-snippet:-1","max-image-preview":"max-image-preview:large","max-video-preview":"max-video-preview:-1"},"canonical":"https:\/\/elpuucnoticias.com\/?p=5807","og_locale":"es_ES","og_type":"article","og_title":"Celebran el d\u00e9cimo aniversario del programa La Hora Universitaria, desarrollado por alumnos de la UT del Mayab, de Peto - El Puuc Noticias","og_description":"El alcalde de Peto, Ren\u00e1n Jim\u00e9nez Tah, particip\u00f3 como invitado especial del Rector, el Maestro Jos\u00e9 Enrique Carrillo","og_url":"https:\/\/elpuucnoticias.com\/?p=5807","og_site_name":"El Puuc Noticias","article_published_time":"2023-02-16T01:03:13+00:00","article_modified_time":"2023-02-16T01:03:14+00:00","og_image":[{"width":1600,"height":1066,"url":"https:\/\/elpuucnoticias.com\/wp-content\/uploads\/2023\/02\/WhatsApp-Image-2023-02-15-at-5.18.16-PM.jpeg","type":"image\/jpeg"}],"twitter_card":"summary_large_image","twitter_misc":{"Escrito por":"elpuucnoticias","Tiempo de lectura":"2 minutos"},"schema":{"@context":"https:\/\/schema.org","@graph":[{"@type":"WebSite","@id":"https:\/\/elpuucnoticias.com\/#website","url":"https:\/\/elpuucnoticias.com\/","name":"El Puuc Noticias","description":"Noticias - Entretenimiento - Deportes","potentialAction":[{"@type":"SearchAction","target":{"@type":"EntryPoint","urlTemplate":"https:\/\/elpuucnoticias.com\/?s={search_term_string}"},"query-input":"required name=search_term_string"}],"inLanguage":"es"},{"@type":"ImageObject","@id":"https:\/\/elpuucnoticias.com\/?p=5807#primaryimage","inLanguage":"es","url":"https:\/\/elpuucnoticias.com\/wp-content\/uploads\/2023\/02\/WhatsApp-Image-2023-02-15-at-5.18.16-PM.jpeg","contentUrl":"https:\/\/elpuucnoticias.com\/wp-content\/uploads\/2023\/02\/WhatsApp-Image-2023-02-15-at-5.18.16-PM.jpeg","width":1600,"height":1066},{"@type":"WebPage","@id":"https:\/\/elpuucnoticias.com\/?p=5807#webpage","url":"https:\/\/elpuucnoticias.com\/?p=5807","name":"Celebran el d\u00e9cimo aniversario del programa La Hora Universitaria, desarrollado por alumnos de la UT del Mayab, de Peto - El Puuc Noticias","isPartOf":{"@id":"https:\/\/elpuucnoticias.com\/#website"},"primaryImageOfPage":{"@id":"https:\/\/elpuucnoticias.com\/?p=5807#primaryimage"},"datePublished":"2023-02-16T01:03:13+00:00","dateModified":"2023-02-16T01:03:14+00:00","author":{"@id":"https:\/\/elpuucnoticias.com\/#\/schema\/person\/d2ea09e4c97f0160b11cdfb1d856bd9e"},"breadcrumb":{"@id":"https:\/\/elpuucnoticias.com\/?p=5807#breadcrumb"},"inLanguage":"es","potentialAction":[{"@type":"ReadAction","target":["https:\/\/elpuucnoticias.com\/?p=5807"]}]},{"@type":"BreadcrumbList","@id":"https:\/\/elpuucnoticias.com\/?p=5807#breadcrumb","itemListElement":[{"@type":"ListItem","position":1,"name":"Portada","item":"https:\/\/elpuucnoticias.com\/"},{"@type":"ListItem","position":2,"name":"Celebran el d\u00e9cimo aniversario del programa La Hora Universitaria, desarrollado por alumnos de la UT del Mayab, de Peto"}]},{"@type":"Person","@id":"https:\/\/elpuucnoticias.com\/#\/schema\/person\/d2ea09e4c97f0160b11cdfb1d856bd9e","name":"elpuucnoticias","image":{"@type":"ImageObject","@id":"https:\/\/elpuucnoticias.com\/#personlogo","inLanguage":"es","url":"https:\/\/secure.gravatar.com\/avatar\/5290a43657c74ffa15701dbe5b846bd85cc71930d803c84e91046a7333de6ce2?s=96&d=mm&r=g","contentUrl":"https:\/\/secure.gravatar.com\/avatar\/5290a43657c74ffa15701dbe5b846bd85cc71930d803c84e91046a7333de6ce2?s=96&d=mm&r=g","caption":"elpuucnoticias"},"sameAs":["https:\/\/elpuucnoticias.com"],"url":"https:\/\/elpuucnoticias.com\/?author=1"}]}},"_links":{"self":[{"href":"https:\/\/elpuucnoticias.com\/index.php?rest_route=\/wp\/v2\/posts\/5807","targetHints":{"allow":["GET"]}}],"collection":[{"href":"https:\/\/elpuucnoticias.com\/index.php?rest_route=\/wp\/v2\/posts"}],"about":[{"href":"https:\/\/elpuucnoticias.com\/index.php?rest_route=\/wp\/v2\/types\/post"}],"author":[{"embeddable":true,"href":"https:\/\/elpuucnoticias.com\/index.php?rest_route=\/wp\/v2\/users\/1"}],"replies":[{"embeddable":true,"href":"https:\/\/elpuucnoticias.com\/index.php?rest_route=%2Fwp%2Fv2%2Fcomments&post=5807"}],"version-history":[{"count":1,"href":"https:\/\/elpuucnoticias.com\/index.php?rest_route=\/wp\/v2\/posts\/5807\/revisions"}],"predecessor-version":[{"id":5811,"href":"https:\/\/elpuucnoticias.com\/index.php?rest_route=\/wp\/v2\/posts\/5807\/revisions\/5811"}],"wp:featuredmedia":[{"embeddable":true,"href":"https:\/\/elpuucnoticias.com\/index.php?rest_route=\/wp\/v2\/media\/5808"}],"wp:attachment":[{"href":"https:\/\/elpuucnoticias.com\/index.php?rest_route=%2Fwp%2Fv2%2Fmedia&parent=5807"}],"wp:term":[{"taxonomy":"category","embeddable":true,"href":"https:\/\/elpuucnoticias.com\/index.php?rest_route=%2Fwp%2Fv2%2Fcategories&post=5807"},{"taxonomy":"post_tag","embeddable":true,"href":"https:\/\/elpuucnoticias.com\/index.php?rest_route=%2Fwp%2Fv2%2Ftags&post=5807"}],"curies":[{"name":"wp","href":"https:\/\/api.w.org\/{rel}","templated":true}]}}