{"id":5813,"date":"2023-02-16T20:09:50","date_gmt":"2023-02-17T02:09:50","guid":{"rendered":"https:\/\/elpuucnoticias.com\/?p=5813"},"modified":"2023-02-16T20:09:50","modified_gmt":"2023-02-17T02:09:50","slug":"celebran-el-dia-de-san-valentin-en-el-centro-educativo-rodriguez-tamayo-de-ticul","status":"publish","type":"post","link":"https:\/\/elpuucnoticias.com\/?p=5813","title":{"rendered":"Celebran el D\u00eda de San Valent\u00edn en el Centro Educativo Rodr\u00edguez Tamayo, de Ticul"},"content":{"rendered":"\n<p>Alumnos del Centro Educativo Rodr\u00edguez Tamayo, de Ticul, celebraron en d\u00edas pasados el D\u00eda del Amor y la Amistad con diferentes actividades. Personal de la instituci\u00f3n obsequi\u00f3 tarjetas y regalos sorpresa a los estudiantes.<\/p>\n\n\n\n<figure class=\"wp-block-gallery has-nested-images columns-default is-cropped wp-block-gallery-1 is-layout-flex wp-block-gallery-is-layout-flex\">\n<figure class=\"wp-block-image size-large\"><img loading=\"lazy\" decoding=\"async\" width=\"720\" height=\"480\" data-id=\"5815\" src=\"https:\/\/elpuucnoticias.com\/wp-content\/uploads\/2023\/02\/WhatsApp-Image-2023-02-16-at-4.53.28-PM.jpeg\" alt=\"\" class=\"wp-image-5815\" srcset=\"https:\/\/elpuucnoticias.com\/wp-content\/uploads\/2023\/02\/WhatsApp-Image-2023-02-16-at-4.53.28-PM.jpeg 720w, https:\/\/elpuucnoticias.com\/wp-content\/uploads\/2023\/02\/WhatsApp-Image-2023-02-16-at-4.53.28-PM-300x200.jpeg 300w\" sizes=\"auto, (max-width: 720px) 100vw, 720px\" \/><\/figure>\n\n\n\n<figure class=\"wp-block-image size-large\"><img loading=\"lazy\" decoding=\"async\" width=\"720\" height=\"480\" data-id=\"5817\" src=\"https:\/\/elpuucnoticias.com\/wp-content\/uploads\/2023\/02\/WhatsApp-Image-2023-02-16-at-4.53.27-PM-1.jpeg\" alt=\"\" class=\"wp-image-5817\" srcset=\"https:\/\/elpuucnoticias.com\/wp-content\/uploads\/2023\/02\/WhatsApp-Image-2023-02-16-at-4.53.27-PM-1.jpeg 720w, https:\/\/elpuucnoticias.com\/wp-content\/uploads\/2023\/02\/WhatsApp-Image-2023-02-16-at-4.53.27-PM-1-300x200.jpeg 300w\" sizes=\"auto, (max-width: 720px) 100vw, 720px\" \/><\/figure>\n\n\n\n<figure class=\"wp-block-image size-large\"><img loading=\"lazy\" decoding=\"async\" width=\"720\" height=\"480\" data-id=\"5816\" src=\"https:\/\/elpuucnoticias.com\/wp-content\/uploads\/2023\/02\/WhatsApp-Image-2023-02-16-at-4.53.27-PM.jpeg\" alt=\"\" class=\"wp-image-5816\" srcset=\"https:\/\/elpuucnoticias.com\/wp-content\/uploads\/2023\/02\/WhatsApp-Image-2023-02-16-at-4.53.27-PM.jpeg 720w, https:\/\/elpuucnoticias.com\/wp-content\/uploads\/2023\/02\/WhatsApp-Image-2023-02-16-at-4.53.27-PM-300x200.jpeg 300w\" sizes=\"auto, (max-width: 720px) 100vw, 720px\" \/><\/figure>\n\n\n\n<figure class=\"wp-block-image size-large\"><img loading=\"lazy\" decoding=\"async\" width=\"720\" height=\"480\" data-id=\"5818\" src=\"https:\/\/elpuucnoticias.com\/wp-content\/uploads\/2023\/02\/WhatsApp-Image-2023-02-16-at-4.53.26-PM.jpeg\" alt=\"\" class=\"wp-image-5818\" srcset=\"https:\/\/elpuucnoticias.com\/wp-content\/uploads\/2023\/02\/WhatsApp-Image-2023-02-16-at-4.53.26-PM.jpeg 720w, https:\/\/elpuucnoticias.com\/wp-content\/uploads\/2023\/02\/WhatsApp-Image-2023-02-16-at-4.53.26-PM-300x200.jpeg 300w\" sizes=\"auto, (max-width: 720px) 100vw, 720px\" \/><\/figure>\n<\/figure>\n\n\n\n<p>\u00abPara nosotros el amor es un valor fundamental que queremos transmitir a todos nuestros estudiantes\u00bb, afirm\u00f3 la directora de la instituci\u00f3n, Mariel Dzib Peraza.<\/p>\n\n\n\n<p>\u00abEste d\u00eda fue el momento perfecto para demostrar a nuestros alumnos cu\u00e1nto los queremos y cu\u00e1nto nos importan\u00bb, asegura la maestra.<\/p>\n\n\n\n<figure class=\"wp-block-image size-large\"><img loading=\"lazy\" decoding=\"async\" width=\"1024\" height=\"159\" src=\"https:\/\/elpuucnoticias.com\/wp-content\/uploads\/2023\/02\/cropped-BANNER-FEBRERO-1024x159.jpg\" alt=\"\" class=\"wp-image-5787\" srcset=\"https:\/\/elpuucnoticias.com\/wp-content\/uploads\/2023\/02\/cropped-BANNER-FEBRERO-1024x159.jpg 1024w, https:\/\/elpuucnoticias.com\/wp-content\/uploads\/2023\/02\/cropped-BANNER-FEBRERO-300x47.jpg 300w, https:\/\/elpuucnoticias.com\/wp-content\/uploads\/2023\/02\/cropped-BANNER-FEBRERO-768x119.jpg 768w, https:\/\/elpuucnoticias.com\/wp-content\/uploads\/2023\/02\/cropped-BANNER-FEBRERO-1536x239.jpg 1536w, https:\/\/elpuucnoticias.com\/wp-content\/uploads\/2023\/02\/cropped-BANNER-FEBRERO-2048x318.jpg 2048w\" sizes=\"auto, (max-width: 1024px) 100vw, 1024px\" \/><\/figure>\n\n\n\n<p>El ambiente en el plantel estuvo cargado de amor y felicidad. \u00abPudimos sentir que las cartas y los regalos transmit\u00edan amor en el aire, felicidades a toda la comunidad estudiantil por ser tan incre\u00edbles les queremos mucho, prometemos continuar con esta actividad cada a\u00f1o\u00bb, puntualiza.\u2014 <em>El Puuc Noticias<\/em><\/p>\n","protected":false},"excerpt":{"rendered":"<p>Alumnos del Centro Educativo Rodr\u00edguez Tamayo, de Ticul, celebraron en d\u00edas pasados el D\u00eda del Amor y la<\/p>\n","protected":false},"author":1,"featured_media":5814,"comment_status":"closed","ping_status":"open","sticky":false,"template":"","format":"standard","meta":{"_monsterinsights_skip_tracking":false,"_monsterinsights_sitenote_active":false,"_monsterinsights_sitenote_note":"","_monsterinsights_sitenote_category":0,"footnotes":""},"categories":[11,13],"tags":[],"class_list":["post-5813","post","type-post","status-publish","format-standard","has-post-thumbnail","hentry","category-noticias","category-ticul"],"yoast_head":"<!-- This site is optimized with the Yoast SEO plugin v18.3 - https:\/\/yoast.com\/wordpress\/plugins\/seo\/ -->\n<title>Celebran el D\u00eda de San Valent\u00edn en el Centro Educativo Rodr\u00edguez Tamayo, de Ticul - El Puuc Noticias<\/title>\n<meta name=\"robots\" content=\"index, follow, max-snippet:-1, max-image-preview:large, max-video-preview:-1\" \/>\n<link rel=\"canonical\" href=\"https:\/\/elpuucnoticias.com\/?p=5813\" \/>\n<meta property=\"og:locale\" content=\"es_ES\" \/>\n<meta property=\"og:type\" content=\"article\" \/>\n<meta property=\"og:title\" content=\"Celebran el D\u00eda de San Valent\u00edn en el Centro Educativo Rodr\u00edguez Tamayo, de Ticul - El Puuc Noticias\" \/>\n<meta property=\"og:description\" content=\"Alumnos del Centro Educativo Rodr\u00edguez Tamayo, de Ticul, celebraron en d\u00edas pasados el D\u00eda del Amor y la\" \/>\n<meta property=\"og:url\" content=\"https:\/\/elpuucnoticias.com\/?p=5813\" \/>\n<meta property=\"og:site_name\" content=\"El Puuc Noticias\" \/>\n<meta property=\"article:published_time\" content=\"2023-02-17T02:09:50+00:00\" \/>\n<meta property=\"og:image\" content=\"https:\/\/elpuucnoticias.com\/wp-content\/uploads\/2023\/02\/WhatsApp-Image-2023-02-16-at-4.53.28-PM.jpeg\" \/>\n<meta name=\"twitter:card\" content=\"summary_large_image\" \/>\n<meta name=\"twitter:label1\" content=\"Escrito por\" \/>\n\t<meta name=\"twitter:data1\" content=\"elpuucnoticias\" \/>\n\t<meta name=\"twitter:label2\" content=\"Tiempo de lectura\" \/>\n\t<meta name=\"twitter:data2\" content=\"1 minuto\" \/>\n<script type=\"application\/ld+json\" class=\"yoast-schema-graph\">{\"@context\":\"https:\/\/schema.org\",\"@graph\":[{\"@type\":\"WebSite\",\"@id\":\"https:\/\/elpuucnoticias.com\/#website\",\"url\":\"https:\/\/elpuucnoticias.com\/\",\"name\":\"El Puuc Noticias\",\"description\":\"Noticias - Entretenimiento - Deportes\",\"potentialAction\":[{\"@type\":\"SearchAction\",\"target\":{\"@type\":\"EntryPoint\",\"urlTemplate\":\"https:\/\/elpuucnoticias.com\/?s={search_term_string}\"},\"query-input\":\"required name=search_term_string\"}],\"inLanguage\":\"es\"},{\"@type\":\"ImageObject\",\"@id\":\"https:\/\/elpuucnoticias.com\/?p=5813#primaryimage\",\"inLanguage\":\"es\",\"url\":\"https:\/\/elpuucnoticias.com\/wp-content\/uploads\/2023\/02\/WhatsApp-Image-2023-02-16-at-4.53.24-PM.jpeg\",\"contentUrl\":\"https:\/\/elpuucnoticias.com\/wp-content\/uploads\/2023\/02\/WhatsApp-Image-2023-02-16-at-4.53.24-PM.jpeg\",\"width\":720,\"height\":480},{\"@type\":\"WebPage\",\"@id\":\"https:\/\/elpuucnoticias.com\/?p=5813#webpage\",\"url\":\"https:\/\/elpuucnoticias.com\/?p=5813\",\"name\":\"Celebran el D\u00eda de San Valent\u00edn en el Centro Educativo Rodr\u00edguez Tamayo, de Ticul - El Puuc Noticias\",\"isPartOf\":{\"@id\":\"https:\/\/elpuucnoticias.com\/#website\"},\"primaryImageOfPage\":{\"@id\":\"https:\/\/elpuucnoticias.com\/?p=5813#primaryimage\"},\"datePublished\":\"2023-02-17T02:09:50+00:00\",\"dateModified\":\"2023-02-17T02:09:50+00:00\",\"author\":{\"@id\":\"https:\/\/elpuucnoticias.com\/#\/schema\/person\/d2ea09e4c97f0160b11cdfb1d856bd9e\"},\"breadcrumb\":{\"@id\":\"https:\/\/elpuucnoticias.com\/?p=5813#breadcrumb\"},\"inLanguage\":\"es\",\"potentialAction\":[{\"@type\":\"ReadAction\",\"target\":[\"https:\/\/elpuucnoticias.com\/?p=5813\"]}]},{\"@type\":\"BreadcrumbList\",\"@id\":\"https:\/\/elpuucnoticias.com\/?p=5813#breadcrumb\",\"itemListElement\":[{\"@type\":\"ListItem\",\"position\":1,\"name\":\"Portada\",\"item\":\"https:\/\/elpuucnoticias.com\/\"},{\"@type\":\"ListItem\",\"position\":2,\"name\":\"Celebran el D\u00eda de San Valent\u00edn en el Centro Educativo Rodr\u00edguez Tamayo, de Ticul\"}]},{\"@type\":\"Person\",\"@id\":\"https:\/\/elpuucnoticias.com\/#\/schema\/person\/d2ea09e4c97f0160b11cdfb1d856bd9e\",\"name\":\"elpuucnoticias\",\"image\":{\"@type\":\"ImageObject\",\"@id\":\"https:\/\/elpuucnoticias.com\/#personlogo\",\"inLanguage\":\"es\",\"url\":\"https:\/\/secure.gravatar.com\/avatar\/5290a43657c74ffa15701dbe5b846bd85cc71930d803c84e91046a7333de6ce2?s=96&d=mm&r=g\",\"contentUrl\":\"https:\/\/secure.gravatar.com\/avatar\/5290a43657c74ffa15701dbe5b846bd85cc71930d803c84e91046a7333de6ce2?s=96&d=mm&r=g\",\"caption\":\"elpuucnoticias\"},\"sameAs\":[\"https:\/\/elpuucnoticias.com\"],\"url\":\"https:\/\/elpuucnoticias.com\/?author=1\"}]}<\/script>\n<!-- \/ Yoast SEO plugin. -->","yoast_head_json":{"title":"Celebran el D\u00eda de San Valent\u00edn en el Centro Educativo Rodr\u00edguez Tamayo, de Ticul - El Puuc Noticias","robots":{"index":"index","follow":"follow","max-snippet":"max-snippet:-1","max-image-preview":"max-image-preview:large","max-video-preview":"max-video-preview:-1"},"canonical":"https:\/\/elpuucnoticias.com\/?p=5813","og_locale":"es_ES","og_type":"article","og_title":"Celebran el D\u00eda de San Valent\u00edn en el Centro Educativo Rodr\u00edguez Tamayo, de Ticul - El Puuc Noticias","og_description":"Alumnos del Centro Educativo Rodr\u00edguez Tamayo, de Ticul, celebraron en d\u00edas pasados el D\u00eda del Amor y la","og_url":"https:\/\/elpuucnoticias.com\/?p=5813","og_site_name":"El Puuc Noticias","article_published_time":"2023-02-17T02:09:50+00:00","og_image":[{"url":"https:\/\/elpuucnoticias.com\/wp-content\/uploads\/2023\/02\/WhatsApp-Image-2023-02-16-at-4.53.28-PM.jpeg"}],"twitter_card":"summary_large_image","twitter_misc":{"Escrito por":"elpuucnoticias","Tiempo de lectura":"1 minuto"},"schema":{"@context":"https:\/\/schema.org","@graph":[{"@type":"WebSite","@id":"https:\/\/elpuucnoticias.com\/#website","url":"https:\/\/elpuucnoticias.com\/","name":"El Puuc Noticias","description":"Noticias - Entretenimiento - Deportes","potentialAction":[{"@type":"SearchAction","target":{"@type":"EntryPoint","urlTemplate":"https:\/\/elpuucnoticias.com\/?s={search_term_string}"},"query-input":"required name=search_term_string"}],"inLanguage":"es"},{"@type":"ImageObject","@id":"https:\/\/elpuucnoticias.com\/?p=5813#primaryimage","inLanguage":"es","url":"https:\/\/elpuucnoticias.com\/wp-content\/uploads\/2023\/02\/WhatsApp-Image-2023-02-16-at-4.53.24-PM.jpeg","contentUrl":"https:\/\/elpuucnoticias.com\/wp-content\/uploads\/2023\/02\/WhatsApp-Image-2023-02-16-at-4.53.24-PM.jpeg","width":720,"height":480},{"@type":"WebPage","@id":"https:\/\/elpuucnoticias.com\/?p=5813#webpage","url":"https:\/\/elpuucnoticias.com\/?p=5813","name":"Celebran el D\u00eda de San Valent\u00edn en el Centro Educativo Rodr\u00edguez Tamayo, de Ticul - El Puuc Noticias","isPartOf":{"@id":"https:\/\/elpuucnoticias.com\/#website"},"primaryImageOfPage":{"@id":"https:\/\/elpuucnoticias.com\/?p=5813#primaryimage"},"datePublished":"2023-02-17T02:09:50+00:00","dateModified":"2023-02-17T02:09:50+00:00","author":{"@id":"https:\/\/elpuucnoticias.com\/#\/schema\/person\/d2ea09e4c97f0160b11cdfb1d856bd9e"},"breadcrumb":{"@id":"https:\/\/elpuucnoticias.com\/?p=5813#breadcrumb"},"inLanguage":"es","potentialAction":[{"@type":"ReadAction","target":["https:\/\/elpuucnoticias.com\/?p=5813"]}]},{"@type":"BreadcrumbList","@id":"https:\/\/elpuucnoticias.com\/?p=5813#breadcrumb","itemListElement":[{"@type":"ListItem","position":1,"name":"Portada","item":"https:\/\/elpuucnoticias.com\/"},{"@type":"ListItem","position":2,"name":"Celebran el D\u00eda de San Valent\u00edn en el Centro Educativo Rodr\u00edguez Tamayo, de Ticul"}]},{"@type":"Person","@id":"https:\/\/elpuucnoticias.com\/#\/schema\/person\/d2ea09e4c97f0160b11cdfb1d856bd9e","name":"elpuucnoticias","image":{"@type":"ImageObject","@id":"https:\/\/elpuucnoticias.com\/#personlogo","inLanguage":"es","url":"https:\/\/secure.gravatar.com\/avatar\/5290a43657c74ffa15701dbe5b846bd85cc71930d803c84e91046a7333de6ce2?s=96&d=mm&r=g","contentUrl":"https:\/\/secure.gravatar.com\/avatar\/5290a43657c74ffa15701dbe5b846bd85cc71930d803c84e91046a7333de6ce2?s=96&d=mm&r=g","caption":"elpuucnoticias"},"sameAs":["https:\/\/elpuucnoticias.com"],"url":"https:\/\/elpuucnoticias.com\/?author=1"}]}},"_links":{"self":[{"href":"https:\/\/elpuucnoticias.com\/index.php?rest_route=\/wp\/v2\/posts\/5813","targetHints":{"allow":["GET"]}}],"collection":[{"href":"https:\/\/elpuucnoticias.com\/index.php?rest_route=\/wp\/v2\/posts"}],"about":[{"href":"https:\/\/elpuucnoticias.com\/index.php?rest_route=\/wp\/v2\/types\/post"}],"author":[{"embeddable":true,"href":"https:\/\/elpuucnoticias.com\/index.php?rest_route=\/wp\/v2\/users\/1"}],"replies":[{"embeddable":true,"href":"https:\/\/elpuucnoticias.com\/index.php?rest_route=%2Fwp%2Fv2%2Fcomments&post=5813"}],"version-history":[{"count":1,"href":"https:\/\/elpuucnoticias.com\/index.php?rest_route=\/wp\/v2\/posts\/5813\/revisions"}],"predecessor-version":[{"id":5819,"href":"https:\/\/elpuucnoticias.com\/index.php?rest_route=\/wp\/v2\/posts\/5813\/revisions\/5819"}],"wp:featuredmedia":[{"embeddable":true,"href":"https:\/\/elpuucnoticias.com\/index.php?rest_route=\/wp\/v2\/media\/5814"}],"wp:attachment":[{"href":"https:\/\/elpuucnoticias.com\/index.php?rest_route=%2Fwp%2Fv2%2Fmedia&parent=5813"}],"wp:term":[{"taxonomy":"category","embeddable":true,"href":"https:\/\/elpuucnoticias.com\/index.php?rest_route=%2Fwp%2Fv2%2Fcategories&post=5813"},{"taxonomy":"post_tag","embeddable":true,"href":"https:\/\/elpuucnoticias.com\/index.php?rest_route=%2Fwp%2Fv2%2Ftags&post=5813"}],"curies":[{"name":"wp","href":"https:\/\/api.w.org\/{rel}","templated":true}]}}