{"id":585,"date":"2022-03-28T17:16:56","date_gmt":"2022-03-28T23:16:56","guid":{"rendered":"https:\/\/elpuucnoticias.com\/?p=585"},"modified":"2022-03-28T17:16:58","modified_gmt":"2022-03-28T23:16:58","slug":"grupo-aeroportuario-del-sureste-desmiente-balacera-en-aeropuerto-internacional-de-cancun","status":"publish","type":"post","link":"https:\/\/elpuucnoticias.com\/?p=585","title":{"rendered":"Grupo Aeroportuario del Sureste desmiente balacera en Aeropuerto Internacional de Canc\u00fan"},"content":{"rendered":"\n<p>La Secretar\u00eda de Infraestructura, Comunicaciones y Transportes (SICT) se\u00f1ala que, de acuerdo con informaci\u00f3n del Grupo Aeroportuario del Sureste, S.A. de C.V (ASUR), el Aeropuerto Internacional de Canc\u00fan en ning\u00fan momento estuvo en riesgo, ni la seguridad de las instalaciones ni el p\u00fablico usuario de esta terminal \u00e1rea.<\/p>\n\n\n\n<p>De acuerdo con el reporte del Centro Operativo de Emergencias (C.O.E.) de este aeropuerto, se implementaron los protocolos de seguridad para estos casos, luego de que decret\u00f3 a las 11:23 un alerta nivel 3 por un incidente y se procedi\u00f3 a realizar las investigaciones correspondientes.<\/p>\n\n\n\n<figure class=\"wp-block-image size-large is-resized\"><img loading=\"lazy\" decoding=\"async\" src=\"https:\/\/elpuucnoticias.com\/wp-content\/uploads\/2022\/03\/itssy-inscripciones-1024x478.jpg\" alt=\"\" class=\"wp-image-303\" width=\"392\" height=\"183\" srcset=\"https:\/\/elpuucnoticias.com\/wp-content\/uploads\/2022\/03\/itssy-inscripciones-1024x478.jpg 1024w, https:\/\/elpuucnoticias.com\/wp-content\/uploads\/2022\/03\/itssy-inscripciones-300x140.jpg 300w, https:\/\/elpuucnoticias.com\/wp-content\/uploads\/2022\/03\/itssy-inscripciones-768x358.jpg 768w, https:\/\/elpuucnoticias.com\/wp-content\/uploads\/2022\/03\/itssy-inscripciones.jpg 1080w\" sizes=\"auto, (max-width: 392px) 100vw, 392px\" \/><\/figure>\n\n\n\n<p>La situaci\u00f3n de alerta fue provocada por la ca\u00edda de tres letreros al ser empujados inadvertidamente, lo que caus\u00f3 la salida intempestiva de usuarios por el estruendo. La informaci\u00f3n fue ratificada por el C.O.E. (Centro Operativo de la Emergencia) integrado por la Agencia Federal de Aviaci\u00f3n Civil, la Guardia Nacional, Secretar\u00eda de Marina, ASUR, autoridades estatales y municipales.<\/p>\n\n\n\n<p>Las investigaciones del cuerpo de especialistas descartaron de manera total que las causas de lo sucedido fueran por indicios de detonaciones de arma de fuego o explosiones en alguna \u00e1rea del aeropuerto.<\/p>\n\n\n\n<figure class=\"wp-block-image size-large\"><img loading=\"lazy\" decoding=\"async\" width=\"854\" height=\"1024\" src=\"https:\/\/elpuucnoticias.com\/wp-content\/uploads\/2022\/03\/ASUR-854x1024.jpg\" alt=\"\" class=\"wp-image-587\" srcset=\"https:\/\/elpuucnoticias.com\/wp-content\/uploads\/2022\/03\/ASUR-854x1024.jpg 854w, https:\/\/elpuucnoticias.com\/wp-content\/uploads\/2022\/03\/ASUR-250x300.jpg 250w, https:\/\/elpuucnoticias.com\/wp-content\/uploads\/2022\/03\/ASUR-768x921.jpg 768w, https:\/\/elpuucnoticias.com\/wp-content\/uploads\/2022\/03\/ASUR.jpg 1067w\" sizes=\"auto, (max-width: 854px) 100vw, 854px\" \/><\/figure>\n\n\n\n<p>Como parte de los protocolos correspondientes, las operaciones de la Terminal 3 del Aeropuerto de Canc\u00fan fueron suspendidas moment\u00e1neamente para garantizar la seguridad de usuarios, trabajadores y aeronaves.<\/p>\n\n\n\n<p>El Centro Operativo de Emergencias del Aeropuerto Internacional de Canc\u00fan reanud\u00f3 sus operaciones a las 14:23 horas, despu\u00e9s de concluir las investigaciones correspondientes y confirmar el origen, asegurando que no existi\u00f3, ni existe riesgo alguno para las personas o las aeronaves.<\/p>\n","protected":false},"excerpt":{"rendered":"<p>La Secretar\u00eda de Infraestructura, Comunicaciones y Transportes (SICT) se\u00f1ala que, de acuerdo con informaci\u00f3n del Grupo Aeroportuario del<\/p>\n","protected":false},"author":1,"featured_media":586,"comment_status":"closed","ping_status":"open","sticky":false,"template":"","format":"standard","meta":{"_monsterinsights_skip_tracking":false,"_monsterinsights_sitenote_active":false,"_monsterinsights_sitenote_note":"","_monsterinsights_sitenote_category":0,"footnotes":""},"categories":[11,5],"tags":[],"class_list":["post-585","post","type-post","status-publish","format-standard","has-post-thumbnail","hentry","category-noticias","category-tendencias"],"yoast_head":"<!-- This site is optimized with the Yoast SEO plugin v18.3 - https:\/\/yoast.com\/wordpress\/plugins\/seo\/ -->\n<title>Grupo Aeroportuario del Sureste desmiente balacera en Aeropuerto Internacional de Canc\u00fan - El Puuc Noticias<\/title>\n<meta name=\"robots\" content=\"index, follow, max-snippet:-1, max-image-preview:large, max-video-preview:-1\" \/>\n<link rel=\"canonical\" href=\"https:\/\/elpuucnoticias.com\/?p=585\" \/>\n<meta property=\"og:locale\" content=\"es_ES\" \/>\n<meta property=\"og:type\" content=\"article\" \/>\n<meta property=\"og:title\" content=\"Grupo Aeroportuario del Sureste desmiente balacera en Aeropuerto Internacional de Canc\u00fan - El Puuc Noticias\" \/>\n<meta property=\"og:description\" content=\"La Secretar\u00eda de Infraestructura, Comunicaciones y Transportes (SICT) se\u00f1ala que, de acuerdo con informaci\u00f3n del Grupo Aeroportuario del\" \/>\n<meta property=\"og:url\" content=\"https:\/\/elpuucnoticias.com\/?p=585\" \/>\n<meta property=\"og:site_name\" content=\"El Puuc Noticias\" \/>\n<meta property=\"article:published_time\" content=\"2022-03-28T23:16:56+00:00\" \/>\n<meta property=\"article:modified_time\" content=\"2022-03-28T23:16:58+00:00\" \/>\n<meta property=\"og:image\" content=\"https:\/\/elpuucnoticias.com\/wp-content\/uploads\/2022\/03\/aeropuerto-cancun.jpg\" \/>\n\t<meta property=\"og:image:width\" content=\"1120\" \/>\n\t<meta property=\"og:image:height\" content=\"633\" \/>\n\t<meta property=\"og:image:type\" content=\"image\/jpeg\" \/>\n<meta name=\"twitter:card\" content=\"summary_large_image\" \/>\n<meta name=\"twitter:label1\" content=\"Escrito por\" \/>\n\t<meta name=\"twitter:data1\" content=\"elpuucnoticias\" \/>\n\t<meta name=\"twitter:label2\" content=\"Tiempo de lectura\" \/>\n\t<meta name=\"twitter:data2\" content=\"2 minutos\" \/>\n<script type=\"application\/ld+json\" class=\"yoast-schema-graph\">{\"@context\":\"https:\/\/schema.org\",\"@graph\":[{\"@type\":\"WebSite\",\"@id\":\"https:\/\/elpuucnoticias.com\/#website\",\"url\":\"https:\/\/elpuucnoticias.com\/\",\"name\":\"El Puuc Noticias\",\"description\":\"Noticias - Entretenimiento - Deportes\",\"potentialAction\":[{\"@type\":\"SearchAction\",\"target\":{\"@type\":\"EntryPoint\",\"urlTemplate\":\"https:\/\/elpuucnoticias.com\/?s={search_term_string}\"},\"query-input\":\"required name=search_term_string\"}],\"inLanguage\":\"es\"},{\"@type\":\"ImageObject\",\"@id\":\"https:\/\/elpuucnoticias.com\/?p=585#primaryimage\",\"inLanguage\":\"es\",\"url\":\"https:\/\/elpuucnoticias.com\/wp-content\/uploads\/2022\/03\/aeropuerto-cancun.jpg\",\"contentUrl\":\"https:\/\/elpuucnoticias.com\/wp-content\/uploads\/2022\/03\/aeropuerto-cancun.jpg\",\"width\":1120,\"height\":633},{\"@type\":\"WebPage\",\"@id\":\"https:\/\/elpuucnoticias.com\/?p=585#webpage\",\"url\":\"https:\/\/elpuucnoticias.com\/?p=585\",\"name\":\"Grupo Aeroportuario del Sureste desmiente balacera en Aeropuerto Internacional de Canc\u00fan - El Puuc Noticias\",\"isPartOf\":{\"@id\":\"https:\/\/elpuucnoticias.com\/#website\"},\"primaryImageOfPage\":{\"@id\":\"https:\/\/elpuucnoticias.com\/?p=585#primaryimage\"},\"datePublished\":\"2022-03-28T23:16:56+00:00\",\"dateModified\":\"2022-03-28T23:16:58+00:00\",\"author\":{\"@id\":\"https:\/\/elpuucnoticias.com\/#\/schema\/person\/d2ea09e4c97f0160b11cdfb1d856bd9e\"},\"breadcrumb\":{\"@id\":\"https:\/\/elpuucnoticias.com\/?p=585#breadcrumb\"},\"inLanguage\":\"es\",\"potentialAction\":[{\"@type\":\"ReadAction\",\"target\":[\"https:\/\/elpuucnoticias.com\/?p=585\"]}]},{\"@type\":\"BreadcrumbList\",\"@id\":\"https:\/\/elpuucnoticias.com\/?p=585#breadcrumb\",\"itemListElement\":[{\"@type\":\"ListItem\",\"position\":1,\"name\":\"Portada\",\"item\":\"https:\/\/elpuucnoticias.com\/\"},{\"@type\":\"ListItem\",\"position\":2,\"name\":\"Grupo Aeroportuario del Sureste desmiente balacera en Aeropuerto Internacional de Canc\u00fan\"}]},{\"@type\":\"Person\",\"@id\":\"https:\/\/elpuucnoticias.com\/#\/schema\/person\/d2ea09e4c97f0160b11cdfb1d856bd9e\",\"name\":\"elpuucnoticias\",\"image\":{\"@type\":\"ImageObject\",\"@id\":\"https:\/\/elpuucnoticias.com\/#personlogo\",\"inLanguage\":\"es\",\"url\":\"https:\/\/secure.gravatar.com\/avatar\/5290a43657c74ffa15701dbe5b846bd85cc71930d803c84e91046a7333de6ce2?s=96&d=mm&r=g\",\"contentUrl\":\"https:\/\/secure.gravatar.com\/avatar\/5290a43657c74ffa15701dbe5b846bd85cc71930d803c84e91046a7333de6ce2?s=96&d=mm&r=g\",\"caption\":\"elpuucnoticias\"},\"sameAs\":[\"https:\/\/elpuucnoticias.com\"],\"url\":\"https:\/\/elpuucnoticias.com\/?author=1\"}]}<\/script>\n<!-- \/ Yoast SEO plugin. -->","yoast_head_json":{"title":"Grupo Aeroportuario del Sureste desmiente balacera en Aeropuerto Internacional de Canc\u00fan - El Puuc Noticias","robots":{"index":"index","follow":"follow","max-snippet":"max-snippet:-1","max-image-preview":"max-image-preview:large","max-video-preview":"max-video-preview:-1"},"canonical":"https:\/\/elpuucnoticias.com\/?p=585","og_locale":"es_ES","og_type":"article","og_title":"Grupo Aeroportuario del Sureste desmiente balacera en Aeropuerto Internacional de Canc\u00fan - El Puuc Noticias","og_description":"La Secretar\u00eda de Infraestructura, Comunicaciones y Transportes (SICT) se\u00f1ala que, de acuerdo con informaci\u00f3n del Grupo Aeroportuario del","og_url":"https:\/\/elpuucnoticias.com\/?p=585","og_site_name":"El Puuc Noticias","article_published_time":"2022-03-28T23:16:56+00:00","article_modified_time":"2022-03-28T23:16:58+00:00","og_image":[{"width":1120,"height":633,"url":"https:\/\/elpuucnoticias.com\/wp-content\/uploads\/2022\/03\/aeropuerto-cancun.jpg","type":"image\/jpeg"}],"twitter_card":"summary_large_image","twitter_misc":{"Escrito por":"elpuucnoticias","Tiempo de lectura":"2 minutos"},"schema":{"@context":"https:\/\/schema.org","@graph":[{"@type":"WebSite","@id":"https:\/\/elpuucnoticias.com\/#website","url":"https:\/\/elpuucnoticias.com\/","name":"El Puuc Noticias","description":"Noticias - Entretenimiento - Deportes","potentialAction":[{"@type":"SearchAction","target":{"@type":"EntryPoint","urlTemplate":"https:\/\/elpuucnoticias.com\/?s={search_term_string}"},"query-input":"required name=search_term_string"}],"inLanguage":"es"},{"@type":"ImageObject","@id":"https:\/\/elpuucnoticias.com\/?p=585#primaryimage","inLanguage":"es","url":"https:\/\/elpuucnoticias.com\/wp-content\/uploads\/2022\/03\/aeropuerto-cancun.jpg","contentUrl":"https:\/\/elpuucnoticias.com\/wp-content\/uploads\/2022\/03\/aeropuerto-cancun.jpg","width":1120,"height":633},{"@type":"WebPage","@id":"https:\/\/elpuucnoticias.com\/?p=585#webpage","url":"https:\/\/elpuucnoticias.com\/?p=585","name":"Grupo Aeroportuario del Sureste desmiente balacera en Aeropuerto Internacional de Canc\u00fan - El Puuc Noticias","isPartOf":{"@id":"https:\/\/elpuucnoticias.com\/#website"},"primaryImageOfPage":{"@id":"https:\/\/elpuucnoticias.com\/?p=585#primaryimage"},"datePublished":"2022-03-28T23:16:56+00:00","dateModified":"2022-03-28T23:16:58+00:00","author":{"@id":"https:\/\/elpuucnoticias.com\/#\/schema\/person\/d2ea09e4c97f0160b11cdfb1d856bd9e"},"breadcrumb":{"@id":"https:\/\/elpuucnoticias.com\/?p=585#breadcrumb"},"inLanguage":"es","potentialAction":[{"@type":"ReadAction","target":["https:\/\/elpuucnoticias.com\/?p=585"]}]},{"@type":"BreadcrumbList","@id":"https:\/\/elpuucnoticias.com\/?p=585#breadcrumb","itemListElement":[{"@type":"ListItem","position":1,"name":"Portada","item":"https:\/\/elpuucnoticias.com\/"},{"@type":"ListItem","position":2,"name":"Grupo Aeroportuario del Sureste desmiente balacera en Aeropuerto Internacional de Canc\u00fan"}]},{"@type":"Person","@id":"https:\/\/elpuucnoticias.com\/#\/schema\/person\/d2ea09e4c97f0160b11cdfb1d856bd9e","name":"elpuucnoticias","image":{"@type":"ImageObject","@id":"https:\/\/elpuucnoticias.com\/#personlogo","inLanguage":"es","url":"https:\/\/secure.gravatar.com\/avatar\/5290a43657c74ffa15701dbe5b846bd85cc71930d803c84e91046a7333de6ce2?s=96&d=mm&r=g","contentUrl":"https:\/\/secure.gravatar.com\/avatar\/5290a43657c74ffa15701dbe5b846bd85cc71930d803c84e91046a7333de6ce2?s=96&d=mm&r=g","caption":"elpuucnoticias"},"sameAs":["https:\/\/elpuucnoticias.com"],"url":"https:\/\/elpuucnoticias.com\/?author=1"}]}},"_links":{"self":[{"href":"https:\/\/elpuucnoticias.com\/index.php?rest_route=\/wp\/v2\/posts\/585","targetHints":{"allow":["GET"]}}],"collection":[{"href":"https:\/\/elpuucnoticias.com\/index.php?rest_route=\/wp\/v2\/posts"}],"about":[{"href":"https:\/\/elpuucnoticias.com\/index.php?rest_route=\/wp\/v2\/types\/post"}],"author":[{"embeddable":true,"href":"https:\/\/elpuucnoticias.com\/index.php?rest_route=\/wp\/v2\/users\/1"}],"replies":[{"embeddable":true,"href":"https:\/\/elpuucnoticias.com\/index.php?rest_route=%2Fwp%2Fv2%2Fcomments&post=585"}],"version-history":[{"count":1,"href":"https:\/\/elpuucnoticias.com\/index.php?rest_route=\/wp\/v2\/posts\/585\/revisions"}],"predecessor-version":[{"id":588,"href":"https:\/\/elpuucnoticias.com\/index.php?rest_route=\/wp\/v2\/posts\/585\/revisions\/588"}],"wp:featuredmedia":[{"embeddable":true,"href":"https:\/\/elpuucnoticias.com\/index.php?rest_route=\/wp\/v2\/media\/586"}],"wp:attachment":[{"href":"https:\/\/elpuucnoticias.com\/index.php?rest_route=%2Fwp%2Fv2%2Fmedia&parent=585"}],"wp:term":[{"taxonomy":"category","embeddable":true,"href":"https:\/\/elpuucnoticias.com\/index.php?rest_route=%2Fwp%2Fv2%2Fcategories&post=585"},{"taxonomy":"post_tag","embeddable":true,"href":"https:\/\/elpuucnoticias.com\/index.php?rest_route=%2Fwp%2Fv2%2Ftags&post=585"}],"curies":[{"name":"wp","href":"https:\/\/api.w.org\/{rel}","templated":true}]}}