{"id":5866,"date":"2023-02-22T02:53:21","date_gmt":"2023-02-22T08:53:21","guid":{"rendered":"https:\/\/elpuucnoticias.com\/?p=5866"},"modified":"2023-02-22T02:53:23","modified_gmt":"2023-02-22T08:53:23","slug":"asi-se-vivio-el-carnaval-de-la-villa-de-peto","status":"publish","type":"post","link":"https:\/\/elpuucnoticias.com\/?p=5866","title":{"rendered":"As\u00ed se vivi\u00f3 el Carnaval de la villa de Peto"},"content":{"rendered":"\n<p>Alegr\u00eda y diversi\u00f3n se vivi\u00f3 en Peto en el Carnaval, luego que el alcalde Ren\u00e1n Jim\u00e9nez Tah coron\u00f3 el viernes pasado a los reyes, acompa\u00f1ado por la s\u00edndico municipal Rosario Perera.<\/p>\n\n\n\n<figure class=\"wp-block-gallery has-nested-images columns-default is-cropped wp-block-gallery-1 is-layout-flex wp-block-gallery-is-layout-flex\">\n<figure class=\"wp-block-image size-large\"><img loading=\"lazy\" decoding=\"async\" width=\"722\" height=\"1024\" data-id=\"5868\" src=\"https:\/\/elpuucnoticias.com\/wp-content\/uploads\/2023\/02\/WhatsApp-Image-2023-02-20-at-3.17.34-PM-722x1024.jpeg\" alt=\"\" class=\"wp-image-5868\" srcset=\"https:\/\/elpuucnoticias.com\/wp-content\/uploads\/2023\/02\/WhatsApp-Image-2023-02-20-at-3.17.34-PM-722x1024.jpeg 722w, https:\/\/elpuucnoticias.com\/wp-content\/uploads\/2023\/02\/WhatsApp-Image-2023-02-20-at-3.17.34-PM-212x300.jpeg 212w, https:\/\/elpuucnoticias.com\/wp-content\/uploads\/2023\/02\/WhatsApp-Image-2023-02-20-at-3.17.34-PM-768x1089.jpeg 768w, https:\/\/elpuucnoticias.com\/wp-content\/uploads\/2023\/02\/WhatsApp-Image-2023-02-20-at-3.17.34-PM-1083x1536.jpeg 1083w, https:\/\/elpuucnoticias.com\/wp-content\/uploads\/2023\/02\/WhatsApp-Image-2023-02-20-at-3.17.34-PM.jpeg 1128w\" sizes=\"auto, (max-width: 722px) 100vw, 722px\" \/><\/figure>\n\n\n\n<figure class=\"wp-block-image size-large\"><img loading=\"lazy\" decoding=\"async\" width=\"682\" height=\"1024\" data-id=\"5876\" src=\"https:\/\/elpuucnoticias.com\/wp-content\/uploads\/2023\/02\/WhatsApp-Image-2023-02-20-at-3.16.59-PM-1-682x1024.jpeg\" alt=\"\" class=\"wp-image-5876\" srcset=\"https:\/\/elpuucnoticias.com\/wp-content\/uploads\/2023\/02\/WhatsApp-Image-2023-02-20-at-3.16.59-PM-1-682x1024.jpeg 682w, https:\/\/elpuucnoticias.com\/wp-content\/uploads\/2023\/02\/WhatsApp-Image-2023-02-20-at-3.16.59-PM-1-200x300.jpeg 200w, https:\/\/elpuucnoticias.com\/wp-content\/uploads\/2023\/02\/WhatsApp-Image-2023-02-20-at-3.16.59-PM-1-768x1153.jpeg 768w, https:\/\/elpuucnoticias.com\/wp-content\/uploads\/2023\/02\/WhatsApp-Image-2023-02-20-at-3.16.59-PM-1-1023x1536.jpeg 1023w, https:\/\/elpuucnoticias.com\/wp-content\/uploads\/2023\/02\/WhatsApp-Image-2023-02-20-at-3.16.59-PM-1.jpeg 1066w\" sizes=\"auto, (max-width: 682px) 100vw, 682px\" \/><\/figure>\n\n\n\n<figure class=\"wp-block-image size-large\"><img loading=\"lazy\" decoding=\"async\" width=\"682\" height=\"1024\" data-id=\"5877\" src=\"https:\/\/elpuucnoticias.com\/wp-content\/uploads\/2023\/02\/WhatsApp-Image-2023-02-20-at-3.16.58-PM-682x1024.jpeg\" alt=\"\" class=\"wp-image-5877\" srcset=\"https:\/\/elpuucnoticias.com\/wp-content\/uploads\/2023\/02\/WhatsApp-Image-2023-02-20-at-3.16.58-PM-682x1024.jpeg 682w, https:\/\/elpuucnoticias.com\/wp-content\/uploads\/2023\/02\/WhatsApp-Image-2023-02-20-at-3.16.58-PM-200x300.jpeg 200w, https:\/\/elpuucnoticias.com\/wp-content\/uploads\/2023\/02\/WhatsApp-Image-2023-02-20-at-3.16.58-PM-768x1153.jpeg 768w, https:\/\/elpuucnoticias.com\/wp-content\/uploads\/2023\/02\/WhatsApp-Image-2023-02-20-at-3.16.58-PM-1023x1536.jpeg 1023w, https:\/\/elpuucnoticias.com\/wp-content\/uploads\/2023\/02\/WhatsApp-Image-2023-02-20-at-3.16.58-PM.jpeg 1066w\" sizes=\"auto, (max-width: 682px) 100vw, 682px\" \/><\/figure>\n<\/figure>\n\n\n\n<p>Adem\u00e1s de la coronaci\u00f3n de los reyes del Carnaval 2023, Karla I y Erik I, tambi\u00e9n se coron\u00f3 a los infantiles Jes\u00fas I y Allison I y durante el evento bailaron las comparsas.<\/p>\n\n\n\n<figure class=\"wp-block-gallery has-nested-images columns-default is-cropped wp-block-gallery-2 is-layout-flex wp-block-gallery-is-layout-flex\">\n<figure class=\"wp-block-image size-large\"><img loading=\"lazy\" decoding=\"async\" width=\"1024\" height=\"682\" data-id=\"5875\" src=\"https:\/\/elpuucnoticias.com\/wp-content\/uploads\/2023\/02\/WhatsApp-Image-2023-02-20-at-3.17.33-PM-1-1024x682.jpeg\" alt=\"\" class=\"wp-image-5875\" srcset=\"https:\/\/elpuucnoticias.com\/wp-content\/uploads\/2023\/02\/WhatsApp-Image-2023-02-20-at-3.17.33-PM-1-1024x682.jpeg 1024w, https:\/\/elpuucnoticias.com\/wp-content\/uploads\/2023\/02\/WhatsApp-Image-2023-02-20-at-3.17.33-PM-1-300x200.jpeg 300w, https:\/\/elpuucnoticias.com\/wp-content\/uploads\/2023\/02\/WhatsApp-Image-2023-02-20-at-3.17.33-PM-1-768x512.jpeg 768w, https:\/\/elpuucnoticias.com\/wp-content\/uploads\/2023\/02\/WhatsApp-Image-2023-02-20-at-3.17.33-PM-1-1536x1023.jpeg 1536w, https:\/\/elpuucnoticias.com\/wp-content\/uploads\/2023\/02\/WhatsApp-Image-2023-02-20-at-3.17.33-PM-1.jpeg 1600w\" sizes=\"auto, (max-width: 1024px) 100vw, 1024px\" \/><\/figure>\n\n\n\n<figure class=\"wp-block-image size-large\"><img loading=\"lazy\" decoding=\"async\" width=\"1024\" height=\"682\" data-id=\"5872\" src=\"https:\/\/elpuucnoticias.com\/wp-content\/uploads\/2023\/02\/WhatsApp-Image-2023-02-20-at-3.17.33-PM-1024x682.jpeg\" alt=\"\" class=\"wp-image-5872\" srcset=\"https:\/\/elpuucnoticias.com\/wp-content\/uploads\/2023\/02\/WhatsApp-Image-2023-02-20-at-3.17.33-PM-1024x682.jpeg 1024w, https:\/\/elpuucnoticias.com\/wp-content\/uploads\/2023\/02\/WhatsApp-Image-2023-02-20-at-3.17.33-PM-300x200.jpeg 300w, https:\/\/elpuucnoticias.com\/wp-content\/uploads\/2023\/02\/WhatsApp-Image-2023-02-20-at-3.17.33-PM-768x512.jpeg 768w, https:\/\/elpuucnoticias.com\/wp-content\/uploads\/2023\/02\/WhatsApp-Image-2023-02-20-at-3.17.33-PM-1536x1023.jpeg 1536w, https:\/\/elpuucnoticias.com\/wp-content\/uploads\/2023\/02\/WhatsApp-Image-2023-02-20-at-3.17.33-PM.jpeg 1600w\" sizes=\"auto, (max-width: 1024px) 100vw, 1024px\" \/><\/figure>\n\n\n\n<figure class=\"wp-block-image size-large\"><img loading=\"lazy\" decoding=\"async\" width=\"1024\" height=\"682\" data-id=\"5874\" src=\"https:\/\/elpuucnoticias.com\/wp-content\/uploads\/2023\/02\/WhatsApp-Image-2023-02-20-at-3.17.36-PM-1024x682.jpeg\" alt=\"\" class=\"wp-image-5874\" srcset=\"https:\/\/elpuucnoticias.com\/wp-content\/uploads\/2023\/02\/WhatsApp-Image-2023-02-20-at-3.17.36-PM-1024x682.jpeg 1024w, https:\/\/elpuucnoticias.com\/wp-content\/uploads\/2023\/02\/WhatsApp-Image-2023-02-20-at-3.17.36-PM-300x200.jpeg 300w, https:\/\/elpuucnoticias.com\/wp-content\/uploads\/2023\/02\/WhatsApp-Image-2023-02-20-at-3.17.36-PM-768x512.jpeg 768w, https:\/\/elpuucnoticias.com\/wp-content\/uploads\/2023\/02\/WhatsApp-Image-2023-02-20-at-3.17.36-PM-1536x1023.jpeg 1536w, https:\/\/elpuucnoticias.com\/wp-content\/uploads\/2023\/02\/WhatsApp-Image-2023-02-20-at-3.17.36-PM.jpeg 1600w\" sizes=\"auto, (max-width: 1024px) 100vw, 1024px\" \/><\/figure>\n<\/figure>\n\n\n\n<p>Se cont\u00f3 con la presencia y participaci\u00f3n de la reina saliente Marisa I, quien con su comparsa deleit\u00f3 al p\u00fablico presente.<\/p>\n\n\n\n<figure class=\"wp-block-image size-large\"><img loading=\"lazy\" decoding=\"async\" width=\"1024\" height=\"159\" src=\"https:\/\/elpuucnoticias.com\/wp-content\/uploads\/2023\/02\/cropped-BANNER-FEBRERO-1024x159.jpg\" alt=\"\" class=\"wp-image-5787\" srcset=\"https:\/\/elpuucnoticias.com\/wp-content\/uploads\/2023\/02\/cropped-BANNER-FEBRERO-1024x159.jpg 1024w, https:\/\/elpuucnoticias.com\/wp-content\/uploads\/2023\/02\/cropped-BANNER-FEBRERO-300x47.jpg 300w, https:\/\/elpuucnoticias.com\/wp-content\/uploads\/2023\/02\/cropped-BANNER-FEBRERO-768x119.jpg 768w, https:\/\/elpuucnoticias.com\/wp-content\/uploads\/2023\/02\/cropped-BANNER-FEBRERO-1536x239.jpg 1536w, https:\/\/elpuucnoticias.com\/wp-content\/uploads\/2023\/02\/cropped-BANNER-FEBRERO-2048x318.jpg 2048w\" sizes=\"auto, (max-width: 1024px) 100vw, 1024px\" \/><\/figure>\n\n\n\n<p>El s\u00e1bado, la caravana parti\u00f3 desde los domos de la ex estaci\u00f3n del ferrocarril y se llev\u00f3 a cabo un concurso de disfraces infantiles, la noche finaliz\u00f3 con el baile en donde chicos y grandes disfrutaron con Jimmy y sus teclados.<\/p>\n\n\n\n<figure class=\"wp-block-gallery has-nested-images columns-default is-cropped wp-block-gallery-3 is-layout-flex wp-block-gallery-is-layout-flex\">\n<figure class=\"wp-block-image size-large\"><img loading=\"lazy\" decoding=\"async\" width=\"682\" height=\"1024\" data-id=\"5870\" src=\"https:\/\/elpuucnoticias.com\/wp-content\/uploads\/2023\/02\/WhatsApp-Image-2023-02-20-at-3.17.35-PM-2-1-682x1024.jpeg\" alt=\"\" class=\"wp-image-5870\" srcset=\"https:\/\/elpuucnoticias.com\/wp-content\/uploads\/2023\/02\/WhatsApp-Image-2023-02-20-at-3.17.35-PM-2-1-682x1024.jpeg 682w, https:\/\/elpuucnoticias.com\/wp-content\/uploads\/2023\/02\/WhatsApp-Image-2023-02-20-at-3.17.35-PM-2-1-200x300.jpeg 200w, https:\/\/elpuucnoticias.com\/wp-content\/uploads\/2023\/02\/WhatsApp-Image-2023-02-20-at-3.17.35-PM-2-1-768x1153.jpeg 768w, https:\/\/elpuucnoticias.com\/wp-content\/uploads\/2023\/02\/WhatsApp-Image-2023-02-20-at-3.17.35-PM-2-1-1023x1536.jpeg 1023w, https:\/\/elpuucnoticias.com\/wp-content\/uploads\/2023\/02\/WhatsApp-Image-2023-02-20-at-3.17.35-PM-2-1.jpeg 1066w\" sizes=\"auto, (max-width: 682px) 100vw, 682px\" \/><\/figure>\n\n\n\n<figure class=\"wp-block-image size-large\"><img loading=\"lazy\" decoding=\"async\" width=\"682\" height=\"1024\" data-id=\"5873\" src=\"https:\/\/elpuucnoticias.com\/wp-content\/uploads\/2023\/02\/WhatsApp-Image-2023-02-20-at-3.17.35-PM-1-682x1024.jpeg\" alt=\"\" class=\"wp-image-5873\" srcset=\"https:\/\/elpuucnoticias.com\/wp-content\/uploads\/2023\/02\/WhatsApp-Image-2023-02-20-at-3.17.35-PM-1-682x1024.jpeg 682w, https:\/\/elpuucnoticias.com\/wp-content\/uploads\/2023\/02\/WhatsApp-Image-2023-02-20-at-3.17.35-PM-1-200x300.jpeg 200w, https:\/\/elpuucnoticias.com\/wp-content\/uploads\/2023\/02\/WhatsApp-Image-2023-02-20-at-3.17.35-PM-1-768x1153.jpeg 768w, https:\/\/elpuucnoticias.com\/wp-content\/uploads\/2023\/02\/WhatsApp-Image-2023-02-20-at-3.17.35-PM-1-1023x1536.jpeg 1023w, https:\/\/elpuucnoticias.com\/wp-content\/uploads\/2023\/02\/WhatsApp-Image-2023-02-20-at-3.17.35-PM-1.jpeg 1066w\" sizes=\"auto, (max-width: 682px) 100vw, 682px\" \/><\/figure>\n\n\n\n<figure class=\"wp-block-image size-large\"><img loading=\"lazy\" decoding=\"async\" width=\"682\" height=\"1024\" data-id=\"5871\" src=\"https:\/\/elpuucnoticias.com\/wp-content\/uploads\/2023\/02\/WhatsApp-Image-2023-02-20-at-3.17.35-PM-682x1024.jpeg\" alt=\"\" class=\"wp-image-5871\" srcset=\"https:\/\/elpuucnoticias.com\/wp-content\/uploads\/2023\/02\/WhatsApp-Image-2023-02-20-at-3.17.35-PM-682x1024.jpeg 682w, https:\/\/elpuucnoticias.com\/wp-content\/uploads\/2023\/02\/WhatsApp-Image-2023-02-20-at-3.17.35-PM-200x300.jpeg 200w, https:\/\/elpuucnoticias.com\/wp-content\/uploads\/2023\/02\/WhatsApp-Image-2023-02-20-at-3.17.35-PM-768x1153.jpeg 768w, https:\/\/elpuucnoticias.com\/wp-content\/uploads\/2023\/02\/WhatsApp-Image-2023-02-20-at-3.17.35-PM-1023x1536.jpeg 1023w, https:\/\/elpuucnoticias.com\/wp-content\/uploads\/2023\/02\/WhatsApp-Image-2023-02-20-at-3.17.35-PM.jpeg 1066w\" sizes=\"auto, (max-width: 682px) 100vw, 682px\" \/><\/figure>\n<\/figure>\n\n\n\n<p>El primer edil se\u00f1al\u00f3 que se busca ofrecer un buen espect\u00e1culo donde pueda divertirse toda la familia, en un ambiente de sano entretenimiento.\u2014 <em>El Puuc Noticias<\/em><\/p>\n","protected":false},"excerpt":{"rendered":"<p>Alegr\u00eda y diversi\u00f3n se vivi\u00f3 en Peto en el Carnaval, luego que el alcalde Ren\u00e1n Jim\u00e9nez Tah coron\u00f3<\/p>\n","protected":false},"author":1,"featured_media":5867,"comment_status":"closed","ping_status":"open","sticky":false,"template":"","format":"standard","meta":{"_monsterinsights_skip_tracking":false,"_monsterinsights_sitenote_active":false,"_monsterinsights_sitenote_note":"","_monsterinsights_sitenote_category":0,"footnotes":""},"categories":[11,20],"tags":[],"class_list":["post-5866","post","type-post","status-publish","format-standard","has-post-thumbnail","hentry","category-noticias","category-peto"],"yoast_head":"<!-- This site is optimized with the Yoast SEO plugin v18.3 - https:\/\/yoast.com\/wordpress\/plugins\/seo\/ -->\n<title>As\u00ed se vivi\u00f3 el Carnaval de la villa de Peto - El Puuc Noticias<\/title>\n<meta name=\"robots\" content=\"index, follow, max-snippet:-1, max-image-preview:large, max-video-preview:-1\" \/>\n<link rel=\"canonical\" href=\"https:\/\/elpuucnoticias.com\/?p=5866\" \/>\n<meta property=\"og:locale\" content=\"es_ES\" \/>\n<meta property=\"og:type\" content=\"article\" \/>\n<meta property=\"og:title\" content=\"As\u00ed se vivi\u00f3 el Carnaval de la villa de Peto - El Puuc Noticias\" \/>\n<meta property=\"og:description\" content=\"Alegr\u00eda y diversi\u00f3n se vivi\u00f3 en Peto en el Carnaval, luego que el alcalde Ren\u00e1n Jim\u00e9nez Tah coron\u00f3\" \/>\n<meta property=\"og:url\" content=\"https:\/\/elpuucnoticias.com\/?p=5866\" \/>\n<meta property=\"og:site_name\" content=\"El Puuc Noticias\" \/>\n<meta property=\"article:published_time\" content=\"2023-02-22T08:53:21+00:00\" \/>\n<meta property=\"article:modified_time\" content=\"2023-02-22T08:53:23+00:00\" \/>\n<meta property=\"og:image\" content=\"https:\/\/elpuucnoticias.com\/wp-content\/uploads\/2023\/02\/WhatsApp-Image-2023-02-20-at-3.16.59-PM.jpeg\" \/>\n\t<meta property=\"og:image:width\" content=\"1600\" \/>\n\t<meta property=\"og:image:height\" content=\"1066\" \/>\n\t<meta property=\"og:image:type\" content=\"image\/jpeg\" \/>\n<meta name=\"twitter:card\" content=\"summary_large_image\" \/>\n<meta name=\"twitter:label1\" content=\"Escrito por\" \/>\n\t<meta name=\"twitter:data1\" content=\"elpuucnoticias\" \/>\n\t<meta name=\"twitter:label2\" content=\"Tiempo de lectura\" \/>\n\t<meta name=\"twitter:data2\" content=\"3 minutos\" \/>\n<script type=\"application\/ld+json\" class=\"yoast-schema-graph\">{\"@context\":\"https:\/\/schema.org\",\"@graph\":[{\"@type\":\"WebSite\",\"@id\":\"https:\/\/elpuucnoticias.com\/#website\",\"url\":\"https:\/\/elpuucnoticias.com\/\",\"name\":\"El Puuc Noticias\",\"description\":\"Noticias - Entretenimiento - Deportes\",\"potentialAction\":[{\"@type\":\"SearchAction\",\"target\":{\"@type\":\"EntryPoint\",\"urlTemplate\":\"https:\/\/elpuucnoticias.com\/?s={search_term_string}\"},\"query-input\":\"required name=search_term_string\"}],\"inLanguage\":\"es\"},{\"@type\":\"ImageObject\",\"@id\":\"https:\/\/elpuucnoticias.com\/?p=5866#primaryimage\",\"inLanguage\":\"es\",\"url\":\"https:\/\/elpuucnoticias.com\/wp-content\/uploads\/2023\/02\/WhatsApp-Image-2023-02-20-at-3.16.59-PM.jpeg\",\"contentUrl\":\"https:\/\/elpuucnoticias.com\/wp-content\/uploads\/2023\/02\/WhatsApp-Image-2023-02-20-at-3.16.59-PM.jpeg\",\"width\":1600,\"height\":1066},{\"@type\":\"WebPage\",\"@id\":\"https:\/\/elpuucnoticias.com\/?p=5866#webpage\",\"url\":\"https:\/\/elpuucnoticias.com\/?p=5866\",\"name\":\"As\u00ed se vivi\u00f3 el Carnaval de la villa de Peto - El Puuc Noticias\",\"isPartOf\":{\"@id\":\"https:\/\/elpuucnoticias.com\/#website\"},\"primaryImageOfPage\":{\"@id\":\"https:\/\/elpuucnoticias.com\/?p=5866#primaryimage\"},\"datePublished\":\"2023-02-22T08:53:21+00:00\",\"dateModified\":\"2023-02-22T08:53:23+00:00\",\"author\":{\"@id\":\"https:\/\/elpuucnoticias.com\/#\/schema\/person\/d2ea09e4c97f0160b11cdfb1d856bd9e\"},\"breadcrumb\":{\"@id\":\"https:\/\/elpuucnoticias.com\/?p=5866#breadcrumb\"},\"inLanguage\":\"es\",\"potentialAction\":[{\"@type\":\"ReadAction\",\"target\":[\"https:\/\/elpuucnoticias.com\/?p=5866\"]}]},{\"@type\":\"BreadcrumbList\",\"@id\":\"https:\/\/elpuucnoticias.com\/?p=5866#breadcrumb\",\"itemListElement\":[{\"@type\":\"ListItem\",\"position\":1,\"name\":\"Portada\",\"item\":\"https:\/\/elpuucnoticias.com\/\"},{\"@type\":\"ListItem\",\"position\":2,\"name\":\"As\u00ed se vivi\u00f3 el Carnaval de la villa de Peto\"}]},{\"@type\":\"Person\",\"@id\":\"https:\/\/elpuucnoticias.com\/#\/schema\/person\/d2ea09e4c97f0160b11cdfb1d856bd9e\",\"name\":\"elpuucnoticias\",\"image\":{\"@type\":\"ImageObject\",\"@id\":\"https:\/\/elpuucnoticias.com\/#personlogo\",\"inLanguage\":\"es\",\"url\":\"https:\/\/secure.gravatar.com\/avatar\/5290a43657c74ffa15701dbe5b846bd85cc71930d803c84e91046a7333de6ce2?s=96&d=mm&r=g\",\"contentUrl\":\"https:\/\/secure.gravatar.com\/avatar\/5290a43657c74ffa15701dbe5b846bd85cc71930d803c84e91046a7333de6ce2?s=96&d=mm&r=g\",\"caption\":\"elpuucnoticias\"},\"sameAs\":[\"https:\/\/elpuucnoticias.com\"],\"url\":\"https:\/\/elpuucnoticias.com\/?author=1\"}]}<\/script>\n<!-- \/ Yoast SEO plugin. -->","yoast_head_json":{"title":"As\u00ed se vivi\u00f3 el Carnaval de la villa de Peto - El Puuc Noticias","robots":{"index":"index","follow":"follow","max-snippet":"max-snippet:-1","max-image-preview":"max-image-preview:large","max-video-preview":"max-video-preview:-1"},"canonical":"https:\/\/elpuucnoticias.com\/?p=5866","og_locale":"es_ES","og_type":"article","og_title":"As\u00ed se vivi\u00f3 el Carnaval de la villa de Peto - El Puuc Noticias","og_description":"Alegr\u00eda y diversi\u00f3n se vivi\u00f3 en Peto en el Carnaval, luego que el alcalde Ren\u00e1n Jim\u00e9nez Tah coron\u00f3","og_url":"https:\/\/elpuucnoticias.com\/?p=5866","og_site_name":"El Puuc Noticias","article_published_time":"2023-02-22T08:53:21+00:00","article_modified_time":"2023-02-22T08:53:23+00:00","og_image":[{"width":1600,"height":1066,"url":"https:\/\/elpuucnoticias.com\/wp-content\/uploads\/2023\/02\/WhatsApp-Image-2023-02-20-at-3.16.59-PM.jpeg","type":"image\/jpeg"}],"twitter_card":"summary_large_image","twitter_misc":{"Escrito por":"elpuucnoticias","Tiempo de lectura":"3 minutos"},"schema":{"@context":"https:\/\/schema.org","@graph":[{"@type":"WebSite","@id":"https:\/\/elpuucnoticias.com\/#website","url":"https:\/\/elpuucnoticias.com\/","name":"El Puuc Noticias","description":"Noticias - Entretenimiento - Deportes","potentialAction":[{"@type":"SearchAction","target":{"@type":"EntryPoint","urlTemplate":"https:\/\/elpuucnoticias.com\/?s={search_term_string}"},"query-input":"required name=search_term_string"}],"inLanguage":"es"},{"@type":"ImageObject","@id":"https:\/\/elpuucnoticias.com\/?p=5866#primaryimage","inLanguage":"es","url":"https:\/\/elpuucnoticias.com\/wp-content\/uploads\/2023\/02\/WhatsApp-Image-2023-02-20-at-3.16.59-PM.jpeg","contentUrl":"https:\/\/elpuucnoticias.com\/wp-content\/uploads\/2023\/02\/WhatsApp-Image-2023-02-20-at-3.16.59-PM.jpeg","width":1600,"height":1066},{"@type":"WebPage","@id":"https:\/\/elpuucnoticias.com\/?p=5866#webpage","url":"https:\/\/elpuucnoticias.com\/?p=5866","name":"As\u00ed se vivi\u00f3 el Carnaval de la villa de Peto - El Puuc Noticias","isPartOf":{"@id":"https:\/\/elpuucnoticias.com\/#website"},"primaryImageOfPage":{"@id":"https:\/\/elpuucnoticias.com\/?p=5866#primaryimage"},"datePublished":"2023-02-22T08:53:21+00:00","dateModified":"2023-02-22T08:53:23+00:00","author":{"@id":"https:\/\/elpuucnoticias.com\/#\/schema\/person\/d2ea09e4c97f0160b11cdfb1d856bd9e"},"breadcrumb":{"@id":"https:\/\/elpuucnoticias.com\/?p=5866#breadcrumb"},"inLanguage":"es","potentialAction":[{"@type":"ReadAction","target":["https:\/\/elpuucnoticias.com\/?p=5866"]}]},{"@type":"BreadcrumbList","@id":"https:\/\/elpuucnoticias.com\/?p=5866#breadcrumb","itemListElement":[{"@type":"ListItem","position":1,"name":"Portada","item":"https:\/\/elpuucnoticias.com\/"},{"@type":"ListItem","position":2,"name":"As\u00ed se vivi\u00f3 el Carnaval de la villa de Peto"}]},{"@type":"Person","@id":"https:\/\/elpuucnoticias.com\/#\/schema\/person\/d2ea09e4c97f0160b11cdfb1d856bd9e","name":"elpuucnoticias","image":{"@type":"ImageObject","@id":"https:\/\/elpuucnoticias.com\/#personlogo","inLanguage":"es","url":"https:\/\/secure.gravatar.com\/avatar\/5290a43657c74ffa15701dbe5b846bd85cc71930d803c84e91046a7333de6ce2?s=96&d=mm&r=g","contentUrl":"https:\/\/secure.gravatar.com\/avatar\/5290a43657c74ffa15701dbe5b846bd85cc71930d803c84e91046a7333de6ce2?s=96&d=mm&r=g","caption":"elpuucnoticias"},"sameAs":["https:\/\/elpuucnoticias.com"],"url":"https:\/\/elpuucnoticias.com\/?author=1"}]}},"_links":{"self":[{"href":"https:\/\/elpuucnoticias.com\/index.php?rest_route=\/wp\/v2\/posts\/5866","targetHints":{"allow":["GET"]}}],"collection":[{"href":"https:\/\/elpuucnoticias.com\/index.php?rest_route=\/wp\/v2\/posts"}],"about":[{"href":"https:\/\/elpuucnoticias.com\/index.php?rest_route=\/wp\/v2\/types\/post"}],"author":[{"embeddable":true,"href":"https:\/\/elpuucnoticias.com\/index.php?rest_route=\/wp\/v2\/users\/1"}],"replies":[{"embeddable":true,"href":"https:\/\/elpuucnoticias.com\/index.php?rest_route=%2Fwp%2Fv2%2Fcomments&post=5866"}],"version-history":[{"count":1,"href":"https:\/\/elpuucnoticias.com\/index.php?rest_route=\/wp\/v2\/posts\/5866\/revisions"}],"predecessor-version":[{"id":5878,"href":"https:\/\/elpuucnoticias.com\/index.php?rest_route=\/wp\/v2\/posts\/5866\/revisions\/5878"}],"wp:featuredmedia":[{"embeddable":true,"href":"https:\/\/elpuucnoticias.com\/index.php?rest_route=\/wp\/v2\/media\/5867"}],"wp:attachment":[{"href":"https:\/\/elpuucnoticias.com\/index.php?rest_route=%2Fwp%2Fv2%2Fmedia&parent=5866"}],"wp:term":[{"taxonomy":"category","embeddable":true,"href":"https:\/\/elpuucnoticias.com\/index.php?rest_route=%2Fwp%2Fv2%2Fcategories&post=5866"},{"taxonomy":"post_tag","embeddable":true,"href":"https:\/\/elpuucnoticias.com\/index.php?rest_route=%2Fwp%2Fv2%2Ftags&post=5866"}],"curies":[{"name":"wp","href":"https:\/\/api.w.org\/{rel}","templated":true}]}}