{"id":5920,"date":"2023-02-24T13:24:56","date_gmt":"2023-02-24T19:24:56","guid":{"rendered":"https:\/\/elpuucnoticias.com\/?p=5920"},"modified":"2023-02-24T13:24:58","modified_gmt":"2023-02-24T19:24:58","slug":"realizan-en-oxkutzcab-una-demostracion-de-escoltas-de-bandera-de-nivel-primaria","status":"publish","type":"post","link":"https:\/\/elpuucnoticias.com\/?p=5920","title":{"rendered":"Realizan en Oxkutzcab una demostraci\u00f3n de escoltas de Bandera de nivel primaria"},"content":{"rendered":"\n<p>Con la participaci\u00f3n de siete primarias de las Zonas Escolares 078 y 079, este jueves la Secretar\u00eda de Educaci\u00f3n, la direcci\u00f3n de Educaci\u00f3n Primaria, la coordinaci\u00f3n de Educaci\u00f3n F\u00edsica y el Ayuntamiento de Oxkutzcab realizaron una demostraci\u00f3n de escoltas de Bandera.\u00a0<\/p>\n\n\n\n<figure class=\"wp-block-gallery has-nested-images columns-default is-cropped wp-block-gallery-1 is-layout-flex wp-block-gallery-is-layout-flex\">\n<figure class=\"wp-block-image size-large\"><img loading=\"lazy\" decoding=\"async\" width=\"1024\" height=\"819\" data-id=\"5923\" src=\"https:\/\/elpuucnoticias.com\/wp-content\/uploads\/2023\/02\/EScol05-1024x819.jpeg\" alt=\"\" class=\"wp-image-5923\" srcset=\"https:\/\/elpuucnoticias.com\/wp-content\/uploads\/2023\/02\/EScol05-1024x819.jpeg 1024w, https:\/\/elpuucnoticias.com\/wp-content\/uploads\/2023\/02\/EScol05-300x240.jpeg 300w, https:\/\/elpuucnoticias.com\/wp-content\/uploads\/2023\/02\/EScol05-768x614.jpeg 768w, https:\/\/elpuucnoticias.com\/wp-content\/uploads\/2023\/02\/EScol05.jpeg 1250w\" sizes=\"auto, (max-width: 1024px) 100vw, 1024px\" \/><\/figure>\n\n\n\n<figure class=\"wp-block-image size-large\"><img loading=\"lazy\" decoding=\"async\" width=\"1024\" height=\"819\" data-id=\"5922\" src=\"https:\/\/elpuucnoticias.com\/wp-content\/uploads\/2023\/02\/Escol07-1024x819.jpeg\" alt=\"\" class=\"wp-image-5922\" srcset=\"https:\/\/elpuucnoticias.com\/wp-content\/uploads\/2023\/02\/Escol07-1024x819.jpeg 1024w, https:\/\/elpuucnoticias.com\/wp-content\/uploads\/2023\/02\/Escol07-300x240.jpeg 300w, https:\/\/elpuucnoticias.com\/wp-content\/uploads\/2023\/02\/Escol07-768x614.jpeg 768w, https:\/\/elpuucnoticias.com\/wp-content\/uploads\/2023\/02\/Escol07.jpeg 1250w\" sizes=\"auto, (max-width: 1024px) 100vw, 1024px\" \/><\/figure>\n\n\n\n<figure class=\"wp-block-image size-large\"><img loading=\"lazy\" decoding=\"async\" width=\"1024\" height=\"819\" data-id=\"5924\" src=\"https:\/\/elpuucnoticias.com\/wp-content\/uploads\/2023\/02\/EScol-1024x819.jpeg\" alt=\"\" class=\"wp-image-5924\" srcset=\"https:\/\/elpuucnoticias.com\/wp-content\/uploads\/2023\/02\/EScol-1024x819.jpeg 1024w, https:\/\/elpuucnoticias.com\/wp-content\/uploads\/2023\/02\/EScol-300x240.jpeg 300w, https:\/\/elpuucnoticias.com\/wp-content\/uploads\/2023\/02\/EScol-768x614.jpeg 768w, https:\/\/elpuucnoticias.com\/wp-content\/uploads\/2023\/02\/EScol.jpeg 1250w\" sizes=\"auto, (max-width: 1024px) 100vw, 1024px\" \/><\/figure>\n<\/figure>\n\n\n\n<p>El evento se realiz\u00f3 en el domo municipal e inici\u00f3 con un desfile de escoltas participantes, en los honores a la Bandera se cont\u00f3 con el apoyo de la escolta y banda de guerra de la primaria Jacinto Canek.\u00a0<\/p>\n\n\n\n<p>Como invitados, el alcalde, Juan Jos\u00e9 Mart\u00edn Fragoso; Julio Palomino Chi, representante del sector 07; el supervisor de la Zona Escolar 078, \u00c1ngel Adri\u00e1n Poot Dzul; Ermilo Ruiz Bol\u00edvar, supervisor de la Zona 020 de Educaci\u00f3n F\u00edsica; Vanessa Pacheco C\u00f3rdova, regidora de Educaci\u00f3n, y la s\u00edndico, J\u00e9ssica V\u00e1zquez P\u00e9rez.\u00a0<\/p>\n\n\n\n<p>Las escuelas participantes son: Juan de Dios Rodr\u00edguez Heredia, Andr\u00e9s Quintana Roo, Arcadio Santoyo, Agust\u00edn Vadillo Cicero, Felipe Carrillo Puerto, Antonio Med\u00edz Bolio y Jacinto Canek.\u00a0<\/p>\n\n\n\n<p>En su mensaje, el alcalde indic\u00f3 que para es un honor encabezar un evento muy significativo en la formaci\u00f3n educativo de los ni\u00f1os.\u00a0<\/p>\n\n\n\n<p>\u00abMas en esta fecha tan especial donde se conmemora el D\u00eda de la Bandera, una insignia que como mexicanos debemos valorar, pues es la que nos da patria y libertad\u00bb.\u2014 <em>El Puuc Noticias<\/em>\u00a0<\/p>\n","protected":false},"excerpt":{"rendered":"<p>Con la participaci\u00f3n de siete primarias de las Zonas Escolares 078 y 079, este jueves la Secretar\u00eda de<\/p>\n","protected":false},"author":1,"featured_media":5921,"comment_status":"closed","ping_status":"open","sticky":false,"template":"","format":"standard","meta":{"_monsterinsights_skip_tracking":false,"_monsterinsights_sitenote_active":false,"_monsterinsights_sitenote_note":"","_monsterinsights_sitenote_category":0,"footnotes":""},"categories":[11,14],"tags":[],"class_list":["post-5920","post","type-post","status-publish","format-standard","has-post-thumbnail","hentry","category-noticias","category-oxkutzcab"],"yoast_head":"<!-- This site is optimized with the Yoast SEO plugin v18.3 - https:\/\/yoast.com\/wordpress\/plugins\/seo\/ -->\n<title>Realizan en Oxkutzcab una demostraci\u00f3n de escoltas de Bandera de nivel primaria - El Puuc Noticias<\/title>\n<meta name=\"robots\" content=\"index, follow, max-snippet:-1, max-image-preview:large, max-video-preview:-1\" \/>\n<link rel=\"canonical\" href=\"https:\/\/elpuucnoticias.com\/?p=5920\" \/>\n<meta property=\"og:locale\" content=\"es_ES\" \/>\n<meta property=\"og:type\" content=\"article\" \/>\n<meta property=\"og:title\" content=\"Realizan en Oxkutzcab una demostraci\u00f3n de escoltas de Bandera de nivel primaria - El Puuc Noticias\" \/>\n<meta property=\"og:description\" content=\"Con la participaci\u00f3n de siete primarias de las Zonas Escolares 078 y 079, este jueves la Secretar\u00eda de\" \/>\n<meta property=\"og:url\" content=\"https:\/\/elpuucnoticias.com\/?p=5920\" \/>\n<meta property=\"og:site_name\" content=\"El Puuc Noticias\" \/>\n<meta property=\"article:published_time\" content=\"2023-02-24T19:24:56+00:00\" \/>\n<meta property=\"article:modified_time\" content=\"2023-02-24T19:24:58+00:00\" \/>\n<meta property=\"og:image\" content=\"https:\/\/elpuucnoticias.com\/wp-content\/uploads\/2023\/02\/Escol01-1.jpeg\" \/>\n\t<meta property=\"og:image:width\" content=\"1500\" \/>\n\t<meta property=\"og:image:height\" content=\"1000\" \/>\n\t<meta property=\"og:image:type\" content=\"image\/jpeg\" \/>\n<meta name=\"twitter:card\" content=\"summary_large_image\" \/>\n<meta name=\"twitter:label1\" content=\"Escrito por\" \/>\n\t<meta name=\"twitter:data1\" content=\"elpuucnoticias\" \/>\n\t<meta name=\"twitter:label2\" content=\"Tiempo de lectura\" \/>\n\t<meta name=\"twitter:data2\" content=\"2 minutos\" \/>\n<script type=\"application\/ld+json\" class=\"yoast-schema-graph\">{\"@context\":\"https:\/\/schema.org\",\"@graph\":[{\"@type\":\"WebSite\",\"@id\":\"https:\/\/elpuucnoticias.com\/#website\",\"url\":\"https:\/\/elpuucnoticias.com\/\",\"name\":\"El Puuc Noticias\",\"description\":\"Noticias - Entretenimiento - Deportes\",\"potentialAction\":[{\"@type\":\"SearchAction\",\"target\":{\"@type\":\"EntryPoint\",\"urlTemplate\":\"https:\/\/elpuucnoticias.com\/?s={search_term_string}\"},\"query-input\":\"required name=search_term_string\"}],\"inLanguage\":\"es\"},{\"@type\":\"ImageObject\",\"@id\":\"https:\/\/elpuucnoticias.com\/?p=5920#primaryimage\",\"inLanguage\":\"es\",\"url\":\"https:\/\/elpuucnoticias.com\/wp-content\/uploads\/2023\/02\/Escol01-1.jpeg\",\"contentUrl\":\"https:\/\/elpuucnoticias.com\/wp-content\/uploads\/2023\/02\/Escol01-1.jpeg\",\"width\":1500,\"height\":1000},{\"@type\":\"WebPage\",\"@id\":\"https:\/\/elpuucnoticias.com\/?p=5920#webpage\",\"url\":\"https:\/\/elpuucnoticias.com\/?p=5920\",\"name\":\"Realizan en Oxkutzcab una demostraci\u00f3n de escoltas de Bandera de nivel primaria - El Puuc Noticias\",\"isPartOf\":{\"@id\":\"https:\/\/elpuucnoticias.com\/#website\"},\"primaryImageOfPage\":{\"@id\":\"https:\/\/elpuucnoticias.com\/?p=5920#primaryimage\"},\"datePublished\":\"2023-02-24T19:24:56+00:00\",\"dateModified\":\"2023-02-24T19:24:58+00:00\",\"author\":{\"@id\":\"https:\/\/elpuucnoticias.com\/#\/schema\/person\/d2ea09e4c97f0160b11cdfb1d856bd9e\"},\"breadcrumb\":{\"@id\":\"https:\/\/elpuucnoticias.com\/?p=5920#breadcrumb\"},\"inLanguage\":\"es\",\"potentialAction\":[{\"@type\":\"ReadAction\",\"target\":[\"https:\/\/elpuucnoticias.com\/?p=5920\"]}]},{\"@type\":\"BreadcrumbList\",\"@id\":\"https:\/\/elpuucnoticias.com\/?p=5920#breadcrumb\",\"itemListElement\":[{\"@type\":\"ListItem\",\"position\":1,\"name\":\"Portada\",\"item\":\"https:\/\/elpuucnoticias.com\/\"},{\"@type\":\"ListItem\",\"position\":2,\"name\":\"Realizan en Oxkutzcab una demostraci\u00f3n de escoltas de Bandera de nivel primaria\"}]},{\"@type\":\"Person\",\"@id\":\"https:\/\/elpuucnoticias.com\/#\/schema\/person\/d2ea09e4c97f0160b11cdfb1d856bd9e\",\"name\":\"elpuucnoticias\",\"image\":{\"@type\":\"ImageObject\",\"@id\":\"https:\/\/elpuucnoticias.com\/#personlogo\",\"inLanguage\":\"es\",\"url\":\"https:\/\/secure.gravatar.com\/avatar\/5290a43657c74ffa15701dbe5b846bd85cc71930d803c84e91046a7333de6ce2?s=96&d=mm&r=g\",\"contentUrl\":\"https:\/\/secure.gravatar.com\/avatar\/5290a43657c74ffa15701dbe5b846bd85cc71930d803c84e91046a7333de6ce2?s=96&d=mm&r=g\",\"caption\":\"elpuucnoticias\"},\"sameAs\":[\"https:\/\/elpuucnoticias.com\"],\"url\":\"https:\/\/elpuucnoticias.com\/?author=1\"}]}<\/script>\n<!-- \/ Yoast SEO plugin. -->","yoast_head_json":{"title":"Realizan en Oxkutzcab una demostraci\u00f3n de escoltas de Bandera de nivel primaria - El Puuc Noticias","robots":{"index":"index","follow":"follow","max-snippet":"max-snippet:-1","max-image-preview":"max-image-preview:large","max-video-preview":"max-video-preview:-1"},"canonical":"https:\/\/elpuucnoticias.com\/?p=5920","og_locale":"es_ES","og_type":"article","og_title":"Realizan en Oxkutzcab una demostraci\u00f3n de escoltas de Bandera de nivel primaria - El Puuc Noticias","og_description":"Con la participaci\u00f3n de siete primarias de las Zonas Escolares 078 y 079, este jueves la Secretar\u00eda de","og_url":"https:\/\/elpuucnoticias.com\/?p=5920","og_site_name":"El Puuc Noticias","article_published_time":"2023-02-24T19:24:56+00:00","article_modified_time":"2023-02-24T19:24:58+00:00","og_image":[{"width":1500,"height":1000,"url":"https:\/\/elpuucnoticias.com\/wp-content\/uploads\/2023\/02\/Escol01-1.jpeg","type":"image\/jpeg"}],"twitter_card":"summary_large_image","twitter_misc":{"Escrito por":"elpuucnoticias","Tiempo de lectura":"2 minutos"},"schema":{"@context":"https:\/\/schema.org","@graph":[{"@type":"WebSite","@id":"https:\/\/elpuucnoticias.com\/#website","url":"https:\/\/elpuucnoticias.com\/","name":"El Puuc Noticias","description":"Noticias - Entretenimiento - Deportes","potentialAction":[{"@type":"SearchAction","target":{"@type":"EntryPoint","urlTemplate":"https:\/\/elpuucnoticias.com\/?s={search_term_string}"},"query-input":"required name=search_term_string"}],"inLanguage":"es"},{"@type":"ImageObject","@id":"https:\/\/elpuucnoticias.com\/?p=5920#primaryimage","inLanguage":"es","url":"https:\/\/elpuucnoticias.com\/wp-content\/uploads\/2023\/02\/Escol01-1.jpeg","contentUrl":"https:\/\/elpuucnoticias.com\/wp-content\/uploads\/2023\/02\/Escol01-1.jpeg","width":1500,"height":1000},{"@type":"WebPage","@id":"https:\/\/elpuucnoticias.com\/?p=5920#webpage","url":"https:\/\/elpuucnoticias.com\/?p=5920","name":"Realizan en Oxkutzcab una demostraci\u00f3n de escoltas de Bandera de nivel primaria - El Puuc Noticias","isPartOf":{"@id":"https:\/\/elpuucnoticias.com\/#website"},"primaryImageOfPage":{"@id":"https:\/\/elpuucnoticias.com\/?p=5920#primaryimage"},"datePublished":"2023-02-24T19:24:56+00:00","dateModified":"2023-02-24T19:24:58+00:00","author":{"@id":"https:\/\/elpuucnoticias.com\/#\/schema\/person\/d2ea09e4c97f0160b11cdfb1d856bd9e"},"breadcrumb":{"@id":"https:\/\/elpuucnoticias.com\/?p=5920#breadcrumb"},"inLanguage":"es","potentialAction":[{"@type":"ReadAction","target":["https:\/\/elpuucnoticias.com\/?p=5920"]}]},{"@type":"BreadcrumbList","@id":"https:\/\/elpuucnoticias.com\/?p=5920#breadcrumb","itemListElement":[{"@type":"ListItem","position":1,"name":"Portada","item":"https:\/\/elpuucnoticias.com\/"},{"@type":"ListItem","position":2,"name":"Realizan en Oxkutzcab una demostraci\u00f3n de escoltas de Bandera de nivel primaria"}]},{"@type":"Person","@id":"https:\/\/elpuucnoticias.com\/#\/schema\/person\/d2ea09e4c97f0160b11cdfb1d856bd9e","name":"elpuucnoticias","image":{"@type":"ImageObject","@id":"https:\/\/elpuucnoticias.com\/#personlogo","inLanguage":"es","url":"https:\/\/secure.gravatar.com\/avatar\/5290a43657c74ffa15701dbe5b846bd85cc71930d803c84e91046a7333de6ce2?s=96&d=mm&r=g","contentUrl":"https:\/\/secure.gravatar.com\/avatar\/5290a43657c74ffa15701dbe5b846bd85cc71930d803c84e91046a7333de6ce2?s=96&d=mm&r=g","caption":"elpuucnoticias"},"sameAs":["https:\/\/elpuucnoticias.com"],"url":"https:\/\/elpuucnoticias.com\/?author=1"}]}},"_links":{"self":[{"href":"https:\/\/elpuucnoticias.com\/index.php?rest_route=\/wp\/v2\/posts\/5920","targetHints":{"allow":["GET"]}}],"collection":[{"href":"https:\/\/elpuucnoticias.com\/index.php?rest_route=\/wp\/v2\/posts"}],"about":[{"href":"https:\/\/elpuucnoticias.com\/index.php?rest_route=\/wp\/v2\/types\/post"}],"author":[{"embeddable":true,"href":"https:\/\/elpuucnoticias.com\/index.php?rest_route=\/wp\/v2\/users\/1"}],"replies":[{"embeddable":true,"href":"https:\/\/elpuucnoticias.com\/index.php?rest_route=%2Fwp%2Fv2%2Fcomments&post=5920"}],"version-history":[{"count":1,"href":"https:\/\/elpuucnoticias.com\/index.php?rest_route=\/wp\/v2\/posts\/5920\/revisions"}],"predecessor-version":[{"id":5925,"href":"https:\/\/elpuucnoticias.com\/index.php?rest_route=\/wp\/v2\/posts\/5920\/revisions\/5925"}],"wp:featuredmedia":[{"embeddable":true,"href":"https:\/\/elpuucnoticias.com\/index.php?rest_route=\/wp\/v2\/media\/5921"}],"wp:attachment":[{"href":"https:\/\/elpuucnoticias.com\/index.php?rest_route=%2Fwp%2Fv2%2Fmedia&parent=5920"}],"wp:term":[{"taxonomy":"category","embeddable":true,"href":"https:\/\/elpuucnoticias.com\/index.php?rest_route=%2Fwp%2Fv2%2Fcategories&post=5920"},{"taxonomy":"post_tag","embeddable":true,"href":"https:\/\/elpuucnoticias.com\/index.php?rest_route=%2Fwp%2Fv2%2Ftags&post=5920"}],"curies":[{"name":"wp","href":"https:\/\/api.w.org\/{rel}","templated":true}]}}