{"id":595,"date":"2022-03-28T17:25:42","date_gmt":"2022-03-28T23:25:42","guid":{"rendered":"https:\/\/elpuucnoticias.com\/?p=595"},"modified":"2022-03-28T17:25:44","modified_gmt":"2022-03-28T23:25:44","slug":"equipo-de-taekwondo-de-quintana-roo-con-pases-al-nacional-conade-2022","status":"publish","type":"post","link":"https:\/\/elpuucnoticias.com\/?p=595","title":{"rendered":"Equipo de Taekwondo de Quintana Roo con pases al Nacional CONADE 2022"},"content":{"rendered":"\n<p>Concluy\u00f3 la etapa Regional de la disciplina de Taekwondo, que se desarroll\u00f3 del 25 al 27 de marzo en la capital de Tabasco, Villahermosa con la participaci\u00f3n de delegaciones de atletas de los estados de Campeche, Yucat\u00e1n, Chiapas, Quintana Roo y los anfitriones.<\/p>\n\n\n\n<figure class=\"wp-block-image size-large is-resized\"><img loading=\"lazy\" decoding=\"async\" src=\"https:\/\/elpuucnoticias.com\/wp-content\/uploads\/2022\/02\/cropped-CABECERA-PUBLI-1-1-1024x152.jpg\" alt=\"\" class=\"wp-image-56\" width=\"439\" height=\"64\" srcset=\"https:\/\/elpuucnoticias.com\/wp-content\/uploads\/2022\/02\/cropped-CABECERA-PUBLI-1-1-1024x152.jpg 1024w, https:\/\/elpuucnoticias.com\/wp-content\/uploads\/2022\/02\/cropped-CABECERA-PUBLI-1-1-300x45.jpg 300w, https:\/\/elpuucnoticias.com\/wp-content\/uploads\/2022\/02\/cropped-CABECERA-PUBLI-1-1-768x114.jpg 768w, https:\/\/elpuucnoticias.com\/wp-content\/uploads\/2022\/02\/cropped-CABECERA-PUBLI-1-1-1536x228.jpg 1536w, https:\/\/elpuucnoticias.com\/wp-content\/uploads\/2022\/02\/cropped-CABECERA-PUBLI-1-1.jpg 1600w\" sizes=\"auto, (max-width: 439px) 100vw, 439px\" \/><\/figure>\n\n\n\n<p>El selectivo de Quintana Roo consigue 20 plazas para los Nacionales CONADE 2022, una en la modalidad de Poomsae o Formas individual en la categor\u00eda 12-14 a\u00f1os, mientras que en Kyorugui o Combate, los caribe\u00f1os se adjudican 19 lugares para avanzar a la m\u00e1xima justa.<\/p>\n\n\n\n<p>De los taekwondo\u00ednes clasificados en combate 11 son del municipio de Benito Ju\u00e1rez y 8 atletas de Solidaridad.<\/p>\n\n\n\n<figure class=\"wp-block-gallery has-nested-images columns-default is-cropped wp-block-gallery-1 is-layout-flex wp-block-gallery-is-layout-flex\">\n<figure class=\"wp-block-image size-large\"><img loading=\"lazy\" decoding=\"async\" width=\"1024\" height=\"768\" data-id=\"597\" src=\"https:\/\/elpuucnoticias.com\/wp-content\/uploads\/2022\/03\/tae-kwon-do-q-roo-2-1024x768.jpeg\" alt=\"\" class=\"wp-image-597\" srcset=\"https:\/\/elpuucnoticias.com\/wp-content\/uploads\/2022\/03\/tae-kwon-do-q-roo-2-1024x768.jpeg 1024w, https:\/\/elpuucnoticias.com\/wp-content\/uploads\/2022\/03\/tae-kwon-do-q-roo-2-300x225.jpeg 300w, https:\/\/elpuucnoticias.com\/wp-content\/uploads\/2022\/03\/tae-kwon-do-q-roo-2-768x576.jpeg 768w, https:\/\/elpuucnoticias.com\/wp-content\/uploads\/2022\/03\/tae-kwon-do-q-roo-2.jpeg 1280w\" sizes=\"auto, (max-width: 1024px) 100vw, 1024px\" \/><\/figure>\n\n\n\n<figure class=\"wp-block-image size-large\"><img loading=\"lazy\" decoding=\"async\" width=\"1024\" height=\"768\" data-id=\"598\" src=\"https:\/\/elpuucnoticias.com\/wp-content\/uploads\/2022\/03\/tae-kwon-do-q-roo-3-1024x768.jpeg\" alt=\"\" class=\"wp-image-598\" srcset=\"https:\/\/elpuucnoticias.com\/wp-content\/uploads\/2022\/03\/tae-kwon-do-q-roo-3-1024x768.jpeg 1024w, https:\/\/elpuucnoticias.com\/wp-content\/uploads\/2022\/03\/tae-kwon-do-q-roo-3-300x225.jpeg 300w, https:\/\/elpuucnoticias.com\/wp-content\/uploads\/2022\/03\/tae-kwon-do-q-roo-3-768x576.jpeg 768w, https:\/\/elpuucnoticias.com\/wp-content\/uploads\/2022\/03\/tae-kwon-do-q-roo-3.jpeg 1280w\" sizes=\"auto, (max-width: 1024px) 100vw, 1024px\" \/><\/figure>\n<\/figure>\n\n\n\n<p>Cabe se\u00f1alar que, para la etapa nacional, \u00fanicamente clasifican los primeros lugares en la categor\u00eda 18-20 a\u00f1os y los primeros y segundos lugares de las categor\u00edas 12-14 y 15-17 a\u00f1os en la etapa Regional.<\/p>\n\n\n\n<p>Las acciones de la justa nacional est\u00e1n programadas para realizarse en el estado de Sinaloa en fecha por definir.<\/p>\n","protected":false},"excerpt":{"rendered":"<p>Concluy\u00f3 la etapa Regional de la disciplina de Taekwondo, que se desarroll\u00f3 del 25 al 27 de marzo<\/p>\n","protected":false},"author":1,"featured_media":596,"comment_status":"closed","ping_status":"open","sticky":false,"template":"","format":"standard","meta":{"_monsterinsights_skip_tracking":false,"_monsterinsights_sitenote_active":false,"_monsterinsights_sitenote_note":"","_monsterinsights_sitenote_category":0,"footnotes":""},"categories":[7,11,5],"tags":[],"class_list":["post-595","post","type-post","status-publish","format-standard","has-post-thumbnail","hentry","category-impacto-deportivo","category-noticias","category-tendencias"],"yoast_head":"<!-- This site is optimized with the Yoast SEO plugin v18.3 - https:\/\/yoast.com\/wordpress\/plugins\/seo\/ -->\n<title>Equipo de Taekwondo de Quintana Roo con pases al Nacional CONADE 2022 - El Puuc Noticias<\/title>\n<meta name=\"robots\" content=\"index, follow, max-snippet:-1, max-image-preview:large, max-video-preview:-1\" \/>\n<link rel=\"canonical\" href=\"https:\/\/elpuucnoticias.com\/?p=595\" \/>\n<meta property=\"og:locale\" content=\"es_ES\" \/>\n<meta property=\"og:type\" content=\"article\" \/>\n<meta property=\"og:title\" content=\"Equipo de Taekwondo de Quintana Roo con pases al Nacional CONADE 2022 - El Puuc Noticias\" \/>\n<meta property=\"og:description\" content=\"Concluy\u00f3 la etapa Regional de la disciplina de Taekwondo, que se desarroll\u00f3 del 25 al 27 de marzo\" \/>\n<meta property=\"og:url\" content=\"https:\/\/elpuucnoticias.com\/?p=595\" \/>\n<meta property=\"og:site_name\" content=\"El Puuc Noticias\" \/>\n<meta property=\"article:published_time\" content=\"2022-03-28T23:25:42+00:00\" \/>\n<meta property=\"article:modified_time\" content=\"2022-03-28T23:25:44+00:00\" \/>\n<meta property=\"og:image\" content=\"https:\/\/elpuucnoticias.com\/wp-content\/uploads\/2022\/03\/tae-kwon-do-q-roo-1.jpeg\" \/>\n\t<meta property=\"og:image:width\" content=\"1280\" \/>\n\t<meta property=\"og:image:height\" content=\"960\" \/>\n\t<meta property=\"og:image:type\" content=\"image\/jpeg\" \/>\n<meta name=\"twitter:card\" content=\"summary_large_image\" \/>\n<meta name=\"twitter:label1\" content=\"Escrito por\" \/>\n\t<meta name=\"twitter:data1\" content=\"elpuucnoticias\" \/>\n\t<meta name=\"twitter:label2\" content=\"Tiempo de lectura\" \/>\n\t<meta name=\"twitter:data2\" content=\"2 minutos\" \/>\n<script type=\"application\/ld+json\" class=\"yoast-schema-graph\">{\"@context\":\"https:\/\/schema.org\",\"@graph\":[{\"@type\":\"WebSite\",\"@id\":\"https:\/\/elpuucnoticias.com\/#website\",\"url\":\"https:\/\/elpuucnoticias.com\/\",\"name\":\"El Puuc Noticias\",\"description\":\"Noticias - Entretenimiento - Deportes\",\"potentialAction\":[{\"@type\":\"SearchAction\",\"target\":{\"@type\":\"EntryPoint\",\"urlTemplate\":\"https:\/\/elpuucnoticias.com\/?s={search_term_string}\"},\"query-input\":\"required name=search_term_string\"}],\"inLanguage\":\"es\"},{\"@type\":\"ImageObject\",\"@id\":\"https:\/\/elpuucnoticias.com\/?p=595#primaryimage\",\"inLanguage\":\"es\",\"url\":\"https:\/\/elpuucnoticias.com\/wp-content\/uploads\/2022\/03\/tae-kwon-do-q-roo-1.jpeg\",\"contentUrl\":\"https:\/\/elpuucnoticias.com\/wp-content\/uploads\/2022\/03\/tae-kwon-do-q-roo-1.jpeg\",\"width\":1280,\"height\":960},{\"@type\":\"WebPage\",\"@id\":\"https:\/\/elpuucnoticias.com\/?p=595#webpage\",\"url\":\"https:\/\/elpuucnoticias.com\/?p=595\",\"name\":\"Equipo de Taekwondo de Quintana Roo con pases al Nacional CONADE 2022 - El Puuc Noticias\",\"isPartOf\":{\"@id\":\"https:\/\/elpuucnoticias.com\/#website\"},\"primaryImageOfPage\":{\"@id\":\"https:\/\/elpuucnoticias.com\/?p=595#primaryimage\"},\"datePublished\":\"2022-03-28T23:25:42+00:00\",\"dateModified\":\"2022-03-28T23:25:44+00:00\",\"author\":{\"@id\":\"https:\/\/elpuucnoticias.com\/#\/schema\/person\/d2ea09e4c97f0160b11cdfb1d856bd9e\"},\"breadcrumb\":{\"@id\":\"https:\/\/elpuucnoticias.com\/?p=595#breadcrumb\"},\"inLanguage\":\"es\",\"potentialAction\":[{\"@type\":\"ReadAction\",\"target\":[\"https:\/\/elpuucnoticias.com\/?p=595\"]}]},{\"@type\":\"BreadcrumbList\",\"@id\":\"https:\/\/elpuucnoticias.com\/?p=595#breadcrumb\",\"itemListElement\":[{\"@type\":\"ListItem\",\"position\":1,\"name\":\"Portada\",\"item\":\"https:\/\/elpuucnoticias.com\/\"},{\"@type\":\"ListItem\",\"position\":2,\"name\":\"Equipo de Taekwondo de Quintana Roo con pases al Nacional CONADE 2022\"}]},{\"@type\":\"Person\",\"@id\":\"https:\/\/elpuucnoticias.com\/#\/schema\/person\/d2ea09e4c97f0160b11cdfb1d856bd9e\",\"name\":\"elpuucnoticias\",\"image\":{\"@type\":\"ImageObject\",\"@id\":\"https:\/\/elpuucnoticias.com\/#personlogo\",\"inLanguage\":\"es\",\"url\":\"https:\/\/secure.gravatar.com\/avatar\/5290a43657c74ffa15701dbe5b846bd85cc71930d803c84e91046a7333de6ce2?s=96&d=mm&r=g\",\"contentUrl\":\"https:\/\/secure.gravatar.com\/avatar\/5290a43657c74ffa15701dbe5b846bd85cc71930d803c84e91046a7333de6ce2?s=96&d=mm&r=g\",\"caption\":\"elpuucnoticias\"},\"sameAs\":[\"https:\/\/elpuucnoticias.com\"],\"url\":\"https:\/\/elpuucnoticias.com\/?author=1\"}]}<\/script>\n<!-- \/ Yoast SEO plugin. -->","yoast_head_json":{"title":"Equipo de Taekwondo de Quintana Roo con pases al Nacional CONADE 2022 - El Puuc Noticias","robots":{"index":"index","follow":"follow","max-snippet":"max-snippet:-1","max-image-preview":"max-image-preview:large","max-video-preview":"max-video-preview:-1"},"canonical":"https:\/\/elpuucnoticias.com\/?p=595","og_locale":"es_ES","og_type":"article","og_title":"Equipo de Taekwondo de Quintana Roo con pases al Nacional CONADE 2022 - El Puuc Noticias","og_description":"Concluy\u00f3 la etapa Regional de la disciplina de Taekwondo, que se desarroll\u00f3 del 25 al 27 de marzo","og_url":"https:\/\/elpuucnoticias.com\/?p=595","og_site_name":"El Puuc Noticias","article_published_time":"2022-03-28T23:25:42+00:00","article_modified_time":"2022-03-28T23:25:44+00:00","og_image":[{"width":1280,"height":960,"url":"https:\/\/elpuucnoticias.com\/wp-content\/uploads\/2022\/03\/tae-kwon-do-q-roo-1.jpeg","type":"image\/jpeg"}],"twitter_card":"summary_large_image","twitter_misc":{"Escrito por":"elpuucnoticias","Tiempo de lectura":"2 minutos"},"schema":{"@context":"https:\/\/schema.org","@graph":[{"@type":"WebSite","@id":"https:\/\/elpuucnoticias.com\/#website","url":"https:\/\/elpuucnoticias.com\/","name":"El Puuc Noticias","description":"Noticias - Entretenimiento - Deportes","potentialAction":[{"@type":"SearchAction","target":{"@type":"EntryPoint","urlTemplate":"https:\/\/elpuucnoticias.com\/?s={search_term_string}"},"query-input":"required name=search_term_string"}],"inLanguage":"es"},{"@type":"ImageObject","@id":"https:\/\/elpuucnoticias.com\/?p=595#primaryimage","inLanguage":"es","url":"https:\/\/elpuucnoticias.com\/wp-content\/uploads\/2022\/03\/tae-kwon-do-q-roo-1.jpeg","contentUrl":"https:\/\/elpuucnoticias.com\/wp-content\/uploads\/2022\/03\/tae-kwon-do-q-roo-1.jpeg","width":1280,"height":960},{"@type":"WebPage","@id":"https:\/\/elpuucnoticias.com\/?p=595#webpage","url":"https:\/\/elpuucnoticias.com\/?p=595","name":"Equipo de Taekwondo de Quintana Roo con pases al Nacional CONADE 2022 - El Puuc Noticias","isPartOf":{"@id":"https:\/\/elpuucnoticias.com\/#website"},"primaryImageOfPage":{"@id":"https:\/\/elpuucnoticias.com\/?p=595#primaryimage"},"datePublished":"2022-03-28T23:25:42+00:00","dateModified":"2022-03-28T23:25:44+00:00","author":{"@id":"https:\/\/elpuucnoticias.com\/#\/schema\/person\/d2ea09e4c97f0160b11cdfb1d856bd9e"},"breadcrumb":{"@id":"https:\/\/elpuucnoticias.com\/?p=595#breadcrumb"},"inLanguage":"es","potentialAction":[{"@type":"ReadAction","target":["https:\/\/elpuucnoticias.com\/?p=595"]}]},{"@type":"BreadcrumbList","@id":"https:\/\/elpuucnoticias.com\/?p=595#breadcrumb","itemListElement":[{"@type":"ListItem","position":1,"name":"Portada","item":"https:\/\/elpuucnoticias.com\/"},{"@type":"ListItem","position":2,"name":"Equipo de Taekwondo de Quintana Roo con pases al Nacional CONADE 2022"}]},{"@type":"Person","@id":"https:\/\/elpuucnoticias.com\/#\/schema\/person\/d2ea09e4c97f0160b11cdfb1d856bd9e","name":"elpuucnoticias","image":{"@type":"ImageObject","@id":"https:\/\/elpuucnoticias.com\/#personlogo","inLanguage":"es","url":"https:\/\/secure.gravatar.com\/avatar\/5290a43657c74ffa15701dbe5b846bd85cc71930d803c84e91046a7333de6ce2?s=96&d=mm&r=g","contentUrl":"https:\/\/secure.gravatar.com\/avatar\/5290a43657c74ffa15701dbe5b846bd85cc71930d803c84e91046a7333de6ce2?s=96&d=mm&r=g","caption":"elpuucnoticias"},"sameAs":["https:\/\/elpuucnoticias.com"],"url":"https:\/\/elpuucnoticias.com\/?author=1"}]}},"_links":{"self":[{"href":"https:\/\/elpuucnoticias.com\/index.php?rest_route=\/wp\/v2\/posts\/595","targetHints":{"allow":["GET"]}}],"collection":[{"href":"https:\/\/elpuucnoticias.com\/index.php?rest_route=\/wp\/v2\/posts"}],"about":[{"href":"https:\/\/elpuucnoticias.com\/index.php?rest_route=\/wp\/v2\/types\/post"}],"author":[{"embeddable":true,"href":"https:\/\/elpuucnoticias.com\/index.php?rest_route=\/wp\/v2\/users\/1"}],"replies":[{"embeddable":true,"href":"https:\/\/elpuucnoticias.com\/index.php?rest_route=%2Fwp%2Fv2%2Fcomments&post=595"}],"version-history":[{"count":1,"href":"https:\/\/elpuucnoticias.com\/index.php?rest_route=\/wp\/v2\/posts\/595\/revisions"}],"predecessor-version":[{"id":599,"href":"https:\/\/elpuucnoticias.com\/index.php?rest_route=\/wp\/v2\/posts\/595\/revisions\/599"}],"wp:featuredmedia":[{"embeddable":true,"href":"https:\/\/elpuucnoticias.com\/index.php?rest_route=\/wp\/v2\/media\/596"}],"wp:attachment":[{"href":"https:\/\/elpuucnoticias.com\/index.php?rest_route=%2Fwp%2Fv2%2Fmedia&parent=595"}],"wp:term":[{"taxonomy":"category","embeddable":true,"href":"https:\/\/elpuucnoticias.com\/index.php?rest_route=%2Fwp%2Fv2%2Fcategories&post=595"},{"taxonomy":"post_tag","embeddable":true,"href":"https:\/\/elpuucnoticias.com\/index.php?rest_route=%2Fwp%2Fv2%2Ftags&post=595"}],"curies":[{"name":"wp","href":"https:\/\/api.w.org\/{rel}","templated":true}]}}