{"id":6037,"date":"2023-03-09T12:19:32","date_gmt":"2023-03-09T18:19:32","guid":{"rendered":"https:\/\/elpuucnoticias.com\/?p=6037"},"modified":"2023-03-09T12:19:34","modified_gmt":"2023-03-09T18:19:34","slug":"ayuntamiento-de-peto-firma-convenio-para-implementar-acciones-de-justicia-con-perspectiva-de-genero","status":"publish","type":"post","link":"https:\/\/elpuucnoticias.com\/?p=6037","title":{"rendered":"Ayuntamiento de Peto firma convenio para implementar acciones de justicia con perspectiva de g\u00e9nero"},"content":{"rendered":"\n<p>En el marco del D\u00eda Internacional de la Mujer, el alcalde de Peto, Ren\u00e1n Gabriel Jim\u00e9nez Tah, firm\u00f3 un convenio de colaboraci\u00f3n con el gobierno del Estado y el Poder Judicial con la finalidad de implementar acciones de justicia con perspectiva de g\u00e9nero.<\/p>\n\n\n\n<figure class=\"wp-block-gallery has-nested-images columns-default is-cropped wp-block-gallery-1 is-layout-flex wp-block-gallery-is-layout-flex\">\n<figure class=\"wp-block-image size-large\"><img loading=\"lazy\" decoding=\"async\" width=\"720\" height=\"480\" data-id=\"6039\" src=\"https:\/\/elpuucnoticias.com\/wp-content\/uploads\/2023\/03\/WhatsApp-Image-2023-03-07-at-10.34.19-PM.jpeg\" alt=\"\" class=\"wp-image-6039\" srcset=\"https:\/\/elpuucnoticias.com\/wp-content\/uploads\/2023\/03\/WhatsApp-Image-2023-03-07-at-10.34.19-PM.jpeg 720w, https:\/\/elpuucnoticias.com\/wp-content\/uploads\/2023\/03\/WhatsApp-Image-2023-03-07-at-10.34.19-PM-300x200.jpeg 300w\" sizes=\"auto, (max-width: 720px) 100vw, 720px\" \/><\/figure>\n\n\n\n<figure class=\"wp-block-image size-large\"><img loading=\"lazy\" decoding=\"async\" width=\"1024\" height=\"682\" data-id=\"6042\" src=\"https:\/\/elpuucnoticias.com\/wp-content\/uploads\/2023\/03\/WhatsApp-Image-2023-03-07-at-10.34.23-PM-1024x682.jpeg\" alt=\"\" class=\"wp-image-6042\" srcset=\"https:\/\/elpuucnoticias.com\/wp-content\/uploads\/2023\/03\/WhatsApp-Image-2023-03-07-at-10.34.23-PM-1024x682.jpeg 1024w, https:\/\/elpuucnoticias.com\/wp-content\/uploads\/2023\/03\/WhatsApp-Image-2023-03-07-at-10.34.23-PM-300x200.jpeg 300w, https:\/\/elpuucnoticias.com\/wp-content\/uploads\/2023\/03\/WhatsApp-Image-2023-03-07-at-10.34.23-PM-768x512.jpeg 768w, https:\/\/elpuucnoticias.com\/wp-content\/uploads\/2023\/03\/WhatsApp-Image-2023-03-07-at-10.34.23-PM.jpeg 1280w\" sizes=\"auto, (max-width: 1024px) 100vw, 1024px\" \/><\/figure>\n\n\n\n<figure class=\"wp-block-image size-large\"><img loading=\"lazy\" decoding=\"async\" width=\"720\" height=\"480\" data-id=\"6040\" src=\"https:\/\/elpuucnoticias.com\/wp-content\/uploads\/2023\/03\/WhatsApp-Image-2023-03-07-at-10.34.21-PM-1.jpeg\" alt=\"\" class=\"wp-image-6040\" srcset=\"https:\/\/elpuucnoticias.com\/wp-content\/uploads\/2023\/03\/WhatsApp-Image-2023-03-07-at-10.34.21-PM-1.jpeg 720w, https:\/\/elpuucnoticias.com\/wp-content\/uploads\/2023\/03\/WhatsApp-Image-2023-03-07-at-10.34.21-PM-1-300x200.jpeg 300w\" sizes=\"auto, (max-width: 720px) 100vw, 720px\" \/><\/figure>\n\n\n\n<figure class=\"wp-block-image size-large\"><img loading=\"lazy\" decoding=\"async\" width=\"720\" height=\"480\" data-id=\"6041\" src=\"https:\/\/elpuucnoticias.com\/wp-content\/uploads\/2023\/03\/WhatsApp-Image-2023-03-07-at-10.34.21-PM.jpeg\" alt=\"\" class=\"wp-image-6041\" srcset=\"https:\/\/elpuucnoticias.com\/wp-content\/uploads\/2023\/03\/WhatsApp-Image-2023-03-07-at-10.34.21-PM.jpeg 720w, https:\/\/elpuucnoticias.com\/wp-content\/uploads\/2023\/03\/WhatsApp-Image-2023-03-07-at-10.34.21-PM-300x200.jpeg 300w\" sizes=\"auto, (max-width: 720px) 100vw, 720px\" \/><\/figure>\n<\/figure>\n\n\n\n<p>El primer edil se\u00f1ala que esto es necesario e importante porque la historia hace reconocer la lucha en los derechos pol\u00edticos, sociales, econ\u00f3micos por un mundo mejor que se viene realizando desde hace muchos a\u00f1os.<\/p>\n\n\n\n<p>El primer edil tom\u00f3 el curso de \u00abViolencia contra la mujer\u00bb, al igual que el Juez de Paz, Francisco Ab\u00e1n, Esther Poot S\u00e1nchez, titular del Instituto Municipal de la Mujer, y la presidenta del DIF Municipal, Astrid Maga\u00f1a S\u00e1nchez.<\/p>\n\n\n\n<p>En el curso estuvo el gobernador, Mauricio Vila Dosal, que constat\u00f3 el inter\u00e9s de participar y de trabajar de manera coordinanda de todos los presentes.<\/p>\n\n\n\n<p>Finalmente el alcalde se\u00f1ala que seguir\u00e1n trabajando de manera coordinanda en beneficio de la sociedad, sobre todo de las mujeres.\u2014 <em>El Puuc Noticias<\/em><\/p>\n","protected":false},"excerpt":{"rendered":"<p>En el marco del D\u00eda Internacional de la Mujer, el alcalde de Peto, Ren\u00e1n Gabriel Jim\u00e9nez Tah, firm\u00f3<\/p>\n","protected":false},"author":1,"featured_media":6038,"comment_status":"closed","ping_status":"open","sticky":false,"template":"","format":"standard","meta":{"_monsterinsights_skip_tracking":false,"_monsterinsights_sitenote_active":false,"_monsterinsights_sitenote_note":"","_monsterinsights_sitenote_category":0,"footnotes":""},"categories":[11,20],"tags":[],"class_list":["post-6037","post","type-post","status-publish","format-standard","has-post-thumbnail","hentry","category-noticias","category-peto"],"yoast_head":"<!-- This site is optimized with the Yoast SEO plugin v18.3 - https:\/\/yoast.com\/wordpress\/plugins\/seo\/ -->\n<title>Ayuntamiento de Peto firma convenio para implementar acciones de justicia con perspectiva de g\u00e9nero - El Puuc Noticias<\/title>\n<meta name=\"robots\" content=\"index, follow, max-snippet:-1, max-image-preview:large, max-video-preview:-1\" \/>\n<link rel=\"canonical\" href=\"https:\/\/elpuucnoticias.com\/?p=6037\" \/>\n<meta property=\"og:locale\" content=\"es_ES\" \/>\n<meta property=\"og:type\" content=\"article\" \/>\n<meta property=\"og:title\" content=\"Ayuntamiento de Peto firma convenio para implementar acciones de justicia con perspectiva de g\u00e9nero - El Puuc Noticias\" \/>\n<meta property=\"og:description\" content=\"En el marco del D\u00eda Internacional de la Mujer, el alcalde de Peto, Ren\u00e1n Gabriel Jim\u00e9nez Tah, firm\u00f3\" \/>\n<meta property=\"og:url\" content=\"https:\/\/elpuucnoticias.com\/?p=6037\" \/>\n<meta property=\"og:site_name\" content=\"El Puuc Noticias\" \/>\n<meta property=\"article:published_time\" content=\"2023-03-09T18:19:32+00:00\" \/>\n<meta property=\"article:modified_time\" content=\"2023-03-09T18:19:34+00:00\" \/>\n<meta property=\"og:image\" content=\"https:\/\/elpuucnoticias.com\/wp-content\/uploads\/2023\/03\/WhatsApp-Image-2023-03-07-at-10.34.20-PM.jpeg\" \/>\n\t<meta property=\"og:image:width\" content=\"720\" \/>\n\t<meta property=\"og:image:height\" content=\"480\" \/>\n\t<meta property=\"og:image:type\" content=\"image\/jpeg\" \/>\n<meta name=\"twitter:card\" content=\"summary_large_image\" \/>\n<meta name=\"twitter:label1\" content=\"Escrito por\" \/>\n\t<meta name=\"twitter:data1\" content=\"elpuucnoticias\" \/>\n\t<meta name=\"twitter:label2\" content=\"Tiempo de lectura\" \/>\n\t<meta name=\"twitter:data2\" content=\"2 minutos\" \/>\n<script type=\"application\/ld+json\" class=\"yoast-schema-graph\">{\"@context\":\"https:\/\/schema.org\",\"@graph\":[{\"@type\":\"WebSite\",\"@id\":\"https:\/\/elpuucnoticias.com\/#website\",\"url\":\"https:\/\/elpuucnoticias.com\/\",\"name\":\"El Puuc Noticias\",\"description\":\"Noticias - Entretenimiento - Deportes\",\"potentialAction\":[{\"@type\":\"SearchAction\",\"target\":{\"@type\":\"EntryPoint\",\"urlTemplate\":\"https:\/\/elpuucnoticias.com\/?s={search_term_string}\"},\"query-input\":\"required name=search_term_string\"}],\"inLanguage\":\"es\"},{\"@type\":\"ImageObject\",\"@id\":\"https:\/\/elpuucnoticias.com\/?p=6037#primaryimage\",\"inLanguage\":\"es\",\"url\":\"https:\/\/elpuucnoticias.com\/wp-content\/uploads\/2023\/03\/WhatsApp-Image-2023-03-07-at-10.34.20-PM.jpeg\",\"contentUrl\":\"https:\/\/elpuucnoticias.com\/wp-content\/uploads\/2023\/03\/WhatsApp-Image-2023-03-07-at-10.34.20-PM.jpeg\",\"width\":720,\"height\":480},{\"@type\":\"WebPage\",\"@id\":\"https:\/\/elpuucnoticias.com\/?p=6037#webpage\",\"url\":\"https:\/\/elpuucnoticias.com\/?p=6037\",\"name\":\"Ayuntamiento de Peto firma convenio para implementar acciones de justicia con perspectiva de g\u00e9nero - El Puuc Noticias\",\"isPartOf\":{\"@id\":\"https:\/\/elpuucnoticias.com\/#website\"},\"primaryImageOfPage\":{\"@id\":\"https:\/\/elpuucnoticias.com\/?p=6037#primaryimage\"},\"datePublished\":\"2023-03-09T18:19:32+00:00\",\"dateModified\":\"2023-03-09T18:19:34+00:00\",\"author\":{\"@id\":\"https:\/\/elpuucnoticias.com\/#\/schema\/person\/d2ea09e4c97f0160b11cdfb1d856bd9e\"},\"breadcrumb\":{\"@id\":\"https:\/\/elpuucnoticias.com\/?p=6037#breadcrumb\"},\"inLanguage\":\"es\",\"potentialAction\":[{\"@type\":\"ReadAction\",\"target\":[\"https:\/\/elpuucnoticias.com\/?p=6037\"]}]},{\"@type\":\"BreadcrumbList\",\"@id\":\"https:\/\/elpuucnoticias.com\/?p=6037#breadcrumb\",\"itemListElement\":[{\"@type\":\"ListItem\",\"position\":1,\"name\":\"Portada\",\"item\":\"https:\/\/elpuucnoticias.com\/\"},{\"@type\":\"ListItem\",\"position\":2,\"name\":\"Ayuntamiento de Peto firma convenio para implementar acciones de justicia con perspectiva de g\u00e9nero\"}]},{\"@type\":\"Person\",\"@id\":\"https:\/\/elpuucnoticias.com\/#\/schema\/person\/d2ea09e4c97f0160b11cdfb1d856bd9e\",\"name\":\"elpuucnoticias\",\"image\":{\"@type\":\"ImageObject\",\"@id\":\"https:\/\/elpuucnoticias.com\/#personlogo\",\"inLanguage\":\"es\",\"url\":\"https:\/\/secure.gravatar.com\/avatar\/5290a43657c74ffa15701dbe5b846bd85cc71930d803c84e91046a7333de6ce2?s=96&d=mm&r=g\",\"contentUrl\":\"https:\/\/secure.gravatar.com\/avatar\/5290a43657c74ffa15701dbe5b846bd85cc71930d803c84e91046a7333de6ce2?s=96&d=mm&r=g\",\"caption\":\"elpuucnoticias\"},\"sameAs\":[\"https:\/\/elpuucnoticias.com\"],\"url\":\"https:\/\/elpuucnoticias.com\/?author=1\"}]}<\/script>\n<!-- \/ Yoast SEO plugin. -->","yoast_head_json":{"title":"Ayuntamiento de Peto firma convenio para implementar acciones de justicia con perspectiva de g\u00e9nero - El Puuc Noticias","robots":{"index":"index","follow":"follow","max-snippet":"max-snippet:-1","max-image-preview":"max-image-preview:large","max-video-preview":"max-video-preview:-1"},"canonical":"https:\/\/elpuucnoticias.com\/?p=6037","og_locale":"es_ES","og_type":"article","og_title":"Ayuntamiento de Peto firma convenio para implementar acciones de justicia con perspectiva de g\u00e9nero - El Puuc Noticias","og_description":"En el marco del D\u00eda Internacional de la Mujer, el alcalde de Peto, Ren\u00e1n Gabriel Jim\u00e9nez Tah, firm\u00f3","og_url":"https:\/\/elpuucnoticias.com\/?p=6037","og_site_name":"El Puuc Noticias","article_published_time":"2023-03-09T18:19:32+00:00","article_modified_time":"2023-03-09T18:19:34+00:00","og_image":[{"width":720,"height":480,"url":"https:\/\/elpuucnoticias.com\/wp-content\/uploads\/2023\/03\/WhatsApp-Image-2023-03-07-at-10.34.20-PM.jpeg","type":"image\/jpeg"}],"twitter_card":"summary_large_image","twitter_misc":{"Escrito por":"elpuucnoticias","Tiempo de lectura":"2 minutos"},"schema":{"@context":"https:\/\/schema.org","@graph":[{"@type":"WebSite","@id":"https:\/\/elpuucnoticias.com\/#website","url":"https:\/\/elpuucnoticias.com\/","name":"El Puuc Noticias","description":"Noticias - Entretenimiento - Deportes","potentialAction":[{"@type":"SearchAction","target":{"@type":"EntryPoint","urlTemplate":"https:\/\/elpuucnoticias.com\/?s={search_term_string}"},"query-input":"required name=search_term_string"}],"inLanguage":"es"},{"@type":"ImageObject","@id":"https:\/\/elpuucnoticias.com\/?p=6037#primaryimage","inLanguage":"es","url":"https:\/\/elpuucnoticias.com\/wp-content\/uploads\/2023\/03\/WhatsApp-Image-2023-03-07-at-10.34.20-PM.jpeg","contentUrl":"https:\/\/elpuucnoticias.com\/wp-content\/uploads\/2023\/03\/WhatsApp-Image-2023-03-07-at-10.34.20-PM.jpeg","width":720,"height":480},{"@type":"WebPage","@id":"https:\/\/elpuucnoticias.com\/?p=6037#webpage","url":"https:\/\/elpuucnoticias.com\/?p=6037","name":"Ayuntamiento de Peto firma convenio para implementar acciones de justicia con perspectiva de g\u00e9nero - El Puuc Noticias","isPartOf":{"@id":"https:\/\/elpuucnoticias.com\/#website"},"primaryImageOfPage":{"@id":"https:\/\/elpuucnoticias.com\/?p=6037#primaryimage"},"datePublished":"2023-03-09T18:19:32+00:00","dateModified":"2023-03-09T18:19:34+00:00","author":{"@id":"https:\/\/elpuucnoticias.com\/#\/schema\/person\/d2ea09e4c97f0160b11cdfb1d856bd9e"},"breadcrumb":{"@id":"https:\/\/elpuucnoticias.com\/?p=6037#breadcrumb"},"inLanguage":"es","potentialAction":[{"@type":"ReadAction","target":["https:\/\/elpuucnoticias.com\/?p=6037"]}]},{"@type":"BreadcrumbList","@id":"https:\/\/elpuucnoticias.com\/?p=6037#breadcrumb","itemListElement":[{"@type":"ListItem","position":1,"name":"Portada","item":"https:\/\/elpuucnoticias.com\/"},{"@type":"ListItem","position":2,"name":"Ayuntamiento de Peto firma convenio para implementar acciones de justicia con perspectiva de g\u00e9nero"}]},{"@type":"Person","@id":"https:\/\/elpuucnoticias.com\/#\/schema\/person\/d2ea09e4c97f0160b11cdfb1d856bd9e","name":"elpuucnoticias","image":{"@type":"ImageObject","@id":"https:\/\/elpuucnoticias.com\/#personlogo","inLanguage":"es","url":"https:\/\/secure.gravatar.com\/avatar\/5290a43657c74ffa15701dbe5b846bd85cc71930d803c84e91046a7333de6ce2?s=96&d=mm&r=g","contentUrl":"https:\/\/secure.gravatar.com\/avatar\/5290a43657c74ffa15701dbe5b846bd85cc71930d803c84e91046a7333de6ce2?s=96&d=mm&r=g","caption":"elpuucnoticias"},"sameAs":["https:\/\/elpuucnoticias.com"],"url":"https:\/\/elpuucnoticias.com\/?author=1"}]}},"_links":{"self":[{"href":"https:\/\/elpuucnoticias.com\/index.php?rest_route=\/wp\/v2\/posts\/6037","targetHints":{"allow":["GET"]}}],"collection":[{"href":"https:\/\/elpuucnoticias.com\/index.php?rest_route=\/wp\/v2\/posts"}],"about":[{"href":"https:\/\/elpuucnoticias.com\/index.php?rest_route=\/wp\/v2\/types\/post"}],"author":[{"embeddable":true,"href":"https:\/\/elpuucnoticias.com\/index.php?rest_route=\/wp\/v2\/users\/1"}],"replies":[{"embeddable":true,"href":"https:\/\/elpuucnoticias.com\/index.php?rest_route=%2Fwp%2Fv2%2Fcomments&post=6037"}],"version-history":[{"count":1,"href":"https:\/\/elpuucnoticias.com\/index.php?rest_route=\/wp\/v2\/posts\/6037\/revisions"}],"predecessor-version":[{"id":6043,"href":"https:\/\/elpuucnoticias.com\/index.php?rest_route=\/wp\/v2\/posts\/6037\/revisions\/6043"}],"wp:featuredmedia":[{"embeddable":true,"href":"https:\/\/elpuucnoticias.com\/index.php?rest_route=\/wp\/v2\/media\/6038"}],"wp:attachment":[{"href":"https:\/\/elpuucnoticias.com\/index.php?rest_route=%2Fwp%2Fv2%2Fmedia&parent=6037"}],"wp:term":[{"taxonomy":"category","embeddable":true,"href":"https:\/\/elpuucnoticias.com\/index.php?rest_route=%2Fwp%2Fv2%2Fcategories&post=6037"},{"taxonomy":"post_tag","embeddable":true,"href":"https:\/\/elpuucnoticias.com\/index.php?rest_route=%2Fwp%2Fv2%2Ftags&post=6037"}],"curies":[{"name":"wp","href":"https:\/\/api.w.org\/{rel}","templated":true}]}}