{"id":609,"date":"2022-03-28T17:51:06","date_gmt":"2022-03-28T23:51:06","guid":{"rendered":"https:\/\/elpuucnoticias.com\/?p=609"},"modified":"2022-03-28T17:51:08","modified_gmt":"2022-03-28T23:51:08","slug":"oxkutzcab-listo-para-recibir-a-los-ciclistas-de-la-cuarta-edicion-de-la-venganza-del-alux-llegarian-competidores-de-16-paises-incluso-de-sudafrica","status":"publish","type":"post","link":"https:\/\/elpuucnoticias.com\/?p=609","title":{"rendered":"Oxkutzcab, listo para recibir a los ciclistas de la cuarta edici\u00f3n de La Venganza del Alux. Llegar\u00edan competidores de 16 pa\u00edses, incluso de Sud\u00e1frica"},"content":{"rendered":"\n<p>La Huerta del Estado ser\u00e1 anfitri\u00f3n de la competencia de ciclismo de monta\u00f1a m\u00e1s importante del sureste mexicano, \u201cLa Venganza de Alux Remasterizado\u201d en su cuarta edici\u00f3n, en la que participar\u00e1n unos 1350 ciclistas.<\/p>\n\n\n\n<figure class=\"wp-block-image size-large is-resized\"><img loading=\"lazy\" decoding=\"async\" src=\"https:\/\/elpuucnoticias.com\/wp-content\/uploads\/2022\/03\/itssy-inscripciones-1024x478.jpg\" alt=\"\" class=\"wp-image-303\" width=\"427\" height=\"199\" srcset=\"https:\/\/elpuucnoticias.com\/wp-content\/uploads\/2022\/03\/itssy-inscripciones-1024x478.jpg 1024w, https:\/\/elpuucnoticias.com\/wp-content\/uploads\/2022\/03\/itssy-inscripciones-300x140.jpg 300w, https:\/\/elpuucnoticias.com\/wp-content\/uploads\/2022\/03\/itssy-inscripciones-768x358.jpg 768w, https:\/\/elpuucnoticias.com\/wp-content\/uploads\/2022\/03\/itssy-inscripciones.jpg 1080w\" sizes=\"auto, (max-width: 427px) 100vw, 427px\" \/><\/figure>\n\n\n\n<p>En rueda de prensa realizada en d\u00edas pasados, el organizador, Marco Brice\u00f1o Ayala, informa que los participantes ser\u00e1n de 17 Estados del pa\u00eds y otras 16 naciones, siendo de Sud\u00e1frica y Madagascar los \u00faltimos en registrarse.<\/p>\n\n\n\n<p>Est\u00e1n confirmados en las modalidades de 40, 70 y 100 kil\u00f3metros. El recorrido ser\u00e1 en elevaciones, selvas, senderos, veredas, calles coloniales y caminos empedrados. La salida ser\u00e1 en el campo Julio Matos Fuentes en Oxkutzcab, pasando por Akil, Tekax y finalmente el retorno a la Huerta del Estado.<\/p>\n\n\n\n<figure class=\"wp-block-gallery has-nested-images columns-default is-cropped wp-block-gallery-1 is-layout-flex wp-block-gallery-is-layout-flex\">\n<figure class=\"wp-block-image size-large\"><img loading=\"lazy\" decoding=\"async\" width=\"1024\" height=\"684\" data-id=\"612\" src=\"https:\/\/elpuucnoticias.com\/wp-content\/uploads\/2022\/03\/venganza-alux-1-1024x684.jpg\" alt=\"\" class=\"wp-image-612\" srcset=\"https:\/\/elpuucnoticias.com\/wp-content\/uploads\/2022\/03\/venganza-alux-1-1024x684.jpg 1024w, https:\/\/elpuucnoticias.com\/wp-content\/uploads\/2022\/03\/venganza-alux-1-300x201.jpg 300w, https:\/\/elpuucnoticias.com\/wp-content\/uploads\/2022\/03\/venganza-alux-1-768x513.jpg 768w, https:\/\/elpuucnoticias.com\/wp-content\/uploads\/2022\/03\/venganza-alux-1-1536x1027.jpg 1536w, https:\/\/elpuucnoticias.com\/wp-content\/uploads\/2022\/03\/venganza-alux-1-2048x1369.jpg 2048w\" sizes=\"auto, (max-width: 1024px) 100vw, 1024px\" \/><\/figure>\n\n\n\n<figure class=\"wp-block-image size-large\"><img loading=\"lazy\" decoding=\"async\" width=\"1024\" height=\"684\" data-id=\"611\" src=\"https:\/\/elpuucnoticias.com\/wp-content\/uploads\/2022\/03\/venganza-alux-2-1024x684.jpg\" alt=\"\" class=\"wp-image-611\" srcset=\"https:\/\/elpuucnoticias.com\/wp-content\/uploads\/2022\/03\/venganza-alux-2-1024x684.jpg 1024w, https:\/\/elpuucnoticias.com\/wp-content\/uploads\/2022\/03\/venganza-alux-2-300x201.jpg 300w, https:\/\/elpuucnoticias.com\/wp-content\/uploads\/2022\/03\/venganza-alux-2-768x513.jpg 768w, https:\/\/elpuucnoticias.com\/wp-content\/uploads\/2022\/03\/venganza-alux-2-1536x1027.jpg 1536w, https:\/\/elpuucnoticias.com\/wp-content\/uploads\/2022\/03\/venganza-alux-2-2048x1369.jpg 2048w\" sizes=\"auto, (max-width: 1024px) 100vw, 1024px\" \/><\/figure>\n\n\n\n<figure class=\"wp-block-image size-large\"><img loading=\"lazy\" decoding=\"async\" width=\"1024\" height=\"684\" data-id=\"613\" src=\"https:\/\/elpuucnoticias.com\/wp-content\/uploads\/2022\/03\/venganza-alux-3-1024x684.jpg\" alt=\"\" class=\"wp-image-613\" srcset=\"https:\/\/elpuucnoticias.com\/wp-content\/uploads\/2022\/03\/venganza-alux-3-1024x684.jpg 1024w, https:\/\/elpuucnoticias.com\/wp-content\/uploads\/2022\/03\/venganza-alux-3-300x201.jpg 300w, https:\/\/elpuucnoticias.com\/wp-content\/uploads\/2022\/03\/venganza-alux-3-768x513.jpg 768w, https:\/\/elpuucnoticias.com\/wp-content\/uploads\/2022\/03\/venganza-alux-3-1536x1027.jpg 1536w, https:\/\/elpuucnoticias.com\/wp-content\/uploads\/2022\/03\/venganza-alux-3-2048x1369.jpg 2048w\" sizes=\"auto, (max-width: 1024px) 100vw, 1024px\" \/><\/figure>\n<\/figure>\n\n\n\n<p>El alcalde, Juan Jos\u00e9 Mart\u00edn Fragoso, agradeci\u00f3 al organizador por tomar en cuenta a Oxkutzcab, ser\u00e1n tres municipios importantes de Sur, donde pasar\u00e1 la rodada, que dejar\u00e1 grandes beneficios en la econom\u00eda de los prestadores de servicios.<\/p>\n\n\n\n<p>\u201cEstamos muy felices de ser sede de este importante evento a nivel internacional. Esta edici\u00f3n ser\u00e1 m\u00e1s grande y sabemos que se la pasar\u00e1n muy bien en Oxkutzcab, y que luego de la pandemia vuelve La Venganza del Alux\u201d.\u00a0<\/p>\n\n\n\n<p>Los beneficios que traer\u00e1 ser\u00e1 una ocupaci\u00f3n hotelera al 100% de su capacidad, as\u00ed como la derrama<br>econ\u00f3mica que dejar\u00e1 a los restauranteros, al igual en los municipios vecinos \u00a0se beneficiar\u00e1n con la llegada de los ciclistas, familiares y acompa\u00f1antes.<\/p>\n\n\n\n<p>En la presentaci\u00f3n de la rodada, estuvieron presentes Vanessa Pacheco C\u00f3rdova, regidora de Desarrollo<br>Integral; Jessica Beatriz V\u00e1zquez P\u00e9rez, s\u00edndico; Alan Torres Vera, secretario municipal y Mar\u00eda Isabel P\u00e9rez Campos, regidora de salud.\u2014 <em>El Puuc Noticias<\/em><\/p>\n","protected":false},"excerpt":{"rendered":"<p>La Huerta del Estado ser\u00e1 anfitri\u00f3n de la competencia de ciclismo de monta\u00f1a m\u00e1s importante del sureste mexicano,<\/p>\n","protected":false},"author":1,"featured_media":610,"comment_status":"closed","ping_status":"open","sticky":false,"template":"","format":"standard","meta":{"_monsterinsights_skip_tracking":false,"_monsterinsights_sitenote_active":false,"_monsterinsights_sitenote_note":"","_monsterinsights_sitenote_category":0,"footnotes":""},"categories":[7,11,14],"tags":[],"class_list":["post-609","post","type-post","status-publish","format-standard","has-post-thumbnail","hentry","category-impacto-deportivo","category-noticias","category-oxkutzcab"],"yoast_head":"<!-- This site is optimized with the Yoast SEO plugin v18.3 - https:\/\/yoast.com\/wordpress\/plugins\/seo\/ -->\n<title>Oxkutzcab, listo para recibir a los ciclistas de la cuarta edici\u00f3n de La Venganza del Alux. Llegar\u00edan competidores de 16 pa\u00edses, incluso de Sud\u00e1frica - El Puuc Noticias<\/title>\n<meta name=\"robots\" content=\"index, follow, max-snippet:-1, max-image-preview:large, max-video-preview:-1\" \/>\n<link rel=\"canonical\" href=\"https:\/\/elpuucnoticias.com\/?p=609\" \/>\n<meta property=\"og:locale\" content=\"es_ES\" \/>\n<meta property=\"og:type\" content=\"article\" \/>\n<meta property=\"og:title\" content=\"Oxkutzcab, listo para recibir a los ciclistas de la cuarta edici\u00f3n de La Venganza del Alux. Llegar\u00edan competidores de 16 pa\u00edses, incluso de Sud\u00e1frica - El Puuc Noticias\" \/>\n<meta property=\"og:description\" content=\"La Huerta del Estado ser\u00e1 anfitri\u00f3n de la competencia de ciclismo de monta\u00f1a m\u00e1s importante del sureste mexicano,\" \/>\n<meta property=\"og:url\" content=\"https:\/\/elpuucnoticias.com\/?p=609\" \/>\n<meta property=\"og:site_name\" content=\"El Puuc Noticias\" \/>\n<meta property=\"article:published_time\" content=\"2022-03-28T23:51:06+00:00\" \/>\n<meta property=\"article:modified_time\" content=\"2022-03-28T23:51:08+00:00\" \/>\n<meta property=\"og:image\" content=\"https:\/\/elpuucnoticias.com\/wp-content\/uploads\/2022\/03\/venganza-alux-4-scaled.jpg\" \/>\n\t<meta property=\"og:image:width\" content=\"2560\" \/>\n\t<meta property=\"og:image:height\" content=\"1711\" \/>\n\t<meta property=\"og:image:type\" content=\"image\/jpeg\" \/>\n<meta name=\"twitter:card\" content=\"summary_large_image\" \/>\n<meta name=\"twitter:label1\" content=\"Escrito por\" \/>\n\t<meta name=\"twitter:data1\" content=\"elpuucnoticias\" \/>\n\t<meta name=\"twitter:label2\" content=\"Tiempo de lectura\" \/>\n\t<meta name=\"twitter:data2\" content=\"3 minutos\" \/>\n<script type=\"application\/ld+json\" class=\"yoast-schema-graph\">{\"@context\":\"https:\/\/schema.org\",\"@graph\":[{\"@type\":\"WebSite\",\"@id\":\"https:\/\/elpuucnoticias.com\/#website\",\"url\":\"https:\/\/elpuucnoticias.com\/\",\"name\":\"El Puuc Noticias\",\"description\":\"Noticias - Entretenimiento - Deportes\",\"potentialAction\":[{\"@type\":\"SearchAction\",\"target\":{\"@type\":\"EntryPoint\",\"urlTemplate\":\"https:\/\/elpuucnoticias.com\/?s={search_term_string}\"},\"query-input\":\"required name=search_term_string\"}],\"inLanguage\":\"es\"},{\"@type\":\"ImageObject\",\"@id\":\"https:\/\/elpuucnoticias.com\/?p=609#primaryimage\",\"inLanguage\":\"es\",\"url\":\"https:\/\/elpuucnoticias.com\/wp-content\/uploads\/2022\/03\/venganza-alux-4-scaled.jpg\",\"contentUrl\":\"https:\/\/elpuucnoticias.com\/wp-content\/uploads\/2022\/03\/venganza-alux-4-scaled.jpg\",\"width\":2560,\"height\":1711},{\"@type\":\"WebPage\",\"@id\":\"https:\/\/elpuucnoticias.com\/?p=609#webpage\",\"url\":\"https:\/\/elpuucnoticias.com\/?p=609\",\"name\":\"Oxkutzcab, listo para recibir a los ciclistas de la cuarta edici\u00f3n de La Venganza del Alux. Llegar\u00edan competidores de 16 pa\u00edses, incluso de Sud\u00e1frica - El Puuc Noticias\",\"isPartOf\":{\"@id\":\"https:\/\/elpuucnoticias.com\/#website\"},\"primaryImageOfPage\":{\"@id\":\"https:\/\/elpuucnoticias.com\/?p=609#primaryimage\"},\"datePublished\":\"2022-03-28T23:51:06+00:00\",\"dateModified\":\"2022-03-28T23:51:08+00:00\",\"author\":{\"@id\":\"https:\/\/elpuucnoticias.com\/#\/schema\/person\/d2ea09e4c97f0160b11cdfb1d856bd9e\"},\"breadcrumb\":{\"@id\":\"https:\/\/elpuucnoticias.com\/?p=609#breadcrumb\"},\"inLanguage\":\"es\",\"potentialAction\":[{\"@type\":\"ReadAction\",\"target\":[\"https:\/\/elpuucnoticias.com\/?p=609\"]}]},{\"@type\":\"BreadcrumbList\",\"@id\":\"https:\/\/elpuucnoticias.com\/?p=609#breadcrumb\",\"itemListElement\":[{\"@type\":\"ListItem\",\"position\":1,\"name\":\"Portada\",\"item\":\"https:\/\/elpuucnoticias.com\/\"},{\"@type\":\"ListItem\",\"position\":2,\"name\":\"Oxkutzcab, listo para recibir a los ciclistas de la cuarta edici\u00f3n de La Venganza del Alux. Llegar\u00edan competidores de 16 pa\u00edses, incluso de Sud\u00e1frica\"}]},{\"@type\":\"Person\",\"@id\":\"https:\/\/elpuucnoticias.com\/#\/schema\/person\/d2ea09e4c97f0160b11cdfb1d856bd9e\",\"name\":\"elpuucnoticias\",\"image\":{\"@type\":\"ImageObject\",\"@id\":\"https:\/\/elpuucnoticias.com\/#personlogo\",\"inLanguage\":\"es\",\"url\":\"https:\/\/secure.gravatar.com\/avatar\/5290a43657c74ffa15701dbe5b846bd85cc71930d803c84e91046a7333de6ce2?s=96&d=mm&r=g\",\"contentUrl\":\"https:\/\/secure.gravatar.com\/avatar\/5290a43657c74ffa15701dbe5b846bd85cc71930d803c84e91046a7333de6ce2?s=96&d=mm&r=g\",\"caption\":\"elpuucnoticias\"},\"sameAs\":[\"https:\/\/elpuucnoticias.com\"],\"url\":\"https:\/\/elpuucnoticias.com\/?author=1\"}]}<\/script>\n<!-- \/ Yoast SEO plugin. -->","yoast_head_json":{"title":"Oxkutzcab, listo para recibir a los ciclistas de la cuarta edici\u00f3n de La Venganza del Alux. Llegar\u00edan competidores de 16 pa\u00edses, incluso de Sud\u00e1frica - El Puuc Noticias","robots":{"index":"index","follow":"follow","max-snippet":"max-snippet:-1","max-image-preview":"max-image-preview:large","max-video-preview":"max-video-preview:-1"},"canonical":"https:\/\/elpuucnoticias.com\/?p=609","og_locale":"es_ES","og_type":"article","og_title":"Oxkutzcab, listo para recibir a los ciclistas de la cuarta edici\u00f3n de La Venganza del Alux. Llegar\u00edan competidores de 16 pa\u00edses, incluso de Sud\u00e1frica - El Puuc Noticias","og_description":"La Huerta del Estado ser\u00e1 anfitri\u00f3n de la competencia de ciclismo de monta\u00f1a m\u00e1s importante del sureste mexicano,","og_url":"https:\/\/elpuucnoticias.com\/?p=609","og_site_name":"El Puuc Noticias","article_published_time":"2022-03-28T23:51:06+00:00","article_modified_time":"2022-03-28T23:51:08+00:00","og_image":[{"width":2560,"height":1711,"url":"https:\/\/elpuucnoticias.com\/wp-content\/uploads\/2022\/03\/venganza-alux-4-scaled.jpg","type":"image\/jpeg"}],"twitter_card":"summary_large_image","twitter_misc":{"Escrito por":"elpuucnoticias","Tiempo de lectura":"3 minutos"},"schema":{"@context":"https:\/\/schema.org","@graph":[{"@type":"WebSite","@id":"https:\/\/elpuucnoticias.com\/#website","url":"https:\/\/elpuucnoticias.com\/","name":"El Puuc Noticias","description":"Noticias - Entretenimiento - Deportes","potentialAction":[{"@type":"SearchAction","target":{"@type":"EntryPoint","urlTemplate":"https:\/\/elpuucnoticias.com\/?s={search_term_string}"},"query-input":"required name=search_term_string"}],"inLanguage":"es"},{"@type":"ImageObject","@id":"https:\/\/elpuucnoticias.com\/?p=609#primaryimage","inLanguage":"es","url":"https:\/\/elpuucnoticias.com\/wp-content\/uploads\/2022\/03\/venganza-alux-4-scaled.jpg","contentUrl":"https:\/\/elpuucnoticias.com\/wp-content\/uploads\/2022\/03\/venganza-alux-4-scaled.jpg","width":2560,"height":1711},{"@type":"WebPage","@id":"https:\/\/elpuucnoticias.com\/?p=609#webpage","url":"https:\/\/elpuucnoticias.com\/?p=609","name":"Oxkutzcab, listo para recibir a los ciclistas de la cuarta edici\u00f3n de La Venganza del Alux. Llegar\u00edan competidores de 16 pa\u00edses, incluso de Sud\u00e1frica - El Puuc Noticias","isPartOf":{"@id":"https:\/\/elpuucnoticias.com\/#website"},"primaryImageOfPage":{"@id":"https:\/\/elpuucnoticias.com\/?p=609#primaryimage"},"datePublished":"2022-03-28T23:51:06+00:00","dateModified":"2022-03-28T23:51:08+00:00","author":{"@id":"https:\/\/elpuucnoticias.com\/#\/schema\/person\/d2ea09e4c97f0160b11cdfb1d856bd9e"},"breadcrumb":{"@id":"https:\/\/elpuucnoticias.com\/?p=609#breadcrumb"},"inLanguage":"es","potentialAction":[{"@type":"ReadAction","target":["https:\/\/elpuucnoticias.com\/?p=609"]}]},{"@type":"BreadcrumbList","@id":"https:\/\/elpuucnoticias.com\/?p=609#breadcrumb","itemListElement":[{"@type":"ListItem","position":1,"name":"Portada","item":"https:\/\/elpuucnoticias.com\/"},{"@type":"ListItem","position":2,"name":"Oxkutzcab, listo para recibir a los ciclistas de la cuarta edici\u00f3n de La Venganza del Alux. Llegar\u00edan competidores de 16 pa\u00edses, incluso de Sud\u00e1frica"}]},{"@type":"Person","@id":"https:\/\/elpuucnoticias.com\/#\/schema\/person\/d2ea09e4c97f0160b11cdfb1d856bd9e","name":"elpuucnoticias","image":{"@type":"ImageObject","@id":"https:\/\/elpuucnoticias.com\/#personlogo","inLanguage":"es","url":"https:\/\/secure.gravatar.com\/avatar\/5290a43657c74ffa15701dbe5b846bd85cc71930d803c84e91046a7333de6ce2?s=96&d=mm&r=g","contentUrl":"https:\/\/secure.gravatar.com\/avatar\/5290a43657c74ffa15701dbe5b846bd85cc71930d803c84e91046a7333de6ce2?s=96&d=mm&r=g","caption":"elpuucnoticias"},"sameAs":["https:\/\/elpuucnoticias.com"],"url":"https:\/\/elpuucnoticias.com\/?author=1"}]}},"_links":{"self":[{"href":"https:\/\/elpuucnoticias.com\/index.php?rest_route=\/wp\/v2\/posts\/609","targetHints":{"allow":["GET"]}}],"collection":[{"href":"https:\/\/elpuucnoticias.com\/index.php?rest_route=\/wp\/v2\/posts"}],"about":[{"href":"https:\/\/elpuucnoticias.com\/index.php?rest_route=\/wp\/v2\/types\/post"}],"author":[{"embeddable":true,"href":"https:\/\/elpuucnoticias.com\/index.php?rest_route=\/wp\/v2\/users\/1"}],"replies":[{"embeddable":true,"href":"https:\/\/elpuucnoticias.com\/index.php?rest_route=%2Fwp%2Fv2%2Fcomments&post=609"}],"version-history":[{"count":1,"href":"https:\/\/elpuucnoticias.com\/index.php?rest_route=\/wp\/v2\/posts\/609\/revisions"}],"predecessor-version":[{"id":614,"href":"https:\/\/elpuucnoticias.com\/index.php?rest_route=\/wp\/v2\/posts\/609\/revisions\/614"}],"wp:featuredmedia":[{"embeddable":true,"href":"https:\/\/elpuucnoticias.com\/index.php?rest_route=\/wp\/v2\/media\/610"}],"wp:attachment":[{"href":"https:\/\/elpuucnoticias.com\/index.php?rest_route=%2Fwp%2Fv2%2Fmedia&parent=609"}],"wp:term":[{"taxonomy":"category","embeddable":true,"href":"https:\/\/elpuucnoticias.com\/index.php?rest_route=%2Fwp%2Fv2%2Fcategories&post=609"},{"taxonomy":"post_tag","embeddable":true,"href":"https:\/\/elpuucnoticias.com\/index.php?rest_route=%2Fwp%2Fv2%2Ftags&post=609"}],"curies":[{"name":"wp","href":"https:\/\/api.w.org\/{rel}","templated":true}]}}