{"id":6156,"date":"2023-03-16T17:15:39","date_gmt":"2023-03-16T23:15:39","guid":{"rendered":"https:\/\/elpuucnoticias.com\/?p=6156"},"modified":"2023-03-16T17:15:40","modified_gmt":"2023-03-16T23:15:40","slug":"inauguran-exposicion-pictorica-mujeres-en-las-artes-plasticas-en-el-museo-de-la-cultura-maya","status":"publish","type":"post","link":"https:\/\/elpuucnoticias.com\/?p=6156","title":{"rendered":"Inauguran exposici\u00f3n pict\u00f3rica \u201cMujeres en las artes pl\u00e1sticas\u201d en el Museo de la Cultura Maya"},"content":{"rendered":"\n<p>Para afianzar el tejido social quintanarroense y en el marco de las actividades que se realizan en marzo por el D\u00eda Internacional de la Mujer la directora general del Instituto de la Cultura y las Artes Lilian Villanueva inaugur\u00f3 la exposici\u00f3n pict\u00f3rica \u201cMujeres en las artes pl\u00e1sticas\u201d, en el Museo de la Cultura Maya.<\/p>\n\n\n\n<figure class=\"wp-block-gallery has-nested-images columns-default is-cropped wp-block-gallery-1 is-layout-flex wp-block-gallery-is-layout-flex\">\n<figure class=\"wp-block-image size-large\"><img loading=\"lazy\" decoding=\"async\" width=\"1024\" height=\"657\" data-id=\"6158\" src=\"https:\/\/elpuucnoticias.com\/wp-content\/uploads\/2023\/03\/WhatsApp-Image-2023-03-16-at-12.25.35-PM-1024x657.jpeg\" alt=\"\" class=\"wp-image-6158\" srcset=\"https:\/\/elpuucnoticias.com\/wp-content\/uploads\/2023\/03\/WhatsApp-Image-2023-03-16-at-12.25.35-PM-1024x657.jpeg 1024w, https:\/\/elpuucnoticias.com\/wp-content\/uploads\/2023\/03\/WhatsApp-Image-2023-03-16-at-12.25.35-PM-300x192.jpeg 300w, https:\/\/elpuucnoticias.com\/wp-content\/uploads\/2023\/03\/WhatsApp-Image-2023-03-16-at-12.25.35-PM-768x492.jpeg 768w, https:\/\/elpuucnoticias.com\/wp-content\/uploads\/2023\/03\/WhatsApp-Image-2023-03-16-at-12.25.35-PM.jpeg 1087w\" sizes=\"auto, (max-width: 1024px) 100vw, 1024px\" \/><\/figure>\n\n\n\n<figure class=\"wp-block-image size-large\"><img loading=\"lazy\" decoding=\"async\" width=\"1024\" height=\"691\" data-id=\"6160\" src=\"https:\/\/elpuucnoticias.com\/wp-content\/uploads\/2023\/03\/WhatsApp-Image-2023-03-16-at-12.25.34-PM-1024x691.jpeg\" alt=\"\" class=\"wp-image-6160\" srcset=\"https:\/\/elpuucnoticias.com\/wp-content\/uploads\/2023\/03\/WhatsApp-Image-2023-03-16-at-12.25.34-PM-1024x691.jpeg 1024w, https:\/\/elpuucnoticias.com\/wp-content\/uploads\/2023\/03\/WhatsApp-Image-2023-03-16-at-12.25.34-PM-300x203.jpeg 300w, https:\/\/elpuucnoticias.com\/wp-content\/uploads\/2023\/03\/WhatsApp-Image-2023-03-16-at-12.25.34-PM-768x518.jpeg 768w, https:\/\/elpuucnoticias.com\/wp-content\/uploads\/2023\/03\/WhatsApp-Image-2023-03-16-at-12.25.34-PM.jpeg 1280w\" sizes=\"auto, (max-width: 1024px) 100vw, 1024px\" \/><\/figure>\n\n\n\n<figure class=\"wp-block-image size-large\"><img loading=\"lazy\" decoding=\"async\" width=\"1024\" height=\"655\" data-id=\"6159\" src=\"https:\/\/elpuucnoticias.com\/wp-content\/uploads\/2023\/03\/WhatsApp-Image-2023-03-16-at-12.25.36-PM-1024x655.jpeg\" alt=\"\" class=\"wp-image-6159\" srcset=\"https:\/\/elpuucnoticias.com\/wp-content\/uploads\/2023\/03\/WhatsApp-Image-2023-03-16-at-12.25.36-PM-1024x655.jpeg 1024w, https:\/\/elpuucnoticias.com\/wp-content\/uploads\/2023\/03\/WhatsApp-Image-2023-03-16-at-12.25.36-PM-300x192.jpeg 300w, https:\/\/elpuucnoticias.com\/wp-content\/uploads\/2023\/03\/WhatsApp-Image-2023-03-16-at-12.25.36-PM-768x491.jpeg 768w, https:\/\/elpuucnoticias.com\/wp-content\/uploads\/2023\/03\/WhatsApp-Image-2023-03-16-at-12.25.36-PM.jpeg 1280w\" sizes=\"auto, (max-width: 1024px) 100vw, 1024px\" \/><\/figure>\n<\/figure>\n\n\n\n<p>A tono con el Nuevo Acuerdo por el Bienestar y Desarrollo de Quintana Roo, que impulsa la gobernadora Mara Lezama Espinosa y con el que se construye un gobierno humanista, un grupo de creadoras de arte quintanarroenses comparte sus obras concebidas con la t\u00e9cnica del \u00f3leo.<\/p>\n\n\n\n<p>Se nombran las expositoras Norma Azuara, Emma Isabel Aguilar N\u00fa\u00f1ez, Ang\u00e9lica Trujillo Mart\u00ednez, Esther L\u00f3pez Arcos, Alejandra Bustamante y Pilar L\u00f3pez Arcos, quienes comparten con los espectadores diferentes tem\u00e1ticas desde las perspectivas y las situaciones femeninas actuales.<\/p>\n\n\n\n<p>En la muestra, donde hay un predomino de creaciones figurativas, estas mujeres manejan sus mundos interiores y sus circunstancias externas con los alcances individuales de cada una en materia est\u00e9tica, puestos al servicio de un mensaje con el que se busca el equilibrio gen\u00e9rico.<\/p>\n\n\n\n<p>Como parte de la pol\u00edtica gubernamental de Mara Lezama de seguir ofreciendo espacios de esparcimiento y convivencia social a favor de la cultura, con \u00e9nfasis en el arte, la exposici\u00f3n permanecer\u00e1 abierta al p\u00fablico, de forma totalmente gratuita, hasta el 30 de abril de 2023 al interior del Museo de la Cultura Maya.<\/p>\n","protected":false},"excerpt":{"rendered":"<p>Para afianzar el tejido social quintanarroense y en el marco de las actividades que se realizan en marzo<\/p>\n","protected":false},"author":1,"featured_media":6157,"comment_status":"closed","ping_status":"open","sticky":false,"template":"","format":"standard","meta":{"_monsterinsights_skip_tracking":false,"_monsterinsights_sitenote_active":false,"_monsterinsights_sitenote_note":"","_monsterinsights_sitenote_category":0,"footnotes":""},"categories":[11,24],"tags":[],"class_list":["post-6156","post","type-post","status-publish","format-standard","has-post-thumbnail","hentry","category-noticias","category-quintana-roo"],"yoast_head":"<!-- This site is optimized with the Yoast SEO plugin v18.3 - https:\/\/yoast.com\/wordpress\/plugins\/seo\/ -->\n<title>Inauguran exposici\u00f3n pict\u00f3rica \u201cMujeres en las artes pl\u00e1sticas\u201d en el Museo de la Cultura Maya - El Puuc Noticias<\/title>\n<meta name=\"robots\" content=\"index, follow, max-snippet:-1, max-image-preview:large, max-video-preview:-1\" \/>\n<link rel=\"canonical\" href=\"https:\/\/elpuucnoticias.com\/?p=6156\" \/>\n<meta property=\"og:locale\" content=\"es_ES\" \/>\n<meta property=\"og:type\" content=\"article\" \/>\n<meta property=\"og:title\" content=\"Inauguran exposici\u00f3n pict\u00f3rica \u201cMujeres en las artes pl\u00e1sticas\u201d en el Museo de la Cultura Maya - El Puuc Noticias\" \/>\n<meta property=\"og:description\" content=\"Para afianzar el tejido social quintanarroense y en el marco de las actividades que se realizan en marzo\" \/>\n<meta property=\"og:url\" content=\"https:\/\/elpuucnoticias.com\/?p=6156\" \/>\n<meta property=\"og:site_name\" content=\"El Puuc Noticias\" \/>\n<meta property=\"article:published_time\" content=\"2023-03-16T23:15:39+00:00\" \/>\n<meta property=\"article:modified_time\" content=\"2023-03-16T23:15:40+00:00\" \/>\n<meta property=\"og:image\" content=\"https:\/\/elpuucnoticias.com\/wp-content\/uploads\/2023\/03\/WhatsApp-Image-2023-03-16-at-12.25.37-PM.jpeg\" \/>\n\t<meta property=\"og:image:width\" content=\"1280\" \/>\n\t<meta property=\"og:image:height\" content=\"842\" \/>\n\t<meta property=\"og:image:type\" content=\"image\/jpeg\" \/>\n<meta name=\"twitter:card\" content=\"summary_large_image\" \/>\n<meta name=\"twitter:label1\" content=\"Escrito por\" \/>\n\t<meta name=\"twitter:data1\" content=\"elpuucnoticias\" \/>\n\t<meta name=\"twitter:label2\" content=\"Tiempo de lectura\" \/>\n\t<meta name=\"twitter:data2\" content=\"2 minutos\" \/>\n<script type=\"application\/ld+json\" class=\"yoast-schema-graph\">{\"@context\":\"https:\/\/schema.org\",\"@graph\":[{\"@type\":\"WebSite\",\"@id\":\"https:\/\/elpuucnoticias.com\/#website\",\"url\":\"https:\/\/elpuucnoticias.com\/\",\"name\":\"El Puuc Noticias\",\"description\":\"Noticias - Entretenimiento - Deportes\",\"potentialAction\":[{\"@type\":\"SearchAction\",\"target\":{\"@type\":\"EntryPoint\",\"urlTemplate\":\"https:\/\/elpuucnoticias.com\/?s={search_term_string}\"},\"query-input\":\"required name=search_term_string\"}],\"inLanguage\":\"es\"},{\"@type\":\"ImageObject\",\"@id\":\"https:\/\/elpuucnoticias.com\/?p=6156#primaryimage\",\"inLanguage\":\"es\",\"url\":\"https:\/\/elpuucnoticias.com\/wp-content\/uploads\/2023\/03\/WhatsApp-Image-2023-03-16-at-12.25.37-PM.jpeg\",\"contentUrl\":\"https:\/\/elpuucnoticias.com\/wp-content\/uploads\/2023\/03\/WhatsApp-Image-2023-03-16-at-12.25.37-PM.jpeg\",\"width\":1280,\"height\":842},{\"@type\":\"WebPage\",\"@id\":\"https:\/\/elpuucnoticias.com\/?p=6156#webpage\",\"url\":\"https:\/\/elpuucnoticias.com\/?p=6156\",\"name\":\"Inauguran exposici\u00f3n pict\u00f3rica \u201cMujeres en las artes pl\u00e1sticas\u201d en el Museo de la Cultura Maya - El Puuc Noticias\",\"isPartOf\":{\"@id\":\"https:\/\/elpuucnoticias.com\/#website\"},\"primaryImageOfPage\":{\"@id\":\"https:\/\/elpuucnoticias.com\/?p=6156#primaryimage\"},\"datePublished\":\"2023-03-16T23:15:39+00:00\",\"dateModified\":\"2023-03-16T23:15:40+00:00\",\"author\":{\"@id\":\"https:\/\/elpuucnoticias.com\/#\/schema\/person\/d2ea09e4c97f0160b11cdfb1d856bd9e\"},\"breadcrumb\":{\"@id\":\"https:\/\/elpuucnoticias.com\/?p=6156#breadcrumb\"},\"inLanguage\":\"es\",\"potentialAction\":[{\"@type\":\"ReadAction\",\"target\":[\"https:\/\/elpuucnoticias.com\/?p=6156\"]}]},{\"@type\":\"BreadcrumbList\",\"@id\":\"https:\/\/elpuucnoticias.com\/?p=6156#breadcrumb\",\"itemListElement\":[{\"@type\":\"ListItem\",\"position\":1,\"name\":\"Portada\",\"item\":\"https:\/\/elpuucnoticias.com\/\"},{\"@type\":\"ListItem\",\"position\":2,\"name\":\"Inauguran exposici\u00f3n pict\u00f3rica \u201cMujeres en las artes pl\u00e1sticas\u201d en el Museo de la Cultura Maya\"}]},{\"@type\":\"Person\",\"@id\":\"https:\/\/elpuucnoticias.com\/#\/schema\/person\/d2ea09e4c97f0160b11cdfb1d856bd9e\",\"name\":\"elpuucnoticias\",\"image\":{\"@type\":\"ImageObject\",\"@id\":\"https:\/\/elpuucnoticias.com\/#personlogo\",\"inLanguage\":\"es\",\"url\":\"https:\/\/secure.gravatar.com\/avatar\/5290a43657c74ffa15701dbe5b846bd85cc71930d803c84e91046a7333de6ce2?s=96&d=mm&r=g\",\"contentUrl\":\"https:\/\/secure.gravatar.com\/avatar\/5290a43657c74ffa15701dbe5b846bd85cc71930d803c84e91046a7333de6ce2?s=96&d=mm&r=g\",\"caption\":\"elpuucnoticias\"},\"sameAs\":[\"https:\/\/elpuucnoticias.com\"],\"url\":\"https:\/\/elpuucnoticias.com\/?author=1\"}]}<\/script>\n<!-- \/ Yoast SEO plugin. -->","yoast_head_json":{"title":"Inauguran exposici\u00f3n pict\u00f3rica \u201cMujeres en las artes pl\u00e1sticas\u201d en el Museo de la Cultura Maya - El Puuc Noticias","robots":{"index":"index","follow":"follow","max-snippet":"max-snippet:-1","max-image-preview":"max-image-preview:large","max-video-preview":"max-video-preview:-1"},"canonical":"https:\/\/elpuucnoticias.com\/?p=6156","og_locale":"es_ES","og_type":"article","og_title":"Inauguran exposici\u00f3n pict\u00f3rica \u201cMujeres en las artes pl\u00e1sticas\u201d en el Museo de la Cultura Maya - El Puuc Noticias","og_description":"Para afianzar el tejido social quintanarroense y en el marco de las actividades que se realizan en marzo","og_url":"https:\/\/elpuucnoticias.com\/?p=6156","og_site_name":"El Puuc Noticias","article_published_time":"2023-03-16T23:15:39+00:00","article_modified_time":"2023-03-16T23:15:40+00:00","og_image":[{"width":1280,"height":842,"url":"https:\/\/elpuucnoticias.com\/wp-content\/uploads\/2023\/03\/WhatsApp-Image-2023-03-16-at-12.25.37-PM.jpeg","type":"image\/jpeg"}],"twitter_card":"summary_large_image","twitter_misc":{"Escrito por":"elpuucnoticias","Tiempo de lectura":"2 minutos"},"schema":{"@context":"https:\/\/schema.org","@graph":[{"@type":"WebSite","@id":"https:\/\/elpuucnoticias.com\/#website","url":"https:\/\/elpuucnoticias.com\/","name":"El Puuc Noticias","description":"Noticias - Entretenimiento - Deportes","potentialAction":[{"@type":"SearchAction","target":{"@type":"EntryPoint","urlTemplate":"https:\/\/elpuucnoticias.com\/?s={search_term_string}"},"query-input":"required name=search_term_string"}],"inLanguage":"es"},{"@type":"ImageObject","@id":"https:\/\/elpuucnoticias.com\/?p=6156#primaryimage","inLanguage":"es","url":"https:\/\/elpuucnoticias.com\/wp-content\/uploads\/2023\/03\/WhatsApp-Image-2023-03-16-at-12.25.37-PM.jpeg","contentUrl":"https:\/\/elpuucnoticias.com\/wp-content\/uploads\/2023\/03\/WhatsApp-Image-2023-03-16-at-12.25.37-PM.jpeg","width":1280,"height":842},{"@type":"WebPage","@id":"https:\/\/elpuucnoticias.com\/?p=6156#webpage","url":"https:\/\/elpuucnoticias.com\/?p=6156","name":"Inauguran exposici\u00f3n pict\u00f3rica \u201cMujeres en las artes pl\u00e1sticas\u201d en el Museo de la Cultura Maya - El Puuc Noticias","isPartOf":{"@id":"https:\/\/elpuucnoticias.com\/#website"},"primaryImageOfPage":{"@id":"https:\/\/elpuucnoticias.com\/?p=6156#primaryimage"},"datePublished":"2023-03-16T23:15:39+00:00","dateModified":"2023-03-16T23:15:40+00:00","author":{"@id":"https:\/\/elpuucnoticias.com\/#\/schema\/person\/d2ea09e4c97f0160b11cdfb1d856bd9e"},"breadcrumb":{"@id":"https:\/\/elpuucnoticias.com\/?p=6156#breadcrumb"},"inLanguage":"es","potentialAction":[{"@type":"ReadAction","target":["https:\/\/elpuucnoticias.com\/?p=6156"]}]},{"@type":"BreadcrumbList","@id":"https:\/\/elpuucnoticias.com\/?p=6156#breadcrumb","itemListElement":[{"@type":"ListItem","position":1,"name":"Portada","item":"https:\/\/elpuucnoticias.com\/"},{"@type":"ListItem","position":2,"name":"Inauguran exposici\u00f3n pict\u00f3rica \u201cMujeres en las artes pl\u00e1sticas\u201d en el Museo de la Cultura Maya"}]},{"@type":"Person","@id":"https:\/\/elpuucnoticias.com\/#\/schema\/person\/d2ea09e4c97f0160b11cdfb1d856bd9e","name":"elpuucnoticias","image":{"@type":"ImageObject","@id":"https:\/\/elpuucnoticias.com\/#personlogo","inLanguage":"es","url":"https:\/\/secure.gravatar.com\/avatar\/5290a43657c74ffa15701dbe5b846bd85cc71930d803c84e91046a7333de6ce2?s=96&d=mm&r=g","contentUrl":"https:\/\/secure.gravatar.com\/avatar\/5290a43657c74ffa15701dbe5b846bd85cc71930d803c84e91046a7333de6ce2?s=96&d=mm&r=g","caption":"elpuucnoticias"},"sameAs":["https:\/\/elpuucnoticias.com"],"url":"https:\/\/elpuucnoticias.com\/?author=1"}]}},"_links":{"self":[{"href":"https:\/\/elpuucnoticias.com\/index.php?rest_route=\/wp\/v2\/posts\/6156","targetHints":{"allow":["GET"]}}],"collection":[{"href":"https:\/\/elpuucnoticias.com\/index.php?rest_route=\/wp\/v2\/posts"}],"about":[{"href":"https:\/\/elpuucnoticias.com\/index.php?rest_route=\/wp\/v2\/types\/post"}],"author":[{"embeddable":true,"href":"https:\/\/elpuucnoticias.com\/index.php?rest_route=\/wp\/v2\/users\/1"}],"replies":[{"embeddable":true,"href":"https:\/\/elpuucnoticias.com\/index.php?rest_route=%2Fwp%2Fv2%2Fcomments&post=6156"}],"version-history":[{"count":1,"href":"https:\/\/elpuucnoticias.com\/index.php?rest_route=\/wp\/v2\/posts\/6156\/revisions"}],"predecessor-version":[{"id":6161,"href":"https:\/\/elpuucnoticias.com\/index.php?rest_route=\/wp\/v2\/posts\/6156\/revisions\/6161"}],"wp:featuredmedia":[{"embeddable":true,"href":"https:\/\/elpuucnoticias.com\/index.php?rest_route=\/wp\/v2\/media\/6157"}],"wp:attachment":[{"href":"https:\/\/elpuucnoticias.com\/index.php?rest_route=%2Fwp%2Fv2%2Fmedia&parent=6156"}],"wp:term":[{"taxonomy":"category","embeddable":true,"href":"https:\/\/elpuucnoticias.com\/index.php?rest_route=%2Fwp%2Fv2%2Fcategories&post=6156"},{"taxonomy":"post_tag","embeddable":true,"href":"https:\/\/elpuucnoticias.com\/index.php?rest_route=%2Fwp%2Fv2%2Ftags&post=6156"}],"curies":[{"name":"wp","href":"https:\/\/api.w.org\/{rel}","templated":true}]}}