{"id":6196,"date":"2023-03-18T20:36:34","date_gmt":"2023-03-19T02:36:34","guid":{"rendered":"https:\/\/elpuucnoticias.com\/?p=6196"},"modified":"2023-03-18T20:36:34","modified_gmt":"2023-03-19T02:36:34","slug":"cumplen-atletas-de-yucatan-y-quintana-roo-con-la-etapa-regional-de-tiro-deportivo-en-chetumal","status":"publish","type":"post","link":"https:\/\/elpuucnoticias.com\/?p=6196","title":{"rendered":"Cumplen atletas de Yucat\u00e1n y Quintana Roo con la etapa Regional de tiro deportivo en Chetumal"},"content":{"rendered":"\n<p>De manera exitosa, Quintana Roo fue la sede de la etapa Regional en la disciplina de tiro deportivo para la categor\u00eda 12-13 a\u00f1os, que se escenific\u00f3 en el Cancha de la Unidad Deportiva \u201cBicentenario\u201d de Chetumal, donde las y los deportistas hicieron muestra de su precisi\u00f3n, buscando asegurar su lugar en los pr\u00f3ximos Nacionales CONADE 2023.<\/p>\n\n\n\n<p>Como parte de las acciones del Nuevo Acuerdo por el Bienestar y Desarrollo, que promueve la gobernadora Mara Lezama, la Comisi\u00f3n para la Juventud y el Deporte de Quintana Roo (COJUDEQ), presidida por Eric Arcila Arjona, se encarg\u00f3 de los trabajos de logista y organizaci\u00f3n para cumplir con esta fase eliminatoria.<\/p>\n\n\n\n<p>Cabe resaltar que la categor\u00eda que estuvo en disputa fue la 12-13 a\u00f1os y se trata de una divisi\u00f3n de promoci\u00f3n y que tiene por objetivo crear semilleros, adem\u00e1s de brindar la oportunidad de que las ni\u00f1as, ni\u00f1os y j\u00f3venes puedan desarrollarse.<\/p>\n\n\n\n<p>De esta manera, la quintanarroense Lesli Contreras quien dio excelente puntuaci\u00f3n para proclamarse campeona Regional, siendo la etapa m\u00e1xima para esta categor\u00eda en este deporte; ahora, la joven tiradora comenzar\u00e1 a trabajar para buscar escalar el pr\u00f3ximo a\u00f1o cuando compita por un boleto al nacional.<\/p>\n\n\n\n<figure class=\"wp-block-gallery has-nested-images columns-default is-cropped wp-block-gallery-1 is-layout-flex wp-block-gallery-is-layout-flex\">\n<figure class=\"wp-block-image size-large\"><img loading=\"lazy\" decoding=\"async\" width=\"768\" height=\"1024\" data-id=\"6198\" src=\"https:\/\/elpuucnoticias.com\/wp-content\/uploads\/2023\/03\/WhatsApp-Image-2023-03-18-at-5.49.02-PM-768x1024.jpeg\" alt=\"\" class=\"wp-image-6198\" srcset=\"https:\/\/elpuucnoticias.com\/wp-content\/uploads\/2023\/03\/WhatsApp-Image-2023-03-18-at-5.49.02-PM-768x1024.jpeg 768w, https:\/\/elpuucnoticias.com\/wp-content\/uploads\/2023\/03\/WhatsApp-Image-2023-03-18-at-5.49.02-PM-225x300.jpeg 225w, https:\/\/elpuucnoticias.com\/wp-content\/uploads\/2023\/03\/WhatsApp-Image-2023-03-18-at-5.49.02-PM-1152x1536.jpeg 1152w, https:\/\/elpuucnoticias.com\/wp-content\/uploads\/2023\/03\/WhatsApp-Image-2023-03-18-at-5.49.02-PM.jpeg 1200w\" sizes=\"auto, (max-width: 768px) 100vw, 768px\" \/><\/figure>\n\n\n\n<figure class=\"wp-block-image size-large\"><img loading=\"lazy\" decoding=\"async\" width=\"682\" height=\"1024\" data-id=\"6199\" src=\"https:\/\/elpuucnoticias.com\/wp-content\/uploads\/2023\/03\/WhatsApp-Image-2023-03-18-at-5.49.01-PM-682x1024.jpeg\" alt=\"\" class=\"wp-image-6199\" srcset=\"https:\/\/elpuucnoticias.com\/wp-content\/uploads\/2023\/03\/WhatsApp-Image-2023-03-18-at-5.49.01-PM-682x1024.jpeg 682w, https:\/\/elpuucnoticias.com\/wp-content\/uploads\/2023\/03\/WhatsApp-Image-2023-03-18-at-5.49.01-PM-200x300.jpeg 200w, https:\/\/elpuucnoticias.com\/wp-content\/uploads\/2023\/03\/WhatsApp-Image-2023-03-18-at-5.49.01-PM-768x1153.jpeg 768w, https:\/\/elpuucnoticias.com\/wp-content\/uploads\/2023\/03\/WhatsApp-Image-2023-03-18-at-5.49.01-PM-1023x1536.jpeg 1023w, https:\/\/elpuucnoticias.com\/wp-content\/uploads\/2023\/03\/WhatsApp-Image-2023-03-18-at-5.49.01-PM.jpeg 1066w\" sizes=\"auto, (max-width: 682px) 100vw, 682px\" \/><\/figure>\n<\/figure>\n\n\n\n<p>La joven se dijo contenta y destac\u00f3 que sobre todo le apasiona este deporte que pese a tener pocos meses entrenando, se perfila a ser una ni\u00f1a con muchas posibilidades de medalla en pr\u00f3ximas contiendas.<\/p>\n\n\n\n<p>La delegaci\u00f3n que particip\u00f3 en esta justa regional fue del vecino estado de Yucat\u00e1n, quien ya cuenta con un pu\u00f1ado de ni\u00f1os y ni\u00f1as que en la pr\u00f3xima edici\u00f3n de la competencia Nacional formar\u00e1n parte de su selectivo.<\/p>\n\n\n\n<p>\u201cSabemos que tenemos que trabajar a\u00fan m\u00e1s, estamos impulsando este deporte y este evento nos permite mejorar y obtener experiencia en competencias, tambi\u00e9n aprovecho para agradecer a las autoridades que nos han apoyado en este Regional, y sabemos que en un corto plazo nuestro estado ser\u00e1 potencia\u201d, se\u00f1al\u00f3 Zysli Ruiz entrenadora quintanarroense, bajo la supervisi\u00f3n del profesor Arnoldo Rodr\u00edguez.<\/p>\n\n\n\n<p>Cabe se\u00f1alar que Lesli Contreras finaliz\u00f3 el clasificatorio como primer lugar en la modalidad rifle a 10 metros en los 12\u201313 a\u00f1os para proclamarse campeona Regional, logrando un total de 559 puntos, ahora en el pr\u00f3ximo proceso deber\u00e1 mejorar su marca ya que esta a seis puntos para avanzar a un Nacional pero ser\u00eda en la categor\u00eda de 14-15 a\u00f1os.<\/p>\n","protected":false},"excerpt":{"rendered":"<p>De manera exitosa, Quintana Roo fue la sede de la etapa Regional en la disciplina de tiro deportivo<\/p>\n","protected":false},"author":1,"featured_media":6197,"comment_status":"closed","ping_status":"open","sticky":false,"template":"","format":"standard","meta":{"_monsterinsights_skip_tracking":false,"_monsterinsights_sitenote_active":false,"_monsterinsights_sitenote_note":"","_monsterinsights_sitenote_category":0,"footnotes":""},"categories":[21,11,24],"tags":[],"class_list":["post-6196","post","type-post","status-publish","format-standard","has-post-thumbnail","hentry","category-galerias","category-noticias","category-quintana-roo"],"yoast_head":"<!-- This site is optimized with the Yoast SEO plugin v18.3 - https:\/\/yoast.com\/wordpress\/plugins\/seo\/ -->\n<title>Cumplen atletas de Yucat\u00e1n y Quintana Roo con la etapa Regional de tiro deportivo en Chetumal - El Puuc Noticias<\/title>\n<meta name=\"robots\" content=\"index, follow, max-snippet:-1, max-image-preview:large, max-video-preview:-1\" \/>\n<link rel=\"canonical\" href=\"https:\/\/elpuucnoticias.com\/?p=6196\" \/>\n<meta property=\"og:locale\" content=\"es_ES\" \/>\n<meta property=\"og:type\" content=\"article\" \/>\n<meta property=\"og:title\" content=\"Cumplen atletas de Yucat\u00e1n y Quintana Roo con la etapa Regional de tiro deportivo en Chetumal - El Puuc Noticias\" \/>\n<meta property=\"og:description\" content=\"De manera exitosa, Quintana Roo fue la sede de la etapa Regional en la disciplina de tiro deportivo\" \/>\n<meta property=\"og:url\" content=\"https:\/\/elpuucnoticias.com\/?p=6196\" \/>\n<meta property=\"og:site_name\" content=\"El Puuc Noticias\" \/>\n<meta property=\"article:published_time\" content=\"2023-03-19T02:36:34+00:00\" \/>\n<meta property=\"og:image\" content=\"https:\/\/elpuucnoticias.com\/wp-content\/uploads\/2023\/03\/WhatsApp-Image-2023-03-18-at-5.49.02-PM-768x1024.jpeg\" \/>\n<meta name=\"twitter:card\" content=\"summary_large_image\" \/>\n<meta name=\"twitter:label1\" content=\"Escrito por\" \/>\n\t<meta name=\"twitter:data1\" content=\"elpuucnoticias\" \/>\n\t<meta name=\"twitter:label2\" content=\"Tiempo de lectura\" \/>\n\t<meta name=\"twitter:data2\" content=\"2 minutos\" \/>\n<script type=\"application\/ld+json\" class=\"yoast-schema-graph\">{\"@context\":\"https:\/\/schema.org\",\"@graph\":[{\"@type\":\"WebSite\",\"@id\":\"https:\/\/elpuucnoticias.com\/#website\",\"url\":\"https:\/\/elpuucnoticias.com\/\",\"name\":\"El Puuc Noticias\",\"description\":\"Noticias - Entretenimiento - Deportes\",\"potentialAction\":[{\"@type\":\"SearchAction\",\"target\":{\"@type\":\"EntryPoint\",\"urlTemplate\":\"https:\/\/elpuucnoticias.com\/?s={search_term_string}\"},\"query-input\":\"required name=search_term_string\"}],\"inLanguage\":\"es\"},{\"@type\":\"ImageObject\",\"@id\":\"https:\/\/elpuucnoticias.com\/?p=6196#primaryimage\",\"inLanguage\":\"es\",\"url\":\"https:\/\/elpuucnoticias.com\/wp-content\/uploads\/2023\/03\/WhatsApp-Image-2023-03-18-at-5.49.00-PM.jpeg\",\"contentUrl\":\"https:\/\/elpuucnoticias.com\/wp-content\/uploads\/2023\/03\/WhatsApp-Image-2023-03-18-at-5.49.00-PM.jpeg\",\"width\":1600,\"height\":1254},{\"@type\":\"WebPage\",\"@id\":\"https:\/\/elpuucnoticias.com\/?p=6196#webpage\",\"url\":\"https:\/\/elpuucnoticias.com\/?p=6196\",\"name\":\"Cumplen atletas de Yucat\u00e1n y Quintana Roo con la etapa Regional de tiro deportivo en Chetumal - El Puuc Noticias\",\"isPartOf\":{\"@id\":\"https:\/\/elpuucnoticias.com\/#website\"},\"primaryImageOfPage\":{\"@id\":\"https:\/\/elpuucnoticias.com\/?p=6196#primaryimage\"},\"datePublished\":\"2023-03-19T02:36:34+00:00\",\"dateModified\":\"2023-03-19T02:36:34+00:00\",\"author\":{\"@id\":\"https:\/\/elpuucnoticias.com\/#\/schema\/person\/d2ea09e4c97f0160b11cdfb1d856bd9e\"},\"breadcrumb\":{\"@id\":\"https:\/\/elpuucnoticias.com\/?p=6196#breadcrumb\"},\"inLanguage\":\"es\",\"potentialAction\":[{\"@type\":\"ReadAction\",\"target\":[\"https:\/\/elpuucnoticias.com\/?p=6196\"]}]},{\"@type\":\"BreadcrumbList\",\"@id\":\"https:\/\/elpuucnoticias.com\/?p=6196#breadcrumb\",\"itemListElement\":[{\"@type\":\"ListItem\",\"position\":1,\"name\":\"Portada\",\"item\":\"https:\/\/elpuucnoticias.com\/\"},{\"@type\":\"ListItem\",\"position\":2,\"name\":\"Cumplen atletas de Yucat\u00e1n y Quintana Roo con la etapa Regional de tiro deportivo en Chetumal\"}]},{\"@type\":\"Person\",\"@id\":\"https:\/\/elpuucnoticias.com\/#\/schema\/person\/d2ea09e4c97f0160b11cdfb1d856bd9e\",\"name\":\"elpuucnoticias\",\"image\":{\"@type\":\"ImageObject\",\"@id\":\"https:\/\/elpuucnoticias.com\/#personlogo\",\"inLanguage\":\"es\",\"url\":\"https:\/\/secure.gravatar.com\/avatar\/5290a43657c74ffa15701dbe5b846bd85cc71930d803c84e91046a7333de6ce2?s=96&d=mm&r=g\",\"contentUrl\":\"https:\/\/secure.gravatar.com\/avatar\/5290a43657c74ffa15701dbe5b846bd85cc71930d803c84e91046a7333de6ce2?s=96&d=mm&r=g\",\"caption\":\"elpuucnoticias\"},\"sameAs\":[\"https:\/\/elpuucnoticias.com\"],\"url\":\"https:\/\/elpuucnoticias.com\/?author=1\"}]}<\/script>\n<!-- \/ Yoast SEO plugin. -->","yoast_head_json":{"title":"Cumplen atletas de Yucat\u00e1n y Quintana Roo con la etapa Regional de tiro deportivo en Chetumal - El Puuc Noticias","robots":{"index":"index","follow":"follow","max-snippet":"max-snippet:-1","max-image-preview":"max-image-preview:large","max-video-preview":"max-video-preview:-1"},"canonical":"https:\/\/elpuucnoticias.com\/?p=6196","og_locale":"es_ES","og_type":"article","og_title":"Cumplen atletas de Yucat\u00e1n y Quintana Roo con la etapa Regional de tiro deportivo en Chetumal - El Puuc Noticias","og_description":"De manera exitosa, Quintana Roo fue la sede de la etapa Regional en la disciplina de tiro deportivo","og_url":"https:\/\/elpuucnoticias.com\/?p=6196","og_site_name":"El Puuc Noticias","article_published_time":"2023-03-19T02:36:34+00:00","og_image":[{"url":"https:\/\/elpuucnoticias.com\/wp-content\/uploads\/2023\/03\/WhatsApp-Image-2023-03-18-at-5.49.02-PM-768x1024.jpeg"}],"twitter_card":"summary_large_image","twitter_misc":{"Escrito por":"elpuucnoticias","Tiempo de lectura":"2 minutos"},"schema":{"@context":"https:\/\/schema.org","@graph":[{"@type":"WebSite","@id":"https:\/\/elpuucnoticias.com\/#website","url":"https:\/\/elpuucnoticias.com\/","name":"El Puuc Noticias","description":"Noticias - Entretenimiento - Deportes","potentialAction":[{"@type":"SearchAction","target":{"@type":"EntryPoint","urlTemplate":"https:\/\/elpuucnoticias.com\/?s={search_term_string}"},"query-input":"required name=search_term_string"}],"inLanguage":"es"},{"@type":"ImageObject","@id":"https:\/\/elpuucnoticias.com\/?p=6196#primaryimage","inLanguage":"es","url":"https:\/\/elpuucnoticias.com\/wp-content\/uploads\/2023\/03\/WhatsApp-Image-2023-03-18-at-5.49.00-PM.jpeg","contentUrl":"https:\/\/elpuucnoticias.com\/wp-content\/uploads\/2023\/03\/WhatsApp-Image-2023-03-18-at-5.49.00-PM.jpeg","width":1600,"height":1254},{"@type":"WebPage","@id":"https:\/\/elpuucnoticias.com\/?p=6196#webpage","url":"https:\/\/elpuucnoticias.com\/?p=6196","name":"Cumplen atletas de Yucat\u00e1n y Quintana Roo con la etapa Regional de tiro deportivo en Chetumal - El Puuc Noticias","isPartOf":{"@id":"https:\/\/elpuucnoticias.com\/#website"},"primaryImageOfPage":{"@id":"https:\/\/elpuucnoticias.com\/?p=6196#primaryimage"},"datePublished":"2023-03-19T02:36:34+00:00","dateModified":"2023-03-19T02:36:34+00:00","author":{"@id":"https:\/\/elpuucnoticias.com\/#\/schema\/person\/d2ea09e4c97f0160b11cdfb1d856bd9e"},"breadcrumb":{"@id":"https:\/\/elpuucnoticias.com\/?p=6196#breadcrumb"},"inLanguage":"es","potentialAction":[{"@type":"ReadAction","target":["https:\/\/elpuucnoticias.com\/?p=6196"]}]},{"@type":"BreadcrumbList","@id":"https:\/\/elpuucnoticias.com\/?p=6196#breadcrumb","itemListElement":[{"@type":"ListItem","position":1,"name":"Portada","item":"https:\/\/elpuucnoticias.com\/"},{"@type":"ListItem","position":2,"name":"Cumplen atletas de Yucat\u00e1n y Quintana Roo con la etapa Regional de tiro deportivo en Chetumal"}]},{"@type":"Person","@id":"https:\/\/elpuucnoticias.com\/#\/schema\/person\/d2ea09e4c97f0160b11cdfb1d856bd9e","name":"elpuucnoticias","image":{"@type":"ImageObject","@id":"https:\/\/elpuucnoticias.com\/#personlogo","inLanguage":"es","url":"https:\/\/secure.gravatar.com\/avatar\/5290a43657c74ffa15701dbe5b846bd85cc71930d803c84e91046a7333de6ce2?s=96&d=mm&r=g","contentUrl":"https:\/\/secure.gravatar.com\/avatar\/5290a43657c74ffa15701dbe5b846bd85cc71930d803c84e91046a7333de6ce2?s=96&d=mm&r=g","caption":"elpuucnoticias"},"sameAs":["https:\/\/elpuucnoticias.com"],"url":"https:\/\/elpuucnoticias.com\/?author=1"}]}},"_links":{"self":[{"href":"https:\/\/elpuucnoticias.com\/index.php?rest_route=\/wp\/v2\/posts\/6196","targetHints":{"allow":["GET"]}}],"collection":[{"href":"https:\/\/elpuucnoticias.com\/index.php?rest_route=\/wp\/v2\/posts"}],"about":[{"href":"https:\/\/elpuucnoticias.com\/index.php?rest_route=\/wp\/v2\/types\/post"}],"author":[{"embeddable":true,"href":"https:\/\/elpuucnoticias.com\/index.php?rest_route=\/wp\/v2\/users\/1"}],"replies":[{"embeddable":true,"href":"https:\/\/elpuucnoticias.com\/index.php?rest_route=%2Fwp%2Fv2%2Fcomments&post=6196"}],"version-history":[{"count":1,"href":"https:\/\/elpuucnoticias.com\/index.php?rest_route=\/wp\/v2\/posts\/6196\/revisions"}],"predecessor-version":[{"id":6200,"href":"https:\/\/elpuucnoticias.com\/index.php?rest_route=\/wp\/v2\/posts\/6196\/revisions\/6200"}],"wp:featuredmedia":[{"embeddable":true,"href":"https:\/\/elpuucnoticias.com\/index.php?rest_route=\/wp\/v2\/media\/6197"}],"wp:attachment":[{"href":"https:\/\/elpuucnoticias.com\/index.php?rest_route=%2Fwp%2Fv2%2Fmedia&parent=6196"}],"wp:term":[{"taxonomy":"category","embeddable":true,"href":"https:\/\/elpuucnoticias.com\/index.php?rest_route=%2Fwp%2Fv2%2Fcategories&post=6196"},{"taxonomy":"post_tag","embeddable":true,"href":"https:\/\/elpuucnoticias.com\/index.php?rest_route=%2Fwp%2Fv2%2Ftags&post=6196"}],"curies":[{"name":"wp","href":"https:\/\/api.w.org\/{rel}","templated":true}]}}