{"id":6201,"date":"2023-03-18T20:41:51","date_gmt":"2023-03-19T02:41:51","guid":{"rendered":"https:\/\/elpuucnoticias.com\/?p=6201"},"modified":"2023-03-18T20:41:53","modified_gmt":"2023-03-19T02:41:53","slug":"conmemoran-85-aniversario-de-la-expropiacion-petrolera","status":"publish","type":"post","link":"https:\/\/elpuucnoticias.com\/?p=6201","title":{"rendered":"Conmemoran 85 Aniversario de la Expropiaci\u00f3n Petrolera"},"content":{"rendered":"\n<p>Para conmemorar el LXXXV (85) Aniversario de la Expropiaci\u00f3n Petrolera, el Gobierno de Quintana Roo, a trav\u00e9s de la Secretar\u00eda de Finanzas y Planeaci\u00f3n (SEFIPLAN), se realiz\u00f3 en Chetumal, a las 09:00 horas, una ceremonia c\u00edvica al pie del monumento erigido en honor al General L\u00e1zaro C\u00e1rdenas del R\u00edo.<\/p>\n\n\n\n<p>Antes de efectuar el acto y como parte de las actividades conmemorativas, personal de la 34 Zona Militar realiz\u00f3 el izamiento de la Bandera de M\u00e9xico a toda asta, en la plaza c\u00edvica, frente a Palacio de Gobierno.<\/p>\n\n\n\n<figure class=\"wp-block-gallery has-nested-images columns-default is-cropped wp-block-gallery-1 is-layout-flex wp-block-gallery-is-layout-flex\">\n<figure class=\"wp-block-image size-large\"><img loading=\"lazy\" decoding=\"async\" width=\"1024\" height=\"623\" data-id=\"6205\" src=\"https:\/\/elpuucnoticias.com\/wp-content\/uploads\/2023\/03\/WhatsApp-Image-2023-03-18-at-4.42.56-PM-1024x623.jpeg\" alt=\"\" class=\"wp-image-6205\" srcset=\"https:\/\/elpuucnoticias.com\/wp-content\/uploads\/2023\/03\/WhatsApp-Image-2023-03-18-at-4.42.56-PM-1024x623.jpeg 1024w, https:\/\/elpuucnoticias.com\/wp-content\/uploads\/2023\/03\/WhatsApp-Image-2023-03-18-at-4.42.56-PM-300x183.jpeg 300w, https:\/\/elpuucnoticias.com\/wp-content\/uploads\/2023\/03\/WhatsApp-Image-2023-03-18-at-4.42.56-PM-768x468.jpeg 768w, https:\/\/elpuucnoticias.com\/wp-content\/uploads\/2023\/03\/WhatsApp-Image-2023-03-18-at-4.42.56-PM-1536x935.jpeg 1536w, https:\/\/elpuucnoticias.com\/wp-content\/uploads\/2023\/03\/WhatsApp-Image-2023-03-18-at-4.42.56-PM.jpeg 1600w\" sizes=\"auto, (max-width: 1024px) 100vw, 1024px\" \/><\/figure>\n\n\n\n<figure class=\"wp-block-image size-large\"><img loading=\"lazy\" decoding=\"async\" width=\"1024\" height=\"746\" data-id=\"6203\" src=\"https:\/\/elpuucnoticias.com\/wp-content\/uploads\/2023\/03\/WhatsApp-Image-2023-03-18-at-4.42.55-PM-1-1024x746.jpeg\" alt=\"\" class=\"wp-image-6203\" srcset=\"https:\/\/elpuucnoticias.com\/wp-content\/uploads\/2023\/03\/WhatsApp-Image-2023-03-18-at-4.42.55-PM-1-1024x746.jpeg 1024w, https:\/\/elpuucnoticias.com\/wp-content\/uploads\/2023\/03\/WhatsApp-Image-2023-03-18-at-4.42.55-PM-1-300x219.jpeg 300w, https:\/\/elpuucnoticias.com\/wp-content\/uploads\/2023\/03\/WhatsApp-Image-2023-03-18-at-4.42.55-PM-1-768x560.jpeg 768w, https:\/\/elpuucnoticias.com\/wp-content\/uploads\/2023\/03\/WhatsApp-Image-2023-03-18-at-4.42.55-PM-1-1536x1119.jpeg 1536w, https:\/\/elpuucnoticias.com\/wp-content\/uploads\/2023\/03\/WhatsApp-Image-2023-03-18-at-4.42.55-PM-1.jpeg 1600w\" sizes=\"auto, (max-width: 1024px) 100vw, 1024px\" \/><\/figure>\n\n\n\n<figure class=\"wp-block-image size-large\"><img loading=\"lazy\" decoding=\"async\" width=\"1024\" height=\"682\" data-id=\"6204\" src=\"https:\/\/elpuucnoticias.com\/wp-content\/uploads\/2023\/03\/WhatsApp-Image-2023-03-18-at-4.42.54-PM-1-1024x682.jpeg\" alt=\"\" class=\"wp-image-6204\" srcset=\"https:\/\/elpuucnoticias.com\/wp-content\/uploads\/2023\/03\/WhatsApp-Image-2023-03-18-at-4.42.54-PM-1-1024x682.jpeg 1024w, https:\/\/elpuucnoticias.com\/wp-content\/uploads\/2023\/03\/WhatsApp-Image-2023-03-18-at-4.42.54-PM-1-300x200.jpeg 300w, https:\/\/elpuucnoticias.com\/wp-content\/uploads\/2023\/03\/WhatsApp-Image-2023-03-18-at-4.42.54-PM-1-768x512.jpeg 768w, https:\/\/elpuucnoticias.com\/wp-content\/uploads\/2023\/03\/WhatsApp-Image-2023-03-18-at-4.42.54-PM-1-1536x1023.jpeg 1536w, https:\/\/elpuucnoticias.com\/wp-content\/uploads\/2023\/03\/WhatsApp-Image-2023-03-18-at-4.42.54-PM-1.jpeg 1600w\" sizes=\"auto, (max-width: 1024px) 100vw, 1024px\" \/><\/figure>\n<\/figure>\n\n\n\n<p>Con la representaci\u00f3n de la Gobernadora Mara Lezama Espinosa, la ceremonia c\u00edvica conmemorativa fue presidida por el Ing. Juan Pablo Ortega Ceballos, Subsecretario de Pol\u00edtica Ambiental y Planeaci\u00f3n de la Secretar\u00eda de Ecolog\u00eda y Medio Ambiente, quien estuvo acompa\u00f1ado de autoridades civiles y militares de los tres niveles de Gobierno.<\/p>\n\n\n\n<p>El discurso oficial lo pronunci\u00f3 el Joven Eduardo David Chabl\u00e9 Hoil, destacado en oratoria, quien hizo una breve remembranza de los principales hechos hist\u00f3ricos en torno al 18 de marzo de 1938, cuando el Presidente de M\u00e9xico, General L\u00e1zaro C\u00e1rdenas del R\u00edo, expidi\u00f3 el decreto de la Expropiaci\u00f3n Petrolera, el cual consisti\u00f3 en la apropiaci\u00f3n legal del petr\u00f3leo que explotaban 17 compa\u00f1\u00edas extranjeras que ten\u00edan el control de la industria, para despu\u00e9s convertirse en propiedad de los mexicanos.<\/p>\n\n\n\n<p>Durante el acto, el Coro y Banda de M\u00fasica del Estado, dirigidos por el Maestro Benjam\u00edn Mata Ortiz, interpretaron la Marcha Petr\u00f3leos Mexicanos; as\u00ed como, los himnos Nacional Mexicano y a Quintana Roo.<\/p>\n\n\n\n<p>En los honores a la bandera participaron la banda de guerra y escolta del S\u00e9ptimo Regimiento de Caballer\u00eda Motorizado perteneciente a la 34 Zona Militar.<\/p>\n","protected":false},"excerpt":{"rendered":"<p>Para conmemorar el LXXXV (85) Aniversario de la Expropiaci\u00f3n Petrolera, el Gobierno de Quintana Roo, a trav\u00e9s de<\/p>\n","protected":false},"author":1,"featured_media":6202,"comment_status":"closed","ping_status":"open","sticky":false,"template":"","format":"standard","meta":{"_monsterinsights_skip_tracking":false,"_monsterinsights_sitenote_active":false,"_monsterinsights_sitenote_note":"","_monsterinsights_sitenote_category":0,"footnotes":""},"categories":[11,24],"tags":[],"class_list":["post-6201","post","type-post","status-publish","format-standard","has-post-thumbnail","hentry","category-noticias","category-quintana-roo"],"yoast_head":"<!-- This site is optimized with the Yoast SEO plugin v18.3 - https:\/\/yoast.com\/wordpress\/plugins\/seo\/ -->\n<title>Conmemoran 85 Aniversario de la Expropiaci\u00f3n Petrolera - El Puuc Noticias<\/title>\n<meta name=\"robots\" content=\"index, follow, max-snippet:-1, max-image-preview:large, max-video-preview:-1\" \/>\n<link rel=\"canonical\" href=\"https:\/\/elpuucnoticias.com\/?p=6201\" \/>\n<meta property=\"og:locale\" content=\"es_ES\" \/>\n<meta property=\"og:type\" content=\"article\" \/>\n<meta property=\"og:title\" content=\"Conmemoran 85 Aniversario de la Expropiaci\u00f3n Petrolera - El Puuc Noticias\" \/>\n<meta property=\"og:description\" content=\"Para conmemorar el LXXXV (85) Aniversario de la Expropiaci\u00f3n Petrolera, el Gobierno de Quintana Roo, a trav\u00e9s de\" \/>\n<meta property=\"og:url\" content=\"https:\/\/elpuucnoticias.com\/?p=6201\" \/>\n<meta property=\"og:site_name\" content=\"El Puuc Noticias\" \/>\n<meta property=\"article:published_time\" content=\"2023-03-19T02:41:51+00:00\" \/>\n<meta property=\"article:modified_time\" content=\"2023-03-19T02:41:53+00:00\" \/>\n<meta property=\"og:image\" content=\"https:\/\/elpuucnoticias.com\/wp-content\/uploads\/2023\/03\/WhatsApp-Image-2023-03-18-at-4.42.55-PM.jpeg\" \/>\n\t<meta property=\"og:image:width\" content=\"1600\" \/>\n\t<meta property=\"og:image:height\" content=\"1213\" \/>\n\t<meta property=\"og:image:type\" content=\"image\/jpeg\" \/>\n<meta name=\"twitter:card\" content=\"summary_large_image\" \/>\n<meta name=\"twitter:label1\" content=\"Escrito por\" \/>\n\t<meta name=\"twitter:data1\" content=\"elpuucnoticias\" \/>\n\t<meta name=\"twitter:label2\" content=\"Tiempo de lectura\" \/>\n\t<meta name=\"twitter:data2\" content=\"2 minutos\" \/>\n<script type=\"application\/ld+json\" class=\"yoast-schema-graph\">{\"@context\":\"https:\/\/schema.org\",\"@graph\":[{\"@type\":\"WebSite\",\"@id\":\"https:\/\/elpuucnoticias.com\/#website\",\"url\":\"https:\/\/elpuucnoticias.com\/\",\"name\":\"El Puuc Noticias\",\"description\":\"Noticias - Entretenimiento - Deportes\",\"potentialAction\":[{\"@type\":\"SearchAction\",\"target\":{\"@type\":\"EntryPoint\",\"urlTemplate\":\"https:\/\/elpuucnoticias.com\/?s={search_term_string}\"},\"query-input\":\"required name=search_term_string\"}],\"inLanguage\":\"es\"},{\"@type\":\"ImageObject\",\"@id\":\"https:\/\/elpuucnoticias.com\/?p=6201#primaryimage\",\"inLanguage\":\"es\",\"url\":\"https:\/\/elpuucnoticias.com\/wp-content\/uploads\/2023\/03\/WhatsApp-Image-2023-03-18-at-4.42.55-PM.jpeg\",\"contentUrl\":\"https:\/\/elpuucnoticias.com\/wp-content\/uploads\/2023\/03\/WhatsApp-Image-2023-03-18-at-4.42.55-PM.jpeg\",\"width\":1600,\"height\":1213},{\"@type\":\"WebPage\",\"@id\":\"https:\/\/elpuucnoticias.com\/?p=6201#webpage\",\"url\":\"https:\/\/elpuucnoticias.com\/?p=6201\",\"name\":\"Conmemoran 85 Aniversario de la Expropiaci\u00f3n Petrolera - El Puuc Noticias\",\"isPartOf\":{\"@id\":\"https:\/\/elpuucnoticias.com\/#website\"},\"primaryImageOfPage\":{\"@id\":\"https:\/\/elpuucnoticias.com\/?p=6201#primaryimage\"},\"datePublished\":\"2023-03-19T02:41:51+00:00\",\"dateModified\":\"2023-03-19T02:41:53+00:00\",\"author\":{\"@id\":\"https:\/\/elpuucnoticias.com\/#\/schema\/person\/d2ea09e4c97f0160b11cdfb1d856bd9e\"},\"breadcrumb\":{\"@id\":\"https:\/\/elpuucnoticias.com\/?p=6201#breadcrumb\"},\"inLanguage\":\"es\",\"potentialAction\":[{\"@type\":\"ReadAction\",\"target\":[\"https:\/\/elpuucnoticias.com\/?p=6201\"]}]},{\"@type\":\"BreadcrumbList\",\"@id\":\"https:\/\/elpuucnoticias.com\/?p=6201#breadcrumb\",\"itemListElement\":[{\"@type\":\"ListItem\",\"position\":1,\"name\":\"Portada\",\"item\":\"https:\/\/elpuucnoticias.com\/\"},{\"@type\":\"ListItem\",\"position\":2,\"name\":\"Conmemoran 85 Aniversario de la Expropiaci\u00f3n Petrolera\"}]},{\"@type\":\"Person\",\"@id\":\"https:\/\/elpuucnoticias.com\/#\/schema\/person\/d2ea09e4c97f0160b11cdfb1d856bd9e\",\"name\":\"elpuucnoticias\",\"image\":{\"@type\":\"ImageObject\",\"@id\":\"https:\/\/elpuucnoticias.com\/#personlogo\",\"inLanguage\":\"es\",\"url\":\"https:\/\/secure.gravatar.com\/avatar\/5290a43657c74ffa15701dbe5b846bd85cc71930d803c84e91046a7333de6ce2?s=96&d=mm&r=g\",\"contentUrl\":\"https:\/\/secure.gravatar.com\/avatar\/5290a43657c74ffa15701dbe5b846bd85cc71930d803c84e91046a7333de6ce2?s=96&d=mm&r=g\",\"caption\":\"elpuucnoticias\"},\"sameAs\":[\"https:\/\/elpuucnoticias.com\"],\"url\":\"https:\/\/elpuucnoticias.com\/?author=1\"}]}<\/script>\n<!-- \/ Yoast SEO plugin. -->","yoast_head_json":{"title":"Conmemoran 85 Aniversario de la Expropiaci\u00f3n Petrolera - El Puuc Noticias","robots":{"index":"index","follow":"follow","max-snippet":"max-snippet:-1","max-image-preview":"max-image-preview:large","max-video-preview":"max-video-preview:-1"},"canonical":"https:\/\/elpuucnoticias.com\/?p=6201","og_locale":"es_ES","og_type":"article","og_title":"Conmemoran 85 Aniversario de la Expropiaci\u00f3n Petrolera - El Puuc Noticias","og_description":"Para conmemorar el LXXXV (85) Aniversario de la Expropiaci\u00f3n Petrolera, el Gobierno de Quintana Roo, a trav\u00e9s de","og_url":"https:\/\/elpuucnoticias.com\/?p=6201","og_site_name":"El Puuc Noticias","article_published_time":"2023-03-19T02:41:51+00:00","article_modified_time":"2023-03-19T02:41:53+00:00","og_image":[{"width":1600,"height":1213,"url":"https:\/\/elpuucnoticias.com\/wp-content\/uploads\/2023\/03\/WhatsApp-Image-2023-03-18-at-4.42.55-PM.jpeg","type":"image\/jpeg"}],"twitter_card":"summary_large_image","twitter_misc":{"Escrito por":"elpuucnoticias","Tiempo de lectura":"2 minutos"},"schema":{"@context":"https:\/\/schema.org","@graph":[{"@type":"WebSite","@id":"https:\/\/elpuucnoticias.com\/#website","url":"https:\/\/elpuucnoticias.com\/","name":"El Puuc Noticias","description":"Noticias - Entretenimiento - Deportes","potentialAction":[{"@type":"SearchAction","target":{"@type":"EntryPoint","urlTemplate":"https:\/\/elpuucnoticias.com\/?s={search_term_string}"},"query-input":"required name=search_term_string"}],"inLanguage":"es"},{"@type":"ImageObject","@id":"https:\/\/elpuucnoticias.com\/?p=6201#primaryimage","inLanguage":"es","url":"https:\/\/elpuucnoticias.com\/wp-content\/uploads\/2023\/03\/WhatsApp-Image-2023-03-18-at-4.42.55-PM.jpeg","contentUrl":"https:\/\/elpuucnoticias.com\/wp-content\/uploads\/2023\/03\/WhatsApp-Image-2023-03-18-at-4.42.55-PM.jpeg","width":1600,"height":1213},{"@type":"WebPage","@id":"https:\/\/elpuucnoticias.com\/?p=6201#webpage","url":"https:\/\/elpuucnoticias.com\/?p=6201","name":"Conmemoran 85 Aniversario de la Expropiaci\u00f3n Petrolera - El Puuc Noticias","isPartOf":{"@id":"https:\/\/elpuucnoticias.com\/#website"},"primaryImageOfPage":{"@id":"https:\/\/elpuucnoticias.com\/?p=6201#primaryimage"},"datePublished":"2023-03-19T02:41:51+00:00","dateModified":"2023-03-19T02:41:53+00:00","author":{"@id":"https:\/\/elpuucnoticias.com\/#\/schema\/person\/d2ea09e4c97f0160b11cdfb1d856bd9e"},"breadcrumb":{"@id":"https:\/\/elpuucnoticias.com\/?p=6201#breadcrumb"},"inLanguage":"es","potentialAction":[{"@type":"ReadAction","target":["https:\/\/elpuucnoticias.com\/?p=6201"]}]},{"@type":"BreadcrumbList","@id":"https:\/\/elpuucnoticias.com\/?p=6201#breadcrumb","itemListElement":[{"@type":"ListItem","position":1,"name":"Portada","item":"https:\/\/elpuucnoticias.com\/"},{"@type":"ListItem","position":2,"name":"Conmemoran 85 Aniversario de la Expropiaci\u00f3n Petrolera"}]},{"@type":"Person","@id":"https:\/\/elpuucnoticias.com\/#\/schema\/person\/d2ea09e4c97f0160b11cdfb1d856bd9e","name":"elpuucnoticias","image":{"@type":"ImageObject","@id":"https:\/\/elpuucnoticias.com\/#personlogo","inLanguage":"es","url":"https:\/\/secure.gravatar.com\/avatar\/5290a43657c74ffa15701dbe5b846bd85cc71930d803c84e91046a7333de6ce2?s=96&d=mm&r=g","contentUrl":"https:\/\/secure.gravatar.com\/avatar\/5290a43657c74ffa15701dbe5b846bd85cc71930d803c84e91046a7333de6ce2?s=96&d=mm&r=g","caption":"elpuucnoticias"},"sameAs":["https:\/\/elpuucnoticias.com"],"url":"https:\/\/elpuucnoticias.com\/?author=1"}]}},"_links":{"self":[{"href":"https:\/\/elpuucnoticias.com\/index.php?rest_route=\/wp\/v2\/posts\/6201","targetHints":{"allow":["GET"]}}],"collection":[{"href":"https:\/\/elpuucnoticias.com\/index.php?rest_route=\/wp\/v2\/posts"}],"about":[{"href":"https:\/\/elpuucnoticias.com\/index.php?rest_route=\/wp\/v2\/types\/post"}],"author":[{"embeddable":true,"href":"https:\/\/elpuucnoticias.com\/index.php?rest_route=\/wp\/v2\/users\/1"}],"replies":[{"embeddable":true,"href":"https:\/\/elpuucnoticias.com\/index.php?rest_route=%2Fwp%2Fv2%2Fcomments&post=6201"}],"version-history":[{"count":1,"href":"https:\/\/elpuucnoticias.com\/index.php?rest_route=\/wp\/v2\/posts\/6201\/revisions"}],"predecessor-version":[{"id":6206,"href":"https:\/\/elpuucnoticias.com\/index.php?rest_route=\/wp\/v2\/posts\/6201\/revisions\/6206"}],"wp:featuredmedia":[{"embeddable":true,"href":"https:\/\/elpuucnoticias.com\/index.php?rest_route=\/wp\/v2\/media\/6202"}],"wp:attachment":[{"href":"https:\/\/elpuucnoticias.com\/index.php?rest_route=%2Fwp%2Fv2%2Fmedia&parent=6201"}],"wp:term":[{"taxonomy":"category","embeddable":true,"href":"https:\/\/elpuucnoticias.com\/index.php?rest_route=%2Fwp%2Fv2%2Fcategories&post=6201"},{"taxonomy":"post_tag","embeddable":true,"href":"https:\/\/elpuucnoticias.com\/index.php?rest_route=%2Fwp%2Fv2%2Ftags&post=6201"}],"curies":[{"name":"wp","href":"https:\/\/api.w.org\/{rel}","templated":true}]}}