{"id":6254,"date":"2023-03-22T14:22:32","date_gmt":"2023-03-22T20:22:32","guid":{"rendered":"https:\/\/elpuucnoticias.com\/?p=6254"},"modified":"2023-03-22T14:22:50","modified_gmt":"2023-03-22T20:22:50","slug":"monsenor-gustavo-rodriguez-vega-da-la-bienvenida-al-nuevo-parroco-de-oxkutzcab-presbitero-saul-abraham-che-chi","status":"publish","type":"post","link":"https:\/\/elpuucnoticias.com\/?p=6254","title":{"rendered":"Monse\u00f1or Gustavo Rodr\u00edguez Vega da la bienvenida al nuevo p\u00e1rroco de Oxkutzcab, presb\u00edtero Sa\u00fal Abraham Che Chi"},"content":{"rendered":"\n<p>En solemne\u00a0ceremonia religiosa presidida por el arzobispo de Yucat\u00e1n, Monse\u00f1or Gustavo Rodr\u00edguez Vega, los feligreses de Oxkutzcab dieron la bienvenida al nuevo p\u00e1rroco\u00a0Sa\u00fal Abraham Che Chi, quien ahora est\u00e1 al frente de la parroquia de San Francisco de As\u00eds.\u00a0<\/p>\n\n\n\n<figure class=\"wp-block-image size-large\"><img loading=\"lazy\" decoding=\"async\" width=\"1024\" height=\"819\" src=\"https:\/\/elpuucnoticias.com\/wp-content\/uploads\/2023\/03\/Misa04-1024x819.jpeg\" alt=\"\" class=\"wp-image-6258\" srcset=\"https:\/\/elpuucnoticias.com\/wp-content\/uploads\/2023\/03\/Misa04-1024x819.jpeg 1024w, https:\/\/elpuucnoticias.com\/wp-content\/uploads\/2023\/03\/Misa04-300x240.jpeg 300w, https:\/\/elpuucnoticias.com\/wp-content\/uploads\/2023\/03\/Misa04-768x614.jpeg 768w, https:\/\/elpuucnoticias.com\/wp-content\/uploads\/2023\/03\/Misa04.jpeg 1068w\" sizes=\"auto, (max-width: 1024px) 100vw, 1024px\" \/><\/figure>\n\n\n\n<p>En estas actividades religiosas estuvo como invitado especial el alcalde de Oxkutzcab, Juan Jos\u00e9 Mart\u00edn Fragoso.\u00a0<\/p>\n\n\n\n<p>La actividad inici\u00f3 a las 7 de la noche de este martes con el repique de campanas a cargo del Pbro. Sa\u00fal Che, como signo de convocar a la grey cat\u00f3lica en su encomienda de continuar con el ministerio de salvaci\u00f3n.\u00a0<\/p>\n\n\n\n<p>Se dio lectura al nombramiento del nuevo sacerdote, quien recibi\u00f3 las llaves de la parroquia y con ello la encomienda de la cura pastoral en la parroquia de San Francisco de As\u00eds.\u00a0<\/p>\n\n\n\n<p>Se entregaron los principales lugares de celebraci\u00f3n donde se ejerce el ministerio de la fe, el bautisterio y el confesionario, las llaves de sagrario, en homil\u00eda celebrada por el arzobispo de Yucat\u00e1n, Monse\u00f1or Gustavo Rodr\u00edguez Vega.\u00a0<\/p>\n\n\n\n<figure class=\"wp-block-gallery has-nested-images columns-default is-cropped wp-block-gallery-1 is-layout-flex wp-block-gallery-is-layout-flex\">\n<figure class=\"wp-block-image size-large\"><img loading=\"lazy\" decoding=\"async\" width=\"1024\" height=\"819\" data-id=\"6257\" src=\"https:\/\/elpuucnoticias.com\/wp-content\/uploads\/2023\/03\/Misa03-1024x819.jpeg\" alt=\"\" class=\"wp-image-6257\" srcset=\"https:\/\/elpuucnoticias.com\/wp-content\/uploads\/2023\/03\/Misa03-1024x819.jpeg 1024w, https:\/\/elpuucnoticias.com\/wp-content\/uploads\/2023\/03\/Misa03-300x240.jpeg 300w, https:\/\/elpuucnoticias.com\/wp-content\/uploads\/2023\/03\/Misa03-768x614.jpeg 768w, https:\/\/elpuucnoticias.com\/wp-content\/uploads\/2023\/03\/Misa03.jpeg 1068w\" sizes=\"auto, (max-width: 1024px) 100vw, 1024px\" \/><\/figure>\n\n\n\n<figure class=\"wp-block-image size-large\"><img loading=\"lazy\" decoding=\"async\" width=\"1024\" height=\"683\" data-id=\"6256\" src=\"https:\/\/elpuucnoticias.com\/wp-content\/uploads\/2023\/03\/Misa00-1024x683.jpeg\" alt=\"\" class=\"wp-image-6256\" srcset=\"https:\/\/elpuucnoticias.com\/wp-content\/uploads\/2023\/03\/Misa00-1024x683.jpeg 1024w, https:\/\/elpuucnoticias.com\/wp-content\/uploads\/2023\/03\/Misa00-300x200.jpeg 300w, https:\/\/elpuucnoticias.com\/wp-content\/uploads\/2023\/03\/Misa00-768x512.jpeg 768w, https:\/\/elpuucnoticias.com\/wp-content\/uploads\/2023\/03\/Misa00.jpeg 1280w\" sizes=\"auto, (max-width: 1024px) 100vw, 1024px\" \/><\/figure>\n<\/figure>\n\n\n\n<p>El Pbro. Sa\u00fal Abraham Che Chi sustituye al presb\u00edtero Ricardo Ruiz Sacrist\u00e1n luego de permanecer unos cuatro a\u00f1os en la parroquia, pues este llego a la iglesia de San Francisco de As\u00eds el 21 de febrero de 2019.\u2014 <em>El Puuc Noticias<\/em> \u00a0<\/p>\n","protected":false},"excerpt":{"rendered":"<p>En solemne\u00a0ceremonia religiosa presidida por el arzobispo de Yucat\u00e1n, Monse\u00f1or Gustavo Rodr\u00edguez Vega, los feligreses de Oxkutzcab dieron<\/p>\n","protected":false},"author":1,"featured_media":6255,"comment_status":"closed","ping_status":"open","sticky":false,"template":"","format":"standard","meta":{"_monsterinsights_skip_tracking":false,"_monsterinsights_sitenote_active":false,"_monsterinsights_sitenote_note":"","_monsterinsights_sitenote_category":0,"footnotes":""},"categories":[11,14],"tags":[],"class_list":["post-6254","post","type-post","status-publish","format-standard","has-post-thumbnail","hentry","category-noticias","category-oxkutzcab"],"yoast_head":"<!-- This site is optimized with the Yoast SEO plugin v18.3 - https:\/\/yoast.com\/wordpress\/plugins\/seo\/ -->\n<title>Monse\u00f1or Gustavo Rodr\u00edguez Vega da la bienvenida al nuevo p\u00e1rroco de Oxkutzcab, presb\u00edtero Sa\u00fal Abraham Che Chi - El Puuc Noticias<\/title>\n<meta name=\"robots\" content=\"index, follow, max-snippet:-1, max-image-preview:large, max-video-preview:-1\" \/>\n<link rel=\"canonical\" href=\"https:\/\/elpuucnoticias.com\/?p=6254\" \/>\n<meta property=\"og:locale\" content=\"es_ES\" \/>\n<meta property=\"og:type\" content=\"article\" \/>\n<meta property=\"og:title\" content=\"Monse\u00f1or Gustavo Rodr\u00edguez Vega da la bienvenida al nuevo p\u00e1rroco de Oxkutzcab, presb\u00edtero Sa\u00fal Abraham Che Chi - El Puuc Noticias\" \/>\n<meta property=\"og:description\" content=\"En solemne\u00a0ceremonia religiosa presidida por el arzobispo de Yucat\u00e1n, Monse\u00f1or Gustavo Rodr\u00edguez Vega, los feligreses de Oxkutzcab dieron\" \/>\n<meta property=\"og:url\" content=\"https:\/\/elpuucnoticias.com\/?p=6254\" \/>\n<meta property=\"og:site_name\" content=\"El Puuc Noticias\" \/>\n<meta property=\"article:published_time\" content=\"2023-03-22T20:22:32+00:00\" \/>\n<meta property=\"article:modified_time\" content=\"2023-03-22T20:22:50+00:00\" \/>\n<meta property=\"og:image\" content=\"https:\/\/elpuucnoticias.com\/wp-content\/uploads\/2023\/03\/MIsa01.jpeg\" \/>\n\t<meta property=\"og:image:width\" content=\"1068\" \/>\n\t<meta property=\"og:image:height\" content=\"854\" \/>\n\t<meta property=\"og:image:type\" content=\"image\/jpeg\" \/>\n<meta name=\"twitter:card\" content=\"summary_large_image\" \/>\n<meta name=\"twitter:label1\" content=\"Escrito por\" \/>\n\t<meta name=\"twitter:data1\" content=\"elpuucnoticias\" \/>\n\t<meta name=\"twitter:label2\" content=\"Tiempo de lectura\" \/>\n\t<meta name=\"twitter:data2\" content=\"2 minutos\" \/>\n<script type=\"application\/ld+json\" class=\"yoast-schema-graph\">{\"@context\":\"https:\/\/schema.org\",\"@graph\":[{\"@type\":\"WebSite\",\"@id\":\"https:\/\/elpuucnoticias.com\/#website\",\"url\":\"https:\/\/elpuucnoticias.com\/\",\"name\":\"El Puuc Noticias\",\"description\":\"Noticias - Entretenimiento - Deportes\",\"potentialAction\":[{\"@type\":\"SearchAction\",\"target\":{\"@type\":\"EntryPoint\",\"urlTemplate\":\"https:\/\/elpuucnoticias.com\/?s={search_term_string}\"},\"query-input\":\"required name=search_term_string\"}],\"inLanguage\":\"es\"},{\"@type\":\"ImageObject\",\"@id\":\"https:\/\/elpuucnoticias.com\/?p=6254#primaryimage\",\"inLanguage\":\"es\",\"url\":\"https:\/\/elpuucnoticias.com\/wp-content\/uploads\/2023\/03\/MIsa01.jpeg\",\"contentUrl\":\"https:\/\/elpuucnoticias.com\/wp-content\/uploads\/2023\/03\/MIsa01.jpeg\",\"width\":1068,\"height\":854},{\"@type\":\"WebPage\",\"@id\":\"https:\/\/elpuucnoticias.com\/?p=6254#webpage\",\"url\":\"https:\/\/elpuucnoticias.com\/?p=6254\",\"name\":\"Monse\u00f1or Gustavo Rodr\u00edguez Vega da la bienvenida al nuevo p\u00e1rroco de Oxkutzcab, presb\u00edtero Sa\u00fal Abraham Che Chi - El Puuc Noticias\",\"isPartOf\":{\"@id\":\"https:\/\/elpuucnoticias.com\/#website\"},\"primaryImageOfPage\":{\"@id\":\"https:\/\/elpuucnoticias.com\/?p=6254#primaryimage\"},\"datePublished\":\"2023-03-22T20:22:32+00:00\",\"dateModified\":\"2023-03-22T20:22:50+00:00\",\"author\":{\"@id\":\"https:\/\/elpuucnoticias.com\/#\/schema\/person\/d2ea09e4c97f0160b11cdfb1d856bd9e\"},\"breadcrumb\":{\"@id\":\"https:\/\/elpuucnoticias.com\/?p=6254#breadcrumb\"},\"inLanguage\":\"es\",\"potentialAction\":[{\"@type\":\"ReadAction\",\"target\":[\"https:\/\/elpuucnoticias.com\/?p=6254\"]}]},{\"@type\":\"BreadcrumbList\",\"@id\":\"https:\/\/elpuucnoticias.com\/?p=6254#breadcrumb\",\"itemListElement\":[{\"@type\":\"ListItem\",\"position\":1,\"name\":\"Portada\",\"item\":\"https:\/\/elpuucnoticias.com\/\"},{\"@type\":\"ListItem\",\"position\":2,\"name\":\"Monse\u00f1or Gustavo Rodr\u00edguez Vega da la bienvenida al nuevo p\u00e1rroco de Oxkutzcab, presb\u00edtero Sa\u00fal Abraham Che Chi\"}]},{\"@type\":\"Person\",\"@id\":\"https:\/\/elpuucnoticias.com\/#\/schema\/person\/d2ea09e4c97f0160b11cdfb1d856bd9e\",\"name\":\"elpuucnoticias\",\"image\":{\"@type\":\"ImageObject\",\"@id\":\"https:\/\/elpuucnoticias.com\/#personlogo\",\"inLanguage\":\"es\",\"url\":\"https:\/\/secure.gravatar.com\/avatar\/5290a43657c74ffa15701dbe5b846bd85cc71930d803c84e91046a7333de6ce2?s=96&d=mm&r=g\",\"contentUrl\":\"https:\/\/secure.gravatar.com\/avatar\/5290a43657c74ffa15701dbe5b846bd85cc71930d803c84e91046a7333de6ce2?s=96&d=mm&r=g\",\"caption\":\"elpuucnoticias\"},\"sameAs\":[\"https:\/\/elpuucnoticias.com\"],\"url\":\"https:\/\/elpuucnoticias.com\/?author=1\"}]}<\/script>\n<!-- \/ Yoast SEO plugin. -->","yoast_head_json":{"title":"Monse\u00f1or Gustavo Rodr\u00edguez Vega da la bienvenida al nuevo p\u00e1rroco de Oxkutzcab, presb\u00edtero Sa\u00fal Abraham Che Chi - El Puuc Noticias","robots":{"index":"index","follow":"follow","max-snippet":"max-snippet:-1","max-image-preview":"max-image-preview:large","max-video-preview":"max-video-preview:-1"},"canonical":"https:\/\/elpuucnoticias.com\/?p=6254","og_locale":"es_ES","og_type":"article","og_title":"Monse\u00f1or Gustavo Rodr\u00edguez Vega da la bienvenida al nuevo p\u00e1rroco de Oxkutzcab, presb\u00edtero Sa\u00fal Abraham Che Chi - El Puuc Noticias","og_description":"En solemne\u00a0ceremonia religiosa presidida por el arzobispo de Yucat\u00e1n, Monse\u00f1or Gustavo Rodr\u00edguez Vega, los feligreses de Oxkutzcab dieron","og_url":"https:\/\/elpuucnoticias.com\/?p=6254","og_site_name":"El Puuc Noticias","article_published_time":"2023-03-22T20:22:32+00:00","article_modified_time":"2023-03-22T20:22:50+00:00","og_image":[{"width":1068,"height":854,"url":"https:\/\/elpuucnoticias.com\/wp-content\/uploads\/2023\/03\/MIsa01.jpeg","type":"image\/jpeg"}],"twitter_card":"summary_large_image","twitter_misc":{"Escrito por":"elpuucnoticias","Tiempo de lectura":"2 minutos"},"schema":{"@context":"https:\/\/schema.org","@graph":[{"@type":"WebSite","@id":"https:\/\/elpuucnoticias.com\/#website","url":"https:\/\/elpuucnoticias.com\/","name":"El Puuc Noticias","description":"Noticias - Entretenimiento - Deportes","potentialAction":[{"@type":"SearchAction","target":{"@type":"EntryPoint","urlTemplate":"https:\/\/elpuucnoticias.com\/?s={search_term_string}"},"query-input":"required name=search_term_string"}],"inLanguage":"es"},{"@type":"ImageObject","@id":"https:\/\/elpuucnoticias.com\/?p=6254#primaryimage","inLanguage":"es","url":"https:\/\/elpuucnoticias.com\/wp-content\/uploads\/2023\/03\/MIsa01.jpeg","contentUrl":"https:\/\/elpuucnoticias.com\/wp-content\/uploads\/2023\/03\/MIsa01.jpeg","width":1068,"height":854},{"@type":"WebPage","@id":"https:\/\/elpuucnoticias.com\/?p=6254#webpage","url":"https:\/\/elpuucnoticias.com\/?p=6254","name":"Monse\u00f1or Gustavo Rodr\u00edguez Vega da la bienvenida al nuevo p\u00e1rroco de Oxkutzcab, presb\u00edtero Sa\u00fal Abraham Che Chi - El Puuc Noticias","isPartOf":{"@id":"https:\/\/elpuucnoticias.com\/#website"},"primaryImageOfPage":{"@id":"https:\/\/elpuucnoticias.com\/?p=6254#primaryimage"},"datePublished":"2023-03-22T20:22:32+00:00","dateModified":"2023-03-22T20:22:50+00:00","author":{"@id":"https:\/\/elpuucnoticias.com\/#\/schema\/person\/d2ea09e4c97f0160b11cdfb1d856bd9e"},"breadcrumb":{"@id":"https:\/\/elpuucnoticias.com\/?p=6254#breadcrumb"},"inLanguage":"es","potentialAction":[{"@type":"ReadAction","target":["https:\/\/elpuucnoticias.com\/?p=6254"]}]},{"@type":"BreadcrumbList","@id":"https:\/\/elpuucnoticias.com\/?p=6254#breadcrumb","itemListElement":[{"@type":"ListItem","position":1,"name":"Portada","item":"https:\/\/elpuucnoticias.com\/"},{"@type":"ListItem","position":2,"name":"Monse\u00f1or Gustavo Rodr\u00edguez Vega da la bienvenida al nuevo p\u00e1rroco de Oxkutzcab, presb\u00edtero Sa\u00fal Abraham Che Chi"}]},{"@type":"Person","@id":"https:\/\/elpuucnoticias.com\/#\/schema\/person\/d2ea09e4c97f0160b11cdfb1d856bd9e","name":"elpuucnoticias","image":{"@type":"ImageObject","@id":"https:\/\/elpuucnoticias.com\/#personlogo","inLanguage":"es","url":"https:\/\/secure.gravatar.com\/avatar\/5290a43657c74ffa15701dbe5b846bd85cc71930d803c84e91046a7333de6ce2?s=96&d=mm&r=g","contentUrl":"https:\/\/secure.gravatar.com\/avatar\/5290a43657c74ffa15701dbe5b846bd85cc71930d803c84e91046a7333de6ce2?s=96&d=mm&r=g","caption":"elpuucnoticias"},"sameAs":["https:\/\/elpuucnoticias.com"],"url":"https:\/\/elpuucnoticias.com\/?author=1"}]}},"_links":{"self":[{"href":"https:\/\/elpuucnoticias.com\/index.php?rest_route=\/wp\/v2\/posts\/6254","targetHints":{"allow":["GET"]}}],"collection":[{"href":"https:\/\/elpuucnoticias.com\/index.php?rest_route=\/wp\/v2\/posts"}],"about":[{"href":"https:\/\/elpuucnoticias.com\/index.php?rest_route=\/wp\/v2\/types\/post"}],"author":[{"embeddable":true,"href":"https:\/\/elpuucnoticias.com\/index.php?rest_route=\/wp\/v2\/users\/1"}],"replies":[{"embeddable":true,"href":"https:\/\/elpuucnoticias.com\/index.php?rest_route=%2Fwp%2Fv2%2Fcomments&post=6254"}],"version-history":[{"count":1,"href":"https:\/\/elpuucnoticias.com\/index.php?rest_route=\/wp\/v2\/posts\/6254\/revisions"}],"predecessor-version":[{"id":6259,"href":"https:\/\/elpuucnoticias.com\/index.php?rest_route=\/wp\/v2\/posts\/6254\/revisions\/6259"}],"wp:featuredmedia":[{"embeddable":true,"href":"https:\/\/elpuucnoticias.com\/index.php?rest_route=\/wp\/v2\/media\/6255"}],"wp:attachment":[{"href":"https:\/\/elpuucnoticias.com\/index.php?rest_route=%2Fwp%2Fv2%2Fmedia&parent=6254"}],"wp:term":[{"taxonomy":"category","embeddable":true,"href":"https:\/\/elpuucnoticias.com\/index.php?rest_route=%2Fwp%2Fv2%2Fcategories&post=6254"},{"taxonomy":"post_tag","embeddable":true,"href":"https:\/\/elpuucnoticias.com\/index.php?rest_route=%2Fwp%2Fv2%2Ftags&post=6254"}],"curies":[{"name":"wp","href":"https:\/\/api.w.org\/{rel}","templated":true}]}}