{"id":6382,"date":"2023-03-29T02:57:10","date_gmt":"2023-03-29T08:57:10","guid":{"rendered":"https:\/\/elpuucnoticias.com\/?p=6382"},"modified":"2023-03-29T02:58:08","modified_gmt":"2023-03-29T08:58:08","slug":"amplia-movilizacion-de-la-ssp-en-ticul-por-presunto-ajuste-de-cuentas-contra-una-familia-del-rumbo-de-las-tinajas","status":"publish","type":"post","link":"https:\/\/elpuucnoticias.com\/?p=6382","title":{"rendered":"Amplia movilizaci\u00f3n de la SSP en Ticul por presunto ajuste de cuentas contra una familia del rumbo de Las Tinajas"},"content":{"rendered":"\n<p>Los focos rojos se encendieron nuevamente este martes en Ticul, La Perla del Sur, cuando se registr\u00f3 un nuevo caso de presunto ajuste de cuentas contra personas acusadas de incurrir en delitos de robo y que, pese a denuncias, siguen en libertad.<\/p>\n\n\n\n<p>Este hecho se registr\u00f3 la noche de este martes en la calle 48 por 19, en una zona de la ciudad habitada por familias de escasos recursos que habr\u00edan invadido unos terrenos. Seg\u00fan informaci\u00f3n recabada en el lugar de los hechos habr\u00eda al menos una persona herida de bala que ya ha sido trasladada a la ciudad de M\u00e9rida por la gravedad de sus lesiones.<\/p>\n\n\n\n<figure class=\"wp-block-gallery has-nested-images columns-default is-cropped wp-block-gallery-1 is-layout-flex wp-block-gallery-is-layout-flex\">\n<figure class=\"wp-block-image size-large\"><img loading=\"lazy\" decoding=\"async\" width=\"1024\" height=\"753\" data-id=\"6385\" src=\"https:\/\/elpuucnoticias.com\/wp-content\/uploads\/2023\/03\/WhatsApp-Image-2023-03-29-at-12.39.52-AM-1024x753.jpeg\" alt=\"\" class=\"wp-image-6385\" srcset=\"https:\/\/elpuucnoticias.com\/wp-content\/uploads\/2023\/03\/WhatsApp-Image-2023-03-29-at-12.39.52-AM-1024x753.jpeg 1024w, https:\/\/elpuucnoticias.com\/wp-content\/uploads\/2023\/03\/WhatsApp-Image-2023-03-29-at-12.39.52-AM-300x221.jpeg 300w, https:\/\/elpuucnoticias.com\/wp-content\/uploads\/2023\/03\/WhatsApp-Image-2023-03-29-at-12.39.52-AM-768x565.jpeg 768w, https:\/\/elpuucnoticias.com\/wp-content\/uploads\/2023\/03\/WhatsApp-Image-2023-03-29-at-12.39.52-AM-1536x1130.jpeg 1536w, https:\/\/elpuucnoticias.com\/wp-content\/uploads\/2023\/03\/WhatsApp-Image-2023-03-29-at-12.39.52-AM.jpeg 1600w\" sizes=\"auto, (max-width: 1024px) 100vw, 1024px\" \/><\/figure>\n\n\n\n<figure class=\"wp-block-image size-large\"><img loading=\"lazy\" decoding=\"async\" width=\"1024\" height=\"780\" data-id=\"6384\" src=\"https:\/\/elpuucnoticias.com\/wp-content\/uploads\/2023\/03\/WhatsApp-Image-2023-03-29-at-12.39.52-AM-1-1024x780.jpeg\" alt=\"\" class=\"wp-image-6384\" srcset=\"https:\/\/elpuucnoticias.com\/wp-content\/uploads\/2023\/03\/WhatsApp-Image-2023-03-29-at-12.39.52-AM-1-1024x780.jpeg 1024w, https:\/\/elpuucnoticias.com\/wp-content\/uploads\/2023\/03\/WhatsApp-Image-2023-03-29-at-12.39.52-AM-1-300x228.jpeg 300w, https:\/\/elpuucnoticias.com\/wp-content\/uploads\/2023\/03\/WhatsApp-Image-2023-03-29-at-12.39.52-AM-1-768x585.jpeg 768w, https:\/\/elpuucnoticias.com\/wp-content\/uploads\/2023\/03\/WhatsApp-Image-2023-03-29-at-12.39.52-AM-1-1536x1169.jpeg 1536w, https:\/\/elpuucnoticias.com\/wp-content\/uploads\/2023\/03\/WhatsApp-Image-2023-03-29-at-12.39.52-AM-1.jpeg 1600w\" sizes=\"auto, (max-width: 1024px) 100vw, 1024px\" \/><\/figure>\n<\/figure>\n\n\n\n<p>Se cree que fue un grupo de personas que acudieron a uno de esos predios para intentar recuperar una motocicleta reportada como robada, sin embargo, una de estas habr\u00eda detonado un arma de fuego para herir a uno de los que estaban en la vivienda.<\/p>\n\n\n\n<p>El lesionado fue identificado como Santos M.U.B. de 59 a\u00f1os de edad, quien fue trasladado primeramente al Centro de Salud y de all\u00ed a un hospital de la ciudad de M\u00e9rida. Los agresores habr\u00edan prendido fuego a la vivienda donde habr\u00edan otras personas, entre ellas un menor de edad.<\/p>\n\n\n\n<p>Lo ocurrido ha desatado una amplia movilizaci\u00f3n con agentes de la Unidad de Investigaci\u00f3n de la Polic\u00eda Estatal, adem\u00e1s de agentes de la Secretar\u00eda de Seguridad P\u00fablica del Estado. Se habla de que habr\u00eda detenidos, sin embargo, la dependencia no ha informado de los resultados de la investigaci\u00f3n que se realiza para dar con los presuntos responsables.<\/p>\n\n\n\n<p>Como hemos informado, en noviembre pasado en el barrio de San Sebasti\u00e1n, vecinos pasaron a linchar a unas personas conocidas como \u00abp\u00e1jaros de cuenta\u00bb, acusadas en numerosas ocasiones de perpetrar robos en casa habitaci\u00f3n.<\/p>\n\n\n\n<p>En aquella ocasi\u00f3n los vecinos realizaron varias manifestaciones pidiendo la intervenci\u00f3n de las autoridades municipales. Como una medida de seguridad, el Ayuntamiento instal\u00f3 un m\u00f3dulo de vigilancia en San Sebasti\u00e1n.\u2014 <em>El Puuc Noticias<\/em><\/p>\n","protected":false},"excerpt":{"rendered":"<p>Los focos rojos se encendieron nuevamente este martes en Ticul, La Perla del Sur, cuando se registr\u00f3 un<\/p>\n","protected":false},"author":1,"featured_media":6383,"comment_status":"closed","ping_status":"open","sticky":false,"template":"","format":"standard","meta":{"_monsterinsights_skip_tracking":false,"_monsterinsights_sitenote_active":false,"_monsterinsights_sitenote_note":"","_monsterinsights_sitenote_category":0,"footnotes":""},"categories":[11,3,13],"tags":[],"class_list":["post-6382","post","type-post","status-publish","format-standard","has-post-thumbnail","hentry","category-noticias","category-policiacas","category-ticul"],"yoast_head":"<!-- This site is optimized with the Yoast SEO plugin v18.3 - https:\/\/yoast.com\/wordpress\/plugins\/seo\/ -->\n<title>Amplia movilizaci\u00f3n de la SSP en Ticul por presunto ajuste de cuentas contra una familia del rumbo de Las Tinajas - El Puuc Noticias<\/title>\n<meta name=\"robots\" content=\"index, follow, max-snippet:-1, max-image-preview:large, max-video-preview:-1\" \/>\n<link rel=\"canonical\" href=\"https:\/\/elpuucnoticias.com\/?p=6382\" \/>\n<meta property=\"og:locale\" content=\"es_ES\" \/>\n<meta property=\"og:type\" content=\"article\" \/>\n<meta property=\"og:title\" content=\"Amplia movilizaci\u00f3n de la SSP en Ticul por presunto ajuste de cuentas contra una familia del rumbo de Las Tinajas - El Puuc Noticias\" \/>\n<meta property=\"og:description\" content=\"Los focos rojos se encendieron nuevamente este martes en Ticul, La Perla del Sur, cuando se registr\u00f3 un\" \/>\n<meta property=\"og:url\" content=\"https:\/\/elpuucnoticias.com\/?p=6382\" \/>\n<meta property=\"og:site_name\" content=\"El Puuc Noticias\" \/>\n<meta property=\"article:published_time\" content=\"2023-03-29T08:57:10+00:00\" \/>\n<meta property=\"article:modified_time\" content=\"2023-03-29T08:58:08+00:00\" \/>\n<meta property=\"og:image\" content=\"https:\/\/elpuucnoticias.com\/wp-content\/uploads\/2023\/03\/WhatsApp-Image-2023-03-29-at-12.30.37-AM.jpeg\" \/>\n\t<meta property=\"og:image:width\" content=\"1040\" \/>\n\t<meta property=\"og:image:height\" content=\"780\" \/>\n\t<meta property=\"og:image:type\" content=\"image\/jpeg\" \/>\n<meta name=\"twitter:card\" content=\"summary_large_image\" \/>\n<meta name=\"twitter:label1\" content=\"Escrito por\" \/>\n\t<meta name=\"twitter:data1\" content=\"elpuucnoticias\" \/>\n\t<meta name=\"twitter:label2\" content=\"Tiempo de lectura\" \/>\n\t<meta name=\"twitter:data2\" content=\"2 minutos\" \/>\n<script type=\"application\/ld+json\" class=\"yoast-schema-graph\">{\"@context\":\"https:\/\/schema.org\",\"@graph\":[{\"@type\":\"WebSite\",\"@id\":\"https:\/\/elpuucnoticias.com\/#website\",\"url\":\"https:\/\/elpuucnoticias.com\/\",\"name\":\"El Puuc Noticias\",\"description\":\"Noticias - Entretenimiento - Deportes\",\"potentialAction\":[{\"@type\":\"SearchAction\",\"target\":{\"@type\":\"EntryPoint\",\"urlTemplate\":\"https:\/\/elpuucnoticias.com\/?s={search_term_string}\"},\"query-input\":\"required name=search_term_string\"}],\"inLanguage\":\"es\"},{\"@type\":\"ImageObject\",\"@id\":\"https:\/\/elpuucnoticias.com\/?p=6382#primaryimage\",\"inLanguage\":\"es\",\"url\":\"https:\/\/elpuucnoticias.com\/wp-content\/uploads\/2023\/03\/WhatsApp-Image-2023-03-29-at-12.30.37-AM.jpeg\",\"contentUrl\":\"https:\/\/elpuucnoticias.com\/wp-content\/uploads\/2023\/03\/WhatsApp-Image-2023-03-29-at-12.30.37-AM.jpeg\",\"width\":1040,\"height\":780},{\"@type\":\"WebPage\",\"@id\":\"https:\/\/elpuucnoticias.com\/?p=6382#webpage\",\"url\":\"https:\/\/elpuucnoticias.com\/?p=6382\",\"name\":\"Amplia movilizaci\u00f3n de la SSP en Ticul por presunto ajuste de cuentas contra una familia del rumbo de Las Tinajas - El Puuc Noticias\",\"isPartOf\":{\"@id\":\"https:\/\/elpuucnoticias.com\/#website\"},\"primaryImageOfPage\":{\"@id\":\"https:\/\/elpuucnoticias.com\/?p=6382#primaryimage\"},\"datePublished\":\"2023-03-29T08:57:10+00:00\",\"dateModified\":\"2023-03-29T08:58:08+00:00\",\"author\":{\"@id\":\"https:\/\/elpuucnoticias.com\/#\/schema\/person\/d2ea09e4c97f0160b11cdfb1d856bd9e\"},\"breadcrumb\":{\"@id\":\"https:\/\/elpuucnoticias.com\/?p=6382#breadcrumb\"},\"inLanguage\":\"es\",\"potentialAction\":[{\"@type\":\"ReadAction\",\"target\":[\"https:\/\/elpuucnoticias.com\/?p=6382\"]}]},{\"@type\":\"BreadcrumbList\",\"@id\":\"https:\/\/elpuucnoticias.com\/?p=6382#breadcrumb\",\"itemListElement\":[{\"@type\":\"ListItem\",\"position\":1,\"name\":\"Portada\",\"item\":\"https:\/\/elpuucnoticias.com\/\"},{\"@type\":\"ListItem\",\"position\":2,\"name\":\"Amplia movilizaci\u00f3n de la SSP en Ticul por presunto ajuste de cuentas contra una familia del rumbo de Las Tinajas\"}]},{\"@type\":\"Person\",\"@id\":\"https:\/\/elpuucnoticias.com\/#\/schema\/person\/d2ea09e4c97f0160b11cdfb1d856bd9e\",\"name\":\"elpuucnoticias\",\"image\":{\"@type\":\"ImageObject\",\"@id\":\"https:\/\/elpuucnoticias.com\/#personlogo\",\"inLanguage\":\"es\",\"url\":\"https:\/\/secure.gravatar.com\/avatar\/5290a43657c74ffa15701dbe5b846bd85cc71930d803c84e91046a7333de6ce2?s=96&d=mm&r=g\",\"contentUrl\":\"https:\/\/secure.gravatar.com\/avatar\/5290a43657c74ffa15701dbe5b846bd85cc71930d803c84e91046a7333de6ce2?s=96&d=mm&r=g\",\"caption\":\"elpuucnoticias\"},\"sameAs\":[\"https:\/\/elpuucnoticias.com\"],\"url\":\"https:\/\/elpuucnoticias.com\/?author=1\"}]}<\/script>\n<!-- \/ Yoast SEO plugin. -->","yoast_head_json":{"title":"Amplia movilizaci\u00f3n de la SSP en Ticul por presunto ajuste de cuentas contra una familia del rumbo de Las Tinajas - El Puuc Noticias","robots":{"index":"index","follow":"follow","max-snippet":"max-snippet:-1","max-image-preview":"max-image-preview:large","max-video-preview":"max-video-preview:-1"},"canonical":"https:\/\/elpuucnoticias.com\/?p=6382","og_locale":"es_ES","og_type":"article","og_title":"Amplia movilizaci\u00f3n de la SSP en Ticul por presunto ajuste de cuentas contra una familia del rumbo de Las Tinajas - El Puuc Noticias","og_description":"Los focos rojos se encendieron nuevamente este martes en Ticul, La Perla del Sur, cuando se registr\u00f3 un","og_url":"https:\/\/elpuucnoticias.com\/?p=6382","og_site_name":"El Puuc Noticias","article_published_time":"2023-03-29T08:57:10+00:00","article_modified_time":"2023-03-29T08:58:08+00:00","og_image":[{"width":1040,"height":780,"url":"https:\/\/elpuucnoticias.com\/wp-content\/uploads\/2023\/03\/WhatsApp-Image-2023-03-29-at-12.30.37-AM.jpeg","type":"image\/jpeg"}],"twitter_card":"summary_large_image","twitter_misc":{"Escrito por":"elpuucnoticias","Tiempo de lectura":"2 minutos"},"schema":{"@context":"https:\/\/schema.org","@graph":[{"@type":"WebSite","@id":"https:\/\/elpuucnoticias.com\/#website","url":"https:\/\/elpuucnoticias.com\/","name":"El Puuc Noticias","description":"Noticias - Entretenimiento - Deportes","potentialAction":[{"@type":"SearchAction","target":{"@type":"EntryPoint","urlTemplate":"https:\/\/elpuucnoticias.com\/?s={search_term_string}"},"query-input":"required name=search_term_string"}],"inLanguage":"es"},{"@type":"ImageObject","@id":"https:\/\/elpuucnoticias.com\/?p=6382#primaryimage","inLanguage":"es","url":"https:\/\/elpuucnoticias.com\/wp-content\/uploads\/2023\/03\/WhatsApp-Image-2023-03-29-at-12.30.37-AM.jpeg","contentUrl":"https:\/\/elpuucnoticias.com\/wp-content\/uploads\/2023\/03\/WhatsApp-Image-2023-03-29-at-12.30.37-AM.jpeg","width":1040,"height":780},{"@type":"WebPage","@id":"https:\/\/elpuucnoticias.com\/?p=6382#webpage","url":"https:\/\/elpuucnoticias.com\/?p=6382","name":"Amplia movilizaci\u00f3n de la SSP en Ticul por presunto ajuste de cuentas contra una familia del rumbo de Las Tinajas - El Puuc Noticias","isPartOf":{"@id":"https:\/\/elpuucnoticias.com\/#website"},"primaryImageOfPage":{"@id":"https:\/\/elpuucnoticias.com\/?p=6382#primaryimage"},"datePublished":"2023-03-29T08:57:10+00:00","dateModified":"2023-03-29T08:58:08+00:00","author":{"@id":"https:\/\/elpuucnoticias.com\/#\/schema\/person\/d2ea09e4c97f0160b11cdfb1d856bd9e"},"breadcrumb":{"@id":"https:\/\/elpuucnoticias.com\/?p=6382#breadcrumb"},"inLanguage":"es","potentialAction":[{"@type":"ReadAction","target":["https:\/\/elpuucnoticias.com\/?p=6382"]}]},{"@type":"BreadcrumbList","@id":"https:\/\/elpuucnoticias.com\/?p=6382#breadcrumb","itemListElement":[{"@type":"ListItem","position":1,"name":"Portada","item":"https:\/\/elpuucnoticias.com\/"},{"@type":"ListItem","position":2,"name":"Amplia movilizaci\u00f3n de la SSP en Ticul por presunto ajuste de cuentas contra una familia del rumbo de Las Tinajas"}]},{"@type":"Person","@id":"https:\/\/elpuucnoticias.com\/#\/schema\/person\/d2ea09e4c97f0160b11cdfb1d856bd9e","name":"elpuucnoticias","image":{"@type":"ImageObject","@id":"https:\/\/elpuucnoticias.com\/#personlogo","inLanguage":"es","url":"https:\/\/secure.gravatar.com\/avatar\/5290a43657c74ffa15701dbe5b846bd85cc71930d803c84e91046a7333de6ce2?s=96&d=mm&r=g","contentUrl":"https:\/\/secure.gravatar.com\/avatar\/5290a43657c74ffa15701dbe5b846bd85cc71930d803c84e91046a7333de6ce2?s=96&d=mm&r=g","caption":"elpuucnoticias"},"sameAs":["https:\/\/elpuucnoticias.com"],"url":"https:\/\/elpuucnoticias.com\/?author=1"}]}},"_links":{"self":[{"href":"https:\/\/elpuucnoticias.com\/index.php?rest_route=\/wp\/v2\/posts\/6382","targetHints":{"allow":["GET"]}}],"collection":[{"href":"https:\/\/elpuucnoticias.com\/index.php?rest_route=\/wp\/v2\/posts"}],"about":[{"href":"https:\/\/elpuucnoticias.com\/index.php?rest_route=\/wp\/v2\/types\/post"}],"author":[{"embeddable":true,"href":"https:\/\/elpuucnoticias.com\/index.php?rest_route=\/wp\/v2\/users\/1"}],"replies":[{"embeddable":true,"href":"https:\/\/elpuucnoticias.com\/index.php?rest_route=%2Fwp%2Fv2%2Fcomments&post=6382"}],"version-history":[{"count":1,"href":"https:\/\/elpuucnoticias.com\/index.php?rest_route=\/wp\/v2\/posts\/6382\/revisions"}],"predecessor-version":[{"id":6386,"href":"https:\/\/elpuucnoticias.com\/index.php?rest_route=\/wp\/v2\/posts\/6382\/revisions\/6386"}],"wp:featuredmedia":[{"embeddable":true,"href":"https:\/\/elpuucnoticias.com\/index.php?rest_route=\/wp\/v2\/media\/6383"}],"wp:attachment":[{"href":"https:\/\/elpuucnoticias.com\/index.php?rest_route=%2Fwp%2Fv2%2Fmedia&parent=6382"}],"wp:term":[{"taxonomy":"category","embeddable":true,"href":"https:\/\/elpuucnoticias.com\/index.php?rest_route=%2Fwp%2Fv2%2Fcategories&post=6382"},{"taxonomy":"post_tag","embeddable":true,"href":"https:\/\/elpuucnoticias.com\/index.php?rest_route=%2Fwp%2Fv2%2Ftags&post=6382"}],"curies":[{"name":"wp","href":"https:\/\/api.w.org\/{rel}","templated":true}]}}