{"id":6416,"date":"2023-03-30T02:25:32","date_gmt":"2023-03-30T08:25:32","guid":{"rendered":"https:\/\/elpuucnoticias.com\/?p=6416"},"modified":"2023-03-30T02:25:33","modified_gmt":"2023-03-30T08:25:33","slug":"inauguran-los-rincones-de-lectura-en-la-secundaria-no-13-de-oxkutzcab-rafael-matos-escobedo","status":"publish","type":"post","link":"https:\/\/elpuucnoticias.com\/?p=6416","title":{"rendered":"Inauguran Los Rincones de Lectura, en la secundaria No. 13 de Oxkutzcab, Rafael Matos Escobedo"},"content":{"rendered":"\n<p>El evento inici\u00f3 con la participaci\u00f3n de autoridades escolares y alumnos de ambos turnos del plantel, contando con la presencia de apreciados personajes de la comunidad quienes fueron donadores de significativos acervos bibliogr\u00e1ficos.<\/p>\n\n\n\n<figure class=\"wp-block-gallery has-nested-images columns-default is-cropped wp-block-gallery-1 is-layout-flex wp-block-gallery-is-layout-flex\">\n<figure class=\"wp-block-image size-large\"><img loading=\"lazy\" decoding=\"async\" width=\"1024\" height=\"769\" data-id=\"6417\" src=\"https:\/\/elpuucnoticias.com\/wp-content\/uploads\/2023\/03\/WhatsApp-Image-2023-03-24-at-1.37.24-PM-2-1024x769.jpeg\" alt=\"\" class=\"wp-image-6417\" srcset=\"https:\/\/elpuucnoticias.com\/wp-content\/uploads\/2023\/03\/WhatsApp-Image-2023-03-24-at-1.37.24-PM-2-1024x769.jpeg 1024w, https:\/\/elpuucnoticias.com\/wp-content\/uploads\/2023\/03\/WhatsApp-Image-2023-03-24-at-1.37.24-PM-2-300x225.jpeg 300w, https:\/\/elpuucnoticias.com\/wp-content\/uploads\/2023\/03\/WhatsApp-Image-2023-03-24-at-1.37.24-PM-2-768x577.jpeg 768w, https:\/\/elpuucnoticias.com\/wp-content\/uploads\/2023\/03\/WhatsApp-Image-2023-03-24-at-1.37.24-PM-2.jpeg 1156w\" sizes=\"auto, (max-width: 1024px) 100vw, 1024px\" \/><\/figure>\n\n\n\n<figure class=\"wp-block-image size-large\"><img loading=\"lazy\" decoding=\"async\" width=\"1024\" height=\"769\" data-id=\"6418\" src=\"https:\/\/elpuucnoticias.com\/wp-content\/uploads\/2023\/03\/WhatsApp-Image-2023-03-24-at-1.37.25-PM-1024x769.jpeg\" alt=\"\" class=\"wp-image-6418\" srcset=\"https:\/\/elpuucnoticias.com\/wp-content\/uploads\/2023\/03\/WhatsApp-Image-2023-03-24-at-1.37.25-PM-1024x769.jpeg 1024w, https:\/\/elpuucnoticias.com\/wp-content\/uploads\/2023\/03\/WhatsApp-Image-2023-03-24-at-1.37.25-PM-300x225.jpeg 300w, https:\/\/elpuucnoticias.com\/wp-content\/uploads\/2023\/03\/WhatsApp-Image-2023-03-24-at-1.37.25-PM-768x577.jpeg 768w, https:\/\/elpuucnoticias.com\/wp-content\/uploads\/2023\/03\/WhatsApp-Image-2023-03-24-at-1.37.25-PM.jpeg 1156w\" sizes=\"auto, (max-width: 1024px) 100vw, 1024px\" \/><\/figure>\n\n\n\n<figure class=\"wp-block-image size-large\"><img loading=\"lazy\" decoding=\"async\" width=\"1024\" height=\"768\" data-id=\"6420\" src=\"https:\/\/elpuucnoticias.com\/wp-content\/uploads\/2023\/03\/WhatsApp-Image-2023-03-24-at-1.37.24-PM-1024x768.jpeg\" alt=\"\" class=\"wp-image-6420\" srcset=\"https:\/\/elpuucnoticias.com\/wp-content\/uploads\/2023\/03\/WhatsApp-Image-2023-03-24-at-1.37.24-PM-1024x768.jpeg 1024w, https:\/\/elpuucnoticias.com\/wp-content\/uploads\/2023\/03\/WhatsApp-Image-2023-03-24-at-1.37.24-PM-300x225.jpeg 300w, https:\/\/elpuucnoticias.com\/wp-content\/uploads\/2023\/03\/WhatsApp-Image-2023-03-24-at-1.37.24-PM-768x576.jpeg 768w, https:\/\/elpuucnoticias.com\/wp-content\/uploads\/2023\/03\/WhatsApp-Image-2023-03-24-at-1.37.24-PM-1536x1152.jpeg 1536w, https:\/\/elpuucnoticias.com\/wp-content\/uploads\/2023\/03\/WhatsApp-Image-2023-03-24-at-1.37.24-PM.jpeg 1600w\" sizes=\"auto, (max-width: 1024px) 100vw, 1024px\" \/><\/figure>\n<\/figure>\n\n\n\n<p>Despu\u00e9s de la ceremonia inaugural, a cargo de la directora, profesora Julia Novelo Marrufo, se procedi\u00f3 al corte de list\u00f3n en un \u00e1rea decorada con las portadas de varias joyas de la literatura universal, colgando del emblem\u00e1tico \u00e1rbol de flamboy\u00e1n, que bajo su sombra fue donde se entregaron de manos de alumnos encarnando a personajes como El Principito, Alicia, Caperucita Roja y Dorothy del Mago de Oz, de los libros que formar\u00e1n parte de dichas bibliotecas.<\/p>\n\n\n\n<p>La Alumna Natalia Trujeque, hizo gala de su talento musical con el viol\u00edn, interpretando la melod\u00eda \u00abLa Bella y la Bestia\u00bb.<\/p>\n\n\n\n<p>Finalmente, se procedi\u00f3 a la visita de los rincones de lectura, en los cuales se pudo constatar del talento y esfuerzo de los alumnos en la creaci\u00f3n de bellos espacios.<\/p>\n\n\n\n<p>Este proyecto comunitario fue organizado por las Academias de Artes, Ingl\u00e9s y Espa\u00f1ol de la mencionada instituci\u00f3n. Se agradeci\u00f3 el apoyo otorgado por los siguientes los patrocinadores.<\/p>\n\n\n\n<p>Profesores, personal administrativo de la escuela, alumnos y padres de familia, a quienes se les hizo entrega de reconocimientos por su valioso apoyo.\u2014 <em>El Puuc Noticias<\/em><\/p>\n","protected":false},"excerpt":{"rendered":"<p>El evento inici\u00f3 con la participaci\u00f3n de autoridades escolares y alumnos de ambos turnos del plantel, contando con<\/p>\n","protected":false},"author":1,"featured_media":6419,"comment_status":"closed","ping_status":"open","sticky":false,"template":"","format":"standard","meta":{"_monsterinsights_skip_tracking":false,"_monsterinsights_sitenote_active":false,"_monsterinsights_sitenote_note":"","_monsterinsights_sitenote_category":0,"footnotes":""},"categories":[11,14],"tags":[],"class_list":["post-6416","post","type-post","status-publish","format-standard","has-post-thumbnail","hentry","category-noticias","category-oxkutzcab"],"yoast_head":"<!-- This site is optimized with the Yoast SEO plugin v18.3 - https:\/\/yoast.com\/wordpress\/plugins\/seo\/ -->\n<title>Inauguran Los Rincones de Lectura, en la secundaria No. 13 de Oxkutzcab, Rafael Matos Escobedo - El Puuc Noticias<\/title>\n<meta name=\"robots\" content=\"index, follow, max-snippet:-1, max-image-preview:large, max-video-preview:-1\" \/>\n<link rel=\"canonical\" href=\"https:\/\/elpuucnoticias.com\/?p=6416\" \/>\n<meta property=\"og:locale\" content=\"es_ES\" \/>\n<meta property=\"og:type\" content=\"article\" \/>\n<meta property=\"og:title\" content=\"Inauguran Los Rincones de Lectura, en la secundaria No. 13 de Oxkutzcab, Rafael Matos Escobedo - El Puuc Noticias\" \/>\n<meta property=\"og:description\" content=\"El evento inici\u00f3 con la participaci\u00f3n de autoridades escolares y alumnos de ambos turnos del plantel, contando con\" \/>\n<meta property=\"og:url\" content=\"https:\/\/elpuucnoticias.com\/?p=6416\" \/>\n<meta property=\"og:site_name\" content=\"El Puuc Noticias\" \/>\n<meta property=\"article:published_time\" content=\"2023-03-30T08:25:32+00:00\" \/>\n<meta property=\"article:modified_time\" content=\"2023-03-30T08:25:33+00:00\" \/>\n<meta property=\"og:image\" content=\"https:\/\/elpuucnoticias.com\/wp-content\/uploads\/2023\/03\/WhatsApp-Image-2023-03-24-at-1.37.24-PM-1.jpeg\" \/>\n\t<meta property=\"og:image:width\" content=\"1600\" \/>\n\t<meta property=\"og:image:height\" content=\"1200\" \/>\n\t<meta property=\"og:image:type\" content=\"image\/jpeg\" \/>\n<meta name=\"twitter:card\" content=\"summary_large_image\" \/>\n<meta name=\"twitter:label1\" content=\"Escrito por\" \/>\n\t<meta name=\"twitter:data1\" content=\"elpuucnoticias\" \/>\n\t<meta name=\"twitter:label2\" content=\"Tiempo de lectura\" \/>\n\t<meta name=\"twitter:data2\" content=\"2 minutos\" \/>\n<script type=\"application\/ld+json\" class=\"yoast-schema-graph\">{\"@context\":\"https:\/\/schema.org\",\"@graph\":[{\"@type\":\"WebSite\",\"@id\":\"https:\/\/elpuucnoticias.com\/#website\",\"url\":\"https:\/\/elpuucnoticias.com\/\",\"name\":\"El Puuc Noticias\",\"description\":\"Noticias - Entretenimiento - Deportes\",\"potentialAction\":[{\"@type\":\"SearchAction\",\"target\":{\"@type\":\"EntryPoint\",\"urlTemplate\":\"https:\/\/elpuucnoticias.com\/?s={search_term_string}\"},\"query-input\":\"required name=search_term_string\"}],\"inLanguage\":\"es\"},{\"@type\":\"ImageObject\",\"@id\":\"https:\/\/elpuucnoticias.com\/?p=6416#primaryimage\",\"inLanguage\":\"es\",\"url\":\"https:\/\/elpuucnoticias.com\/wp-content\/uploads\/2023\/03\/WhatsApp-Image-2023-03-24-at-1.37.24-PM-1.jpeg\",\"contentUrl\":\"https:\/\/elpuucnoticias.com\/wp-content\/uploads\/2023\/03\/WhatsApp-Image-2023-03-24-at-1.37.24-PM-1.jpeg\",\"width\":1600,\"height\":1200},{\"@type\":\"WebPage\",\"@id\":\"https:\/\/elpuucnoticias.com\/?p=6416#webpage\",\"url\":\"https:\/\/elpuucnoticias.com\/?p=6416\",\"name\":\"Inauguran Los Rincones de Lectura, en la secundaria No. 13 de Oxkutzcab, Rafael Matos Escobedo - El Puuc Noticias\",\"isPartOf\":{\"@id\":\"https:\/\/elpuucnoticias.com\/#website\"},\"primaryImageOfPage\":{\"@id\":\"https:\/\/elpuucnoticias.com\/?p=6416#primaryimage\"},\"datePublished\":\"2023-03-30T08:25:32+00:00\",\"dateModified\":\"2023-03-30T08:25:33+00:00\",\"author\":{\"@id\":\"https:\/\/elpuucnoticias.com\/#\/schema\/person\/d2ea09e4c97f0160b11cdfb1d856bd9e\"},\"breadcrumb\":{\"@id\":\"https:\/\/elpuucnoticias.com\/?p=6416#breadcrumb\"},\"inLanguage\":\"es\",\"potentialAction\":[{\"@type\":\"ReadAction\",\"target\":[\"https:\/\/elpuucnoticias.com\/?p=6416\"]}]},{\"@type\":\"BreadcrumbList\",\"@id\":\"https:\/\/elpuucnoticias.com\/?p=6416#breadcrumb\",\"itemListElement\":[{\"@type\":\"ListItem\",\"position\":1,\"name\":\"Portada\",\"item\":\"https:\/\/elpuucnoticias.com\/\"},{\"@type\":\"ListItem\",\"position\":2,\"name\":\"Inauguran Los Rincones de Lectura, en la secundaria No. 13 de Oxkutzcab, Rafael Matos Escobedo\"}]},{\"@type\":\"Person\",\"@id\":\"https:\/\/elpuucnoticias.com\/#\/schema\/person\/d2ea09e4c97f0160b11cdfb1d856bd9e\",\"name\":\"elpuucnoticias\",\"image\":{\"@type\":\"ImageObject\",\"@id\":\"https:\/\/elpuucnoticias.com\/#personlogo\",\"inLanguage\":\"es\",\"url\":\"https:\/\/secure.gravatar.com\/avatar\/5290a43657c74ffa15701dbe5b846bd85cc71930d803c84e91046a7333de6ce2?s=96&d=mm&r=g\",\"contentUrl\":\"https:\/\/secure.gravatar.com\/avatar\/5290a43657c74ffa15701dbe5b846bd85cc71930d803c84e91046a7333de6ce2?s=96&d=mm&r=g\",\"caption\":\"elpuucnoticias\"},\"sameAs\":[\"https:\/\/elpuucnoticias.com\"],\"url\":\"https:\/\/elpuucnoticias.com\/?author=1\"}]}<\/script>\n<!-- \/ Yoast SEO plugin. -->","yoast_head_json":{"title":"Inauguran Los Rincones de Lectura, en la secundaria No. 13 de Oxkutzcab, Rafael Matos Escobedo - El Puuc Noticias","robots":{"index":"index","follow":"follow","max-snippet":"max-snippet:-1","max-image-preview":"max-image-preview:large","max-video-preview":"max-video-preview:-1"},"canonical":"https:\/\/elpuucnoticias.com\/?p=6416","og_locale":"es_ES","og_type":"article","og_title":"Inauguran Los Rincones de Lectura, en la secundaria No. 13 de Oxkutzcab, Rafael Matos Escobedo - El Puuc Noticias","og_description":"El evento inici\u00f3 con la participaci\u00f3n de autoridades escolares y alumnos de ambos turnos del plantel, contando con","og_url":"https:\/\/elpuucnoticias.com\/?p=6416","og_site_name":"El Puuc Noticias","article_published_time":"2023-03-30T08:25:32+00:00","article_modified_time":"2023-03-30T08:25:33+00:00","og_image":[{"width":1600,"height":1200,"url":"https:\/\/elpuucnoticias.com\/wp-content\/uploads\/2023\/03\/WhatsApp-Image-2023-03-24-at-1.37.24-PM-1.jpeg","type":"image\/jpeg"}],"twitter_card":"summary_large_image","twitter_misc":{"Escrito por":"elpuucnoticias","Tiempo de lectura":"2 minutos"},"schema":{"@context":"https:\/\/schema.org","@graph":[{"@type":"WebSite","@id":"https:\/\/elpuucnoticias.com\/#website","url":"https:\/\/elpuucnoticias.com\/","name":"El Puuc Noticias","description":"Noticias - Entretenimiento - Deportes","potentialAction":[{"@type":"SearchAction","target":{"@type":"EntryPoint","urlTemplate":"https:\/\/elpuucnoticias.com\/?s={search_term_string}"},"query-input":"required name=search_term_string"}],"inLanguage":"es"},{"@type":"ImageObject","@id":"https:\/\/elpuucnoticias.com\/?p=6416#primaryimage","inLanguage":"es","url":"https:\/\/elpuucnoticias.com\/wp-content\/uploads\/2023\/03\/WhatsApp-Image-2023-03-24-at-1.37.24-PM-1.jpeg","contentUrl":"https:\/\/elpuucnoticias.com\/wp-content\/uploads\/2023\/03\/WhatsApp-Image-2023-03-24-at-1.37.24-PM-1.jpeg","width":1600,"height":1200},{"@type":"WebPage","@id":"https:\/\/elpuucnoticias.com\/?p=6416#webpage","url":"https:\/\/elpuucnoticias.com\/?p=6416","name":"Inauguran Los Rincones de Lectura, en la secundaria No. 13 de Oxkutzcab, Rafael Matos Escobedo - El Puuc Noticias","isPartOf":{"@id":"https:\/\/elpuucnoticias.com\/#website"},"primaryImageOfPage":{"@id":"https:\/\/elpuucnoticias.com\/?p=6416#primaryimage"},"datePublished":"2023-03-30T08:25:32+00:00","dateModified":"2023-03-30T08:25:33+00:00","author":{"@id":"https:\/\/elpuucnoticias.com\/#\/schema\/person\/d2ea09e4c97f0160b11cdfb1d856bd9e"},"breadcrumb":{"@id":"https:\/\/elpuucnoticias.com\/?p=6416#breadcrumb"},"inLanguage":"es","potentialAction":[{"@type":"ReadAction","target":["https:\/\/elpuucnoticias.com\/?p=6416"]}]},{"@type":"BreadcrumbList","@id":"https:\/\/elpuucnoticias.com\/?p=6416#breadcrumb","itemListElement":[{"@type":"ListItem","position":1,"name":"Portada","item":"https:\/\/elpuucnoticias.com\/"},{"@type":"ListItem","position":2,"name":"Inauguran Los Rincones de Lectura, en la secundaria No. 13 de Oxkutzcab, Rafael Matos Escobedo"}]},{"@type":"Person","@id":"https:\/\/elpuucnoticias.com\/#\/schema\/person\/d2ea09e4c97f0160b11cdfb1d856bd9e","name":"elpuucnoticias","image":{"@type":"ImageObject","@id":"https:\/\/elpuucnoticias.com\/#personlogo","inLanguage":"es","url":"https:\/\/secure.gravatar.com\/avatar\/5290a43657c74ffa15701dbe5b846bd85cc71930d803c84e91046a7333de6ce2?s=96&d=mm&r=g","contentUrl":"https:\/\/secure.gravatar.com\/avatar\/5290a43657c74ffa15701dbe5b846bd85cc71930d803c84e91046a7333de6ce2?s=96&d=mm&r=g","caption":"elpuucnoticias"},"sameAs":["https:\/\/elpuucnoticias.com"],"url":"https:\/\/elpuucnoticias.com\/?author=1"}]}},"_links":{"self":[{"href":"https:\/\/elpuucnoticias.com\/index.php?rest_route=\/wp\/v2\/posts\/6416","targetHints":{"allow":["GET"]}}],"collection":[{"href":"https:\/\/elpuucnoticias.com\/index.php?rest_route=\/wp\/v2\/posts"}],"about":[{"href":"https:\/\/elpuucnoticias.com\/index.php?rest_route=\/wp\/v2\/types\/post"}],"author":[{"embeddable":true,"href":"https:\/\/elpuucnoticias.com\/index.php?rest_route=\/wp\/v2\/users\/1"}],"replies":[{"embeddable":true,"href":"https:\/\/elpuucnoticias.com\/index.php?rest_route=%2Fwp%2Fv2%2Fcomments&post=6416"}],"version-history":[{"count":1,"href":"https:\/\/elpuucnoticias.com\/index.php?rest_route=\/wp\/v2\/posts\/6416\/revisions"}],"predecessor-version":[{"id":6421,"href":"https:\/\/elpuucnoticias.com\/index.php?rest_route=\/wp\/v2\/posts\/6416\/revisions\/6421"}],"wp:featuredmedia":[{"embeddable":true,"href":"https:\/\/elpuucnoticias.com\/index.php?rest_route=\/wp\/v2\/media\/6419"}],"wp:attachment":[{"href":"https:\/\/elpuucnoticias.com\/index.php?rest_route=%2Fwp%2Fv2%2Fmedia&parent=6416"}],"wp:term":[{"taxonomy":"category","embeddable":true,"href":"https:\/\/elpuucnoticias.com\/index.php?rest_route=%2Fwp%2Fv2%2Fcategories&post=6416"},{"taxonomy":"post_tag","embeddable":true,"href":"https:\/\/elpuucnoticias.com\/index.php?rest_route=%2Fwp%2Fv2%2Ftags&post=6416"}],"curies":[{"name":"wp","href":"https:\/\/api.w.org\/{rel}","templated":true}]}}